{"id":6183,"date":"2021-03-18T00:00:00","date_gmt":"2021-03-17T23:00:00","guid":{"rendered":"https:\/\/www.monlau.com\/formacion-profesional\/com-es-treballa-al-taller-de-motocicletes\/"},"modified":"2026-03-10T10:03:33","modified_gmt":"2026-03-10T09:03:33","slug":"com-es-treballa-al-taller-de-motocicletes","status":"publish","type":"post","link":"https:\/\/www.monlau.com\/fp\/ca\/2021\/03\/18\/com-es-treballa-al-taller-de-motocicletes\/","title":{"rendered":"Com es treballa al taller de motocicletes &#8211; Miguel A. Nu\u00f1o"},"content":{"rendered":"<p>Ell es Miguel Angel\u00a0Nu\u00f1o<strong>, <\/strong>el coordinador i professor del <strong><a href=\"https:\/\/www.monlau.com\/formacio-professional\/cursos\/grau-mitja-electromecanica-vehicles-motocicletes\/?lang=ca\">Cicle de grau mitj\u00e0 en electromec\u00e1nica de motocicletes<\/a> <\/strong>i ens explica com treballen al taller de motocicletes.<\/p>\n<p>&nbsp;<\/p>\n<p>A Monlau tenim la sort de comptar amb <strong>el millor equip a nivell de professorat ja que s\u00f3n professionals del sector<\/strong>, apassionats de la seva professi\u00f3 que vetllen dia a dia per la formaci\u00f3 dels seus alumnes. <strong>A nivell d&#8217;instal\u00b7lacions treballem a l&#8217;aula-taller amb motocicletes d&#8217;\u00faltima tecnologia<\/strong>. I actualment estem treballant amb les motocicletes el\u00e8ctriques que \u00e9s un dels productes que el nostre departament ha elaborat. Considerem que una professi\u00f3 com l&#8217;electromec\u00e0nica de motocicletes ha d&#8217;ensenyar-se de manera te\u00f2rica per\u00f2 sobretot pr\u00e0ctica com ho fem nosaltres aqu\u00ed a Monlau. <strong>Els alumnes han de comprovar en primera persona l&#8217;execuci\u00f3 d&#8217;aquests processos, els materials<\/strong>\u2026 A m\u00e9s surten amb la capacitat suficient per a treballar en equip ja que \u00e9s una habilitat que reforcem perqu\u00e8 la considerem primordial.<\/p>\n<p>Al pla d&#8217;estudis del cicle de mitj\u00e0 de mec\u00e0nica de motocicletes s&#8217;estudien assignatures com motors, circuits fluids, suspensi\u00f3 i direcci\u00f3, mecanitzat, angl\u00e8s, empresa i emprenedoria, Formaci\u00f3 i orientaci\u00f3 laboral (FOL) durant el primer any. I <strong>sistemes auxiliars de motor, sistemes de transmissi\u00f3 i frenat, circuits el\u00e8ctrics i auxiliars del vehicle, sistemes de seguretat i confortabilitat a m\u00e9s del projecte de s\u00edntesi <\/strong>durant el segon.<\/p>\n<p>Gr\u00e0cies a aquest cicle podr\u00e0s tenir una inserci\u00f3 laboral directa en llocs com:<\/p>\n<ul>\n<li>Mec\u00e0nic de motocicletes i vehicles pesants<\/li>\n<li>Electricista automotriu i motocicleta<\/li>\n<li>Instal\u00b7lador d&#8217;accessoris per a motocicletes<\/li>\n<\/ul>\n<p>Cal recalcar que <strong>treballem colze amb colze amb les millors empreses del sector, concessionaris oficials i tallers <\/strong>per a millorar la formaci\u00f3 dels nostres alumnes i la seva inserci\u00f3 laboral una vegada acabat el cicl\u00f3 formatiu. I si pel contrari volen continuar aprenent poden continuar en el nostre <a href=\"https:\/\/www.monlau.com\/formacio-professional\/cursos\/grau-superior-automocio\/?lang=ca\"><strong>Cicle formatiu de grau superior en Automoci\u00f3.<\/strong><\/a><\/p>\n<p>&nbsp;<\/p>\n<h3>Vols m\u00e9s informaci\u00f3?<\/h3>\n<p>Si est\u00e0 interessat en rebre m\u00e9s informaci\u00f3 sobre el cicle formatiu de grau mitj\u00e0 de motocicletes, emplena el seg\u00fcent formulari i contactarem amb tu el m\u00e9s aviat possible per resoldre els teus dubtes.<\/p>\n<p>[contact-form-7 id=&#8221;8551&#8243; title=&#8221;Informaci\u00f3 general CAT&#8221;]<\/p>\n","protected":false},"excerpt":{"rendered":"<p>Ell es Miguel Angel\u00a0Nu\u00f1o, el coordinador i professor del Cicle de grau mitj\u00e0 en electromec\u00e1nica de motocicletes i ens explica com treballen al taller de motocicletes. &nbsp; A Monlau tenim la sort de comptar amb el millor equip a nivell de professorat ja que s\u00f3n professionals del sector, apassionats de la seva professi\u00f3 que vetllen [&hellip;]<\/p>\n","protected":false},"author":1,"featured_media":3454,"comment_status":"closed","ping_status":"closed","sticky":false,"template":"","format":"standard","meta":{"footnotes":""},"categories":[252,253,368],"tags":[364,309,391,263,312,281,366],"class_list":["post-6183","post","type-post","status-publish","format-standard","has-post-thumbnail","hentry","category-automocio","category-fp-dual","category-sense-categoria","tag-alumnes","tag-automocio","tag-estudios-profesionales","tag-grau-mitja","tag-grau-superior","tag-monlau","tag-motocicletes"],"yoast_head":"<!-- This site is optimized with the Yoast SEO plugin v27.2 - https:\/\/yoast.com\/product\/yoast-seo-wordpress\/ -->\n<title>Com es treballa al taller de motocicletes - Miguel A. Nu\u00f1o - Formaci\u00f3n profesional<\/title>\n<meta name=\"robots\" content=\"index, follow, max-snippet:-1, max-image-preview:large, max-video-preview:-1\" \/>\n<link rel=\"canonical\" href=\"https:\/\/www.monlau.com\/fp\/ca\/2021\/03\/18\/com-es-treballa-al-taller-de-motocicletes\/\" \/>\n<meta property=\"og:locale\" content=\"ca_ES\" \/>\n<meta property=\"og:type\" content=\"article\" \/>\n<meta property=\"og:title\" content=\"Com es treballa al taller de motocicletes - Miguel A. Nu\u00f1o - Formaci\u00f3n profesional\" \/>\n<meta property=\"og:description\" content=\"Ell es Miguel Angel\u00a0Nu\u00f1o, el coordinador i professor del Cicle de grau mitj\u00e0 en electromec\u00e1nica de motocicletes i ens explica com treballen al taller de motocicletes. &nbsp; A Monlau tenim la sort de comptar amb el millor equip a nivell de professorat ja que s\u00f3n professionals del sector, apassionats de la seva professi\u00f3 que vetllen [&hellip;]\" \/>\n<meta property=\"og:url\" content=\"https:\/\/www.monlau.com\/fp\/ca\/2021\/03\/18\/com-es-treballa-al-taller-de-motocicletes\/\" \/>\n<meta property=\"og:site_name\" content=\"Formaci\u00f3n profesional\" \/>\n<meta property=\"article:published_time\" content=\"2021-03-17T23:00:00+00:00\" \/>\n<meta property=\"article:modified_time\" content=\"2026-03-10T09:03:33+00:00\" \/>\n<meta property=\"og:image\" content=\"https:\/\/www.monlau.com\/app\/uploads\/sites\/3\/2026\/03\/Miguel-A.-Nuno-Como-se-trabaja-en-el-taller-de-motocicletas-blog-CAT.jpg\" \/>\n\t<meta property=\"og:image:width\" content=\"1085\" \/>\n\t<meta property=\"og:image:height\" content=\"610\" \/>\n\t<meta property=\"og:image:type\" content=\"image\/jpeg\" \/>\n<meta name=\"author\" content=\"adsmurai\" \/>\n<meta name=\"twitter:card\" content=\"summary_large_image\" \/>\n<meta name=\"twitter:label1\" content=\"Escrit per\" \/>\n\t<meta name=\"twitter:data1\" content=\"adsmurai\" \/>\n\t<meta name=\"twitter:label2\" content=\"Temps estimat de lectura\" \/>\n\t<meta name=\"twitter:data2\" content=\"2 minuts\" \/>\n<script type=\"application\/ld+json\" class=\"yoast-schema-graph\">{\"@context\":\"https:\/\/schema.org\",\"@graph\":[{\"@type\":\"Article\",\"@id\":\"https:\/\/www.monlau.com\/fp\/ca\/2021\/03\/18\/com-es-treballa-al-taller-de-motocicletes\/#article\",\"isPartOf\":{\"@id\":\"https:\/\/www.monlau.com\/fp\/ca\/2021\/03\/18\/com-es-treballa-al-taller-de-motocicletes\/\"},\"author\":{\"name\":\"adsmurai\",\"@id\":\"https:\/\/www.monlau.com\/fp\/ca\/#\/schema\/person\/419cfdf054323e24e0a2ef1d8597f051\"},\"headline\":\"Com es treballa al taller de motocicletes &#8211; Miguel A. Nu\u00f1o\",\"datePublished\":\"2021-03-17T23:00:00+00:00\",\"dateModified\":\"2026-03-10T09:03:33+00:00\",\"mainEntityOfPage\":{\"@id\":\"https:\/\/www.monlau.com\/fp\/ca\/2021\/03\/18\/com-es-treballa-al-taller-de-motocicletes\/\"},\"wordCount\":387,\"publisher\":{\"@id\":\"https:\/\/www.monlau.com\/fp\/ca\/#organization\"},\"image\":{\"@id\":\"https:\/\/www.monlau.com\/fp\/ca\/2021\/03\/18\/com-es-treballa-al-taller-de-motocicletes\/#primaryimage\"},\"thumbnailUrl\":\"https:\/\/www.monlau.com\/app\/uploads\/sites\/3\/2026\/03\/Miguel-A.-Nuno-Como-se-trabaja-en-el-taller-de-motocicletas-blog-CAT.jpg\",\"keywords\":[\"alumnes\",\"Automoci\u00f3\",\"estudios profesionales\",\"Grau Mitj\u00e0\",\"Grau Superior\",\"Monlau\",\"motocicletes\"],\"articleSection\":[\"Automoci\u00f3\",\"FP Dual\"],\"inLanguage\":\"ca\"},{\"@type\":\"WebPage\",\"@id\":\"https:\/\/www.monlau.com\/fp\/ca\/2021\/03\/18\/com-es-treballa-al-taller-de-motocicletes\/\",\"url\":\"https:\/\/www.monlau.com\/fp\/ca\/2021\/03\/18\/com-es-treballa-al-taller-de-motocicletes\/\",\"name\":\"Com es treballa al taller de motocicletes - Miguel A. Nu\u00f1o - Formaci\u00f3n profesional\",\"isPartOf\":{\"@id\":\"https:\/\/www.monlau.com\/fp\/ca\/#website\"},\"primaryImageOfPage\":{\"@id\":\"https:\/\/www.monlau.com\/fp\/ca\/2021\/03\/18\/com-es-treballa-al-taller-de-motocicletes\/#primaryimage\"},\"image\":{\"@id\":\"https:\/\/www.monlau.com\/fp\/ca\/2021\/03\/18\/com-es-treballa-al-taller-de-motocicletes\/#primaryimage\"},\"thumbnailUrl\":\"https:\/\/www.monlau.com\/app\/uploads\/sites\/3\/2026\/03\/Miguel-A.-Nuno-Como-se-trabaja-en-el-taller-de-motocicletas-blog-CAT.jpg\",\"datePublished\":\"2021-03-17T23:00:00+00:00\",\"dateModified\":\"2026-03-10T09:03:33+00:00\",\"breadcrumb\":{\"@id\":\"https:\/\/www.monlau.com\/fp\/ca\/2021\/03\/18\/com-es-treballa-al-taller-de-motocicletes\/#breadcrumb\"},\"inLanguage\":\"ca\",\"potentialAction\":[{\"@type\":\"ReadAction\",\"target\":[\"https:\/\/www.monlau.com\/fp\/ca\/2021\/03\/18\/com-es-treballa-al-taller-de-motocicletes\/\"]}]},{\"@type\":\"ImageObject\",\"inLanguage\":\"ca\",\"@id\":\"https:\/\/www.monlau.com\/fp\/ca\/2021\/03\/18\/com-es-treballa-al-taller-de-motocicletes\/#primaryimage\",\"url\":\"https:\/\/www.monlau.com\/app\/uploads\/sites\/3\/2026\/03\/Miguel-A.-Nuno-Como-se-trabaja-en-el-taller-de-motocicletas-blog-CAT.jpg\",\"contentUrl\":\"https:\/\/www.monlau.com\/app\/uploads\/sites\/3\/2026\/03\/Miguel-A.-Nuno-Como-se-trabaja-en-el-taller-de-motocicletas-blog-CAT.jpg\",\"width\":1085,\"height\":610},{\"@type\":\"BreadcrumbList\",\"@id\":\"https:\/\/www.monlau.com\/fp\/ca\/2021\/03\/18\/com-es-treballa-al-taller-de-motocicletes\/#breadcrumb\",\"itemListElement\":[{\"@type\":\"ListItem\",\"position\":1,\"name\":\"Portada\",\"item\":\"https:\/\/www.monlau.com\/fp\/ca\/inici\/\"},{\"@type\":\"ListItem\",\"position\":2,\"name\":\"Com es treballa al taller de motocicletes &#8211; Miguel A. Nu\u00f1o\"}]},{\"@type\":\"WebSite\",\"@id\":\"https:\/\/www.monlau.com\/fp\/ca\/#website\",\"url\":\"https:\/\/www.monlau.com\/fp\/ca\/\",\"name\":\"Formaci\u00f3n profesional\",\"description\":\"Monlau\",\"publisher\":{\"@id\":\"https:\/\/www.monlau.com\/fp\/ca\/#organization\"},\"potentialAction\":[{\"@type\":\"SearchAction\",\"target\":{\"@type\":\"EntryPoint\",\"urlTemplate\":\"https:\/\/www.monlau.com\/fp\/ca\/?s={search_term_string}\"},\"query-input\":{\"@type\":\"PropertyValueSpecification\",\"valueRequired\":true,\"valueName\":\"search_term_string\"}}],\"inLanguage\":\"ca\"},{\"@type\":\"Organization\",\"@id\":\"https:\/\/www.monlau.com\/fp\/ca\/#organization\",\"name\":\"Formaci\u00f3n profesional\",\"url\":\"https:\/\/www.monlau.com\/fp\/ca\/\",\"logo\":{\"@type\":\"ImageObject\",\"inLanguage\":\"ca\",\"@id\":\"https:\/\/www.monlau.com\/fp\/ca\/#\/schema\/logo\/image\/\",\"url\":\"https:\/\/www.monlau.com\/app\/uploads\/sites\/3\/2026\/01\/fp.png\",\"contentUrl\":\"https:\/\/www.monlau.com\/app\/uploads\/sites\/3\/2026\/01\/fp.png\",\"width\":1024,\"height\":878,\"caption\":\"Formaci\u00f3n profesional\"},\"image\":{\"@id\":\"https:\/\/www.monlau.com\/fp\/ca\/#\/schema\/logo\/image\/\"}},{\"@type\":\"Person\",\"@id\":\"https:\/\/www.monlau.com\/fp\/ca\/#\/schema\/person\/419cfdf054323e24e0a2ef1d8597f051\",\"name\":\"adsmurai\",\"image\":{\"@type\":\"ImageObject\",\"inLanguage\":\"ca\",\"@id\":\"https:\/\/secure.gravatar.com\/avatar\/0748788578f91786454454fa3b4c295644edb991ad6caadc70b41d26790d38fc?s=96&d=mm&r=g\",\"url\":\"https:\/\/secure.gravatar.com\/avatar\/0748788578f91786454454fa3b4c295644edb991ad6caadc70b41d26790d38fc?s=96&d=mm&r=g\",\"contentUrl\":\"https:\/\/secure.gravatar.com\/avatar\/0748788578f91786454454fa3b4c295644edb991ad6caadc70b41d26790d38fc?s=96&d=mm&r=g\",\"caption\":\"adsmurai\"},\"sameAs\":[\"https:\/\/www.monlau.com\"],\"url\":\"https:\/\/www.monlau.com\/fp\/ca\/author\/adsmurai\/\"}]}<\/script>\n<!-- \/ Yoast SEO plugin. -->","yoast_head_json":{"title":"Com es treballa al taller de motocicletes - Miguel A. Nu\u00f1o - Formaci\u00f3n profesional","robots":{"index":"index","follow":"follow","max-snippet":"max-snippet:-1","max-image-preview":"max-image-preview:large","max-video-preview":"max-video-preview:-1"},"canonical":"https:\/\/www.monlau.com\/fp\/ca\/2021\/03\/18\/com-es-treballa-al-taller-de-motocicletes\/","og_locale":"ca_ES","og_type":"article","og_title":"Com es treballa al taller de motocicletes - Miguel A. Nu\u00f1o - Formaci\u00f3n profesional","og_description":"Ell es Miguel Angel\u00a0Nu\u00f1o, el coordinador i professor del Cicle de grau mitj\u00e0 en electromec\u00e1nica de motocicletes i ens explica com treballen al taller de motocicletes. &nbsp; A Monlau tenim la sort de comptar amb el millor equip a nivell de professorat ja que s\u00f3n professionals del sector, apassionats de la seva professi\u00f3 que vetllen [&hellip;]","og_url":"https:\/\/www.monlau.com\/fp\/ca\/2021\/03\/18\/com-es-treballa-al-taller-de-motocicletes\/","og_site_name":"Formaci\u00f3n profesional","article_published_time":"2021-03-17T23:00:00+00:00","article_modified_time":"2026-03-10T09:03:33+00:00","og_image":[{"width":1085,"height":610,"url":"https:\/\/www.monlau.com\/app\/uploads\/sites\/3\/2026\/03\/Miguel-A.-Nuno-Como-se-trabaja-en-el-taller-de-motocicletas-blog-CAT.jpg","type":"image\/jpeg"}],"author":"adsmurai","twitter_card":"summary_large_image","twitter_misc":{"Escrit per":"adsmurai","Temps estimat de lectura":"2 minuts"},"schema":{"@context":"https:\/\/schema.org","@graph":[{"@type":"Article","@id":"https:\/\/www.monlau.com\/fp\/ca\/2021\/03\/18\/com-es-treballa-al-taller-de-motocicletes\/#article","isPartOf":{"@id":"https:\/\/www.monlau.com\/fp\/ca\/2021\/03\/18\/com-es-treballa-al-taller-de-motocicletes\/"},"author":{"name":"adsmurai","@id":"https:\/\/www.monlau.com\/fp\/ca\/#\/schema\/person\/419cfdf054323e24e0a2ef1d8597f051"},"headline":"Com es treballa al taller de motocicletes &#8211; Miguel A. Nu\u00f1o","datePublished":"2021-03-17T23:00:00+00:00","dateModified":"2026-03-10T09:03:33+00:00","mainEntityOfPage":{"@id":"https:\/\/www.monlau.com\/fp\/ca\/2021\/03\/18\/com-es-treballa-al-taller-de-motocicletes\/"},"wordCount":387,"publisher":{"@id":"https:\/\/www.monlau.com\/fp\/ca\/#organization"},"image":{"@id":"https:\/\/www.monlau.com\/fp\/ca\/2021\/03\/18\/com-es-treballa-al-taller-de-motocicletes\/#primaryimage"},"thumbnailUrl":"https:\/\/www.monlau.com\/app\/uploads\/sites\/3\/2026\/03\/Miguel-A.-Nuno-Como-se-trabaja-en-el-taller-de-motocicletas-blog-CAT.jpg","keywords":["alumnes","Automoci\u00f3","estudios profesionales","Grau Mitj\u00e0","Grau Superior","Monlau","motocicletes"],"articleSection":["Automoci\u00f3","FP Dual"],"inLanguage":"ca"},{"@type":"WebPage","@id":"https:\/\/www.monlau.com\/fp\/ca\/2021\/03\/18\/com-es-treballa-al-taller-de-motocicletes\/","url":"https:\/\/www.monlau.com\/fp\/ca\/2021\/03\/18\/com-es-treballa-al-taller-de-motocicletes\/","name":"Com es treballa al taller de motocicletes - Miguel A. Nu\u00f1o - Formaci\u00f3n profesional","isPartOf":{"@id":"https:\/\/www.monlau.com\/fp\/ca\/#website"},"primaryImageOfPage":{"@id":"https:\/\/www.monlau.com\/fp\/ca\/2021\/03\/18\/com-es-treballa-al-taller-de-motocicletes\/#primaryimage"},"image":{"@id":"https:\/\/www.monlau.com\/fp\/ca\/2021\/03\/18\/com-es-treballa-al-taller-de-motocicletes\/#primaryimage"},"thumbnailUrl":"https:\/\/www.monlau.com\/app\/uploads\/sites\/3\/2026\/03\/Miguel-A.-Nuno-Como-se-trabaja-en-el-taller-de-motocicletas-blog-CAT.jpg","datePublished":"2021-03-17T23:00:00+00:00","dateModified":"2026-03-10T09:03:33+00:00","breadcrumb":{"@id":"https:\/\/www.monlau.com\/fp\/ca\/2021\/03\/18\/com-es-treballa-al-taller-de-motocicletes\/#breadcrumb"},"inLanguage":"ca","potentialAction":[{"@type":"ReadAction","target":["https:\/\/www.monlau.com\/fp\/ca\/2021\/03\/18\/com-es-treballa-al-taller-de-motocicletes\/"]}]},{"@type":"ImageObject","inLanguage":"ca","@id":"https:\/\/www.monlau.com\/fp\/ca\/2021\/03\/18\/com-es-treballa-al-taller-de-motocicletes\/#primaryimage","url":"https:\/\/www.monlau.com\/app\/uploads\/sites\/3\/2026\/03\/Miguel-A.-Nuno-Como-se-trabaja-en-el-taller-de-motocicletas-blog-CAT.jpg","contentUrl":"https:\/\/www.monlau.com\/app\/uploads\/sites\/3\/2026\/03\/Miguel-A.-Nuno-Como-se-trabaja-en-el-taller-de-motocicletas-blog-CAT.jpg","width":1085,"height":610},{"@type":"BreadcrumbList","@id":"https:\/\/www.monlau.com\/fp\/ca\/2021\/03\/18\/com-es-treballa-al-taller-de-motocicletes\/#breadcrumb","itemListElement":[{"@type":"ListItem","position":1,"name":"Portada","item":"https:\/\/www.monlau.com\/fp\/ca\/inici\/"},{"@type":"ListItem","position":2,"name":"Com es treballa al taller de motocicletes &#8211; Miguel A. Nu\u00f1o"}]},{"@type":"WebSite","@id":"https:\/\/www.monlau.com\/fp\/ca\/#website","url":"https:\/\/www.monlau.com\/fp\/ca\/","name":"Formaci\u00f3n profesional","description":"Monlau","publisher":{"@id":"https:\/\/www.monlau.com\/fp\/ca\/#organization"},"potentialAction":[{"@type":"SearchAction","target":{"@type":"EntryPoint","urlTemplate":"https:\/\/www.monlau.com\/fp\/ca\/?s={search_term_string}"},"query-input":{"@type":"PropertyValueSpecification","valueRequired":true,"valueName":"search_term_string"}}],"inLanguage":"ca"},{"@type":"Organization","@id":"https:\/\/www.monlau.com\/fp\/ca\/#organization","name":"Formaci\u00f3n profesional","url":"https:\/\/www.monlau.com\/fp\/ca\/","logo":{"@type":"ImageObject","inLanguage":"ca","@id":"https:\/\/www.monlau.com\/fp\/ca\/#\/schema\/logo\/image\/","url":"https:\/\/www.monlau.com\/app\/uploads\/sites\/3\/2026\/01\/fp.png","contentUrl":"https:\/\/www.monlau.com\/app\/uploads\/sites\/3\/2026\/01\/fp.png","width":1024,"height":878,"caption":"Formaci\u00f3n profesional"},"image":{"@id":"https:\/\/www.monlau.com\/fp\/ca\/#\/schema\/logo\/image\/"}},{"@type":"Person","@id":"https:\/\/www.monlau.com\/fp\/ca\/#\/schema\/person\/419cfdf054323e24e0a2ef1d8597f051","name":"adsmurai","image":{"@type":"ImageObject","inLanguage":"ca","@id":"https:\/\/secure.gravatar.com\/avatar\/0748788578f91786454454fa3b4c295644edb991ad6caadc70b41d26790d38fc?s=96&d=mm&r=g","url":"https:\/\/secure.gravatar.com\/avatar\/0748788578f91786454454fa3b4c295644edb991ad6caadc70b41d26790d38fc?s=96&d=mm&r=g","contentUrl":"https:\/\/secure.gravatar.com\/avatar\/0748788578f91786454454fa3b4c295644edb991ad6caadc70b41d26790d38fc?s=96&d=mm&r=g","caption":"adsmurai"},"sameAs":["https:\/\/www.monlau.com"],"url":"https:\/\/www.monlau.com\/fp\/ca\/author\/adsmurai\/"}]}},"_links":{"self":[{"href":"https:\/\/www.monlau.com\/fp\/ca\/wp-json\/wp\/v2\/posts\/6183","targetHints":{"allow":["GET"]}}],"collection":[{"href":"https:\/\/www.monlau.com\/fp\/ca\/wp-json\/wp\/v2\/posts"}],"about":[{"href":"https:\/\/www.monlau.com\/fp\/ca\/wp-json\/wp\/v2\/types\/post"}],"author":[{"embeddable":true,"href":"https:\/\/www.monlau.com\/fp\/ca\/wp-json\/wp\/v2\/users\/1"}],"replies":[{"embeddable":true,"href":"https:\/\/www.monlau.com\/fp\/ca\/wp-json\/wp\/v2\/comments?post=6183"}],"version-history":[{"count":1,"href":"https:\/\/www.monlau.com\/fp\/ca\/wp-json\/wp\/v2\/posts\/6183\/revisions"}],"predecessor-version":[{"id":6464,"href":"https:\/\/www.monlau.com\/fp\/ca\/wp-json\/wp\/v2\/posts\/6183\/revisions\/6464"}],"wp:featuredmedia":[{"embeddable":true,"href":"https:\/\/www.monlau.com\/fp\/ca\/wp-json\/wp\/v2\/media\/3454"}],"wp:attachment":[{"href":"https:\/\/www.monlau.com\/fp\/ca\/wp-json\/wp\/v2\/media?parent=6183"}],"wp:term":[{"taxonomy":"category","embeddable":true,"href":"https:\/\/www.monlau.com\/fp\/ca\/wp-json\/wp\/v2\/categories?post=6183"},{"taxonomy":"post_tag","embeddable":true,"href":"https:\/\/www.monlau.com\/fp\/ca\/wp-json\/wp\/v2\/tags?post=6183"}],"curies":[{"name":"wp","href":"https:\/\/api.w.org\/{rel}","templated":true}]}}