{"id":6177,"date":"2021-03-11T00:00:00","date_gmt":"2021-03-10T23:00:00","guid":{"rendered":"https:\/\/www.monlau.com\/formacion-profesional\/que-es-fa-a-compra-venda-elena-de-la-mota\/"},"modified":"2026-03-10T10:03:33","modified_gmt":"2026-03-10T09:03:33","slug":"que-es-fa-a-compra-venda-elena-de-la-mota","status":"publish","type":"post","link":"https:\/\/www.monlau.com\/fp\/ca\/2021\/03\/11\/que-es-fa-a-compra-venda-elena-de-la-mota\/","title":{"rendered":"Qu\u00e8 es fa a Compra-Venda? \u2013 Elena de la Mota"},"content":{"rendered":"<p>Ella \u00e9s Elena de la Mota, la professora de <strong>Compra-Venda<\/strong> del <strong><a href=\"https:\/\/www.monlau.com\/formacio-professional\/cursos\/grau-mitja-gestio-administrativa\/?lang=ca\">Cicle Formatiu de Grau Mitj\u00e0 en Gesti\u00f3 Administrativa. <\/a><\/strong>Elena porta 30 anys impartint l&#8217;ensenyament a Monlau i ens explica com treballen aquesta assignatura.<\/p>\n<p>Els alumnes aprenen a realitzar tota la documentaci\u00f3 necess\u00e0ria des del pressupost, la comanda, l&#8217;albar\u00e0, la factura\u2026 A m\u00e9s tenen <strong>el suport de Factusol, un programa per a realitzar la tasca de la facturaci\u00f3<\/strong>. Aprenen a fer un contracte, veuen el sistema de servei de prove\u00efdors, la declaraci\u00f3 trimestral de l&#8217;IVA\u2026 <strong>I treballen en un projecte de simulaci\u00f3 d&#8217;una empresa<\/strong> real anomenada \u201cMonlam\u00f2s\u201d, a la que cada setmana dediquen classes..<strong>Els alumnes tenen una presa de contacte directe amb el m\u00f3n laboral<\/strong> ja que practiquen amb aquesta empresa on fan diferents tasques d&#8217;administraci\u00f3 que ells mateixos arxiven. I per a quan arriben a final de curs han pogut veure tot el cicle administratiu de l&#8217;assignatura amb aquest suport explicat d&#8217;una manera pr\u00e0ctica.<\/p>\n<p>A m\u00e9s tamb\u00e9 s&#8217;imparteixen <strong>assignatures com Business Communication i atenci\u00f3 al client, suport administratiu, Marketing digital i publicitat, Ingl\u00e9s\u2026<\/strong> I gr\u00e0cies a aquest cicle els alumnes tenen una inserci\u00f3 laboral directa en llocs com:<\/p>\n<ul>\n<li>Auxiliar administratiu d&#8217;oficina, financer, comercial, comptable, log\u00edstica, segurs, recursos humans i\/o administratiu p\u00fablic.<\/li>\n<li>Atenci\u00f3 al client<\/li>\n<li>Recepci\u00f3 i ajudant d&#8217;oficina<\/li>\n<li>Tresoreria i mitjans de pagament<\/li>\n<\/ul>\n<p>Tanmateix, els nostres alumnes reben la formaci\u00f3 necess\u00e0ria per a poder treballar en sectors com la banca i les fiances, el comer\u00e7, departaments administratius i\/o comptables de qualsevol sector, turisme i hoteler\u00eda.<\/p>\n<p>I si volen continuar aprenent amb nosaltres poden continuar al nostre grau superior <strong><a href=\"https:\/\/www.monlau.com\/formacio-professional\/cursos\/grau-superior-gestio-allotjaments-turistics\/?lang=ca\">d\u2019 Hoteler\u00eda i Turisme<\/a> <\/strong>\u00a0o al grau de <strong><a href=\"https:\/\/www.monlau.com\/formacio-professional\/cursos\/grau-superior-marketing-publicitat\/?lang=ca\">Marketing i Publicitat.<\/a><\/strong><\/p>\n<h3>Vols m\u00e9s informaci\u00f3?<\/h3>\n<p>Si est\u00e0 interessat en rebre m\u00e9s informaci\u00f3 sobre el cicle formatiu de grau mitj\u00e0 de Carrosseria, emplena el seg\u00fcent formulari i contactarem amb tu el m\u00e9s aviat possible per resoldre els teus dubtes.<\/p>\n<p>[contact-form-7 id=&#8221;8551&#8243; title=&#8221;Informaci\u00f3 general CAT&#8221;]<\/p>\n","protected":false},"excerpt":{"rendered":"<p>Ella \u00e9s Elena de la Mota, la professora de Compra-Venda del Cicle Formatiu de Grau Mitj\u00e0 en Gesti\u00f3 Administrativa. Elena porta 30 anys impartint l&#8217;ensenyament a Monlau i ens explica com treballen aquesta assignatura. Els alumnes aprenen a realitzar tota la documentaci\u00f3 necess\u00e0ria des del pressupost, la comanda, l&#8217;albar\u00e0, la factura\u2026 A m\u00e9s tenen el [&hellip;]<\/p>\n","protected":false},"author":1,"featured_media":3450,"comment_status":"closed","ping_status":"closed","sticky":false,"template":"","format":"standard","meta":{"footnotes":""},"categories":[256],"tags":[305,386,264,262,400,263],"class_list":["post-6177","post","type-post","status-publish","format-standard","has-post-thumbnail","hentry","category-empresa-i-marqueting","tag-cicle-formatius","tag-estudis-professionals","tag-formacio-professional","tag-futur","tag-gestio-administrativa","tag-grau-mitja"],"yoast_head":"<!-- This site is optimized with the Yoast SEO plugin v27.2 - https:\/\/yoast.com\/product\/yoast-seo-wordpress\/ -->\n<title>Qu\u00e8 es fa a Compra-Venda? \u2013 Elena de la Mota - Formaci\u00f3n profesional<\/title>\n<meta name=\"robots\" content=\"index, follow, max-snippet:-1, max-image-preview:large, max-video-preview:-1\" \/>\n<link rel=\"canonical\" href=\"https:\/\/www.monlau.com\/fp\/ca\/2021\/03\/11\/que-es-fa-a-compra-venda-elena-de-la-mota\/\" \/>\n<meta property=\"og:locale\" content=\"ca_ES\" \/>\n<meta property=\"og:type\" content=\"article\" \/>\n<meta property=\"og:title\" content=\"Qu\u00e8 es fa a Compra-Venda? \u2013 Elena de la Mota - Formaci\u00f3n profesional\" \/>\n<meta property=\"og:description\" content=\"Ella \u00e9s Elena de la Mota, la professora de Compra-Venda del Cicle Formatiu de Grau Mitj\u00e0 en Gesti\u00f3 Administrativa. Elena porta 30 anys impartint l&#8217;ensenyament a Monlau i ens explica com treballen aquesta assignatura. Els alumnes aprenen a realitzar tota la documentaci\u00f3 necess\u00e0ria des del pressupost, la comanda, l&#8217;albar\u00e0, la factura\u2026 A m\u00e9s tenen el [&hellip;]\" \/>\n<meta property=\"og:url\" content=\"https:\/\/www.monlau.com\/fp\/ca\/2021\/03\/11\/que-es-fa-a-compra-venda-elena-de-la-mota\/\" \/>\n<meta property=\"og:site_name\" content=\"Formaci\u00f3n profesional\" \/>\n<meta property=\"article:published_time\" content=\"2021-03-10T23:00:00+00:00\" \/>\n<meta property=\"article:modified_time\" content=\"2026-03-10T09:03:33+00:00\" \/>\n<meta property=\"og:image\" content=\"https:\/\/www.monlau.com\/app\/uploads\/sites\/3\/2026\/03\/Que-se-hace-en-Compra-Venta-blog-cat-2.jpg\" \/>\n\t<meta property=\"og:image:width\" content=\"1085\" \/>\n\t<meta property=\"og:image:height\" content=\"610\" \/>\n\t<meta property=\"og:image:type\" content=\"image\/jpeg\" \/>\n<meta name=\"author\" content=\"adsmurai\" \/>\n<meta name=\"twitter:card\" content=\"summary_large_image\" \/>\n<meta name=\"twitter:label1\" content=\"Escrit per\" \/>\n\t<meta name=\"twitter:data1\" content=\"adsmurai\" \/>\n\t<meta name=\"twitter:label2\" content=\"Temps estimat de lectura\" \/>\n\t<meta name=\"twitter:data2\" content=\"2 minuts\" \/>\n<script type=\"application\/ld+json\" class=\"yoast-schema-graph\">{\"@context\":\"https:\/\/schema.org\",\"@graph\":[{\"@type\":\"Article\",\"@id\":\"https:\/\/www.monlau.com\/fp\/ca\/2021\/03\/11\/que-es-fa-a-compra-venda-elena-de-la-mota\/#article\",\"isPartOf\":{\"@id\":\"https:\/\/www.monlau.com\/fp\/ca\/2021\/03\/11\/que-es-fa-a-compra-venda-elena-de-la-mota\/\"},\"author\":{\"name\":\"adsmurai\",\"@id\":\"https:\/\/www.monlau.com\/fp\/ca\/#\/schema\/person\/419cfdf054323e24e0a2ef1d8597f051\"},\"headline\":\"Qu\u00e8 es fa a Compra-Venda? \u2013 Elena de la Mota\",\"datePublished\":\"2021-03-10T23:00:00+00:00\",\"dateModified\":\"2026-03-10T09:03:33+00:00\",\"mainEntityOfPage\":{\"@id\":\"https:\/\/www.monlau.com\/fp\/ca\/2021\/03\/11\/que-es-fa-a-compra-venda-elena-de-la-mota\/\"},\"wordCount\":351,\"publisher\":{\"@id\":\"https:\/\/www.monlau.com\/fp\/ca\/#organization\"},\"image\":{\"@id\":\"https:\/\/www.monlau.com\/fp\/ca\/2021\/03\/11\/que-es-fa-a-compra-venda-elena-de-la-mota\/#primaryimage\"},\"thumbnailUrl\":\"https:\/\/www.monlau.com\/app\/uploads\/sites\/3\/2026\/03\/Que-se-hace-en-Compra-Venta-blog-cat-2.jpg\",\"keywords\":[\"Cicle Formatius\",\"estudis professionals\",\"formaci\u00f3 professional\",\"Futur\",\"Gesti\u00f3 Administrativa\",\"Grau Mitj\u00e0\"],\"articleSection\":[\"Empresa i M\u00e0rqueting\"],\"inLanguage\":\"ca\"},{\"@type\":\"WebPage\",\"@id\":\"https:\/\/www.monlau.com\/fp\/ca\/2021\/03\/11\/que-es-fa-a-compra-venda-elena-de-la-mota\/\",\"url\":\"https:\/\/www.monlau.com\/fp\/ca\/2021\/03\/11\/que-es-fa-a-compra-venda-elena-de-la-mota\/\",\"name\":\"Qu\u00e8 es fa a Compra-Venda? \u2013 Elena de la Mota - Formaci\u00f3n profesional\",\"isPartOf\":{\"@id\":\"https:\/\/www.monlau.com\/fp\/ca\/#website\"},\"primaryImageOfPage\":{\"@id\":\"https:\/\/www.monlau.com\/fp\/ca\/2021\/03\/11\/que-es-fa-a-compra-venda-elena-de-la-mota\/#primaryimage\"},\"image\":{\"@id\":\"https:\/\/www.monlau.com\/fp\/ca\/2021\/03\/11\/que-es-fa-a-compra-venda-elena-de-la-mota\/#primaryimage\"},\"thumbnailUrl\":\"https:\/\/www.monlau.com\/app\/uploads\/sites\/3\/2026\/03\/Que-se-hace-en-Compra-Venta-blog-cat-2.jpg\",\"datePublished\":\"2021-03-10T23:00:00+00:00\",\"dateModified\":\"2026-03-10T09:03:33+00:00\",\"breadcrumb\":{\"@id\":\"https:\/\/www.monlau.com\/fp\/ca\/2021\/03\/11\/que-es-fa-a-compra-venda-elena-de-la-mota\/#breadcrumb\"},\"inLanguage\":\"ca\",\"potentialAction\":[{\"@type\":\"ReadAction\",\"target\":[\"https:\/\/www.monlau.com\/fp\/ca\/2021\/03\/11\/que-es-fa-a-compra-venda-elena-de-la-mota\/\"]}]},{\"@type\":\"ImageObject\",\"inLanguage\":\"ca\",\"@id\":\"https:\/\/www.monlau.com\/fp\/ca\/2021\/03\/11\/que-es-fa-a-compra-venda-elena-de-la-mota\/#primaryimage\",\"url\":\"https:\/\/www.monlau.com\/app\/uploads\/sites\/3\/2026\/03\/Que-se-hace-en-Compra-Venta-blog-cat-2.jpg\",\"contentUrl\":\"https:\/\/www.monlau.com\/app\/uploads\/sites\/3\/2026\/03\/Que-se-hace-en-Compra-Venta-blog-cat-2.jpg\",\"width\":1085,\"height\":610},{\"@type\":\"BreadcrumbList\",\"@id\":\"https:\/\/www.monlau.com\/fp\/ca\/2021\/03\/11\/que-es-fa-a-compra-venda-elena-de-la-mota\/#breadcrumb\",\"itemListElement\":[{\"@type\":\"ListItem\",\"position\":1,\"name\":\"Portada\",\"item\":\"https:\/\/www.monlau.com\/fp\/ca\/inici\/\"},{\"@type\":\"ListItem\",\"position\":2,\"name\":\"Qu\u00e8 es fa a Compra-Venda? \u2013 Elena de la Mota\"}]},{\"@type\":\"WebSite\",\"@id\":\"https:\/\/www.monlau.com\/fp\/ca\/#website\",\"url\":\"https:\/\/www.monlau.com\/fp\/ca\/\",\"name\":\"Formaci\u00f3n profesional\",\"description\":\"Monlau\",\"publisher\":{\"@id\":\"https:\/\/www.monlau.com\/fp\/ca\/#organization\"},\"potentialAction\":[{\"@type\":\"SearchAction\",\"target\":{\"@type\":\"EntryPoint\",\"urlTemplate\":\"https:\/\/www.monlau.com\/fp\/ca\/?s={search_term_string}\"},\"query-input\":{\"@type\":\"PropertyValueSpecification\",\"valueRequired\":true,\"valueName\":\"search_term_string\"}}],\"inLanguage\":\"ca\"},{\"@type\":\"Organization\",\"@id\":\"https:\/\/www.monlau.com\/fp\/ca\/#organization\",\"name\":\"Formaci\u00f3n profesional\",\"url\":\"https:\/\/www.monlau.com\/fp\/ca\/\",\"logo\":{\"@type\":\"ImageObject\",\"inLanguage\":\"ca\",\"@id\":\"https:\/\/www.monlau.com\/fp\/ca\/#\/schema\/logo\/image\/\",\"url\":\"https:\/\/www.monlau.com\/app\/uploads\/sites\/3\/2026\/01\/fp.png\",\"contentUrl\":\"https:\/\/www.monlau.com\/app\/uploads\/sites\/3\/2026\/01\/fp.png\",\"width\":1024,\"height\":878,\"caption\":\"Formaci\u00f3n profesional\"},\"image\":{\"@id\":\"https:\/\/www.monlau.com\/fp\/ca\/#\/schema\/logo\/image\/\"}},{\"@type\":\"Person\",\"@id\":\"https:\/\/www.monlau.com\/fp\/ca\/#\/schema\/person\/419cfdf054323e24e0a2ef1d8597f051\",\"name\":\"adsmurai\",\"image\":{\"@type\":\"ImageObject\",\"inLanguage\":\"ca\",\"@id\":\"https:\/\/secure.gravatar.com\/avatar\/0748788578f91786454454fa3b4c295644edb991ad6caadc70b41d26790d38fc?s=96&d=mm&r=g\",\"url\":\"https:\/\/secure.gravatar.com\/avatar\/0748788578f91786454454fa3b4c295644edb991ad6caadc70b41d26790d38fc?s=96&d=mm&r=g\",\"contentUrl\":\"https:\/\/secure.gravatar.com\/avatar\/0748788578f91786454454fa3b4c295644edb991ad6caadc70b41d26790d38fc?s=96&d=mm&r=g\",\"caption\":\"adsmurai\"},\"sameAs\":[\"https:\/\/www.monlau.com\"],\"url\":\"https:\/\/www.monlau.com\/fp\/ca\/author\/adsmurai\/\"}]}<\/script>\n<!-- \/ Yoast SEO plugin. -->","yoast_head_json":{"title":"Qu\u00e8 es fa a Compra-Venda? \u2013 Elena de la Mota - Formaci\u00f3n profesional","robots":{"index":"index","follow":"follow","max-snippet":"max-snippet:-1","max-image-preview":"max-image-preview:large","max-video-preview":"max-video-preview:-1"},"canonical":"https:\/\/www.monlau.com\/fp\/ca\/2021\/03\/11\/que-es-fa-a-compra-venda-elena-de-la-mota\/","og_locale":"ca_ES","og_type":"article","og_title":"Qu\u00e8 es fa a Compra-Venda? \u2013 Elena de la Mota - Formaci\u00f3n profesional","og_description":"Ella \u00e9s Elena de la Mota, la professora de Compra-Venda del Cicle Formatiu de Grau Mitj\u00e0 en Gesti\u00f3 Administrativa. Elena porta 30 anys impartint l&#8217;ensenyament a Monlau i ens explica com treballen aquesta assignatura. Els alumnes aprenen a realitzar tota la documentaci\u00f3 necess\u00e0ria des del pressupost, la comanda, l&#8217;albar\u00e0, la factura\u2026 A m\u00e9s tenen el [&hellip;]","og_url":"https:\/\/www.monlau.com\/fp\/ca\/2021\/03\/11\/que-es-fa-a-compra-venda-elena-de-la-mota\/","og_site_name":"Formaci\u00f3n profesional","article_published_time":"2021-03-10T23:00:00+00:00","article_modified_time":"2026-03-10T09:03:33+00:00","og_image":[{"width":1085,"height":610,"url":"https:\/\/www.monlau.com\/app\/uploads\/sites\/3\/2026\/03\/Que-se-hace-en-Compra-Venta-blog-cat-2.jpg","type":"image\/jpeg"}],"author":"adsmurai","twitter_card":"summary_large_image","twitter_misc":{"Escrit per":"adsmurai","Temps estimat de lectura":"2 minuts"},"schema":{"@context":"https:\/\/schema.org","@graph":[{"@type":"Article","@id":"https:\/\/www.monlau.com\/fp\/ca\/2021\/03\/11\/que-es-fa-a-compra-venda-elena-de-la-mota\/#article","isPartOf":{"@id":"https:\/\/www.monlau.com\/fp\/ca\/2021\/03\/11\/que-es-fa-a-compra-venda-elena-de-la-mota\/"},"author":{"name":"adsmurai","@id":"https:\/\/www.monlau.com\/fp\/ca\/#\/schema\/person\/419cfdf054323e24e0a2ef1d8597f051"},"headline":"Qu\u00e8 es fa a Compra-Venda? \u2013 Elena de la Mota","datePublished":"2021-03-10T23:00:00+00:00","dateModified":"2026-03-10T09:03:33+00:00","mainEntityOfPage":{"@id":"https:\/\/www.monlau.com\/fp\/ca\/2021\/03\/11\/que-es-fa-a-compra-venda-elena-de-la-mota\/"},"wordCount":351,"publisher":{"@id":"https:\/\/www.monlau.com\/fp\/ca\/#organization"},"image":{"@id":"https:\/\/www.monlau.com\/fp\/ca\/2021\/03\/11\/que-es-fa-a-compra-venda-elena-de-la-mota\/#primaryimage"},"thumbnailUrl":"https:\/\/www.monlau.com\/app\/uploads\/sites\/3\/2026\/03\/Que-se-hace-en-Compra-Venta-blog-cat-2.jpg","keywords":["Cicle Formatius","estudis professionals","formaci\u00f3 professional","Futur","Gesti\u00f3 Administrativa","Grau Mitj\u00e0"],"articleSection":["Empresa i M\u00e0rqueting"],"inLanguage":"ca"},{"@type":"WebPage","@id":"https:\/\/www.monlau.com\/fp\/ca\/2021\/03\/11\/que-es-fa-a-compra-venda-elena-de-la-mota\/","url":"https:\/\/www.monlau.com\/fp\/ca\/2021\/03\/11\/que-es-fa-a-compra-venda-elena-de-la-mota\/","name":"Qu\u00e8 es fa a Compra-Venda? \u2013 Elena de la Mota - Formaci\u00f3n profesional","isPartOf":{"@id":"https:\/\/www.monlau.com\/fp\/ca\/#website"},"primaryImageOfPage":{"@id":"https:\/\/www.monlau.com\/fp\/ca\/2021\/03\/11\/que-es-fa-a-compra-venda-elena-de-la-mota\/#primaryimage"},"image":{"@id":"https:\/\/www.monlau.com\/fp\/ca\/2021\/03\/11\/que-es-fa-a-compra-venda-elena-de-la-mota\/#primaryimage"},"thumbnailUrl":"https:\/\/www.monlau.com\/app\/uploads\/sites\/3\/2026\/03\/Que-se-hace-en-Compra-Venta-blog-cat-2.jpg","datePublished":"2021-03-10T23:00:00+00:00","dateModified":"2026-03-10T09:03:33+00:00","breadcrumb":{"@id":"https:\/\/www.monlau.com\/fp\/ca\/2021\/03\/11\/que-es-fa-a-compra-venda-elena-de-la-mota\/#breadcrumb"},"inLanguage":"ca","potentialAction":[{"@type":"ReadAction","target":["https:\/\/www.monlau.com\/fp\/ca\/2021\/03\/11\/que-es-fa-a-compra-venda-elena-de-la-mota\/"]}]},{"@type":"ImageObject","inLanguage":"ca","@id":"https:\/\/www.monlau.com\/fp\/ca\/2021\/03\/11\/que-es-fa-a-compra-venda-elena-de-la-mota\/#primaryimage","url":"https:\/\/www.monlau.com\/app\/uploads\/sites\/3\/2026\/03\/Que-se-hace-en-Compra-Venta-blog-cat-2.jpg","contentUrl":"https:\/\/www.monlau.com\/app\/uploads\/sites\/3\/2026\/03\/Que-se-hace-en-Compra-Venta-blog-cat-2.jpg","width":1085,"height":610},{"@type":"BreadcrumbList","@id":"https:\/\/www.monlau.com\/fp\/ca\/2021\/03\/11\/que-es-fa-a-compra-venda-elena-de-la-mota\/#breadcrumb","itemListElement":[{"@type":"ListItem","position":1,"name":"Portada","item":"https:\/\/www.monlau.com\/fp\/ca\/inici\/"},{"@type":"ListItem","position":2,"name":"Qu\u00e8 es fa a Compra-Venda? \u2013 Elena de la Mota"}]},{"@type":"WebSite","@id":"https:\/\/www.monlau.com\/fp\/ca\/#website","url":"https:\/\/www.monlau.com\/fp\/ca\/","name":"Formaci\u00f3n profesional","description":"Monlau","publisher":{"@id":"https:\/\/www.monlau.com\/fp\/ca\/#organization"},"potentialAction":[{"@type":"SearchAction","target":{"@type":"EntryPoint","urlTemplate":"https:\/\/www.monlau.com\/fp\/ca\/?s={search_term_string}"},"query-input":{"@type":"PropertyValueSpecification","valueRequired":true,"valueName":"search_term_string"}}],"inLanguage":"ca"},{"@type":"Organization","@id":"https:\/\/www.monlau.com\/fp\/ca\/#organization","name":"Formaci\u00f3n profesional","url":"https:\/\/www.monlau.com\/fp\/ca\/","logo":{"@type":"ImageObject","inLanguage":"ca","@id":"https:\/\/www.monlau.com\/fp\/ca\/#\/schema\/logo\/image\/","url":"https:\/\/www.monlau.com\/app\/uploads\/sites\/3\/2026\/01\/fp.png","contentUrl":"https:\/\/www.monlau.com\/app\/uploads\/sites\/3\/2026\/01\/fp.png","width":1024,"height":878,"caption":"Formaci\u00f3n profesional"},"image":{"@id":"https:\/\/www.monlau.com\/fp\/ca\/#\/schema\/logo\/image\/"}},{"@type":"Person","@id":"https:\/\/www.monlau.com\/fp\/ca\/#\/schema\/person\/419cfdf054323e24e0a2ef1d8597f051","name":"adsmurai","image":{"@type":"ImageObject","inLanguage":"ca","@id":"https:\/\/secure.gravatar.com\/avatar\/0748788578f91786454454fa3b4c295644edb991ad6caadc70b41d26790d38fc?s=96&d=mm&r=g","url":"https:\/\/secure.gravatar.com\/avatar\/0748788578f91786454454fa3b4c295644edb991ad6caadc70b41d26790d38fc?s=96&d=mm&r=g","contentUrl":"https:\/\/secure.gravatar.com\/avatar\/0748788578f91786454454fa3b4c295644edb991ad6caadc70b41d26790d38fc?s=96&d=mm&r=g","caption":"adsmurai"},"sameAs":["https:\/\/www.monlau.com"],"url":"https:\/\/www.monlau.com\/fp\/ca\/author\/adsmurai\/"}]}},"_links":{"self":[{"href":"https:\/\/www.monlau.com\/fp\/ca\/wp-json\/wp\/v2\/posts\/6177","targetHints":{"allow":["GET"]}}],"collection":[{"href":"https:\/\/www.monlau.com\/fp\/ca\/wp-json\/wp\/v2\/posts"}],"about":[{"href":"https:\/\/www.monlau.com\/fp\/ca\/wp-json\/wp\/v2\/types\/post"}],"author":[{"embeddable":true,"href":"https:\/\/www.monlau.com\/fp\/ca\/wp-json\/wp\/v2\/users\/1"}],"replies":[{"embeddable":true,"href":"https:\/\/www.monlau.com\/fp\/ca\/wp-json\/wp\/v2\/comments?post=6177"}],"version-history":[{"count":1,"href":"https:\/\/www.monlau.com\/fp\/ca\/wp-json\/wp\/v2\/posts\/6177\/revisions"}],"predecessor-version":[{"id":6466,"href":"https:\/\/www.monlau.com\/fp\/ca\/wp-json\/wp\/v2\/posts\/6177\/revisions\/6466"}],"wp:featuredmedia":[{"embeddable":true,"href":"https:\/\/www.monlau.com\/fp\/ca\/wp-json\/wp\/v2\/media\/3450"}],"wp:attachment":[{"href":"https:\/\/www.monlau.com\/fp\/ca\/wp-json\/wp\/v2\/media?parent=6177"}],"wp:term":[{"taxonomy":"category","embeddable":true,"href":"https:\/\/www.monlau.com\/fp\/ca\/wp-json\/wp\/v2\/categories?post=6177"},{"taxonomy":"post_tag","embeddable":true,"href":"https:\/\/www.monlau.com\/fp\/ca\/wp-json\/wp\/v2\/tags?post=6177"}],"curies":[{"name":"wp","href":"https:\/\/api.w.org\/{rel}","templated":true}]}}