{"id":6171,"date":"2021-03-04T00:00:00","date_gmt":"2021-03-03T23:00:00","guid":{"rendered":"https:\/\/www.monlau.com\/formacion-profesional\/que-fem-en-el-cicle-mitja-de-carrosseria-manuel-moreno\/"},"modified":"2026-03-10T10:03:33","modified_gmt":"2026-03-10T09:03:33","slug":"que-fem-en-el-cicle-mitja-de-carrosseria-manuel-moreno","status":"publish","type":"post","link":"https:\/\/www.monlau.com\/fp\/ca\/2021\/03\/04\/que-fem-en-el-cicle-mitja-de-carrosseria-manuel-moreno\/","title":{"rendered":"Qu\u00e8 fem en el cicle mitj\u00e0 de carrosseria? &#8211; Manuel Moreno"},"content":{"rendered":"<p>Manuel Moreno, el coordinador del departament de carrosseria ens explica com treballen al <a href=\"https:\/\/www.monlau.com\/formacio-professional\/cursos\/grau-mitja-carrosseria\/?lang=ca\"><strong>Cicle Formatiu de Grau Mitj\u00e0 de Carrosseria<\/strong><\/a> per a formar a professionals capa\u00e7os de realitzar operacions de reparaci\u00f3, transformacions de vehicles en l&#8217;\u00e0rea de carrosseria i molt m\u00e9s.<\/p>\n<p>Aquest cicle es compon de dos anys, en els quals s&#8217;estudien diferents <strong>m\u00f2duls teoricopr\u00e0ctics que es realitzen simult\u00e0niament a l&#8217;aula-taller <\/strong>on l&#8217;alumne adquireix coneixements com mecanitzat, tall, trepat, roscat, diferents tipus de soldadura\u2026 A m\u00e9s de fabricar les seves pr\u00f2pies peces per a interpretar en plans i posar en pr\u00e0ctica els coneixements adquirits en les assignatures de metodologia. Toquen tots els materials dels quals es compon l&#8217;autom\u00f2bil o la motocicleta, com el pl\u00e0stic o la xapa. Aquestes pr\u00e0ctiques es realitzen en la preparaci\u00f3 de la superf\u00edcie, per a posteriorment pintar.<\/p>\n<p>En el <strong>segon curs realitzem pr\u00e0ctiques sobre vehicles reals<\/strong>, reparacions de diferents elements tant estructurals com no estructurals amb diferents aplicacions de pintura vernissis, sistemes de poliment, vinils, etc.<\/p>\n<p>Amb aquests dos anys l&#8217;alumne adquireix tota la preparaci\u00f3 necess\u00e0ria sobre el pintat i el manteniment de carrosseries, a m\u00e9s de diferents coneixements d&#8217;assignatures com Formaci\u00f3 i Orientaci\u00f3 Laboral, Empresa i angl\u00e8s.<strong> Gr\u00e0cies a aquest cicle podr\u00e0s tenir una inserci\u00f3 laboral<\/strong> directa en llocs com:<\/p>\n<ul>\n<li>Reparador o pintor de carrosseria d&#8217;autom\u00f2bils<\/li>\n<li>Vehicles pesants , tractors, maquin\u00e0ria agr\u00edcola\u2026<\/li>\n<li>Construcci\u00f3 i obres p\u00fabliques<\/li>\n<li>Material ferroviari<\/li>\n<li>Instal\u00b7lador de llunes i muntador d&#8217;accessoris<\/li>\n<\/ul>\n<p>A m\u00e9s en Monlau comptem amb entitats vinculades al sector de l&#8217;automoci\u00f3 com:<\/p>\n<p><strong>Quadis, TMB, Arcplus, Audi Superwagen, Cooltra<\/strong> i moltes m\u00e9s, on els nostres alumnes tenen un alt \u00edndex d&#8217;inserci\u00f3 laboral. <span class=\"TextRun SCXW50998721 BCX0\" lang=\"ES-ES\" xml_lang=\"ES-ES\" data-contrast=\"auto\"><span class=\"NormalTextRun SCXW50998721 BCX0\">I si <\/span><\/span><span class=\"TextRun SCXW50998721 BCX0\" lang=\"ES-ES\" xml_lang=\"ES-ES\" data-contrast=\"auto\"><span class=\"NormalTextRun SpellingErrorV2 SCXW50998721 BCX0\">vols<\/span><\/span><span class=\"TextRun SCXW50998721 BCX0\" lang=\"ES-ES\" xml_lang=\"ES-ES\" data-contrast=\"auto\"><span class=\"NormalTextRun SCXW50998721 BCX0\">\u00a0continuar\u00a0<\/span><\/span><span class=\"TextRun SCXW50998721 BCX0\" lang=\"ES-ES\" xml_lang=\"ES-ES\" data-contrast=\"auto\"><span class=\"NormalTextRun SpellingErrorV2 SCXW50998721 BCX0\">aprenent<\/span><\/span><span class=\"TextRun SCXW50998721 BCX0\" lang=\"ES-ES\" xml_lang=\"ES-ES\" data-contrast=\"auto\"><span class=\"NormalTextRun SCXW50998721 BCX0\">\u00a0<\/span><\/span><span class=\"TextRun SCXW50998721 BCX0\" lang=\"ES-ES\" xml_lang=\"ES-ES\" data-contrast=\"auto\"><span class=\"NormalTextRun SpellingErrorV2 SCXW50998721 BCX0\">pots<\/span><\/span><span class=\"TextRun SCXW50998721 BCX0\" lang=\"ES-ES\" xml_lang=\"ES-ES\" data-contrast=\"auto\"><span class=\"NormalTextRun SCXW50998721 BCX0\">\u00a0continuar en el\u00a0<\/span><\/span><span class=\"TextRun SCXW50998721 BCX0\" lang=\"ES-ES\" xml_lang=\"ES-ES\" data-contrast=\"auto\"><span class=\"NormalTextRun SpellingErrorV2 SCXW50998721 BCX0\">nostre<\/span><\/span> <strong><a href=\"https:\/\/www.monlau.com\/formacio-professional\/cursos\/grau-superior-automocio\/?lang=ca\"><span class=\"TextRun SCXW50998721 BCX0\" lang=\"ES-ES\" xml_lang=\"ES-ES\" data-contrast=\"auto\"><span class=\"NormalTextRun SpellingErrorV2 SCXW50998721 BCX0\">Grau<\/span><\/span><span class=\"TextRun SCXW50998721 BCX0\" lang=\"ES-ES\" xml_lang=\"ES-ES\" data-contrast=\"auto\"><span class=\"NormalTextRun SCXW50998721 BCX0\"> Superior\u00a0<\/span><\/span><span class=\"TextRun SCXW50998721 BCX0\" lang=\"ES-ES\" xml_lang=\"ES-ES\" data-contrast=\"auto\"><span class=\"NormalTextRun SpellingErrorV2 SCXW50998721 BCX0\">d&#8217;Automoci\u00f3<\/span><\/span><\/a><\/strong> <span class=\"TextRun SCXW50998721 BCX0\" lang=\"ES-ES\" xml_lang=\"ES-ES\" data-contrast=\"auto\"><span class=\"NormalTextRun SCXW50998721 BCX0\">\u00a0<\/span><\/span><span class=\"TextRun SCXW50998721 BCX0\" lang=\"ES-ES\" xml_lang=\"ES-ES\" data-contrast=\"auto\"><span class=\"NormalTextRun SCXW50998721 BCX0\">tan presencial\u00a0<\/span><\/span><span class=\"TextRun SCXW50998721 BCX0\" lang=\"ES-ES\" xml_lang=\"ES-ES\" data-contrast=\"auto\"><span class=\"NormalTextRun SpellingErrorV2 SCXW50998721 BCX0\">com<\/span><\/span><span class=\"TextRun SCXW50998721 BCX0\" lang=\"ES-ES\" xml_lang=\"ES-ES\" data-contrast=\"auto\"><span class=\"NormalTextRun SCXW50998721 BCX0\"> <strong><a href=\"https:\/\/www.monlau.com\/formacio-professional\/cursos\/grau-superior-automocio-online\/?lang=ca\">Online<\/a> <\/strong>o<\/span><\/span><span class=\"TextRun SCXW50998721 BCX0\" lang=\"ES-ES\" xml_lang=\"ES-ES\" data-contrast=\"auto\"><span class=\"NormalTextRun SCXW50998721 BCX0\">\u00a0<\/span><\/span><span class=\"TextRun SCXW50998721 BCX0\" lang=\"ES-ES\" xml_lang=\"ES-ES\" data-contrast=\"auto\"><span class=\"NormalTextRun SpellingErrorV2 SCXW50998721 BCX0\">b\u00e9<\/span><\/span><span class=\"TextRun SCXW50998721 BCX0\" lang=\"ES-ES\" xml_lang=\"ES-ES\" data-contrast=\"auto\"><span class=\"NormalTextRun SCXW50998721 BCX0\">\u00a0en\u00a0<\/span><\/span><span class=\"TextRun SCXW50998721 BCX0\" lang=\"ES-ES\" xml_lang=\"ES-ES\" data-contrast=\"auto\"><span class=\"NormalTextRun SpellingErrorV2 SCXW50998721 BCX0\">altres<\/span><\/span><span class=\"TextRun SCXW50998721 BCX0\" lang=\"ES-ES\" xml_lang=\"ES-ES\" data-contrast=\"auto\"><span class=\"NormalTextRun SCXW50998721 BCX0\">\u00a0<\/span><\/span><span class=\"TextRun SCXW50998721 BCX0\" lang=\"ES-ES\" xml_lang=\"ES-ES\" data-contrast=\"auto\"><span class=\"NormalTextRun SpellingErrorV2 SCXW50998721 BCX0\">especialitats<\/span><\/span><span class=\"TextRun SCXW50998721 BCX0\" lang=\"ES-ES\" xml_lang=\"ES-ES\" data-contrast=\"auto\"><span class=\"NormalTextRun SCXW50998721 BCX0\">.<\/span><\/span>I si vols continuar aprenent pots continuar en el nostre grau superior d&#8217;Automoci\u00f3\u00a0 o b\u00e9 en altres especialitats.<\/p>\n<h3>Vols m\u00e9s informaci\u00f3?<\/h3>\n<p>Si est\u00e0 interessat en rebre m\u00e9s informaci\u00f3 sobre el cicle formatiu de grau mitj\u00e0 de Carrosseria, emplena el seg\u00fcent formulari i contactarem amb tu el m\u00e9s aviat possible per resoldre els teus dubtes.<br \/>\n[contact-form-7 id=&#8221;8551&#8243; title=&#8221;Informaci\u00f3 general CAT&#8221;]<\/p>\n","protected":false},"excerpt":{"rendered":"<p>Manuel Moreno, el coordinador del departament de carrosseria ens explica com treballen al Cicle Formatiu de Grau Mitj\u00e0 de Carrosseria per a formar a professionals capa\u00e7os de realitzar operacions de reparaci\u00f3, transformacions de vehicles en l&#8217;\u00e0rea de carrosseria i molt m\u00e9s. Aquest cicle es compon de dos anys, en els quals s&#8217;estudien diferents m\u00f2duls teoricopr\u00e0ctics [&hellip;]<\/p>\n","protected":false},"author":1,"featured_media":3442,"comment_status":"closed","ping_status":"closed","sticky":false,"template":"","format":"standard","meta":{"footnotes":""},"categories":[252],"tags":[309,359,386,263,320,297],"class_list":["post-6171","post","type-post","status-publish","format-standard","has-post-thumbnail","hentry","category-automocio","tag-automocio","tag-carrosseria","tag-estudis-professionals","tag-grau-mitja","tag-insercio-laboral","tag-mon-laboral"],"yoast_head":"<!-- This site is optimized with the Yoast SEO plugin v27.2 - https:\/\/yoast.com\/product\/yoast-seo-wordpress\/ -->\n<title>Qu\u00e8 fem en el cicle mitj\u00e0 de carrosseria? - Manuel Moreno - Formaci\u00f3n profesional<\/title>\n<meta name=\"robots\" content=\"index, follow, max-snippet:-1, max-image-preview:large, max-video-preview:-1\" \/>\n<link rel=\"canonical\" href=\"https:\/\/www.monlau.com\/fp\/ca\/2021\/03\/04\/que-fem-en-el-cicle-mitja-de-carrosseria-manuel-moreno\/\" \/>\n<meta property=\"og:locale\" content=\"ca_ES\" \/>\n<meta property=\"og:type\" content=\"article\" \/>\n<meta property=\"og:title\" content=\"Qu\u00e8 fem en el cicle mitj\u00e0 de carrosseria? - Manuel Moreno - Formaci\u00f3n profesional\" \/>\n<meta property=\"og:description\" content=\"Manuel Moreno, el coordinador del departament de carrosseria ens explica com treballen al Cicle Formatiu de Grau Mitj\u00e0 de Carrosseria per a formar a professionals capa\u00e7os de realitzar operacions de reparaci\u00f3, transformacions de vehicles en l&#8217;\u00e0rea de carrosseria i molt m\u00e9s. Aquest cicle es compon de dos anys, en els quals s&#8217;estudien diferents m\u00f2duls teoricopr\u00e0ctics [&hellip;]\" \/>\n<meta property=\"og:url\" content=\"https:\/\/www.monlau.com\/fp\/ca\/2021\/03\/04\/que-fem-en-el-cicle-mitja-de-carrosseria-manuel-moreno\/\" \/>\n<meta property=\"og:site_name\" content=\"Formaci\u00f3n profesional\" \/>\n<meta property=\"article:published_time\" content=\"2021-03-03T23:00:00+00:00\" \/>\n<meta property=\"article:modified_time\" content=\"2026-03-10T09:03:33+00:00\" \/>\n<meta property=\"og:image\" content=\"https:\/\/www.monlau.com\/app\/uploads\/sites\/3\/2026\/03\/foto-manuel-moreno-1-2.png\" \/>\n\t<meta property=\"og:image:width\" content=\"1085\" \/>\n\t<meta property=\"og:image:height\" content=\"610\" \/>\n\t<meta property=\"og:image:type\" content=\"image\/png\" \/>\n<meta name=\"author\" content=\"adsmurai\" \/>\n<meta name=\"twitter:card\" content=\"summary_large_image\" \/>\n<meta name=\"twitter:label1\" content=\"Escrit per\" \/>\n\t<meta name=\"twitter:data1\" content=\"adsmurai\" \/>\n\t<meta name=\"twitter:label2\" content=\"Temps estimat de lectura\" \/>\n\t<meta name=\"twitter:data2\" content=\"2 minuts\" \/>\n<script type=\"application\/ld+json\" class=\"yoast-schema-graph\">{\"@context\":\"https:\/\/schema.org\",\"@graph\":[{\"@type\":\"Article\",\"@id\":\"https:\/\/www.monlau.com\/fp\/ca\/2021\/03\/04\/que-fem-en-el-cicle-mitja-de-carrosseria-manuel-moreno\/#article\",\"isPartOf\":{\"@id\":\"https:\/\/www.monlau.com\/fp\/ca\/2021\/03\/04\/que-fem-en-el-cicle-mitja-de-carrosseria-manuel-moreno\/\"},\"author\":{\"name\":\"adsmurai\",\"@id\":\"https:\/\/www.monlau.com\/fp\/ca\/#\/schema\/person\/419cfdf054323e24e0a2ef1d8597f051\"},\"headline\":\"Qu\u00e8 fem en el cicle mitj\u00e0 de carrosseria? &#8211; Manuel Moreno\",\"datePublished\":\"2021-03-03T23:00:00+00:00\",\"dateModified\":\"2026-03-10T09:03:33+00:00\",\"mainEntityOfPage\":{\"@id\":\"https:\/\/www.monlau.com\/fp\/ca\/2021\/03\/04\/que-fem-en-el-cicle-mitja-de-carrosseria-manuel-moreno\/\"},\"wordCount\":395,\"publisher\":{\"@id\":\"https:\/\/www.monlau.com\/fp\/ca\/#organization\"},\"image\":{\"@id\":\"https:\/\/www.monlau.com\/fp\/ca\/2021\/03\/04\/que-fem-en-el-cicle-mitja-de-carrosseria-manuel-moreno\/#primaryimage\"},\"thumbnailUrl\":\"https:\/\/www.monlau.com\/app\/uploads\/sites\/3\/2026\/03\/foto-manuel-moreno-1-2.png\",\"keywords\":[\"Automoci\u00f3\",\"carrosseria\",\"estudis professionals\",\"Grau Mitj\u00e0\",\"Inserci\u00f3 laboral\",\"m\u00f3n laboral\"],\"articleSection\":[\"Automoci\u00f3\"],\"inLanguage\":\"ca\"},{\"@type\":\"WebPage\",\"@id\":\"https:\/\/www.monlau.com\/fp\/ca\/2021\/03\/04\/que-fem-en-el-cicle-mitja-de-carrosseria-manuel-moreno\/\",\"url\":\"https:\/\/www.monlau.com\/fp\/ca\/2021\/03\/04\/que-fem-en-el-cicle-mitja-de-carrosseria-manuel-moreno\/\",\"name\":\"Qu\u00e8 fem en el cicle mitj\u00e0 de carrosseria? - Manuel Moreno - Formaci\u00f3n profesional\",\"isPartOf\":{\"@id\":\"https:\/\/www.monlau.com\/fp\/ca\/#website\"},\"primaryImageOfPage\":{\"@id\":\"https:\/\/www.monlau.com\/fp\/ca\/2021\/03\/04\/que-fem-en-el-cicle-mitja-de-carrosseria-manuel-moreno\/#primaryimage\"},\"image\":{\"@id\":\"https:\/\/www.monlau.com\/fp\/ca\/2021\/03\/04\/que-fem-en-el-cicle-mitja-de-carrosseria-manuel-moreno\/#primaryimage\"},\"thumbnailUrl\":\"https:\/\/www.monlau.com\/app\/uploads\/sites\/3\/2026\/03\/foto-manuel-moreno-1-2.png\",\"datePublished\":\"2021-03-03T23:00:00+00:00\",\"dateModified\":\"2026-03-10T09:03:33+00:00\",\"breadcrumb\":{\"@id\":\"https:\/\/www.monlau.com\/fp\/ca\/2021\/03\/04\/que-fem-en-el-cicle-mitja-de-carrosseria-manuel-moreno\/#breadcrumb\"},\"inLanguage\":\"ca\",\"potentialAction\":[{\"@type\":\"ReadAction\",\"target\":[\"https:\/\/www.monlau.com\/fp\/ca\/2021\/03\/04\/que-fem-en-el-cicle-mitja-de-carrosseria-manuel-moreno\/\"]}]},{\"@type\":\"ImageObject\",\"inLanguage\":\"ca\",\"@id\":\"https:\/\/www.monlau.com\/fp\/ca\/2021\/03\/04\/que-fem-en-el-cicle-mitja-de-carrosseria-manuel-moreno\/#primaryimage\",\"url\":\"https:\/\/www.monlau.com\/app\/uploads\/sites\/3\/2026\/03\/foto-manuel-moreno-1-2.png\",\"contentUrl\":\"https:\/\/www.monlau.com\/app\/uploads\/sites\/3\/2026\/03\/foto-manuel-moreno-1-2.png\",\"width\":1085,\"height\":610},{\"@type\":\"BreadcrumbList\",\"@id\":\"https:\/\/www.monlau.com\/fp\/ca\/2021\/03\/04\/que-fem-en-el-cicle-mitja-de-carrosseria-manuel-moreno\/#breadcrumb\",\"itemListElement\":[{\"@type\":\"ListItem\",\"position\":1,\"name\":\"Portada\",\"item\":\"https:\/\/www.monlau.com\/fp\/ca\/inici\/\"},{\"@type\":\"ListItem\",\"position\":2,\"name\":\"Qu\u00e8 fem en el cicle mitj\u00e0 de carrosseria? &#8211; Manuel Moreno\"}]},{\"@type\":\"WebSite\",\"@id\":\"https:\/\/www.monlau.com\/fp\/ca\/#website\",\"url\":\"https:\/\/www.monlau.com\/fp\/ca\/\",\"name\":\"Formaci\u00f3n profesional\",\"description\":\"Monlau\",\"publisher\":{\"@id\":\"https:\/\/www.monlau.com\/fp\/ca\/#organization\"},\"potentialAction\":[{\"@type\":\"SearchAction\",\"target\":{\"@type\":\"EntryPoint\",\"urlTemplate\":\"https:\/\/www.monlau.com\/fp\/ca\/?s={search_term_string}\"},\"query-input\":{\"@type\":\"PropertyValueSpecification\",\"valueRequired\":true,\"valueName\":\"search_term_string\"}}],\"inLanguage\":\"ca\"},{\"@type\":\"Organization\",\"@id\":\"https:\/\/www.monlau.com\/fp\/ca\/#organization\",\"name\":\"Formaci\u00f3n profesional\",\"url\":\"https:\/\/www.monlau.com\/fp\/ca\/\",\"logo\":{\"@type\":\"ImageObject\",\"inLanguage\":\"ca\",\"@id\":\"https:\/\/www.monlau.com\/fp\/ca\/#\/schema\/logo\/image\/\",\"url\":\"https:\/\/www.monlau.com\/app\/uploads\/sites\/3\/2026\/01\/fp.png\",\"contentUrl\":\"https:\/\/www.monlau.com\/app\/uploads\/sites\/3\/2026\/01\/fp.png\",\"width\":1024,\"height\":878,\"caption\":\"Formaci\u00f3n profesional\"},\"image\":{\"@id\":\"https:\/\/www.monlau.com\/fp\/ca\/#\/schema\/logo\/image\/\"}},{\"@type\":\"Person\",\"@id\":\"https:\/\/www.monlau.com\/fp\/ca\/#\/schema\/person\/419cfdf054323e24e0a2ef1d8597f051\",\"name\":\"adsmurai\",\"image\":{\"@type\":\"ImageObject\",\"inLanguage\":\"ca\",\"@id\":\"https:\/\/secure.gravatar.com\/avatar\/0748788578f91786454454fa3b4c295644edb991ad6caadc70b41d26790d38fc?s=96&d=mm&r=g\",\"url\":\"https:\/\/secure.gravatar.com\/avatar\/0748788578f91786454454fa3b4c295644edb991ad6caadc70b41d26790d38fc?s=96&d=mm&r=g\",\"contentUrl\":\"https:\/\/secure.gravatar.com\/avatar\/0748788578f91786454454fa3b4c295644edb991ad6caadc70b41d26790d38fc?s=96&d=mm&r=g\",\"caption\":\"adsmurai\"},\"sameAs\":[\"https:\/\/www.monlau.com\"],\"url\":\"https:\/\/www.monlau.com\/fp\/ca\/author\/adsmurai\/\"}]}<\/script>\n<!-- \/ Yoast SEO plugin. -->","yoast_head_json":{"title":"Qu\u00e8 fem en el cicle mitj\u00e0 de carrosseria? - Manuel Moreno - Formaci\u00f3n profesional","robots":{"index":"index","follow":"follow","max-snippet":"max-snippet:-1","max-image-preview":"max-image-preview:large","max-video-preview":"max-video-preview:-1"},"canonical":"https:\/\/www.monlau.com\/fp\/ca\/2021\/03\/04\/que-fem-en-el-cicle-mitja-de-carrosseria-manuel-moreno\/","og_locale":"ca_ES","og_type":"article","og_title":"Qu\u00e8 fem en el cicle mitj\u00e0 de carrosseria? - Manuel Moreno - Formaci\u00f3n profesional","og_description":"Manuel Moreno, el coordinador del departament de carrosseria ens explica com treballen al Cicle Formatiu de Grau Mitj\u00e0 de Carrosseria per a formar a professionals capa\u00e7os de realitzar operacions de reparaci\u00f3, transformacions de vehicles en l&#8217;\u00e0rea de carrosseria i molt m\u00e9s. Aquest cicle es compon de dos anys, en els quals s&#8217;estudien diferents m\u00f2duls teoricopr\u00e0ctics [&hellip;]","og_url":"https:\/\/www.monlau.com\/fp\/ca\/2021\/03\/04\/que-fem-en-el-cicle-mitja-de-carrosseria-manuel-moreno\/","og_site_name":"Formaci\u00f3n profesional","article_published_time":"2021-03-03T23:00:00+00:00","article_modified_time":"2026-03-10T09:03:33+00:00","og_image":[{"width":1085,"height":610,"url":"https:\/\/www.monlau.com\/app\/uploads\/sites\/3\/2026\/03\/foto-manuel-moreno-1-2.png","type":"image\/png"}],"author":"adsmurai","twitter_card":"summary_large_image","twitter_misc":{"Escrit per":"adsmurai","Temps estimat de lectura":"2 minuts"},"schema":{"@context":"https:\/\/schema.org","@graph":[{"@type":"Article","@id":"https:\/\/www.monlau.com\/fp\/ca\/2021\/03\/04\/que-fem-en-el-cicle-mitja-de-carrosseria-manuel-moreno\/#article","isPartOf":{"@id":"https:\/\/www.monlau.com\/fp\/ca\/2021\/03\/04\/que-fem-en-el-cicle-mitja-de-carrosseria-manuel-moreno\/"},"author":{"name":"adsmurai","@id":"https:\/\/www.monlau.com\/fp\/ca\/#\/schema\/person\/419cfdf054323e24e0a2ef1d8597f051"},"headline":"Qu\u00e8 fem en el cicle mitj\u00e0 de carrosseria? &#8211; Manuel Moreno","datePublished":"2021-03-03T23:00:00+00:00","dateModified":"2026-03-10T09:03:33+00:00","mainEntityOfPage":{"@id":"https:\/\/www.monlau.com\/fp\/ca\/2021\/03\/04\/que-fem-en-el-cicle-mitja-de-carrosseria-manuel-moreno\/"},"wordCount":395,"publisher":{"@id":"https:\/\/www.monlau.com\/fp\/ca\/#organization"},"image":{"@id":"https:\/\/www.monlau.com\/fp\/ca\/2021\/03\/04\/que-fem-en-el-cicle-mitja-de-carrosseria-manuel-moreno\/#primaryimage"},"thumbnailUrl":"https:\/\/www.monlau.com\/app\/uploads\/sites\/3\/2026\/03\/foto-manuel-moreno-1-2.png","keywords":["Automoci\u00f3","carrosseria","estudis professionals","Grau Mitj\u00e0","Inserci\u00f3 laboral","m\u00f3n laboral"],"articleSection":["Automoci\u00f3"],"inLanguage":"ca"},{"@type":"WebPage","@id":"https:\/\/www.monlau.com\/fp\/ca\/2021\/03\/04\/que-fem-en-el-cicle-mitja-de-carrosseria-manuel-moreno\/","url":"https:\/\/www.monlau.com\/fp\/ca\/2021\/03\/04\/que-fem-en-el-cicle-mitja-de-carrosseria-manuel-moreno\/","name":"Qu\u00e8 fem en el cicle mitj\u00e0 de carrosseria? - Manuel Moreno - Formaci\u00f3n profesional","isPartOf":{"@id":"https:\/\/www.monlau.com\/fp\/ca\/#website"},"primaryImageOfPage":{"@id":"https:\/\/www.monlau.com\/fp\/ca\/2021\/03\/04\/que-fem-en-el-cicle-mitja-de-carrosseria-manuel-moreno\/#primaryimage"},"image":{"@id":"https:\/\/www.monlau.com\/fp\/ca\/2021\/03\/04\/que-fem-en-el-cicle-mitja-de-carrosseria-manuel-moreno\/#primaryimage"},"thumbnailUrl":"https:\/\/www.monlau.com\/app\/uploads\/sites\/3\/2026\/03\/foto-manuel-moreno-1-2.png","datePublished":"2021-03-03T23:00:00+00:00","dateModified":"2026-03-10T09:03:33+00:00","breadcrumb":{"@id":"https:\/\/www.monlau.com\/fp\/ca\/2021\/03\/04\/que-fem-en-el-cicle-mitja-de-carrosseria-manuel-moreno\/#breadcrumb"},"inLanguage":"ca","potentialAction":[{"@type":"ReadAction","target":["https:\/\/www.monlau.com\/fp\/ca\/2021\/03\/04\/que-fem-en-el-cicle-mitja-de-carrosseria-manuel-moreno\/"]}]},{"@type":"ImageObject","inLanguage":"ca","@id":"https:\/\/www.monlau.com\/fp\/ca\/2021\/03\/04\/que-fem-en-el-cicle-mitja-de-carrosseria-manuel-moreno\/#primaryimage","url":"https:\/\/www.monlau.com\/app\/uploads\/sites\/3\/2026\/03\/foto-manuel-moreno-1-2.png","contentUrl":"https:\/\/www.monlau.com\/app\/uploads\/sites\/3\/2026\/03\/foto-manuel-moreno-1-2.png","width":1085,"height":610},{"@type":"BreadcrumbList","@id":"https:\/\/www.monlau.com\/fp\/ca\/2021\/03\/04\/que-fem-en-el-cicle-mitja-de-carrosseria-manuel-moreno\/#breadcrumb","itemListElement":[{"@type":"ListItem","position":1,"name":"Portada","item":"https:\/\/www.monlau.com\/fp\/ca\/inici\/"},{"@type":"ListItem","position":2,"name":"Qu\u00e8 fem en el cicle mitj\u00e0 de carrosseria? &#8211; Manuel Moreno"}]},{"@type":"WebSite","@id":"https:\/\/www.monlau.com\/fp\/ca\/#website","url":"https:\/\/www.monlau.com\/fp\/ca\/","name":"Formaci\u00f3n profesional","description":"Monlau","publisher":{"@id":"https:\/\/www.monlau.com\/fp\/ca\/#organization"},"potentialAction":[{"@type":"SearchAction","target":{"@type":"EntryPoint","urlTemplate":"https:\/\/www.monlau.com\/fp\/ca\/?s={search_term_string}"},"query-input":{"@type":"PropertyValueSpecification","valueRequired":true,"valueName":"search_term_string"}}],"inLanguage":"ca"},{"@type":"Organization","@id":"https:\/\/www.monlau.com\/fp\/ca\/#organization","name":"Formaci\u00f3n profesional","url":"https:\/\/www.monlau.com\/fp\/ca\/","logo":{"@type":"ImageObject","inLanguage":"ca","@id":"https:\/\/www.monlau.com\/fp\/ca\/#\/schema\/logo\/image\/","url":"https:\/\/www.monlau.com\/app\/uploads\/sites\/3\/2026\/01\/fp.png","contentUrl":"https:\/\/www.monlau.com\/app\/uploads\/sites\/3\/2026\/01\/fp.png","width":1024,"height":878,"caption":"Formaci\u00f3n profesional"},"image":{"@id":"https:\/\/www.monlau.com\/fp\/ca\/#\/schema\/logo\/image\/"}},{"@type":"Person","@id":"https:\/\/www.monlau.com\/fp\/ca\/#\/schema\/person\/419cfdf054323e24e0a2ef1d8597f051","name":"adsmurai","image":{"@type":"ImageObject","inLanguage":"ca","@id":"https:\/\/secure.gravatar.com\/avatar\/0748788578f91786454454fa3b4c295644edb991ad6caadc70b41d26790d38fc?s=96&d=mm&r=g","url":"https:\/\/secure.gravatar.com\/avatar\/0748788578f91786454454fa3b4c295644edb991ad6caadc70b41d26790d38fc?s=96&d=mm&r=g","contentUrl":"https:\/\/secure.gravatar.com\/avatar\/0748788578f91786454454fa3b4c295644edb991ad6caadc70b41d26790d38fc?s=96&d=mm&r=g","caption":"adsmurai"},"sameAs":["https:\/\/www.monlau.com"],"url":"https:\/\/www.monlau.com\/fp\/ca\/author\/adsmurai\/"}]}},"_links":{"self":[{"href":"https:\/\/www.monlau.com\/fp\/ca\/wp-json\/wp\/v2\/posts\/6171","targetHints":{"allow":["GET"]}}],"collection":[{"href":"https:\/\/www.monlau.com\/fp\/ca\/wp-json\/wp\/v2\/posts"}],"about":[{"href":"https:\/\/www.monlau.com\/fp\/ca\/wp-json\/wp\/v2\/types\/post"}],"author":[{"embeddable":true,"href":"https:\/\/www.monlau.com\/fp\/ca\/wp-json\/wp\/v2\/users\/1"}],"replies":[{"embeddable":true,"href":"https:\/\/www.monlau.com\/fp\/ca\/wp-json\/wp\/v2\/comments?post=6171"}],"version-history":[{"count":1,"href":"https:\/\/www.monlau.com\/fp\/ca\/wp-json\/wp\/v2\/posts\/6171\/revisions"}],"predecessor-version":[{"id":6468,"href":"https:\/\/www.monlau.com\/fp\/ca\/wp-json\/wp\/v2\/posts\/6171\/revisions\/6468"}],"wp:featuredmedia":[{"embeddable":true,"href":"https:\/\/www.monlau.com\/fp\/ca\/wp-json\/wp\/v2\/media\/3442"}],"wp:attachment":[{"href":"https:\/\/www.monlau.com\/fp\/ca\/wp-json\/wp\/v2\/media?parent=6171"}],"wp:term":[{"taxonomy":"category","embeddable":true,"href":"https:\/\/www.monlau.com\/fp\/ca\/wp-json\/wp\/v2\/categories?post=6171"},{"taxonomy":"post_tag","embeddable":true,"href":"https:\/\/www.monlau.com\/fp\/ca\/wp-json\/wp\/v2\/tags?post=6171"}],"curies":[{"name":"wp","href":"https:\/\/api.w.org\/{rel}","templated":true}]}}