{"id":6162,"date":"2021-02-04T00:00:00","date_gmt":"2021-02-03T23:00:00","guid":{"rendered":"https:\/\/www.monlau.com\/formacion-profesional\/adaptacio-al-nou-model-hibrid-en-els-estudis-de-formacio-professional\/"},"modified":"2021-02-04T00:00:00","modified_gmt":"2021-02-03T23:00:00","slug":"adaptacio-al-nou-model-hibrid-en-els-estudis-de-formacio-professional","status":"publish","type":"post","link":"https:\/\/www.monlau.com\/fp\/ca\/2021\/02\/04\/adaptacio-al-nou-model-hibrid-en-els-estudis-de-formacio-professional\/","title":{"rendered":"Adaptaci\u00f3 al nou model h\u00edbrid en els estudis de Formaci\u00f3 Professional"},"content":{"rendered":"<p>El confinament provocat per la pand\u00e8mia del coronavirus ens ha plantejat nous reptes en tots els \u00e0mbits, especialment en el sector educatiu. Adaptar-nos a escenaris canviants \u00e9s la clau per a continuar i concloure amb \u00e8xit la formaci\u00f3 dels nostres estudiants. A l&#8217;escola Monlau, hem redu\u00eft a la meitat el nombre de classes presencials per a tots els cursos de <a href=\"https:\/\/www.monlau.com\/formacio-professional\/?lang=ca\">Formaci\u00f3 Professional<\/a> durant aquest primer trimestre, seguint aix\u00ed les recomanacions sanit\u00e0ries i amb l&#8217;objectiu de reduir la mobilitat i, en conseq\u00fc\u00e8ncia, els contagis per coronavirus. Des d&#8217;inici de curs hem aplicat <strong>un model h\u00edbrid en les nostres classes, combinant el format presencial amb el virtual<\/strong>. D&#8217;aquesta manera, mentre un grup assisteix a les seves classes en format presencial els dilluns, dimecres i divendres, l&#8217;altre grup el fa en dimarts i dijous. En la seg\u00fcent setmana els grups s&#8217;intercanvien. Aquest sistema h\u00edbrid ens permet poder reaccionar davant situacions d&#8217;emerg\u00e8ncia, a m\u00e9s d&#8217;innovar en la metodologia educativa, encara que tamb\u00e9 ha suposat una adaptaci\u00f3 del pla de treball de tal manera que aquest no es vegi afectat per la intermitent presencialitat.<\/p>\n<p>Per\u00f2, com ho hem aconseguit? Perqu\u00e8 aplicant noves eines que, amb total probabilitat, es quedaran instaurades en la nostra metodologia docent una vegada tornem a la normalitat. Per a aix\u00f2 hem utilitzat com a instrument principal <em><strong>Microsoft Teams<\/strong><\/em>, que ens permet visualitzar a tots els alumnes en forma d&#8217;aula virtual, gestionar equips per assignatura, intercanviar informaci\u00f3 i documents de manera fluida, comunicar-nos i veure&#8217;ns en temps real tant amb alumnes com amb el professorat, lliurar d&#8217;activitats i retornar un <em>feedback<\/em>, disposar d&#8217;un horari de classes i calendari de tasques, entre moltes altres funcions. Sens dubte, l&#8217;eina estrella d&#8217;aquest curs que fins i tot ens permet simultanejar classes presencials amb algun alumne que estigui confinat a la seva casa, de tal manera que fins pot participar i interactuar en tot moment fins i tot presentar activitats enfront de la resta de companys.<\/p>\n<p>Tamb\u00e9 hem realitzat <strong>visites virtuals d&#8217;empreses<\/strong>, com a\u00a0 cas de Spotify, Abacus Cooperativa o ByHours, que treballen en els sectors professionals dels nostres estudis i que s&#8217;han consolidat aquest curs com un punt de trobada que, malgrat no poder ser f\u00edsic, causen inter\u00e8s i noves motivacions entre l&#8217;alumnat. Aix\u00ed s&#8217;han generat nous debats en directe amb aquestes organitzacions, com tamb\u00e9 torns de preguntes i respostes gestionades en tot moment per un moderador. Aquesta nova forma d&#8217;interacci\u00f3 amb el mercat ens ha perm\u00e8s duplicar i triplicar aquestes visites i poder-les aprofitar simult\u00e0niament en diferents grups acad\u00e8mics, fins i tot l&#8217;enregistrament d&#8217;alguna d&#8217;elles per a la seva posterior visualitzaci\u00f3 en diferit. En aquest sentit, tamb\u00e9 destaquem l&#8217;\u00fas de <strong><em>webinars<\/em><\/strong> impartits per experts que ens connecten amb professionals de tot el m\u00f3n i permeten a l&#8217;alumnat endinsar-se en el seu sector com un treballador m\u00e9s, amb les \u00faltimes tend\u00e8ncies, novetats i problem\u00e0tiques que succeeixen en el dia a dia del seu \u00e0mbit professional.<\/p>\n<p>Quant a la gesti\u00f3 de l&#8217;aula, hem multiplicat els esfor\u00e7os perqu\u00e8 l&#8217;alumnat segueixi motivat i acompanyat, malgrat la complicada situaci\u00f3 en el seu entorn social i familiar a causa de la crisi sanit\u00e0ria, el suport emocional resulta primordial per al seu \u00e8xit personal i acad\u00e8mic. D&#8217;altra banda, el suport en la gesti\u00f3 del temps i l&#8217;organitzaci\u00f3 pr\u00f2pia de l&#8217;alumne, que potser \u00e9s la part m\u00e9s complexa per a l&#8217;estudiant en el moment que es troba a la seva casa. Un altre aspecte fonamental ha estat la reducci\u00f3 de classes magistrals per a fer m\u00e9s din\u00e0miques a l&#8217;aula, generant debats i m\u00e9s moments de cooperaci\u00f3.<\/p>\n<p><strong>En definitiva, es tracta d&#8217;innovar i adaptar el disseny de cada mat\u00e8ria i la seva metodologia, per tal de fomentar la motivaci\u00f3 de l&#8217;alumnat i, que alhora, aquest obtingui un aprenentatge significatiu malgrat les circumst\u00e0ncies actuals.<\/strong><\/p>\n<h4><span style=\"color: #2362ba;\">Vols informaci\u00f3 dels cicles formatius que impartim a Monlau?<\/span><\/h4>\n<p>Emplena el seg\u00fcent formulari i contactarem amb tu per resoldre els teus dubtes:<\/p>\n<p>[contact-form-7 id=&#8221;8551&#8243; title=&#8221;Informaci\u00f3 general CAT&#8221;]<\/p>\n","protected":false},"excerpt":{"rendered":"<p>El confinament provocat per la pand\u00e8mia del coronavirus ens ha plantejat nous reptes en tots els \u00e0mbits, especialment en el sector educatiu. Adaptar-nos a escenaris canviants \u00e9s la clau per a continuar i concloure amb \u00e8xit la formaci\u00f3 dels nostres estudiants. A l&#8217;escola Monlau, hem redu\u00eft a la meitat el nombre de classes presencials per [&hellip;]<\/p>\n","protected":false},"author":1,"featured_media":3429,"comment_status":"closed","ping_status":"closed","sticky":false,"template":"","format":"standard","meta":{"footnotes":""},"categories":[390,258,368],"tags":[391,392,386,393,264,394,262,395],"class_list":["post-6162","post","type-post","status-publish","format-standard","has-post-thumbnail","hentry","category-educatiu","category-monlau","category-sense-categoria","tag-estudios-profesionales","tag-estudis","tag-estudis-professionals","tag-formacio","tag-formacio-professional","tag-fp","tag-futur","tag-nou-model-hibrid"],"yoast_head":"<!-- This site is optimized with the Yoast SEO plugin v27.2 - https:\/\/yoast.com\/product\/yoast-seo-wordpress\/ -->\n<title>Adaptaci\u00f3 al nou model h\u00edbrid en els estudis de Formaci\u00f3 Professional - Formaci\u00f3n profesional<\/title>\n<meta name=\"robots\" content=\"index, follow, max-snippet:-1, max-image-preview:large, max-video-preview:-1\" \/>\n<link rel=\"canonical\" href=\"https:\/\/www.monlau.com\/fp\/ca\/2021\/02\/04\/adaptacio-al-nou-model-hibrid-en-els-estudis-de-formacio-professional\/\" \/>\n<meta property=\"og:locale\" content=\"ca_ES\" \/>\n<meta property=\"og:type\" content=\"article\" \/>\n<meta property=\"og:title\" content=\"Adaptaci\u00f3 al nou model h\u00edbrid en els estudis de Formaci\u00f3 Professional - Formaci\u00f3n profesional\" \/>\n<meta property=\"og:description\" content=\"El confinament provocat per la pand\u00e8mia del coronavirus ens ha plantejat nous reptes en tots els \u00e0mbits, especialment en el sector educatiu. Adaptar-nos a escenaris canviants \u00e9s la clau per a continuar i concloure amb \u00e8xit la formaci\u00f3 dels nostres estudiants. A l&#8217;escola Monlau, hem redu\u00eft a la meitat el nombre de classes presencials per [&hellip;]\" \/>\n<meta property=\"og:url\" content=\"https:\/\/www.monlau.com\/fp\/ca\/2021\/02\/04\/adaptacio-al-nou-model-hibrid-en-els-estudis-de-formacio-professional\/\" \/>\n<meta property=\"og:site_name\" content=\"Formaci\u00f3n profesional\" \/>\n<meta property=\"article:published_time\" content=\"2021-02-03T23:00:00+00:00\" \/>\n<meta property=\"og:image\" content=\"https:\/\/www.monlau.com\/app\/uploads\/sites\/3\/2026\/03\/COPIA-1.png\" \/>\n\t<meta property=\"og:image:width\" content=\"942\" \/>\n\t<meta property=\"og:image:height\" content=\"628\" \/>\n\t<meta property=\"og:image:type\" content=\"image\/png\" \/>\n<meta name=\"author\" content=\"adsmurai\" \/>\n<meta name=\"twitter:card\" content=\"summary_large_image\" \/>\n<meta name=\"twitter:label1\" content=\"Escrit per\" \/>\n\t<meta name=\"twitter:data1\" content=\"adsmurai\" \/>\n\t<meta name=\"twitter:label2\" content=\"Temps estimat de lectura\" \/>\n\t<meta name=\"twitter:data2\" content=\"3 minuts\" \/>\n<script type=\"application\/ld+json\" class=\"yoast-schema-graph\">{\"@context\":\"https:\/\/schema.org\",\"@graph\":[{\"@type\":\"Article\",\"@id\":\"https:\/\/www.monlau.com\/fp\/ca\/2021\/02\/04\/adaptacio-al-nou-model-hibrid-en-els-estudis-de-formacio-professional\/#article\",\"isPartOf\":{\"@id\":\"https:\/\/www.monlau.com\/fp\/ca\/2021\/02\/04\/adaptacio-al-nou-model-hibrid-en-els-estudis-de-formacio-professional\/\"},\"author\":{\"name\":\"adsmurai\",\"@id\":\"https:\/\/www.monlau.com\/fp\/ca\/#\/schema\/person\/419cfdf054323e24e0a2ef1d8597f051\"},\"headline\":\"Adaptaci\u00f3 al nou model h\u00edbrid en els estudis de Formaci\u00f3 Professional\",\"datePublished\":\"2021-02-03T23:00:00+00:00\",\"mainEntityOfPage\":{\"@id\":\"https:\/\/www.monlau.com\/fp\/ca\/2021\/02\/04\/adaptacio-al-nou-model-hibrid-en-els-estudis-de-formacio-professional\/\"},\"wordCount\":722,\"publisher\":{\"@id\":\"https:\/\/www.monlau.com\/fp\/ca\/#organization\"},\"image\":{\"@id\":\"https:\/\/www.monlau.com\/fp\/ca\/2021\/02\/04\/adaptacio-al-nou-model-hibrid-en-els-estudis-de-formacio-professional\/#primaryimage\"},\"thumbnailUrl\":\"https:\/\/www.monlau.com\/app\/uploads\/sites\/3\/2026\/03\/COPIA-1.png\",\"keywords\":[\"estudios profesionales\",\"estudis\",\"estudis professionals\",\"formaci\u00f3\",\"formaci\u00f3 professional\",\"fp\",\"Futur\",\"nou model h\u00edbrid\"],\"articleSection\":[\"Educatiu\",\"Monlau\"],\"inLanguage\":\"ca\"},{\"@type\":\"WebPage\",\"@id\":\"https:\/\/www.monlau.com\/fp\/ca\/2021\/02\/04\/adaptacio-al-nou-model-hibrid-en-els-estudis-de-formacio-professional\/\",\"url\":\"https:\/\/www.monlau.com\/fp\/ca\/2021\/02\/04\/adaptacio-al-nou-model-hibrid-en-els-estudis-de-formacio-professional\/\",\"name\":\"Adaptaci\u00f3 al nou model h\u00edbrid en els estudis de Formaci\u00f3 Professional - Formaci\u00f3n profesional\",\"isPartOf\":{\"@id\":\"https:\/\/www.monlau.com\/fp\/ca\/#website\"},\"primaryImageOfPage\":{\"@id\":\"https:\/\/www.monlau.com\/fp\/ca\/2021\/02\/04\/adaptacio-al-nou-model-hibrid-en-els-estudis-de-formacio-professional\/#primaryimage\"},\"image\":{\"@id\":\"https:\/\/www.monlau.com\/fp\/ca\/2021\/02\/04\/adaptacio-al-nou-model-hibrid-en-els-estudis-de-formacio-professional\/#primaryimage\"},\"thumbnailUrl\":\"https:\/\/www.monlau.com\/app\/uploads\/sites\/3\/2026\/03\/COPIA-1.png\",\"datePublished\":\"2021-02-03T23:00:00+00:00\",\"breadcrumb\":{\"@id\":\"https:\/\/www.monlau.com\/fp\/ca\/2021\/02\/04\/adaptacio-al-nou-model-hibrid-en-els-estudis-de-formacio-professional\/#breadcrumb\"},\"inLanguage\":\"ca\",\"potentialAction\":[{\"@type\":\"ReadAction\",\"target\":[\"https:\/\/www.monlau.com\/fp\/ca\/2021\/02\/04\/adaptacio-al-nou-model-hibrid-en-els-estudis-de-formacio-professional\/\"]}]},{\"@type\":\"ImageObject\",\"inLanguage\":\"ca\",\"@id\":\"https:\/\/www.monlau.com\/fp\/ca\/2021\/02\/04\/adaptacio-al-nou-model-hibrid-en-els-estudis-de-formacio-professional\/#primaryimage\",\"url\":\"https:\/\/www.monlau.com\/app\/uploads\/sites\/3\/2026\/03\/COPIA-1.png\",\"contentUrl\":\"https:\/\/www.monlau.com\/app\/uploads\/sites\/3\/2026\/03\/COPIA-1.png\",\"width\":942,\"height\":628},{\"@type\":\"BreadcrumbList\",\"@id\":\"https:\/\/www.monlau.com\/fp\/ca\/2021\/02\/04\/adaptacio-al-nou-model-hibrid-en-els-estudis-de-formacio-professional\/#breadcrumb\",\"itemListElement\":[{\"@type\":\"ListItem\",\"position\":1,\"name\":\"Portada\",\"item\":\"https:\/\/www.monlau.com\/fp\/ca\/inici\/\"},{\"@type\":\"ListItem\",\"position\":2,\"name\":\"Adaptaci\u00f3 al nou model h\u00edbrid en els estudis de Formaci\u00f3 Professional\"}]},{\"@type\":\"WebSite\",\"@id\":\"https:\/\/www.monlau.com\/fp\/ca\/#website\",\"url\":\"https:\/\/www.monlau.com\/fp\/ca\/\",\"name\":\"Formaci\u00f3n profesional\",\"description\":\"Monlau\",\"publisher\":{\"@id\":\"https:\/\/www.monlau.com\/fp\/ca\/#organization\"},\"potentialAction\":[{\"@type\":\"SearchAction\",\"target\":{\"@type\":\"EntryPoint\",\"urlTemplate\":\"https:\/\/www.monlau.com\/fp\/ca\/?s={search_term_string}\"},\"query-input\":{\"@type\":\"PropertyValueSpecification\",\"valueRequired\":true,\"valueName\":\"search_term_string\"}}],\"inLanguage\":\"ca\"},{\"@type\":\"Organization\",\"@id\":\"https:\/\/www.monlau.com\/fp\/ca\/#organization\",\"name\":\"Formaci\u00f3n profesional\",\"url\":\"https:\/\/www.monlau.com\/fp\/ca\/\",\"logo\":{\"@type\":\"ImageObject\",\"inLanguage\":\"ca\",\"@id\":\"https:\/\/www.monlau.com\/fp\/ca\/#\/schema\/logo\/image\/\",\"url\":\"https:\/\/www.monlau.com\/app\/uploads\/sites\/3\/2026\/01\/fp.png\",\"contentUrl\":\"https:\/\/www.monlau.com\/app\/uploads\/sites\/3\/2026\/01\/fp.png\",\"width\":1024,\"height\":878,\"caption\":\"Formaci\u00f3n profesional\"},\"image\":{\"@id\":\"https:\/\/www.monlau.com\/fp\/ca\/#\/schema\/logo\/image\/\"}},{\"@type\":\"Person\",\"@id\":\"https:\/\/www.monlau.com\/fp\/ca\/#\/schema\/person\/419cfdf054323e24e0a2ef1d8597f051\",\"name\":\"adsmurai\",\"image\":{\"@type\":\"ImageObject\",\"inLanguage\":\"ca\",\"@id\":\"https:\/\/secure.gravatar.com\/avatar\/0748788578f91786454454fa3b4c295644edb991ad6caadc70b41d26790d38fc?s=96&d=mm&r=g\",\"url\":\"https:\/\/secure.gravatar.com\/avatar\/0748788578f91786454454fa3b4c295644edb991ad6caadc70b41d26790d38fc?s=96&d=mm&r=g\",\"contentUrl\":\"https:\/\/secure.gravatar.com\/avatar\/0748788578f91786454454fa3b4c295644edb991ad6caadc70b41d26790d38fc?s=96&d=mm&r=g\",\"caption\":\"adsmurai\"},\"sameAs\":[\"https:\/\/www.monlau.com\"],\"url\":\"https:\/\/www.monlau.com\/fp\/ca\/author\/adsmurai\/\"}]}<\/script>\n<!-- \/ Yoast SEO plugin. -->","yoast_head_json":{"title":"Adaptaci\u00f3 al nou model h\u00edbrid en els estudis de Formaci\u00f3 Professional - Formaci\u00f3n profesional","robots":{"index":"index","follow":"follow","max-snippet":"max-snippet:-1","max-image-preview":"max-image-preview:large","max-video-preview":"max-video-preview:-1"},"canonical":"https:\/\/www.monlau.com\/fp\/ca\/2021\/02\/04\/adaptacio-al-nou-model-hibrid-en-els-estudis-de-formacio-professional\/","og_locale":"ca_ES","og_type":"article","og_title":"Adaptaci\u00f3 al nou model h\u00edbrid en els estudis de Formaci\u00f3 Professional - Formaci\u00f3n profesional","og_description":"El confinament provocat per la pand\u00e8mia del coronavirus ens ha plantejat nous reptes en tots els \u00e0mbits, especialment en el sector educatiu. Adaptar-nos a escenaris canviants \u00e9s la clau per a continuar i concloure amb \u00e8xit la formaci\u00f3 dels nostres estudiants. A l&#8217;escola Monlau, hem redu\u00eft a la meitat el nombre de classes presencials per [&hellip;]","og_url":"https:\/\/www.monlau.com\/fp\/ca\/2021\/02\/04\/adaptacio-al-nou-model-hibrid-en-els-estudis-de-formacio-professional\/","og_site_name":"Formaci\u00f3n profesional","article_published_time":"2021-02-03T23:00:00+00:00","og_image":[{"width":942,"height":628,"url":"https:\/\/www.monlau.com\/app\/uploads\/sites\/3\/2026\/03\/COPIA-1.png","type":"image\/png"}],"author":"adsmurai","twitter_card":"summary_large_image","twitter_misc":{"Escrit per":"adsmurai","Temps estimat de lectura":"3 minuts"},"schema":{"@context":"https:\/\/schema.org","@graph":[{"@type":"Article","@id":"https:\/\/www.monlau.com\/fp\/ca\/2021\/02\/04\/adaptacio-al-nou-model-hibrid-en-els-estudis-de-formacio-professional\/#article","isPartOf":{"@id":"https:\/\/www.monlau.com\/fp\/ca\/2021\/02\/04\/adaptacio-al-nou-model-hibrid-en-els-estudis-de-formacio-professional\/"},"author":{"name":"adsmurai","@id":"https:\/\/www.monlau.com\/fp\/ca\/#\/schema\/person\/419cfdf054323e24e0a2ef1d8597f051"},"headline":"Adaptaci\u00f3 al nou model h\u00edbrid en els estudis de Formaci\u00f3 Professional","datePublished":"2021-02-03T23:00:00+00:00","mainEntityOfPage":{"@id":"https:\/\/www.monlau.com\/fp\/ca\/2021\/02\/04\/adaptacio-al-nou-model-hibrid-en-els-estudis-de-formacio-professional\/"},"wordCount":722,"publisher":{"@id":"https:\/\/www.monlau.com\/fp\/ca\/#organization"},"image":{"@id":"https:\/\/www.monlau.com\/fp\/ca\/2021\/02\/04\/adaptacio-al-nou-model-hibrid-en-els-estudis-de-formacio-professional\/#primaryimage"},"thumbnailUrl":"https:\/\/www.monlau.com\/app\/uploads\/sites\/3\/2026\/03\/COPIA-1.png","keywords":["estudios profesionales","estudis","estudis professionals","formaci\u00f3","formaci\u00f3 professional","fp","Futur","nou model h\u00edbrid"],"articleSection":["Educatiu","Monlau"],"inLanguage":"ca"},{"@type":"WebPage","@id":"https:\/\/www.monlau.com\/fp\/ca\/2021\/02\/04\/adaptacio-al-nou-model-hibrid-en-els-estudis-de-formacio-professional\/","url":"https:\/\/www.monlau.com\/fp\/ca\/2021\/02\/04\/adaptacio-al-nou-model-hibrid-en-els-estudis-de-formacio-professional\/","name":"Adaptaci\u00f3 al nou model h\u00edbrid en els estudis de Formaci\u00f3 Professional - Formaci\u00f3n profesional","isPartOf":{"@id":"https:\/\/www.monlau.com\/fp\/ca\/#website"},"primaryImageOfPage":{"@id":"https:\/\/www.monlau.com\/fp\/ca\/2021\/02\/04\/adaptacio-al-nou-model-hibrid-en-els-estudis-de-formacio-professional\/#primaryimage"},"image":{"@id":"https:\/\/www.monlau.com\/fp\/ca\/2021\/02\/04\/adaptacio-al-nou-model-hibrid-en-els-estudis-de-formacio-professional\/#primaryimage"},"thumbnailUrl":"https:\/\/www.monlau.com\/app\/uploads\/sites\/3\/2026\/03\/COPIA-1.png","datePublished":"2021-02-03T23:00:00+00:00","breadcrumb":{"@id":"https:\/\/www.monlau.com\/fp\/ca\/2021\/02\/04\/adaptacio-al-nou-model-hibrid-en-els-estudis-de-formacio-professional\/#breadcrumb"},"inLanguage":"ca","potentialAction":[{"@type":"ReadAction","target":["https:\/\/www.monlau.com\/fp\/ca\/2021\/02\/04\/adaptacio-al-nou-model-hibrid-en-els-estudis-de-formacio-professional\/"]}]},{"@type":"ImageObject","inLanguage":"ca","@id":"https:\/\/www.monlau.com\/fp\/ca\/2021\/02\/04\/adaptacio-al-nou-model-hibrid-en-els-estudis-de-formacio-professional\/#primaryimage","url":"https:\/\/www.monlau.com\/app\/uploads\/sites\/3\/2026\/03\/COPIA-1.png","contentUrl":"https:\/\/www.monlau.com\/app\/uploads\/sites\/3\/2026\/03\/COPIA-1.png","width":942,"height":628},{"@type":"BreadcrumbList","@id":"https:\/\/www.monlau.com\/fp\/ca\/2021\/02\/04\/adaptacio-al-nou-model-hibrid-en-els-estudis-de-formacio-professional\/#breadcrumb","itemListElement":[{"@type":"ListItem","position":1,"name":"Portada","item":"https:\/\/www.monlau.com\/fp\/ca\/inici\/"},{"@type":"ListItem","position":2,"name":"Adaptaci\u00f3 al nou model h\u00edbrid en els estudis de Formaci\u00f3 Professional"}]},{"@type":"WebSite","@id":"https:\/\/www.monlau.com\/fp\/ca\/#website","url":"https:\/\/www.monlau.com\/fp\/ca\/","name":"Formaci\u00f3n profesional","description":"Monlau","publisher":{"@id":"https:\/\/www.monlau.com\/fp\/ca\/#organization"},"potentialAction":[{"@type":"SearchAction","target":{"@type":"EntryPoint","urlTemplate":"https:\/\/www.monlau.com\/fp\/ca\/?s={search_term_string}"},"query-input":{"@type":"PropertyValueSpecification","valueRequired":true,"valueName":"search_term_string"}}],"inLanguage":"ca"},{"@type":"Organization","@id":"https:\/\/www.monlau.com\/fp\/ca\/#organization","name":"Formaci\u00f3n profesional","url":"https:\/\/www.monlau.com\/fp\/ca\/","logo":{"@type":"ImageObject","inLanguage":"ca","@id":"https:\/\/www.monlau.com\/fp\/ca\/#\/schema\/logo\/image\/","url":"https:\/\/www.monlau.com\/app\/uploads\/sites\/3\/2026\/01\/fp.png","contentUrl":"https:\/\/www.monlau.com\/app\/uploads\/sites\/3\/2026\/01\/fp.png","width":1024,"height":878,"caption":"Formaci\u00f3n profesional"},"image":{"@id":"https:\/\/www.monlau.com\/fp\/ca\/#\/schema\/logo\/image\/"}},{"@type":"Person","@id":"https:\/\/www.monlau.com\/fp\/ca\/#\/schema\/person\/419cfdf054323e24e0a2ef1d8597f051","name":"adsmurai","image":{"@type":"ImageObject","inLanguage":"ca","@id":"https:\/\/secure.gravatar.com\/avatar\/0748788578f91786454454fa3b4c295644edb991ad6caadc70b41d26790d38fc?s=96&d=mm&r=g","url":"https:\/\/secure.gravatar.com\/avatar\/0748788578f91786454454fa3b4c295644edb991ad6caadc70b41d26790d38fc?s=96&d=mm&r=g","contentUrl":"https:\/\/secure.gravatar.com\/avatar\/0748788578f91786454454fa3b4c295644edb991ad6caadc70b41d26790d38fc?s=96&d=mm&r=g","caption":"adsmurai"},"sameAs":["https:\/\/www.monlau.com"],"url":"https:\/\/www.monlau.com\/fp\/ca\/author\/adsmurai\/"}]}},"_links":{"self":[{"href":"https:\/\/www.monlau.com\/fp\/ca\/wp-json\/wp\/v2\/posts\/6162","targetHints":{"allow":["GET"]}}],"collection":[{"href":"https:\/\/www.monlau.com\/fp\/ca\/wp-json\/wp\/v2\/posts"}],"about":[{"href":"https:\/\/www.monlau.com\/fp\/ca\/wp-json\/wp\/v2\/types\/post"}],"author":[{"embeddable":true,"href":"https:\/\/www.monlau.com\/fp\/ca\/wp-json\/wp\/v2\/users\/1"}],"replies":[{"embeddable":true,"href":"https:\/\/www.monlau.com\/fp\/ca\/wp-json\/wp\/v2\/comments?post=6162"}],"version-history":[{"count":0,"href":"https:\/\/www.monlau.com\/fp\/ca\/wp-json\/wp\/v2\/posts\/6162\/revisions"}],"wp:featuredmedia":[{"embeddable":true,"href":"https:\/\/www.monlau.com\/fp\/ca\/wp-json\/wp\/v2\/media\/3429"}],"wp:attachment":[{"href":"https:\/\/www.monlau.com\/fp\/ca\/wp-json\/wp\/v2\/media?parent=6162"}],"wp:term":[{"taxonomy":"category","embeddable":true,"href":"https:\/\/www.monlau.com\/fp\/ca\/wp-json\/wp\/v2\/categories?post=6162"},{"taxonomy":"post_tag","embeddable":true,"href":"https:\/\/www.monlau.com\/fp\/ca\/wp-json\/wp\/v2\/tags?post=6162"}],"curies":[{"name":"wp","href":"https:\/\/api.w.org\/{rel}","templated":true}]}}