{"id":6153,"date":"2020-12-09T00:00:00","date_gmt":"2020-12-08T23:00:00","guid":{"rendered":"https:\/\/www.monlau.com\/formacion-profesional\/vols-estudiar-fp-dinformatica-pero-no-saps-on\/"},"modified":"2020-12-09T00:00:00","modified_gmt":"2020-12-08T23:00:00","slug":"vols-estudiar-fp-dinformatica-pero-no-saps-on","status":"publish","type":"post","link":"https:\/\/www.monlau.com\/fp\/ca\/2020\/12\/09\/vols-estudiar-fp-dinformatica-pero-no-saps-on\/","title":{"rendered":"Vols estudiar FP d&#8217;inform\u00e0tica per\u00f2 no saps on?"},"content":{"rendered":"<p><span style=\"color: #000000\">Vols aprendre de veritat i que no et passi lo t\u00edpic d\u2019estudiar nom\u00e9s per passar un examen?<\/span><\/p>\n<p><span style=\"color: #000000\">A Monlau pots estudiar FP d&#8217;inform\u00e0tica ja que impartim els cicles de nivell mitj\u00e0 i superior del <span style=\"color: #3366ff\"><a style=\"color: #3366ff\" href=\"https:\/\/www.monlau.com\/formacio-professional\/area-informatica\/\">sector de la inform\u00e0tica.<\/a><\/span><\/span><\/p>\n<p><span style=\"color: #000000\">En Grau Mitj\u00e0 entra <span style=\"color: #3366ff\"><a style=\"color: #3366ff\" href=\"https:\/\/www.monlau.com\/formacio-professional\/project\/grado-medio-sistemas-microinformaticos-redes-smx\/\">Sistemes Microinform\u00e0tics i Xarxes (SMX)<\/a> <\/span>i en Grau superior tenim <span style=\"color: #3366ff\"><a style=\"color: #3366ff\" href=\"https:\/\/www.monlau.com\/formacio-professional\/project\/grado-superior-adminsitracion-sistemas-informaticos-redes-asix\/\">\u00a0Administraci\u00f3 de Sistemes Inform\u00e0tics i Xarxes (ASIX)<\/a><\/span> i el Grau Superior en <a style=\"color: #000000\" href=\"https:\/\/www.monlau.com\/formacio-professional\/project\/grado-superior-desarrollo-aplicaciones-multiplataforma-dam\/\"><span style=\"color: #3366ff\">Desenvolupament d\u2019Aplicacions Multiplataforma<\/span>.<\/a><\/span><\/p>\n<p><span style=\"color: #000000\">Tot aix\u00f2 en modalitat tant presencial com online a trav\u00e9s de <strong>Linkia FP.<\/strong><\/span><\/p>\n<p><span style=\"color: #000000\"><strong>I per que estudiar FP d&#8217;inform\u00e0tica Monlau?<\/strong><\/span><\/p>\n<p><span style=\"color: #000000\">Oferim un enfocament molt pr\u00e0ctic i constant als tallers de hardware, a les aules del centre i amb les empreses amb les que comptem.<\/span><\/p>\n<p><span style=\"color: #000000\">A m\u00e9s a m\u00e9s, som una de les poques institucions que compten amb el suport de <a style=\"color: #000000\" href=\"https:\/\/www.microsoft.com\/en-us\/education\/school-leaders\/showcase-schools\">Microsoft com a \u00a0Showcase School<\/a> cosa que demostra el bon un que fem de les TIC d&#8217;intre de l&#8217;educaci\u00f3.<\/span><\/p>\n<p><span style=\"color: #000000\"><strong>Els canvis tecnol\u00f2gics son el motor de la innovaci\u00f3<\/strong> i per aix\u00f2 volem formar persones que puguin adquirir unes compet\u00e8ncies professionals que de veritat serveixin per tenir un bon futur laboral al sector.<\/span><\/p>\n<p><span style=\"color: #000000\">Comptar amb un enfocament pr\u00e0ctic es molt important ja que, l\u2019 aprenentatge per exploraci\u00f3 o per descobriment es basa en que l\u2019alumne assimili els coneixements a partir d\u2019una exploraci\u00f3 activa. <strong>Aquest enfoc metodol\u00f2gic<\/strong> converteix la transmissi\u00f3 d&#8217;informaci\u00f3 i continguts del professor a l&#8217;alumne en un proc\u00e9s en qu\u00e8 l&#8217;alumne \u00e9s el protagonista i ha de trobar les respostes per construir el seu propi aprenentatge.<\/span><\/p>\n<p><span style=\"color: #000000\">Des de petits aprenem per exploraci\u00f3, un proc\u00e9s essencial en el nostre desenvolupament cognitiu. Ens enfrontem als elements que ens envolten i a les activitats que hem de dur a terme fent preguntes i utilitzant descobriment, experi\u00e8ncia, l\u2019assaig i error per respondre&#8217;ls.<\/span><\/p>\n<p><strong><span style=\"color: #000000\">Avantages d&#8217;estudiar FP d&#8217;inform\u00e0tica de forma pr\u00e0ctica<\/span><\/strong><\/p>\n<p><span style=\"color: #000000\"><strong>Aquests son alguns dels avantatges d&#8217;utilitzar la pr\u00e0ctica en la formaci\u00f3 professional:<\/strong><\/span><\/p>\n<ol>\n<li><span style=\"color: #000000\">Aquesta manera de fer-ho resulta m\u00e9s motivadora perqu\u00e8 aprofita la curiositat i els interessos que tenen els alumnes a explorar.<\/span><\/li>\n<li><span style=\"color: #000000\"><strong>Enriqueix el proc\u00e9s d&#8217;ensenyament-aprenentatge i els coneixements adquirits<\/strong>. El coneixement assimilat a trav\u00e9s de l&#8217;aprenentatge de descobriment \u00e9s molt m\u00e9s ric, m\u00e9s efica\u00e7 i m\u00e9s profund que els transmesos a l&#8217;estudiant d&#8217;una manera unidireccional i passiva.<\/span><\/li>\n<li><span style=\"color: #000000\">Treballar la compet\u00e8ncia per aprendre a aprendre a aprendre i no nom\u00e9s estudiar per aprovar.<\/span><\/li>\n<li><span style=\"color: #000000\">Aprofita el potencial educatiu de les TIC. Una de les \u00e0rees m\u00e9s interessants en qu\u00e8 es pot desenvolupar l&#8217;aprenentatge d&#8217;exploraci\u00f3 s\u00f3n les TIC i Internet. L&#8217;estudiant pot aprofitar totes les possibilitats que ofereixen els nous dispositius i les noves eines tecnol\u00f2giques i, amb seguretat i est\u00e0ndards b\u00e0sics, construir els seus coneixements connectats i en l\u00ednia.<\/span><\/li>\n<li><span style=\"color: #000000\">Promou l&#8217;aprenentatge al llarg de la vida. L&#8217;aprenentatge de descobriments proporciona als estudiants eines per investigar, interessar-se i preparar-se sobre qualsevol tema. \u00c9s una manera molt valuosa <strong>d&#8217;afrontar l&#8217;aprenentatge<\/strong> que crea h\u00e0bits que els teus alumnes podran seguir implementant no nom\u00e9s en l&#8217;etapa educativa sin\u00f3 al llarg de la seva vida, en l&#8217;\u00e0mbit personal i professional.<\/span><\/li>\n<\/ol>\n<p><span style=\"color: #000000\">Un cop finalitzats els estudis superiors, Monlau ofereix el optar a fer un postgrau en<a href=\"https:\/\/www.monlau.com\/corporate\/project\/postgrado-ciberseguridad-aplicaciones-web\/\"> Ciberseguretat d&#8217;Aplicacions Web<\/a> a <strong>Monlau Corporate<\/strong>. Tenim les inscripcions obertes per al proper curs que comen\u00e7ar\u00e0 el<strong> 26 de gener amb durada fins al 13 de maig de l&#8217;any vinent.<\/strong><\/span><\/p>\n<p><span style=\"color: #000000\"><strong>Monlau no som un punt i final, sin\u00f3 el tret de sortida\u00a0 per a fer dels aprenentatges, coneixement, est\u00edmuls que ens acompanyin durant la resta de les nostres vides.<\/strong><\/span><\/p>\n<p>&nbsp;<\/p>\n","protected":false},"excerpt":{"rendered":"<p>Vols aprendre de veritat i que no et passi lo t\u00edpic d\u2019estudiar nom\u00e9s per passar un examen? A Monlau pots estudiar FP d&#8217;inform\u00e0tica ja que impartim els cicles de nivell mitj\u00e0 i superior del sector de la inform\u00e0tica. En Grau Mitj\u00e0 entra Sistemes Microinform\u00e0tics i Xarxes (SMX) i en Grau superior tenim \u00a0Administraci\u00f3 de Sistemes [&hellip;]<\/p>\n","protected":false},"author":1,"featured_media":3417,"comment_status":"closed","ping_status":"closed","sticky":false,"template":"","format":"standard","meta":{"footnotes":""},"categories":[255],"tags":[278,279,386,264,282],"class_list":["post-6153","post","type-post","status-publish","format-standard","has-post-thumbnail","hentry","category-informatica","tag-asix","tag-dam","tag-estudis-professionals","tag-formacio-professional","tag-smx"],"yoast_head":"<!-- This site is optimized with the Yoast SEO plugin v27.2 - https:\/\/yoast.com\/product\/yoast-seo-wordpress\/ -->\n<title>Vols estudiar FP d&#039;inform\u00e0tica per\u00f2 no saps on? - Formaci\u00f3n profesional<\/title>\n<meta name=\"robots\" content=\"index, follow, max-snippet:-1, max-image-preview:large, max-video-preview:-1\" \/>\n<link rel=\"canonical\" href=\"https:\/\/www.monlau.com\/fp\/ca\/2020\/12\/09\/vols-estudiar-fp-dinformatica-pero-no-saps-on\/\" \/>\n<meta property=\"og:locale\" content=\"ca_ES\" \/>\n<meta property=\"og:type\" content=\"article\" \/>\n<meta property=\"og:title\" content=\"Vols estudiar FP d&#039;inform\u00e0tica per\u00f2 no saps on? - Formaci\u00f3n profesional\" \/>\n<meta property=\"og:description\" content=\"Vols aprendre de veritat i que no et passi lo t\u00edpic d\u2019estudiar nom\u00e9s per passar un examen? A Monlau pots estudiar FP d&#8217;inform\u00e0tica ja que impartim els cicles de nivell mitj\u00e0 i superior del sector de la inform\u00e0tica. En Grau Mitj\u00e0 entra Sistemes Microinform\u00e0tics i Xarxes (SMX) i en Grau superior tenim \u00a0Administraci\u00f3 de Sistemes [&hellip;]\" \/>\n<meta property=\"og:url\" content=\"https:\/\/www.monlau.com\/fp\/ca\/2020\/12\/09\/vols-estudiar-fp-dinformatica-pero-no-saps-on\/\" \/>\n<meta property=\"og:site_name\" content=\"Formaci\u00f3n profesional\" \/>\n<meta property=\"article:published_time\" content=\"2020-12-08T23:00:00+00:00\" \/>\n<meta property=\"og:image\" content=\"https:\/\/www.monlau.com\/app\/uploads\/sites\/3\/2026\/03\/222222.jpg\" \/>\n\t<meta property=\"og:image:width\" content=\"1200\" \/>\n\t<meta property=\"og:image:height\" content=\"800\" \/>\n\t<meta property=\"og:image:type\" content=\"image\/jpeg\" \/>\n<meta name=\"author\" content=\"adsmurai\" \/>\n<meta name=\"twitter:card\" content=\"summary_large_image\" \/>\n<meta name=\"twitter:label1\" content=\"Escrit per\" \/>\n\t<meta name=\"twitter:data1\" content=\"adsmurai\" \/>\n\t<meta name=\"twitter:label2\" content=\"Temps estimat de lectura\" \/>\n\t<meta name=\"twitter:data2\" content=\"3 minuts\" \/>\n<script type=\"application\/ld+json\" class=\"yoast-schema-graph\">{\"@context\":\"https:\/\/schema.org\",\"@graph\":[{\"@type\":\"Article\",\"@id\":\"https:\/\/www.monlau.com\/fp\/ca\/2020\/12\/09\/vols-estudiar-fp-dinformatica-pero-no-saps-on\/#article\",\"isPartOf\":{\"@id\":\"https:\/\/www.monlau.com\/fp\/ca\/2020\/12\/09\/vols-estudiar-fp-dinformatica-pero-no-saps-on\/\"},\"author\":{\"name\":\"adsmurai\",\"@id\":\"https:\/\/www.monlau.com\/fp\/ca\/#\/schema\/person\/419cfdf054323e24e0a2ef1d8597f051\"},\"headline\":\"Vols estudiar FP d&#8217;inform\u00e0tica per\u00f2 no saps on?\",\"datePublished\":\"2020-12-08T23:00:00+00:00\",\"mainEntityOfPage\":{\"@id\":\"https:\/\/www.monlau.com\/fp\/ca\/2020\/12\/09\/vols-estudiar-fp-dinformatica-pero-no-saps-on\/\"},\"wordCount\":639,\"publisher\":{\"@id\":\"https:\/\/www.monlau.com\/fp\/ca\/#organization\"},\"image\":{\"@id\":\"https:\/\/www.monlau.com\/fp\/ca\/2020\/12\/09\/vols-estudiar-fp-dinformatica-pero-no-saps-on\/#primaryimage\"},\"thumbnailUrl\":\"https:\/\/www.monlau.com\/app\/uploads\/sites\/3\/2026\/03\/222222.jpg\",\"keywords\":[\"ASIX\",\"DAM\",\"estudis professionals\",\"formaci\u00f3 professional\",\"SMX\"],\"articleSection\":[\"Inform\u00e0tica\"],\"inLanguage\":\"ca\"},{\"@type\":\"WebPage\",\"@id\":\"https:\/\/www.monlau.com\/fp\/ca\/2020\/12\/09\/vols-estudiar-fp-dinformatica-pero-no-saps-on\/\",\"url\":\"https:\/\/www.monlau.com\/fp\/ca\/2020\/12\/09\/vols-estudiar-fp-dinformatica-pero-no-saps-on\/\",\"name\":\"Vols estudiar FP d'inform\u00e0tica per\u00f2 no saps on? - Formaci\u00f3n profesional\",\"isPartOf\":{\"@id\":\"https:\/\/www.monlau.com\/fp\/ca\/#website\"},\"primaryImageOfPage\":{\"@id\":\"https:\/\/www.monlau.com\/fp\/ca\/2020\/12\/09\/vols-estudiar-fp-dinformatica-pero-no-saps-on\/#primaryimage\"},\"image\":{\"@id\":\"https:\/\/www.monlau.com\/fp\/ca\/2020\/12\/09\/vols-estudiar-fp-dinformatica-pero-no-saps-on\/#primaryimage\"},\"thumbnailUrl\":\"https:\/\/www.monlau.com\/app\/uploads\/sites\/3\/2026\/03\/222222.jpg\",\"datePublished\":\"2020-12-08T23:00:00+00:00\",\"breadcrumb\":{\"@id\":\"https:\/\/www.monlau.com\/fp\/ca\/2020\/12\/09\/vols-estudiar-fp-dinformatica-pero-no-saps-on\/#breadcrumb\"},\"inLanguage\":\"ca\",\"potentialAction\":[{\"@type\":\"ReadAction\",\"target\":[\"https:\/\/www.monlau.com\/fp\/ca\/2020\/12\/09\/vols-estudiar-fp-dinformatica-pero-no-saps-on\/\"]}]},{\"@type\":\"ImageObject\",\"inLanguage\":\"ca\",\"@id\":\"https:\/\/www.monlau.com\/fp\/ca\/2020\/12\/09\/vols-estudiar-fp-dinformatica-pero-no-saps-on\/#primaryimage\",\"url\":\"https:\/\/www.monlau.com\/app\/uploads\/sites\/3\/2026\/03\/222222.jpg\",\"contentUrl\":\"https:\/\/www.monlau.com\/app\/uploads\/sites\/3\/2026\/03\/222222.jpg\",\"width\":1200,\"height\":800},{\"@type\":\"BreadcrumbList\",\"@id\":\"https:\/\/www.monlau.com\/fp\/ca\/2020\/12\/09\/vols-estudiar-fp-dinformatica-pero-no-saps-on\/#breadcrumb\",\"itemListElement\":[{\"@type\":\"ListItem\",\"position\":1,\"name\":\"Portada\",\"item\":\"https:\/\/www.monlau.com\/fp\/ca\/inici\/\"},{\"@type\":\"ListItem\",\"position\":2,\"name\":\"Vols estudiar FP d&#8217;inform\u00e0tica per\u00f2 no saps on?\"}]},{\"@type\":\"WebSite\",\"@id\":\"https:\/\/www.monlau.com\/fp\/ca\/#website\",\"url\":\"https:\/\/www.monlau.com\/fp\/ca\/\",\"name\":\"Formaci\u00f3n profesional\",\"description\":\"Monlau\",\"publisher\":{\"@id\":\"https:\/\/www.monlau.com\/fp\/ca\/#organization\"},\"potentialAction\":[{\"@type\":\"SearchAction\",\"target\":{\"@type\":\"EntryPoint\",\"urlTemplate\":\"https:\/\/www.monlau.com\/fp\/ca\/?s={search_term_string}\"},\"query-input\":{\"@type\":\"PropertyValueSpecification\",\"valueRequired\":true,\"valueName\":\"search_term_string\"}}],\"inLanguage\":\"ca\"},{\"@type\":\"Organization\",\"@id\":\"https:\/\/www.monlau.com\/fp\/ca\/#organization\",\"name\":\"Formaci\u00f3n profesional\",\"url\":\"https:\/\/www.monlau.com\/fp\/ca\/\",\"logo\":{\"@type\":\"ImageObject\",\"inLanguage\":\"ca\",\"@id\":\"https:\/\/www.monlau.com\/fp\/ca\/#\/schema\/logo\/image\/\",\"url\":\"https:\/\/www.monlau.com\/app\/uploads\/sites\/3\/2026\/01\/fp.png\",\"contentUrl\":\"https:\/\/www.monlau.com\/app\/uploads\/sites\/3\/2026\/01\/fp.png\",\"width\":1024,\"height\":878,\"caption\":\"Formaci\u00f3n profesional\"},\"image\":{\"@id\":\"https:\/\/www.monlau.com\/fp\/ca\/#\/schema\/logo\/image\/\"}},{\"@type\":\"Person\",\"@id\":\"https:\/\/www.monlau.com\/fp\/ca\/#\/schema\/person\/419cfdf054323e24e0a2ef1d8597f051\",\"name\":\"adsmurai\",\"image\":{\"@type\":\"ImageObject\",\"inLanguage\":\"ca\",\"@id\":\"https:\/\/secure.gravatar.com\/avatar\/0748788578f91786454454fa3b4c295644edb991ad6caadc70b41d26790d38fc?s=96&d=mm&r=g\",\"url\":\"https:\/\/secure.gravatar.com\/avatar\/0748788578f91786454454fa3b4c295644edb991ad6caadc70b41d26790d38fc?s=96&d=mm&r=g\",\"contentUrl\":\"https:\/\/secure.gravatar.com\/avatar\/0748788578f91786454454fa3b4c295644edb991ad6caadc70b41d26790d38fc?s=96&d=mm&r=g\",\"caption\":\"adsmurai\"},\"sameAs\":[\"https:\/\/www.monlau.com\"],\"url\":\"https:\/\/www.monlau.com\/fp\/ca\/author\/adsmurai\/\"}]}<\/script>\n<!-- \/ Yoast SEO plugin. -->","yoast_head_json":{"title":"Vols estudiar FP d'inform\u00e0tica per\u00f2 no saps on? - Formaci\u00f3n profesional","robots":{"index":"index","follow":"follow","max-snippet":"max-snippet:-1","max-image-preview":"max-image-preview:large","max-video-preview":"max-video-preview:-1"},"canonical":"https:\/\/www.monlau.com\/fp\/ca\/2020\/12\/09\/vols-estudiar-fp-dinformatica-pero-no-saps-on\/","og_locale":"ca_ES","og_type":"article","og_title":"Vols estudiar FP d'inform\u00e0tica per\u00f2 no saps on? - Formaci\u00f3n profesional","og_description":"Vols aprendre de veritat i que no et passi lo t\u00edpic d\u2019estudiar nom\u00e9s per passar un examen? A Monlau pots estudiar FP d&#8217;inform\u00e0tica ja que impartim els cicles de nivell mitj\u00e0 i superior del sector de la inform\u00e0tica. En Grau Mitj\u00e0 entra Sistemes Microinform\u00e0tics i Xarxes (SMX) i en Grau superior tenim \u00a0Administraci\u00f3 de Sistemes [&hellip;]","og_url":"https:\/\/www.monlau.com\/fp\/ca\/2020\/12\/09\/vols-estudiar-fp-dinformatica-pero-no-saps-on\/","og_site_name":"Formaci\u00f3n profesional","article_published_time":"2020-12-08T23:00:00+00:00","og_image":[{"width":1200,"height":800,"url":"https:\/\/www.monlau.com\/app\/uploads\/sites\/3\/2026\/03\/222222.jpg","type":"image\/jpeg"}],"author":"adsmurai","twitter_card":"summary_large_image","twitter_misc":{"Escrit per":"adsmurai","Temps estimat de lectura":"3 minuts"},"schema":{"@context":"https:\/\/schema.org","@graph":[{"@type":"Article","@id":"https:\/\/www.monlau.com\/fp\/ca\/2020\/12\/09\/vols-estudiar-fp-dinformatica-pero-no-saps-on\/#article","isPartOf":{"@id":"https:\/\/www.monlau.com\/fp\/ca\/2020\/12\/09\/vols-estudiar-fp-dinformatica-pero-no-saps-on\/"},"author":{"name":"adsmurai","@id":"https:\/\/www.monlau.com\/fp\/ca\/#\/schema\/person\/419cfdf054323e24e0a2ef1d8597f051"},"headline":"Vols estudiar FP d&#8217;inform\u00e0tica per\u00f2 no saps on?","datePublished":"2020-12-08T23:00:00+00:00","mainEntityOfPage":{"@id":"https:\/\/www.monlau.com\/fp\/ca\/2020\/12\/09\/vols-estudiar-fp-dinformatica-pero-no-saps-on\/"},"wordCount":639,"publisher":{"@id":"https:\/\/www.monlau.com\/fp\/ca\/#organization"},"image":{"@id":"https:\/\/www.monlau.com\/fp\/ca\/2020\/12\/09\/vols-estudiar-fp-dinformatica-pero-no-saps-on\/#primaryimage"},"thumbnailUrl":"https:\/\/www.monlau.com\/app\/uploads\/sites\/3\/2026\/03\/222222.jpg","keywords":["ASIX","DAM","estudis professionals","formaci\u00f3 professional","SMX"],"articleSection":["Inform\u00e0tica"],"inLanguage":"ca"},{"@type":"WebPage","@id":"https:\/\/www.monlau.com\/fp\/ca\/2020\/12\/09\/vols-estudiar-fp-dinformatica-pero-no-saps-on\/","url":"https:\/\/www.monlau.com\/fp\/ca\/2020\/12\/09\/vols-estudiar-fp-dinformatica-pero-no-saps-on\/","name":"Vols estudiar FP d'inform\u00e0tica per\u00f2 no saps on? - Formaci\u00f3n profesional","isPartOf":{"@id":"https:\/\/www.monlau.com\/fp\/ca\/#website"},"primaryImageOfPage":{"@id":"https:\/\/www.monlau.com\/fp\/ca\/2020\/12\/09\/vols-estudiar-fp-dinformatica-pero-no-saps-on\/#primaryimage"},"image":{"@id":"https:\/\/www.monlau.com\/fp\/ca\/2020\/12\/09\/vols-estudiar-fp-dinformatica-pero-no-saps-on\/#primaryimage"},"thumbnailUrl":"https:\/\/www.monlau.com\/app\/uploads\/sites\/3\/2026\/03\/222222.jpg","datePublished":"2020-12-08T23:00:00+00:00","breadcrumb":{"@id":"https:\/\/www.monlau.com\/fp\/ca\/2020\/12\/09\/vols-estudiar-fp-dinformatica-pero-no-saps-on\/#breadcrumb"},"inLanguage":"ca","potentialAction":[{"@type":"ReadAction","target":["https:\/\/www.monlau.com\/fp\/ca\/2020\/12\/09\/vols-estudiar-fp-dinformatica-pero-no-saps-on\/"]}]},{"@type":"ImageObject","inLanguage":"ca","@id":"https:\/\/www.monlau.com\/fp\/ca\/2020\/12\/09\/vols-estudiar-fp-dinformatica-pero-no-saps-on\/#primaryimage","url":"https:\/\/www.monlau.com\/app\/uploads\/sites\/3\/2026\/03\/222222.jpg","contentUrl":"https:\/\/www.monlau.com\/app\/uploads\/sites\/3\/2026\/03\/222222.jpg","width":1200,"height":800},{"@type":"BreadcrumbList","@id":"https:\/\/www.monlau.com\/fp\/ca\/2020\/12\/09\/vols-estudiar-fp-dinformatica-pero-no-saps-on\/#breadcrumb","itemListElement":[{"@type":"ListItem","position":1,"name":"Portada","item":"https:\/\/www.monlau.com\/fp\/ca\/inici\/"},{"@type":"ListItem","position":2,"name":"Vols estudiar FP d&#8217;inform\u00e0tica per\u00f2 no saps on?"}]},{"@type":"WebSite","@id":"https:\/\/www.monlau.com\/fp\/ca\/#website","url":"https:\/\/www.monlau.com\/fp\/ca\/","name":"Formaci\u00f3n profesional","description":"Monlau","publisher":{"@id":"https:\/\/www.monlau.com\/fp\/ca\/#organization"},"potentialAction":[{"@type":"SearchAction","target":{"@type":"EntryPoint","urlTemplate":"https:\/\/www.monlau.com\/fp\/ca\/?s={search_term_string}"},"query-input":{"@type":"PropertyValueSpecification","valueRequired":true,"valueName":"search_term_string"}}],"inLanguage":"ca"},{"@type":"Organization","@id":"https:\/\/www.monlau.com\/fp\/ca\/#organization","name":"Formaci\u00f3n profesional","url":"https:\/\/www.monlau.com\/fp\/ca\/","logo":{"@type":"ImageObject","inLanguage":"ca","@id":"https:\/\/www.monlau.com\/fp\/ca\/#\/schema\/logo\/image\/","url":"https:\/\/www.monlau.com\/app\/uploads\/sites\/3\/2026\/01\/fp.png","contentUrl":"https:\/\/www.monlau.com\/app\/uploads\/sites\/3\/2026\/01\/fp.png","width":1024,"height":878,"caption":"Formaci\u00f3n profesional"},"image":{"@id":"https:\/\/www.monlau.com\/fp\/ca\/#\/schema\/logo\/image\/"}},{"@type":"Person","@id":"https:\/\/www.monlau.com\/fp\/ca\/#\/schema\/person\/419cfdf054323e24e0a2ef1d8597f051","name":"adsmurai","image":{"@type":"ImageObject","inLanguage":"ca","@id":"https:\/\/secure.gravatar.com\/avatar\/0748788578f91786454454fa3b4c295644edb991ad6caadc70b41d26790d38fc?s=96&d=mm&r=g","url":"https:\/\/secure.gravatar.com\/avatar\/0748788578f91786454454fa3b4c295644edb991ad6caadc70b41d26790d38fc?s=96&d=mm&r=g","contentUrl":"https:\/\/secure.gravatar.com\/avatar\/0748788578f91786454454fa3b4c295644edb991ad6caadc70b41d26790d38fc?s=96&d=mm&r=g","caption":"adsmurai"},"sameAs":["https:\/\/www.monlau.com"],"url":"https:\/\/www.monlau.com\/fp\/ca\/author\/adsmurai\/"}]}},"_links":{"self":[{"href":"https:\/\/www.monlau.com\/fp\/ca\/wp-json\/wp\/v2\/posts\/6153","targetHints":{"allow":["GET"]}}],"collection":[{"href":"https:\/\/www.monlau.com\/fp\/ca\/wp-json\/wp\/v2\/posts"}],"about":[{"href":"https:\/\/www.monlau.com\/fp\/ca\/wp-json\/wp\/v2\/types\/post"}],"author":[{"embeddable":true,"href":"https:\/\/www.monlau.com\/fp\/ca\/wp-json\/wp\/v2\/users\/1"}],"replies":[{"embeddable":true,"href":"https:\/\/www.monlau.com\/fp\/ca\/wp-json\/wp\/v2\/comments?post=6153"}],"version-history":[{"count":0,"href":"https:\/\/www.monlau.com\/fp\/ca\/wp-json\/wp\/v2\/posts\/6153\/revisions"}],"wp:featuredmedia":[{"embeddable":true,"href":"https:\/\/www.monlau.com\/fp\/ca\/wp-json\/wp\/v2\/media\/3417"}],"wp:attachment":[{"href":"https:\/\/www.monlau.com\/fp\/ca\/wp-json\/wp\/v2\/media?parent=6153"}],"wp:term":[{"taxonomy":"category","embeddable":true,"href":"https:\/\/www.monlau.com\/fp\/ca\/wp-json\/wp\/v2\/categories?post=6153"},{"taxonomy":"post_tag","embeddable":true,"href":"https:\/\/www.monlau.com\/fp\/ca\/wp-json\/wp\/v2\/tags?post=6153"}],"curies":[{"name":"wp","href":"https:\/\/api.w.org\/{rel}","templated":true}]}}