{"id":6151,"date":"2020-11-20T00:00:00","date_gmt":"2020-11-19T23:00:00","guid":{"rendered":"https:\/\/www.monlau.com\/formacion-profesional\/com-son-les-assignatures-transversals-dels-cicles-dautomocio\/"},"modified":"2020-11-20T00:00:00","modified_gmt":"2020-11-19T23:00:00","slug":"com-son-les-assignatures-transversals-dels-cicles-dautomocio","status":"publish","type":"post","link":"https:\/\/www.monlau.com\/fp\/ca\/2020\/11\/20\/com-son-les-assignatures-transversals-dels-cicles-dautomocio\/","title":{"rendered":"Com son les assignatures transversals dels cicles d\u2019Automoci\u00f3?"},"content":{"rendered":"<p class=\"p1\"><span style=\"color: #000000;\">En tots els<strong> cicles de formaci\u00f3 professional<\/strong> s&#8217;inclouen assignatures transversals que fomenten la formaci\u00f3 en centres de treball i prepara a l&#8217;alumnat per a les diferents situacions que trobaran en el m\u00f3n laboral.<\/span><\/p>\n<p class=\"p1\"><span style=\"color: #000000;\"><strong>Javier Loscos<\/strong>, professor d&#8217;aquestes assignatures en el centre Monlau de la Maquinista, ens comenta en el v\u00eddeo la import\u00e0ncia i els continguts que s&#8217;imparteixen en aquesta mena de classes. Tamb\u00e9, ens cita diverses sortides professionals que ofereix el cicle superior d&#8217;automoci\u00f3 i la possibilitat de continuar formant-se en diferents \u00e0mbits dins de Monlau. <\/span><\/p>\n<p class=\"p1\"><span style=\"color: #000000;\">S\u00f3n aquestes per exemple, els <strong>nous postgraus d&#8217;h\u00edbrids i el\u00e8ctrics, assessor comercial o assessor de servei.<\/strong><\/span><\/p>\n<p><iframe title=\"C\u00d3MO SON LAS ASIGNATURAS TRANSVERSALES EN AUTOMOCI\u00d3N | MONLAU FP\" width=\"1200\" height=\"675\" src=\"https:\/\/www.youtube.com\/embed\/qIJq7sKDHxE?feature=oembed\" frameborder=\"0\" allow=\"accelerometer; autoplay; clipboard-write; encrypted-media; gyroscope; picture-in-picture; web-share\" referrerpolicy=\"strict-origin-when-cross-origin\" allowfullscreen><\/iframe><\/p>\n<p class=\"p1\"><span style=\"color: #000000;\">En aquesta mena d&#8217;assignatures es treballa la import\u00e0ncia disposar d&#8217;un bon <strong>CV<\/strong> aix\u00ed com preparar adequadament una entrevista de treball, q\u00fcestions que es treballen intensament. <\/span><\/p>\n<p class=\"p1\"><span style=\"color: #000000;\">Tamb\u00e9, recomana estar sempre al dia de les not\u00edcies del sector de l&#8217;automoci\u00f3 i les noves tend\u00e8ncies aix\u00ed com disposar, no sols d&#8217;un nivell d&#8217;angl\u00e8s alt, sin\u00f3 fins i tot d&#8217;una segona llengua que els ajudar\u00e0 a aconseguir els seus <strong>objectius professionals.<\/strong><\/span><\/p>\n","protected":false},"excerpt":{"rendered":"<p>En tots els cicles de formaci\u00f3 professional s&#8217;inclouen assignatures transversals que fomenten la formaci\u00f3 en centres de treball i prepara a l&#8217;alumnat per a les diferents situacions que trobaran en el m\u00f3n laboral. Javier Loscos, professor d&#8217;aquestes assignatures en el centre Monlau de la Maquinista, ens comenta en el v\u00eddeo la import\u00e0ncia i els continguts [&hellip;]<\/p>\n","protected":false},"author":1,"featured_media":3414,"comment_status":"closed","ping_status":"closed","sticky":false,"template":"","format":"standard","meta":{"footnotes":""},"categories":[252],"tags":[384,309,385],"class_list":["post-6151","post","type-post","status-publish","format-standard","has-post-thumbnail","hentry","category-automocio","tag-assignatures-transversals","tag-automocio","tag-sector-automobilistic"],"yoast_head":"<!-- This site is optimized with the Yoast SEO plugin v27.2 - https:\/\/yoast.com\/product\/yoast-seo-wordpress\/ -->\n<title>Com son les assignatures transversals dels cicles d\u2019Automoci\u00f3? - Formaci\u00f3n profesional<\/title>\n<meta name=\"robots\" content=\"index, follow, max-snippet:-1, max-image-preview:large, max-video-preview:-1\" \/>\n<link rel=\"canonical\" href=\"https:\/\/www.monlau.com\/fp\/ca\/2020\/11\/20\/com-son-les-assignatures-transversals-dels-cicles-dautomocio\/\" \/>\n<meta property=\"og:locale\" content=\"ca_ES\" \/>\n<meta property=\"og:type\" content=\"article\" \/>\n<meta property=\"og:title\" content=\"Com son les assignatures transversals dels cicles d\u2019Automoci\u00f3? - Formaci\u00f3n profesional\" \/>\n<meta property=\"og:description\" content=\"En tots els cicles de formaci\u00f3 professional s&#8217;inclouen assignatures transversals que fomenten la formaci\u00f3 en centres de treball i prepara a l&#8217;alumnat per a les diferents situacions que trobaran en el m\u00f3n laboral. Javier Loscos, professor d&#8217;aquestes assignatures en el centre Monlau de la Maquinista, ens comenta en el v\u00eddeo la import\u00e0ncia i els continguts [&hellip;]\" \/>\n<meta property=\"og:url\" content=\"https:\/\/www.monlau.com\/fp\/ca\/2020\/11\/20\/com-son-les-assignatures-transversals-dels-cicles-dautomocio\/\" \/>\n<meta property=\"og:site_name\" content=\"Formaci\u00f3n profesional\" \/>\n<meta property=\"article:published_time\" content=\"2020-11-19T23:00:00+00:00\" \/>\n<meta property=\"og:image\" content=\"https:\/\/www.monlau.com\/app\/uploads\/sites\/3\/2026\/03\/transversales.jpg\" \/>\n\t<meta property=\"og:image:width\" content=\"1500\" \/>\n\t<meta property=\"og:image:height\" content=\"844\" \/>\n\t<meta property=\"og:image:type\" content=\"image\/jpeg\" \/>\n<meta name=\"author\" content=\"adsmurai\" \/>\n<meta name=\"twitter:card\" content=\"summary_large_image\" \/>\n<meta name=\"twitter:label1\" content=\"Escrit per\" \/>\n\t<meta name=\"twitter:data1\" content=\"adsmurai\" \/>\n\t<meta name=\"twitter:label2\" content=\"Temps estimat de lectura\" \/>\n\t<meta name=\"twitter:data2\" content=\"1 minut\" \/>\n<script type=\"application\/ld+json\" class=\"yoast-schema-graph\">{\"@context\":\"https:\/\/schema.org\",\"@graph\":[{\"@type\":\"Article\",\"@id\":\"https:\/\/www.monlau.com\/fp\/ca\/2020\/11\/20\/com-son-les-assignatures-transversals-dels-cicles-dautomocio\/#article\",\"isPartOf\":{\"@id\":\"https:\/\/www.monlau.com\/fp\/ca\/2020\/11\/20\/com-son-les-assignatures-transversals-dels-cicles-dautomocio\/\"},\"author\":{\"name\":\"adsmurai\",\"@id\":\"https:\/\/www.monlau.com\/fp\/ca\/#\/schema\/person\/419cfdf054323e24e0a2ef1d8597f051\"},\"headline\":\"Com son les assignatures transversals dels cicles d\u2019Automoci\u00f3?\",\"datePublished\":\"2020-11-19T23:00:00+00:00\",\"mainEntityOfPage\":{\"@id\":\"https:\/\/www.monlau.com\/fp\/ca\/2020\/11\/20\/com-son-les-assignatures-transversals-dels-cicles-dautomocio\/\"},\"wordCount\":211,\"publisher\":{\"@id\":\"https:\/\/www.monlau.com\/fp\/ca\/#organization\"},\"image\":{\"@id\":\"https:\/\/www.monlau.com\/fp\/ca\/2020\/11\/20\/com-son-les-assignatures-transversals-dels-cicles-dautomocio\/#primaryimage\"},\"thumbnailUrl\":\"https:\/\/www.monlau.com\/app\/uploads\/sites\/3\/2026\/03\/transversales.jpg\",\"keywords\":[\"assignatures transversals\",\"Automoci\u00f3\",\"sector automobil\u00edstic\"],\"articleSection\":[\"Automoci\u00f3\"],\"inLanguage\":\"ca\"},{\"@type\":\"WebPage\",\"@id\":\"https:\/\/www.monlau.com\/fp\/ca\/2020\/11\/20\/com-son-les-assignatures-transversals-dels-cicles-dautomocio\/\",\"url\":\"https:\/\/www.monlau.com\/fp\/ca\/2020\/11\/20\/com-son-les-assignatures-transversals-dels-cicles-dautomocio\/\",\"name\":\"Com son les assignatures transversals dels cicles d\u2019Automoci\u00f3? - Formaci\u00f3n profesional\",\"isPartOf\":{\"@id\":\"https:\/\/www.monlau.com\/fp\/ca\/#website\"},\"primaryImageOfPage\":{\"@id\":\"https:\/\/www.monlau.com\/fp\/ca\/2020\/11\/20\/com-son-les-assignatures-transversals-dels-cicles-dautomocio\/#primaryimage\"},\"image\":{\"@id\":\"https:\/\/www.monlau.com\/fp\/ca\/2020\/11\/20\/com-son-les-assignatures-transversals-dels-cicles-dautomocio\/#primaryimage\"},\"thumbnailUrl\":\"https:\/\/www.monlau.com\/app\/uploads\/sites\/3\/2026\/03\/transversales.jpg\",\"datePublished\":\"2020-11-19T23:00:00+00:00\",\"breadcrumb\":{\"@id\":\"https:\/\/www.monlau.com\/fp\/ca\/2020\/11\/20\/com-son-les-assignatures-transversals-dels-cicles-dautomocio\/#breadcrumb\"},\"inLanguage\":\"ca\",\"potentialAction\":[{\"@type\":\"ReadAction\",\"target\":[\"https:\/\/www.monlau.com\/fp\/ca\/2020\/11\/20\/com-son-les-assignatures-transversals-dels-cicles-dautomocio\/\"]}]},{\"@type\":\"ImageObject\",\"inLanguage\":\"ca\",\"@id\":\"https:\/\/www.monlau.com\/fp\/ca\/2020\/11\/20\/com-son-les-assignatures-transversals-dels-cicles-dautomocio\/#primaryimage\",\"url\":\"https:\/\/www.monlau.com\/app\/uploads\/sites\/3\/2026\/03\/transversales.jpg\",\"contentUrl\":\"https:\/\/www.monlau.com\/app\/uploads\/sites\/3\/2026\/03\/transversales.jpg\",\"width\":1500,\"height\":844},{\"@type\":\"BreadcrumbList\",\"@id\":\"https:\/\/www.monlau.com\/fp\/ca\/2020\/11\/20\/com-son-les-assignatures-transversals-dels-cicles-dautomocio\/#breadcrumb\",\"itemListElement\":[{\"@type\":\"ListItem\",\"position\":1,\"name\":\"Portada\",\"item\":\"https:\/\/www.monlau.com\/fp\/ca\/inici\/\"},{\"@type\":\"ListItem\",\"position\":2,\"name\":\"Com son les assignatures transversals dels cicles d\u2019Automoci\u00f3?\"}]},{\"@type\":\"WebSite\",\"@id\":\"https:\/\/www.monlau.com\/fp\/ca\/#website\",\"url\":\"https:\/\/www.monlau.com\/fp\/ca\/\",\"name\":\"Formaci\u00f3n profesional\",\"description\":\"Monlau\",\"publisher\":{\"@id\":\"https:\/\/www.monlau.com\/fp\/ca\/#organization\"},\"potentialAction\":[{\"@type\":\"SearchAction\",\"target\":{\"@type\":\"EntryPoint\",\"urlTemplate\":\"https:\/\/www.monlau.com\/fp\/ca\/?s={search_term_string}\"},\"query-input\":{\"@type\":\"PropertyValueSpecification\",\"valueRequired\":true,\"valueName\":\"search_term_string\"}}],\"inLanguage\":\"ca\"},{\"@type\":\"Organization\",\"@id\":\"https:\/\/www.monlau.com\/fp\/ca\/#organization\",\"name\":\"Formaci\u00f3n profesional\",\"url\":\"https:\/\/www.monlau.com\/fp\/ca\/\",\"logo\":{\"@type\":\"ImageObject\",\"inLanguage\":\"ca\",\"@id\":\"https:\/\/www.monlau.com\/fp\/ca\/#\/schema\/logo\/image\/\",\"url\":\"https:\/\/www.monlau.com\/app\/uploads\/sites\/3\/2026\/01\/fp.png\",\"contentUrl\":\"https:\/\/www.monlau.com\/app\/uploads\/sites\/3\/2026\/01\/fp.png\",\"width\":1024,\"height\":878,\"caption\":\"Formaci\u00f3n profesional\"},\"image\":{\"@id\":\"https:\/\/www.monlau.com\/fp\/ca\/#\/schema\/logo\/image\/\"}},{\"@type\":\"Person\",\"@id\":\"https:\/\/www.monlau.com\/fp\/ca\/#\/schema\/person\/419cfdf054323e24e0a2ef1d8597f051\",\"name\":\"adsmurai\",\"image\":{\"@type\":\"ImageObject\",\"inLanguage\":\"ca\",\"@id\":\"https:\/\/secure.gravatar.com\/avatar\/0748788578f91786454454fa3b4c295644edb991ad6caadc70b41d26790d38fc?s=96&d=mm&r=g\",\"url\":\"https:\/\/secure.gravatar.com\/avatar\/0748788578f91786454454fa3b4c295644edb991ad6caadc70b41d26790d38fc?s=96&d=mm&r=g\",\"contentUrl\":\"https:\/\/secure.gravatar.com\/avatar\/0748788578f91786454454fa3b4c295644edb991ad6caadc70b41d26790d38fc?s=96&d=mm&r=g\",\"caption\":\"adsmurai\"},\"sameAs\":[\"https:\/\/www.monlau.com\"],\"url\":\"https:\/\/www.monlau.com\/fp\/ca\/author\/adsmurai\/\"}]}<\/script>\n<!-- \/ Yoast SEO plugin. -->","yoast_head_json":{"title":"Com son les assignatures transversals dels cicles d\u2019Automoci\u00f3? - Formaci\u00f3n profesional","robots":{"index":"index","follow":"follow","max-snippet":"max-snippet:-1","max-image-preview":"max-image-preview:large","max-video-preview":"max-video-preview:-1"},"canonical":"https:\/\/www.monlau.com\/fp\/ca\/2020\/11\/20\/com-son-les-assignatures-transversals-dels-cicles-dautomocio\/","og_locale":"ca_ES","og_type":"article","og_title":"Com son les assignatures transversals dels cicles d\u2019Automoci\u00f3? - Formaci\u00f3n profesional","og_description":"En tots els cicles de formaci\u00f3 professional s&#8217;inclouen assignatures transversals que fomenten la formaci\u00f3 en centres de treball i prepara a l&#8217;alumnat per a les diferents situacions que trobaran en el m\u00f3n laboral. Javier Loscos, professor d&#8217;aquestes assignatures en el centre Monlau de la Maquinista, ens comenta en el v\u00eddeo la import\u00e0ncia i els continguts [&hellip;]","og_url":"https:\/\/www.monlau.com\/fp\/ca\/2020\/11\/20\/com-son-les-assignatures-transversals-dels-cicles-dautomocio\/","og_site_name":"Formaci\u00f3n profesional","article_published_time":"2020-11-19T23:00:00+00:00","og_image":[{"width":1500,"height":844,"url":"https:\/\/www.monlau.com\/app\/uploads\/sites\/3\/2026\/03\/transversales.jpg","type":"image\/jpeg"}],"author":"adsmurai","twitter_card":"summary_large_image","twitter_misc":{"Escrit per":"adsmurai","Temps estimat de lectura":"1 minut"},"schema":{"@context":"https:\/\/schema.org","@graph":[{"@type":"Article","@id":"https:\/\/www.monlau.com\/fp\/ca\/2020\/11\/20\/com-son-les-assignatures-transversals-dels-cicles-dautomocio\/#article","isPartOf":{"@id":"https:\/\/www.monlau.com\/fp\/ca\/2020\/11\/20\/com-son-les-assignatures-transversals-dels-cicles-dautomocio\/"},"author":{"name":"adsmurai","@id":"https:\/\/www.monlau.com\/fp\/ca\/#\/schema\/person\/419cfdf054323e24e0a2ef1d8597f051"},"headline":"Com son les assignatures transversals dels cicles d\u2019Automoci\u00f3?","datePublished":"2020-11-19T23:00:00+00:00","mainEntityOfPage":{"@id":"https:\/\/www.monlau.com\/fp\/ca\/2020\/11\/20\/com-son-les-assignatures-transversals-dels-cicles-dautomocio\/"},"wordCount":211,"publisher":{"@id":"https:\/\/www.monlau.com\/fp\/ca\/#organization"},"image":{"@id":"https:\/\/www.monlau.com\/fp\/ca\/2020\/11\/20\/com-son-les-assignatures-transversals-dels-cicles-dautomocio\/#primaryimage"},"thumbnailUrl":"https:\/\/www.monlau.com\/app\/uploads\/sites\/3\/2026\/03\/transversales.jpg","keywords":["assignatures transversals","Automoci\u00f3","sector automobil\u00edstic"],"articleSection":["Automoci\u00f3"],"inLanguage":"ca"},{"@type":"WebPage","@id":"https:\/\/www.monlau.com\/fp\/ca\/2020\/11\/20\/com-son-les-assignatures-transversals-dels-cicles-dautomocio\/","url":"https:\/\/www.monlau.com\/fp\/ca\/2020\/11\/20\/com-son-les-assignatures-transversals-dels-cicles-dautomocio\/","name":"Com son les assignatures transversals dels cicles d\u2019Automoci\u00f3? - Formaci\u00f3n profesional","isPartOf":{"@id":"https:\/\/www.monlau.com\/fp\/ca\/#website"},"primaryImageOfPage":{"@id":"https:\/\/www.monlau.com\/fp\/ca\/2020\/11\/20\/com-son-les-assignatures-transversals-dels-cicles-dautomocio\/#primaryimage"},"image":{"@id":"https:\/\/www.monlau.com\/fp\/ca\/2020\/11\/20\/com-son-les-assignatures-transversals-dels-cicles-dautomocio\/#primaryimage"},"thumbnailUrl":"https:\/\/www.monlau.com\/app\/uploads\/sites\/3\/2026\/03\/transversales.jpg","datePublished":"2020-11-19T23:00:00+00:00","breadcrumb":{"@id":"https:\/\/www.monlau.com\/fp\/ca\/2020\/11\/20\/com-son-les-assignatures-transversals-dels-cicles-dautomocio\/#breadcrumb"},"inLanguage":"ca","potentialAction":[{"@type":"ReadAction","target":["https:\/\/www.monlau.com\/fp\/ca\/2020\/11\/20\/com-son-les-assignatures-transversals-dels-cicles-dautomocio\/"]}]},{"@type":"ImageObject","inLanguage":"ca","@id":"https:\/\/www.monlau.com\/fp\/ca\/2020\/11\/20\/com-son-les-assignatures-transversals-dels-cicles-dautomocio\/#primaryimage","url":"https:\/\/www.monlau.com\/app\/uploads\/sites\/3\/2026\/03\/transversales.jpg","contentUrl":"https:\/\/www.monlau.com\/app\/uploads\/sites\/3\/2026\/03\/transversales.jpg","width":1500,"height":844},{"@type":"BreadcrumbList","@id":"https:\/\/www.monlau.com\/fp\/ca\/2020\/11\/20\/com-son-les-assignatures-transversals-dels-cicles-dautomocio\/#breadcrumb","itemListElement":[{"@type":"ListItem","position":1,"name":"Portada","item":"https:\/\/www.monlau.com\/fp\/ca\/inici\/"},{"@type":"ListItem","position":2,"name":"Com son les assignatures transversals dels cicles d\u2019Automoci\u00f3?"}]},{"@type":"WebSite","@id":"https:\/\/www.monlau.com\/fp\/ca\/#website","url":"https:\/\/www.monlau.com\/fp\/ca\/","name":"Formaci\u00f3n profesional","description":"Monlau","publisher":{"@id":"https:\/\/www.monlau.com\/fp\/ca\/#organization"},"potentialAction":[{"@type":"SearchAction","target":{"@type":"EntryPoint","urlTemplate":"https:\/\/www.monlau.com\/fp\/ca\/?s={search_term_string}"},"query-input":{"@type":"PropertyValueSpecification","valueRequired":true,"valueName":"search_term_string"}}],"inLanguage":"ca"},{"@type":"Organization","@id":"https:\/\/www.monlau.com\/fp\/ca\/#organization","name":"Formaci\u00f3n profesional","url":"https:\/\/www.monlau.com\/fp\/ca\/","logo":{"@type":"ImageObject","inLanguage":"ca","@id":"https:\/\/www.monlau.com\/fp\/ca\/#\/schema\/logo\/image\/","url":"https:\/\/www.monlau.com\/app\/uploads\/sites\/3\/2026\/01\/fp.png","contentUrl":"https:\/\/www.monlau.com\/app\/uploads\/sites\/3\/2026\/01\/fp.png","width":1024,"height":878,"caption":"Formaci\u00f3n profesional"},"image":{"@id":"https:\/\/www.monlau.com\/fp\/ca\/#\/schema\/logo\/image\/"}},{"@type":"Person","@id":"https:\/\/www.monlau.com\/fp\/ca\/#\/schema\/person\/419cfdf054323e24e0a2ef1d8597f051","name":"adsmurai","image":{"@type":"ImageObject","inLanguage":"ca","@id":"https:\/\/secure.gravatar.com\/avatar\/0748788578f91786454454fa3b4c295644edb991ad6caadc70b41d26790d38fc?s=96&d=mm&r=g","url":"https:\/\/secure.gravatar.com\/avatar\/0748788578f91786454454fa3b4c295644edb991ad6caadc70b41d26790d38fc?s=96&d=mm&r=g","contentUrl":"https:\/\/secure.gravatar.com\/avatar\/0748788578f91786454454fa3b4c295644edb991ad6caadc70b41d26790d38fc?s=96&d=mm&r=g","caption":"adsmurai"},"sameAs":["https:\/\/www.monlau.com"],"url":"https:\/\/www.monlau.com\/fp\/ca\/author\/adsmurai\/"}]}},"_links":{"self":[{"href":"https:\/\/www.monlau.com\/fp\/ca\/wp-json\/wp\/v2\/posts\/6151","targetHints":{"allow":["GET"]}}],"collection":[{"href":"https:\/\/www.monlau.com\/fp\/ca\/wp-json\/wp\/v2\/posts"}],"about":[{"href":"https:\/\/www.monlau.com\/fp\/ca\/wp-json\/wp\/v2\/types\/post"}],"author":[{"embeddable":true,"href":"https:\/\/www.monlau.com\/fp\/ca\/wp-json\/wp\/v2\/users\/1"}],"replies":[{"embeddable":true,"href":"https:\/\/www.monlau.com\/fp\/ca\/wp-json\/wp\/v2\/comments?post=6151"}],"version-history":[{"count":0,"href":"https:\/\/www.monlau.com\/fp\/ca\/wp-json\/wp\/v2\/posts\/6151\/revisions"}],"wp:featuredmedia":[{"embeddable":true,"href":"https:\/\/www.monlau.com\/fp\/ca\/wp-json\/wp\/v2\/media\/3414"}],"wp:attachment":[{"href":"https:\/\/www.monlau.com\/fp\/ca\/wp-json\/wp\/v2\/media?parent=6151"}],"wp:term":[{"taxonomy":"category","embeddable":true,"href":"https:\/\/www.monlau.com\/fp\/ca\/wp-json\/wp\/v2\/categories?post=6151"},{"taxonomy":"post_tag","embeddable":true,"href":"https:\/\/www.monlau.com\/fp\/ca\/wp-json\/wp\/v2\/tags?post=6151"}],"curies":[{"name":"wp","href":"https:\/\/api.w.org\/{rel}","templated":true}]}}