{"id":6149,"date":"2020-07-23T00:00:00","date_gmt":"2020-07-22T22:00:00","guid":{"rendered":"https:\/\/www.monlau.com\/formacion-profesional\/automocio-vehicle-electric-compartit\/"},"modified":"2026-03-10T10:03:33","modified_gmt":"2026-03-10T09:03:33","slug":"automocio-vehicle-electric-compartit","status":"publish","type":"post","link":"https:\/\/www.monlau.com\/fp\/ca\/2020\/07\/23\/automocio-vehicle-electric-compartit\/","title":{"rendered":"Com canviar\u00e0 el negoci de l\u2019automoci\u00f3 cap al vehicle el\u00e8ctric i compartit?"},"content":{"rendered":"<p>De tots \u00e9s sabut que les tend\u00e8ncies del mercat estan canviant molt r\u00e0pidament degut, sobretot, a la necessitat de reduir les emissions contaminants dels vehicles i al canvi en les necessitats dels clients (parlem un altre cop de vehicle el\u00e8ctric, cotxe connectat, cotxe aut\u00f2nom, cotxe compartit&#8230;).<\/p>\n<p>Segons <a href=\"https:\/\/www.pwc.es\/es\/strategyand\/coche-digital-2019.html\">un dels \u00faltims informes de la companyia Price Waterhouse Coopers<\/a>, una de les firmes de consultoria professional dins de les anomenades \u201cBIG FOUR\u201d, es preveu que a Europa a l\u2019any 2030 (d\u2019aqu\u00ed a nom\u00e9s 10 anys), es reduir\u00e0 un 29% el parc m\u00f2bil, augmentaran un 34% les matriculacions i la mitjana de quilometratge total passar\u00e0 de 3,7 bilions de quil\u00f2metres a 4,2 bilions.<\/p>\n<p><strong>Com s\u2019entenen aquestes dades?<\/strong><\/p>\n<p>Per la transformaci\u00f3 del mercat i dels consumidors. Fins fa relativament pocs anys, despr\u00e9s de l\u2019habitatge, la segona prioritat de compra era el cotxe. Aix\u00f2 est\u00e0 deixant de ser aix\u00ed, i s\u2019est\u00e0 notant en el mercat que els consumidors actuals es decanten per sistemes de mobilitat compartida i les noves tecnologies que comporten evolucions constants (molt m\u00e9s r\u00e0pides que el temps \u201cd\u2019amortitzaci\u00f3 d\u2019un vehicle propi\u201d), deixant de banda el sentiment de propietat. Aquesta tend\u00e8ncia la podem experimentar amb el desplegament dels negocis de <em>carsharing<\/em>, <em>motosharing<\/em> i propostes com el <em>Bicing<\/em> a la ciutat de Barcelona.<\/p>\n<p>Des d\u2019aquesta posici\u00f3 s\u2019ent\u00e9n la tend\u00e8ncia de disminuci\u00f3 de les compres i alhora l\u2019increment de renovaci\u00f3 del parc per vehicles m\u00e9s moderns i menys contaminants i l\u2019augment de quil\u00f2metres de mitjana per vehicle, at\u00e8s que el mateix vehicle el faran servir m\u00e9s persones, sigui qui sigui el propietari real del cotxe o la moto o la bici o&#8230;<\/p>\n<p>A aix\u00f2 hi hem d\u2019afegir les noves mesures de circulaci\u00f3 proposades per diferents ajuntaments, que generen el dubte de si comprar un vehicle el\u00e8ctric\/h\u00edbrid (encara sense un desplegament significatiu \u201cd\u2019electrolineres\u201d) o comprar un vehicle amb motor de combusti\u00f3. (Ara es torna a posar en q\u00fcesti\u00f3 si a nivell de contaminaci\u00f3 \u00e9s millor el motor de gasolina o di\u00e8sel).<\/p>\n<p>Referent al motor di\u00e8sel i segons el diari El Pa\u00eds, \u201c<em>un\u00a0 motor di\u00e8sel modern (EU6) emet fins a un 90% menys de part\u00edcules contaminants que un altre de fa 15 anys i les seves emissions de CO2 s\u00f3n un 15% inferiors a la seva equival\u00e8ncia en gasolina<\/em>\u201d. De totes formes est\u00e0 clar que cal \u00a0rebaixar el contaminants emesos.<\/p>\n<p>La combinaci\u00f3 de tot aix\u00f2 ens fa entendre les dades publicades per l\u2019Observatorio CETELEM, que destaca que 6 de cada 10 vehicles a Espanya estan per sobre dels 10 anys d\u2019antiguitat, i que a l\u2019hora de la tria del vehicle, despr\u00e9s de la marca, hi ha d\u2019 altres circumst\u00e0ncies que els clients tenen en compte que s\u00f3n, per aquest ordre, que no malmeti el medi ambient, el propi disseny del vehicle i el fet que l\u2019empresa fabricant \u00a0realitzi accions de solidaritat.<\/p>\n<p>D\u2019aqu\u00ed podem extreure que, per una banda, tindrem vehicles \u201cantics\u201d que haurem de mantenir fins que la situaci\u00f3 de canvi de combustible es normalitzi; i per altra banda, que tindrem molts vehicles nous que necessitaran menys manteniments, sent \u201cel grup minoritari\u201d els vehicles de l\u2019anomenat segment II.<\/p>\n<p><strong>Per\u00f2, estem preparats per continuar amb el negoci del taller reparador?<\/strong><\/p>\n<p>Podr\u00edem concloure que l\u2019evoluci\u00f3 de les tecnologies far\u00e0 que els professionals actuals necessitin un reciclatge constant ja que molts del coneixements acumulats fins ara, quedaran despla\u00e7ats per les noves tecnologies.<\/p>\n<p>Per exemple i referent a les tecnologies, hem de destacar que en termes de seguretat, no \u00e9s el mateix treballar sobre un vehicle amb una bateria tradicional de 12V que un vehicle amb un bateria de 250 o 500V (a partir de 60 volts de corrent continu podem tenir problemes molt seriosos per a la seguretat personal).<\/p>\n<p>Per altra banda, els serveis tradicionals de manteniment o popularment el canvi d\u2019oli i filtres va desapareixent, perqu\u00e8 el vehicle el\u00e8ctric 100% no utilitza aquests components. Per aix\u00f2 \u00e9s cada cop m\u00e9s important identificar el \u201cproper futur\u201d de model de negoci i qui ser\u00e0 el nostre client (un client particular o una empresa de <em>Carsharing<\/em> per exemple).<\/p>\n<p>El canvi de model de negoci no nom\u00e9s ha de canviar la formaci\u00f3 dels futurs professionals, sin\u00f3 tamb\u00e9 la dels actuals.<\/p>\n<p>Per concretar cap a on anem i qu\u00e8 necessitem saber, hem d\u2019identificar les tend\u00e8ncies actuals del m\u00f3n de l\u2019Autom\u00f2bil. Segons l\u2019article de les p\u00e0gines del motor del diari La Vanguardia, hi ha cinc pilars en els que es basaran aquestes tend\u00e8ncies:<\/p>\n<ol>\n<li>L\u2019electrificaci\u00f3 de l\u2019autom\u00f2bil.<\/li>\n<li>La connectivitat del vehicle.<\/li>\n<li>La conducci\u00f3 aut\u00f2noma.<\/li>\n<li>El <em>Carsharing<\/em>.<\/li>\n<li>La sostenibilitat.<\/li>\n<\/ol>\n<p>Tot aix\u00f2 comportar\u00e0 que els tallers reparadors haurem d\u2019oferir nous serveis i, per tant, ens obligar\u00e0 a posar-nos al dia en diverses disciplines diferents dels \u00e0mbits estrictament t\u00e8cnics. Caldr\u00e0 , per exemple, actualitzar-nos en la prevenci\u00f3 de riscos laborals a l\u2019hora de reparar un vehicle el\u00e8ctric o fer la diagnosi i la reparaci\u00f3 prenent les mesures de seguretat adequades<\/p>\n<p>Tamb\u00e9 necessitarem coneixements sobre com posar en marxa una campanya de m\u00e0rqueting per a la captaci\u00f3 activa de clients i per fomentar la venda creuada i diferida, digitalitzar el nostre negoci i actualitzar-lo a les xarxes socials, analitzar la rendibilitat del taller per actualitzar i treure m\u00e9s profit de les nostres activitats, explorar la possibilitat de transformar cotxes tradicionals en cotxes h\u00edbrids a gas, efectuar reparacions est\u00e8tiques del vehicle tant de l\u2019exterior com de l\u2019interior en poc temps, preparar el taller per poder abastir d\u2019electricitat als nostres clients o la possibilitat, encara en estudi, de els sistemes d\u2019escapament de gasos per obtenir l\u2019acreditaci\u00f3 per poder circular en zones de baixes emissions. Fins hi tot, haurem de tornar a <a href=\"https:\/\/www.monlau.com\/corporate\/postgrados\/\">estudiar postgraus per poder actualitzar el proc\u00e9s de venda o recepci\u00f3 del taller<\/a>.<\/p>\n<p>Consultor de formaci\u00f3 en Automoci\u00f3 en <a href=\"http:\/\/www.monlau.com\/corporate\">Monlau Corporate<\/a>.<\/p>\n","protected":false},"excerpt":{"rendered":"<p>De tots \u00e9s sabut que les tend\u00e8ncies del mercat estan canviant molt r\u00e0pidament degut, sobretot, a la necessitat de reduir les emissions contaminants dels vehicles i al canvi en les necessitats dels clients (parlem un altre cop de vehicle el\u00e8ctric, cotxe connectat, cotxe aut\u00f2nom, cotxe compartit&#8230;). Segons un dels \u00faltims informes de la companyia Price [&hellip;]<\/p>\n","protected":false},"author":1,"featured_media":3411,"comment_status":"closed","ping_status":"closed","sticky":false,"template":"","format":"standard","meta":{"footnotes":""},"categories":[252,258,257],"tags":[318,369,370,309,371,375,376,377,378,373,379,380,381,382,374,383],"class_list":["post-6149","post","type-post","status-publish","format-standard","has-post-thumbnail","hentry","category-automocio","category-monlau","category-postgrau","tag-assessor-comercial","tag-assessor-de-servei","tag-automobils","tag-automocio","tag-barcelona","tag-carsharing","tag-conectividad","tag-connectivitat","tag-motosharing","tag-postgraus","tag-sostenibilidad","tag-sostenibilitat","tag-vehicle-compartit","tag-vehicle-electric","tag-vehicles-electrics","tag-vehiculo-compartido"],"yoast_head":"<!-- This site is optimized with the Yoast SEO plugin v27.2 - https:\/\/yoast.com\/product\/yoast-seo-wordpress\/ -->\n<title>Com canviar\u00e0 el negoci de l\u2019automoci\u00f3 cap al vehicle el\u00e8ctric i compartit? - Formaci\u00f3n profesional<\/title>\n<meta name=\"robots\" content=\"index, follow, max-snippet:-1, max-image-preview:large, max-video-preview:-1\" \/>\n<link rel=\"canonical\" href=\"https:\/\/www.monlau.com\/fp\/ca\/2020\/07\/23\/automocio-vehicle-electric-compartit\/\" \/>\n<meta property=\"og:locale\" content=\"ca_ES\" \/>\n<meta property=\"og:type\" content=\"article\" \/>\n<meta property=\"og:title\" content=\"Com canviar\u00e0 el negoci de l\u2019automoci\u00f3 cap al vehicle el\u00e8ctric i compartit? - Formaci\u00f3n profesional\" \/>\n<meta property=\"og:description\" content=\"De tots \u00e9s sabut que les tend\u00e8ncies del mercat estan canviant molt r\u00e0pidament degut, sobretot, a la necessitat de reduir les emissions contaminants dels vehicles i al canvi en les necessitats dels clients (parlem un altre cop de vehicle el\u00e8ctric, cotxe connectat, cotxe aut\u00f2nom, cotxe compartit&#8230;). Segons un dels \u00faltims informes de la companyia Price [&hellip;]\" \/>\n<meta property=\"og:url\" content=\"https:\/\/www.monlau.com\/fp\/ca\/2020\/07\/23\/automocio-vehicle-electric-compartit\/\" \/>\n<meta property=\"og:site_name\" content=\"Formaci\u00f3n profesional\" \/>\n<meta property=\"article:published_time\" content=\"2020-07-22T22:00:00+00:00\" \/>\n<meta property=\"article:modified_time\" content=\"2026-03-10T09:03:33+00:00\" \/>\n<meta property=\"og:image\" content=\"https:\/\/www.monlau.com\/app\/uploads\/sites\/3\/2026\/03\/automocion-vehiculo-electrico.jpg\" \/>\n\t<meta property=\"og:image:width\" content=\"1000\" \/>\n\t<meta property=\"og:image:height\" content=\"667\" \/>\n\t<meta property=\"og:image:type\" content=\"image\/jpeg\" \/>\n<meta name=\"author\" content=\"adsmurai\" \/>\n<meta name=\"twitter:card\" content=\"summary_large_image\" \/>\n<meta name=\"twitter:label1\" content=\"Escrit per\" \/>\n\t<meta name=\"twitter:data1\" content=\"adsmurai\" \/>\n\t<meta name=\"twitter:label2\" content=\"Temps estimat de lectura\" \/>\n\t<meta name=\"twitter:data2\" content=\"5 minuts\" \/>\n<script type=\"application\/ld+json\" class=\"yoast-schema-graph\">{\"@context\":\"https:\/\/schema.org\",\"@graph\":[{\"@type\":\"Article\",\"@id\":\"https:\/\/www.monlau.com\/fp\/ca\/2020\/07\/23\/automocio-vehicle-electric-compartit\/#article\",\"isPartOf\":{\"@id\":\"https:\/\/www.monlau.com\/fp\/ca\/2020\/07\/23\/automocio-vehicle-electric-compartit\/\"},\"author\":{\"name\":\"adsmurai\",\"@id\":\"https:\/\/www.monlau.com\/fp\/ca\/#\/schema\/person\/419cfdf054323e24e0a2ef1d8597f051\"},\"headline\":\"Com canviar\u00e0 el negoci de l\u2019automoci\u00f3 cap al vehicle el\u00e8ctric i compartit?\",\"datePublished\":\"2020-07-22T22:00:00+00:00\",\"dateModified\":\"2026-03-10T09:03:33+00:00\",\"mainEntityOfPage\":{\"@id\":\"https:\/\/www.monlau.com\/fp\/ca\/2020\/07\/23\/automocio-vehicle-electric-compartit\/\"},\"wordCount\":1021,\"publisher\":{\"@id\":\"https:\/\/www.monlau.com\/fp\/ca\/#organization\"},\"image\":{\"@id\":\"https:\/\/www.monlau.com\/fp\/ca\/2020\/07\/23\/automocio-vehicle-electric-compartit\/#primaryimage\"},\"thumbnailUrl\":\"https:\/\/www.monlau.com\/app\/uploads\/sites\/3\/2026\/03\/automocion-vehiculo-electrico.jpg\",\"keywords\":[\"Assessor Comercial\",\"Assessor de servei\",\"Autom\u00f2bils\",\"Automoci\u00f3\",\"barcelona\",\"carsharing\",\"conectividad\",\"connectivitat\",\"motosharing\",\"Postgraus\",\"sostenibilidad\",\"sostenibilitat\",\"vehicle compartit\",\"Vehicle el\u00e8ctric\",\"vehicles el\u00e8ctrics\",\"veh\u00edculo compartido\"],\"articleSection\":[\"Automoci\u00f3\",\"Monlau\",\"Postgrau\"],\"inLanguage\":\"ca\"},{\"@type\":\"WebPage\",\"@id\":\"https:\/\/www.monlau.com\/fp\/ca\/2020\/07\/23\/automocio-vehicle-electric-compartit\/\",\"url\":\"https:\/\/www.monlau.com\/fp\/ca\/2020\/07\/23\/automocio-vehicle-electric-compartit\/\",\"name\":\"Com canviar\u00e0 el negoci de l\u2019automoci\u00f3 cap al vehicle el\u00e8ctric i compartit? - Formaci\u00f3n profesional\",\"isPartOf\":{\"@id\":\"https:\/\/www.monlau.com\/fp\/ca\/#website\"},\"primaryImageOfPage\":{\"@id\":\"https:\/\/www.monlau.com\/fp\/ca\/2020\/07\/23\/automocio-vehicle-electric-compartit\/#primaryimage\"},\"image\":{\"@id\":\"https:\/\/www.monlau.com\/fp\/ca\/2020\/07\/23\/automocio-vehicle-electric-compartit\/#primaryimage\"},\"thumbnailUrl\":\"https:\/\/www.monlau.com\/app\/uploads\/sites\/3\/2026\/03\/automocion-vehiculo-electrico.jpg\",\"datePublished\":\"2020-07-22T22:00:00+00:00\",\"dateModified\":\"2026-03-10T09:03:33+00:00\",\"breadcrumb\":{\"@id\":\"https:\/\/www.monlau.com\/fp\/ca\/2020\/07\/23\/automocio-vehicle-electric-compartit\/#breadcrumb\"},\"inLanguage\":\"ca\",\"potentialAction\":[{\"@type\":\"ReadAction\",\"target\":[\"https:\/\/www.monlau.com\/fp\/ca\/2020\/07\/23\/automocio-vehicle-electric-compartit\/\"]}]},{\"@type\":\"ImageObject\",\"inLanguage\":\"ca\",\"@id\":\"https:\/\/www.monlau.com\/fp\/ca\/2020\/07\/23\/automocio-vehicle-electric-compartit\/#primaryimage\",\"url\":\"https:\/\/www.monlau.com\/app\/uploads\/sites\/3\/2026\/03\/automocion-vehiculo-electrico.jpg\",\"contentUrl\":\"https:\/\/www.monlau.com\/app\/uploads\/sites\/3\/2026\/03\/automocion-vehiculo-electrico.jpg\",\"width\":1000,\"height\":667},{\"@type\":\"BreadcrumbList\",\"@id\":\"https:\/\/www.monlau.com\/fp\/ca\/2020\/07\/23\/automocio-vehicle-electric-compartit\/#breadcrumb\",\"itemListElement\":[{\"@type\":\"ListItem\",\"position\":1,\"name\":\"Portada\",\"item\":\"https:\/\/www.monlau.com\/fp\/ca\/inici\/\"},{\"@type\":\"ListItem\",\"position\":2,\"name\":\"Com canviar\u00e0 el negoci de l\u2019automoci\u00f3 cap al vehicle el\u00e8ctric i compartit?\"}]},{\"@type\":\"WebSite\",\"@id\":\"https:\/\/www.monlau.com\/fp\/ca\/#website\",\"url\":\"https:\/\/www.monlau.com\/fp\/ca\/\",\"name\":\"Formaci\u00f3n profesional\",\"description\":\"Monlau\",\"publisher\":{\"@id\":\"https:\/\/www.monlau.com\/fp\/ca\/#organization\"},\"potentialAction\":[{\"@type\":\"SearchAction\",\"target\":{\"@type\":\"EntryPoint\",\"urlTemplate\":\"https:\/\/www.monlau.com\/fp\/ca\/?s={search_term_string}\"},\"query-input\":{\"@type\":\"PropertyValueSpecification\",\"valueRequired\":true,\"valueName\":\"search_term_string\"}}],\"inLanguage\":\"ca\"},{\"@type\":\"Organization\",\"@id\":\"https:\/\/www.monlau.com\/fp\/ca\/#organization\",\"name\":\"Formaci\u00f3n profesional\",\"url\":\"https:\/\/www.monlau.com\/fp\/ca\/\",\"logo\":{\"@type\":\"ImageObject\",\"inLanguage\":\"ca\",\"@id\":\"https:\/\/www.monlau.com\/fp\/ca\/#\/schema\/logo\/image\/\",\"url\":\"https:\/\/www.monlau.com\/app\/uploads\/sites\/3\/2026\/01\/fp.png\",\"contentUrl\":\"https:\/\/www.monlau.com\/app\/uploads\/sites\/3\/2026\/01\/fp.png\",\"width\":1024,\"height\":878,\"caption\":\"Formaci\u00f3n profesional\"},\"image\":{\"@id\":\"https:\/\/www.monlau.com\/fp\/ca\/#\/schema\/logo\/image\/\"}},{\"@type\":\"Person\",\"@id\":\"https:\/\/www.monlau.com\/fp\/ca\/#\/schema\/person\/419cfdf054323e24e0a2ef1d8597f051\",\"name\":\"adsmurai\",\"image\":{\"@type\":\"ImageObject\",\"inLanguage\":\"ca\",\"@id\":\"https:\/\/secure.gravatar.com\/avatar\/0748788578f91786454454fa3b4c295644edb991ad6caadc70b41d26790d38fc?s=96&d=mm&r=g\",\"url\":\"https:\/\/secure.gravatar.com\/avatar\/0748788578f91786454454fa3b4c295644edb991ad6caadc70b41d26790d38fc?s=96&d=mm&r=g\",\"contentUrl\":\"https:\/\/secure.gravatar.com\/avatar\/0748788578f91786454454fa3b4c295644edb991ad6caadc70b41d26790d38fc?s=96&d=mm&r=g\",\"caption\":\"adsmurai\"},\"sameAs\":[\"https:\/\/www.monlau.com\"],\"url\":\"https:\/\/www.monlau.com\/fp\/ca\/author\/adsmurai\/\"}]}<\/script>\n<!-- \/ Yoast SEO plugin. -->","yoast_head_json":{"title":"Com canviar\u00e0 el negoci de l\u2019automoci\u00f3 cap al vehicle el\u00e8ctric i compartit? - Formaci\u00f3n profesional","robots":{"index":"index","follow":"follow","max-snippet":"max-snippet:-1","max-image-preview":"max-image-preview:large","max-video-preview":"max-video-preview:-1"},"canonical":"https:\/\/www.monlau.com\/fp\/ca\/2020\/07\/23\/automocio-vehicle-electric-compartit\/","og_locale":"ca_ES","og_type":"article","og_title":"Com canviar\u00e0 el negoci de l\u2019automoci\u00f3 cap al vehicle el\u00e8ctric i compartit? - Formaci\u00f3n profesional","og_description":"De tots \u00e9s sabut que les tend\u00e8ncies del mercat estan canviant molt r\u00e0pidament degut, sobretot, a la necessitat de reduir les emissions contaminants dels vehicles i al canvi en les necessitats dels clients (parlem un altre cop de vehicle el\u00e8ctric, cotxe connectat, cotxe aut\u00f2nom, cotxe compartit&#8230;). Segons un dels \u00faltims informes de la companyia Price [&hellip;]","og_url":"https:\/\/www.monlau.com\/fp\/ca\/2020\/07\/23\/automocio-vehicle-electric-compartit\/","og_site_name":"Formaci\u00f3n profesional","article_published_time":"2020-07-22T22:00:00+00:00","article_modified_time":"2026-03-10T09:03:33+00:00","og_image":[{"width":1000,"height":667,"url":"https:\/\/www.monlau.com\/app\/uploads\/sites\/3\/2026\/03\/automocion-vehiculo-electrico.jpg","type":"image\/jpeg"}],"author":"adsmurai","twitter_card":"summary_large_image","twitter_misc":{"Escrit per":"adsmurai","Temps estimat de lectura":"5 minuts"},"schema":{"@context":"https:\/\/schema.org","@graph":[{"@type":"Article","@id":"https:\/\/www.monlau.com\/fp\/ca\/2020\/07\/23\/automocio-vehicle-electric-compartit\/#article","isPartOf":{"@id":"https:\/\/www.monlau.com\/fp\/ca\/2020\/07\/23\/automocio-vehicle-electric-compartit\/"},"author":{"name":"adsmurai","@id":"https:\/\/www.monlau.com\/fp\/ca\/#\/schema\/person\/419cfdf054323e24e0a2ef1d8597f051"},"headline":"Com canviar\u00e0 el negoci de l\u2019automoci\u00f3 cap al vehicle el\u00e8ctric i compartit?","datePublished":"2020-07-22T22:00:00+00:00","dateModified":"2026-03-10T09:03:33+00:00","mainEntityOfPage":{"@id":"https:\/\/www.monlau.com\/fp\/ca\/2020\/07\/23\/automocio-vehicle-electric-compartit\/"},"wordCount":1021,"publisher":{"@id":"https:\/\/www.monlau.com\/fp\/ca\/#organization"},"image":{"@id":"https:\/\/www.monlau.com\/fp\/ca\/2020\/07\/23\/automocio-vehicle-electric-compartit\/#primaryimage"},"thumbnailUrl":"https:\/\/www.monlau.com\/app\/uploads\/sites\/3\/2026\/03\/automocion-vehiculo-electrico.jpg","keywords":["Assessor Comercial","Assessor de servei","Autom\u00f2bils","Automoci\u00f3","barcelona","carsharing","conectividad","connectivitat","motosharing","Postgraus","sostenibilidad","sostenibilitat","vehicle compartit","Vehicle el\u00e8ctric","vehicles el\u00e8ctrics","veh\u00edculo compartido"],"articleSection":["Automoci\u00f3","Monlau","Postgrau"],"inLanguage":"ca"},{"@type":"WebPage","@id":"https:\/\/www.monlau.com\/fp\/ca\/2020\/07\/23\/automocio-vehicle-electric-compartit\/","url":"https:\/\/www.monlau.com\/fp\/ca\/2020\/07\/23\/automocio-vehicle-electric-compartit\/","name":"Com canviar\u00e0 el negoci de l\u2019automoci\u00f3 cap al vehicle el\u00e8ctric i compartit? - Formaci\u00f3n profesional","isPartOf":{"@id":"https:\/\/www.monlau.com\/fp\/ca\/#website"},"primaryImageOfPage":{"@id":"https:\/\/www.monlau.com\/fp\/ca\/2020\/07\/23\/automocio-vehicle-electric-compartit\/#primaryimage"},"image":{"@id":"https:\/\/www.monlau.com\/fp\/ca\/2020\/07\/23\/automocio-vehicle-electric-compartit\/#primaryimage"},"thumbnailUrl":"https:\/\/www.monlau.com\/app\/uploads\/sites\/3\/2026\/03\/automocion-vehiculo-electrico.jpg","datePublished":"2020-07-22T22:00:00+00:00","dateModified":"2026-03-10T09:03:33+00:00","breadcrumb":{"@id":"https:\/\/www.monlau.com\/fp\/ca\/2020\/07\/23\/automocio-vehicle-electric-compartit\/#breadcrumb"},"inLanguage":"ca","potentialAction":[{"@type":"ReadAction","target":["https:\/\/www.monlau.com\/fp\/ca\/2020\/07\/23\/automocio-vehicle-electric-compartit\/"]}]},{"@type":"ImageObject","inLanguage":"ca","@id":"https:\/\/www.monlau.com\/fp\/ca\/2020\/07\/23\/automocio-vehicle-electric-compartit\/#primaryimage","url":"https:\/\/www.monlau.com\/app\/uploads\/sites\/3\/2026\/03\/automocion-vehiculo-electrico.jpg","contentUrl":"https:\/\/www.monlau.com\/app\/uploads\/sites\/3\/2026\/03\/automocion-vehiculo-electrico.jpg","width":1000,"height":667},{"@type":"BreadcrumbList","@id":"https:\/\/www.monlau.com\/fp\/ca\/2020\/07\/23\/automocio-vehicle-electric-compartit\/#breadcrumb","itemListElement":[{"@type":"ListItem","position":1,"name":"Portada","item":"https:\/\/www.monlau.com\/fp\/ca\/inici\/"},{"@type":"ListItem","position":2,"name":"Com canviar\u00e0 el negoci de l\u2019automoci\u00f3 cap al vehicle el\u00e8ctric i compartit?"}]},{"@type":"WebSite","@id":"https:\/\/www.monlau.com\/fp\/ca\/#website","url":"https:\/\/www.monlau.com\/fp\/ca\/","name":"Formaci\u00f3n profesional","description":"Monlau","publisher":{"@id":"https:\/\/www.monlau.com\/fp\/ca\/#organization"},"potentialAction":[{"@type":"SearchAction","target":{"@type":"EntryPoint","urlTemplate":"https:\/\/www.monlau.com\/fp\/ca\/?s={search_term_string}"},"query-input":{"@type":"PropertyValueSpecification","valueRequired":true,"valueName":"search_term_string"}}],"inLanguage":"ca"},{"@type":"Organization","@id":"https:\/\/www.monlau.com\/fp\/ca\/#organization","name":"Formaci\u00f3n profesional","url":"https:\/\/www.monlau.com\/fp\/ca\/","logo":{"@type":"ImageObject","inLanguage":"ca","@id":"https:\/\/www.monlau.com\/fp\/ca\/#\/schema\/logo\/image\/","url":"https:\/\/www.monlau.com\/app\/uploads\/sites\/3\/2026\/01\/fp.png","contentUrl":"https:\/\/www.monlau.com\/app\/uploads\/sites\/3\/2026\/01\/fp.png","width":1024,"height":878,"caption":"Formaci\u00f3n profesional"},"image":{"@id":"https:\/\/www.monlau.com\/fp\/ca\/#\/schema\/logo\/image\/"}},{"@type":"Person","@id":"https:\/\/www.monlau.com\/fp\/ca\/#\/schema\/person\/419cfdf054323e24e0a2ef1d8597f051","name":"adsmurai","image":{"@type":"ImageObject","inLanguage":"ca","@id":"https:\/\/secure.gravatar.com\/avatar\/0748788578f91786454454fa3b4c295644edb991ad6caadc70b41d26790d38fc?s=96&d=mm&r=g","url":"https:\/\/secure.gravatar.com\/avatar\/0748788578f91786454454fa3b4c295644edb991ad6caadc70b41d26790d38fc?s=96&d=mm&r=g","contentUrl":"https:\/\/secure.gravatar.com\/avatar\/0748788578f91786454454fa3b4c295644edb991ad6caadc70b41d26790d38fc?s=96&d=mm&r=g","caption":"adsmurai"},"sameAs":["https:\/\/www.monlau.com"],"url":"https:\/\/www.monlau.com\/fp\/ca\/author\/adsmurai\/"}]}},"_links":{"self":[{"href":"https:\/\/www.monlau.com\/fp\/ca\/wp-json\/wp\/v2\/posts\/6149","targetHints":{"allow":["GET"]}}],"collection":[{"href":"https:\/\/www.monlau.com\/fp\/ca\/wp-json\/wp\/v2\/posts"}],"about":[{"href":"https:\/\/www.monlau.com\/fp\/ca\/wp-json\/wp\/v2\/types\/post"}],"author":[{"embeddable":true,"href":"https:\/\/www.monlau.com\/fp\/ca\/wp-json\/wp\/v2\/users\/1"}],"replies":[{"embeddable":true,"href":"https:\/\/www.monlau.com\/fp\/ca\/wp-json\/wp\/v2\/comments?post=6149"}],"version-history":[{"count":1,"href":"https:\/\/www.monlau.com\/fp\/ca\/wp-json\/wp\/v2\/posts\/6149\/revisions"}],"predecessor-version":[{"id":6470,"href":"https:\/\/www.monlau.com\/fp\/ca\/wp-json\/wp\/v2\/posts\/6149\/revisions\/6470"}],"wp:featuredmedia":[{"embeddable":true,"href":"https:\/\/www.monlau.com\/fp\/ca\/wp-json\/wp\/v2\/media\/3411"}],"wp:attachment":[{"href":"https:\/\/www.monlau.com\/fp\/ca\/wp-json\/wp\/v2\/media?parent=6149"}],"wp:term":[{"taxonomy":"category","embeddable":true,"href":"https:\/\/www.monlau.com\/fp\/ca\/wp-json\/wp\/v2\/categories?post=6149"},{"taxonomy":"post_tag","embeddable":true,"href":"https:\/\/www.monlau.com\/fp\/ca\/wp-json\/wp\/v2\/tags?post=6149"}],"curies":[{"name":"wp","href":"https:\/\/api.w.org\/{rel}","templated":true}]}}