{"id":6144,"date":"2020-05-21T00:00:00","date_gmt":"2020-05-20T22:00:00","guid":{"rendered":"https:\/\/www.monlau.com\/formacion-profesional\/parlen-alumnes-grau-mitja-electromecanica-motos\/"},"modified":"2026-03-10T10:03:33","modified_gmt":"2026-03-10T09:03:33","slug":"parlen-alumnes-grau-mitja-electromecanica-motos","status":"publish","type":"post","link":"https:\/\/www.monlau.com\/fp\/ca\/2020\/05\/21\/parlen-alumnes-grau-mitja-electromecanica-motos\/","title":{"rendered":"Parlen els alumnes del grau mitj\u00e0 en electromec\u00e0nica de Motos"},"content":{"rendered":"<p><strong>Aquest juny acabes l&#8217;ESO i t&#8217;est\u00e0s preguntant qu\u00e8 estudiar el curs vinent? Tens dubtes sobre els diferents cicles d\u2019FP que s&#8217;ofereixen a l&#8217;\u00e0rea d&#8217;automoci\u00f3?<\/strong> Et compartim l&#8217;experi\u00e8ncia dels alumnes que han estudiat i estudien el Grau Mitj\u00e0 d&#8217;Electromec\u00e0nica de Motos a Monlau.<\/p>\n<p>Ells i elles estaven en la teva situaci\u00f3 i a l&#8217;entrar a la m\u00edtica planta -1 de Monlau La Maquinista i en con\u00e8ixer l&#8217;equip\u00e0s de el departament de motocicletes es van trobar amb tot aix\u00f2::<\/p>\n<blockquote>\n<p><em>&#8220;En realitat, nom\u00e9s hi ha un motiu pel qual vaig triar estudiar motos: des de petita m&#8217;agraden i m&#8217;asseia a veure MotoGP amb el meu pare i sempre li deia que de gran seria &#8216;mec\u00e0nica de motos! Aquest era el meu major somni, i demostrar que podia. <\/em><\/p>\n<p><em>Vaig con\u00e8ixer l&#8217;escola a trav\u00e9s d&#8217;un amic, vam anar a veure-la. En el moment que entre em vaig veure estudiant all\u00e0. Fins i tot, abans d&#8217;apuntar-me la meva mare intent conv\u00e8ncer-me que fes una altra cosa, per\u00f2 no m&#8217;agradava res m\u00e9s. <\/em><\/p>\n<p><em>Des del principi, vaig tenir una mica de por, ja que era l&#8217;\u00fanica noia i no sabia com m&#8217;anaven a tractar els companys. Em vaig sorprendre perqu\u00e8 em vaig adaptar en poc temps, els professors s\u00f3n diferents de l&#8217;ESO, fan les classes din\u00e0miques, t&#8217;ajuden a el m\u00e0xim, s\u00f3n divertits, fan bromes, semblen un m\u00e9s. En el meu cas, els professors em van acollir com si fos una filla per a ells, em van ajudar en tot el que em feia falta i necessitava. El departament de motocicletes s&#8217;ha convertit en la meva segona fam\u00edlia perqu\u00e8 em passava, i passo, m\u00e9s temps all\u00e0 que a casa meva.&#8221;<\/em><\/p>\n<\/blockquote>\n<p style=\"text-align: right;\"><strong>Natalia Fern\u00e1ndez<\/strong><\/p>\n<p style=\"text-align: right;\"><strong>Exalumna del Grau Mitj\u00e0 d&#8217;Electromec\u00e0nica de Motocicletes. <\/strong><strong>Actual alumna del Grau Superior d&#8217;Automoci\u00f3 tamb\u00e9 a Monlau.<\/strong><\/p>\n<blockquote>\n<p>&#8220;La meva passi\u00f3 des de petit sempre han estat les motos, i el meu somni era formar el meu equip de motos juntament amb els meus amics. Vaig apostar per Monlau per que buscava un ensenyament acad\u00e8mic de qualitat.<\/p>\n<p>Aix\u00f2 vol dir que hi ha un professorat comprom\u00e8s, actualitzat i on, a m\u00e9s d&#8217;ensenyar, t&#8217;ajuden a cr\u00e9ixer personalment. Molt satisfet durant el per\u00edode que vaig ser alumne i, tamb\u00e9 despr\u00e9s amb el tracte personal que encara mantinc amb el tutor i els professors. La infraestructura amb qu\u00e8 compta \u00e9s sens dubte la millor, les seves instal\u00b7lacions disposen de tot el necessari per a totes les activitats acad\u00e8miques.<\/p>\n<p>Tornaria a triar Monlau altra vegada per a la meva formaci\u00f3. Hi ha el clima propici d&#8217;aprenentatge, el projecte escolar que t\u00e9, la metodologia i la disciplina per formar. Sens dubte una etapa de la meva vida on vaig madurar tant professionalment com personal, i ho agraeixo.&#8221;<\/p>\n<\/blockquote>\n<p style=\"text-align: right;\"><strong>Alex Rubio<\/strong><\/p>\n<p style=\"text-align: right;\"><strong>Exalumne de l&#8217;Grau Mitj\u00e0 d&#8217;Electromec\u00e0nica de Motocicletes. Ara treballa en equips de motocicletes fent de Couch. Tamb\u00e9 ha col\u00b7laborat amb Monlau donant xerrades de pilotatge i t\u00e8cniques per a l&#8217;alumnat.<\/strong><\/p>\n<blockquote>\n<p>&#8220;Despr\u00e9s de dos anys a Monlau dels motius de la meva elecci\u00f3 han canviat una mica, primer eren el nom de l&#8217;escola o la proximitat, per\u00f2 avui em quedo amb:<\/p>\n<p>Primer, l&#8217;ajuda i assessorament de professorat a nivell personal dins i fora de l&#8217;\u00e0mbit escolar. Segon, la qualitat t\u00e8cnica i acad\u00e8mica de l&#8217;equip docent. Per\u00f2 tamb\u00e9, el bon rotllo que hi ha entre professors i alumnes. En tercer lloc, el ventall de possibilitats que t&#8217;ofereix Monlau per continuar estudiant un Grau Superior o Competici\u00f3, per\u00f2 tamb\u00e9 per sortir al m\u00f3n laboral, ja que t&#8217;obre moltes portes.<\/p>\n<p>L&#8217;important \u00e9s la combinaci\u00f3 de tots aquests factors que generen bon rotllo i ganes de pencar i tirar-lo endavant.&#8221;<\/p>\n<\/blockquote>\n<p style=\"text-align: right;\"><strong>Eric Bosc<\/strong><\/p>\n<p style=\"text-align: right;\"><strong>Alumne de 2n de Grau Mitj\u00e0 d&#8217;Electromec\u00e0nica de Motocicletes.<\/strong><\/p>\n<p>La preinscripci\u00f3 per al <a href=\"https:\/\/www.monlau.com\/estudis-professionals\/cursos\/grau-mitja-electromecanica-vehicles-motocicletes\/?lang=ca\">grau mitj\u00e0 d&#8217;electromec\u00e0nica de motos<\/a> es far\u00e0 de forma online del 2 al 8 de juny. <a href=\"https:\/\/www.monlau.com\/estudis-professionals\/preinscripcio-matricula-20-21\/?lang=ca\">Informa&#8217;t aqu\u00ed sobre el proc\u00e9s de preinscripci\u00f3<\/a>!<\/p>\n<p><img fetchpriority=\"high\" decoding=\"async\" class=\"wp-image-8667 alignright size-full\" src=\"https:\/\/www.monlau.com\/estudis-professionals\/wp-content\/uploads\/sites\/3\/2020\/05\/fp-electromecanica-motocicletas-2.jpg\" alt=\"\" width=\"1500\" height=\"1000\" \/><\/p>\n<p>En col\u00b7aboraci\u00f3 amb el departament d&#8217;Informaci\u00f3 i Admissions.<\/p>\n","protected":false},"excerpt":{"rendered":"<p>Aquest juny acabes l&#8217;ESO i t&#8217;est\u00e0s preguntant qu\u00e8 estudiar el curs vinent? Tens dubtes sobre els diferents cicles d\u2019FP que s&#8217;ofereixen a l&#8217;\u00e0rea d&#8217;automoci\u00f3? Et compartim l&#8217;experi\u00e8ncia dels alumnes que han estudiat i estudien el Grau Mitj\u00e0 d&#8217;Electromec\u00e0nica de Motos a Monlau. Ells i elles estaven en la teva situaci\u00f3 i a l&#8217;entrar a la [&hellip;]<\/p>\n","protected":false},"author":1,"featured_media":3403,"comment_status":"closed","ping_status":"closed","sticky":false,"template":"","format":"standard","meta":{"footnotes":""},"categories":[252],"tags":[364,365,263,366,367],"class_list":["post-6144","post","type-post","status-publish","format-standard","has-post-thumbnail","hentry","category-automocio","tag-alumnes","tag-electromecanica","tag-grau-mitja","tag-motocicletes","tag-motos"],"yoast_head":"<!-- This site is optimized with the Yoast SEO plugin v27.2 - https:\/\/yoast.com\/product\/yoast-seo-wordpress\/ -->\n<title>Parlen els alumnes del grau mitj\u00e0 en electromec\u00e0nica de Motos - Formaci\u00f3n profesional<\/title>\n<meta name=\"robots\" content=\"index, follow, max-snippet:-1, max-image-preview:large, max-video-preview:-1\" \/>\n<link rel=\"canonical\" href=\"https:\/\/www.monlau.com\/fp\/ca\/2020\/05\/21\/parlen-alumnes-grau-mitja-electromecanica-motos\/\" \/>\n<meta property=\"og:locale\" content=\"ca_ES\" \/>\n<meta property=\"og:type\" content=\"article\" \/>\n<meta property=\"og:title\" content=\"Parlen els alumnes del grau mitj\u00e0 en electromec\u00e0nica de Motos - Formaci\u00f3n profesional\" \/>\n<meta property=\"og:description\" content=\"Aquest juny acabes l&#8217;ESO i t&#8217;est\u00e0s preguntant qu\u00e8 estudiar el curs vinent? Tens dubtes sobre els diferents cicles d\u2019FP que s&#8217;ofereixen a l&#8217;\u00e0rea d&#8217;automoci\u00f3? Et compartim l&#8217;experi\u00e8ncia dels alumnes que han estudiat i estudien el Grau Mitj\u00e0 d&#8217;Electromec\u00e0nica de Motos a Monlau. Ells i elles estaven en la teva situaci\u00f3 i a l&#8217;entrar a la [&hellip;]\" \/>\n<meta property=\"og:url\" content=\"https:\/\/www.monlau.com\/fp\/ca\/2020\/05\/21\/parlen-alumnes-grau-mitja-electromecanica-motos\/\" \/>\n<meta property=\"og:site_name\" content=\"Formaci\u00f3n profesional\" \/>\n<meta property=\"article:published_time\" content=\"2020-05-20T22:00:00+00:00\" \/>\n<meta property=\"article:modified_time\" content=\"2026-03-10T09:03:33+00:00\" \/>\n<meta property=\"og:image\" content=\"https:\/\/www.monlau.com\/app\/uploads\/sites\/3\/2026\/03\/fp-electromecanica-motocicletas-1.jpg\" \/>\n\t<meta property=\"og:image:width\" content=\"1000\" \/>\n\t<meta property=\"og:image:height\" content=\"667\" \/>\n\t<meta property=\"og:image:type\" content=\"image\/jpeg\" \/>\n<meta name=\"author\" content=\"adsmurai\" \/>\n<meta name=\"twitter:card\" content=\"summary_large_image\" \/>\n<meta name=\"twitter:label1\" content=\"Escrit per\" \/>\n\t<meta name=\"twitter:data1\" content=\"adsmurai\" \/>\n\t<meta name=\"twitter:label2\" content=\"Temps estimat de lectura\" \/>\n\t<meta name=\"twitter:data2\" content=\"3 minuts\" \/>\n<script type=\"application\/ld+json\" class=\"yoast-schema-graph\">{\"@context\":\"https:\/\/schema.org\",\"@graph\":[{\"@type\":\"Article\",\"@id\":\"https:\/\/www.monlau.com\/fp\/ca\/2020\/05\/21\/parlen-alumnes-grau-mitja-electromecanica-motos\/#article\",\"isPartOf\":{\"@id\":\"https:\/\/www.monlau.com\/fp\/ca\/2020\/05\/21\/parlen-alumnes-grau-mitja-electromecanica-motos\/\"},\"author\":{\"name\":\"adsmurai\",\"@id\":\"https:\/\/www.monlau.com\/fp\/ca\/#\/schema\/person\/419cfdf054323e24e0a2ef1d8597f051\"},\"headline\":\"Parlen els alumnes del grau mitj\u00e0 en electromec\u00e0nica de Motos\",\"datePublished\":\"2020-05-20T22:00:00+00:00\",\"dateModified\":\"2026-03-10T09:03:33+00:00\",\"mainEntityOfPage\":{\"@id\":\"https:\/\/www.monlau.com\/fp\/ca\/2020\/05\/21\/parlen-alumnes-grau-mitja-electromecanica-motos\/\"},\"wordCount\":725,\"publisher\":{\"@id\":\"https:\/\/www.monlau.com\/fp\/ca\/#organization\"},\"image\":{\"@id\":\"https:\/\/www.monlau.com\/fp\/ca\/2020\/05\/21\/parlen-alumnes-grau-mitja-electromecanica-motos\/#primaryimage\"},\"thumbnailUrl\":\"https:\/\/www.monlau.com\/app\/uploads\/sites\/3\/2026\/03\/fp-electromecanica-motocicletas-1.jpg\",\"keywords\":[\"alumnes\",\"electromec\u00e0nica\",\"Grau Mitj\u00e0\",\"motocicletes\",\"motos\"],\"articleSection\":[\"Automoci\u00f3\"],\"inLanguage\":\"ca\"},{\"@type\":\"WebPage\",\"@id\":\"https:\/\/www.monlau.com\/fp\/ca\/2020\/05\/21\/parlen-alumnes-grau-mitja-electromecanica-motos\/\",\"url\":\"https:\/\/www.monlau.com\/fp\/ca\/2020\/05\/21\/parlen-alumnes-grau-mitja-electromecanica-motos\/\",\"name\":\"Parlen els alumnes del grau mitj\u00e0 en electromec\u00e0nica de Motos - Formaci\u00f3n profesional\",\"isPartOf\":{\"@id\":\"https:\/\/www.monlau.com\/fp\/ca\/#website\"},\"primaryImageOfPage\":{\"@id\":\"https:\/\/www.monlau.com\/fp\/ca\/2020\/05\/21\/parlen-alumnes-grau-mitja-electromecanica-motos\/#primaryimage\"},\"image\":{\"@id\":\"https:\/\/www.monlau.com\/fp\/ca\/2020\/05\/21\/parlen-alumnes-grau-mitja-electromecanica-motos\/#primaryimage\"},\"thumbnailUrl\":\"https:\/\/www.monlau.com\/app\/uploads\/sites\/3\/2026\/03\/fp-electromecanica-motocicletas-1.jpg\",\"datePublished\":\"2020-05-20T22:00:00+00:00\",\"dateModified\":\"2026-03-10T09:03:33+00:00\",\"breadcrumb\":{\"@id\":\"https:\/\/www.monlau.com\/fp\/ca\/2020\/05\/21\/parlen-alumnes-grau-mitja-electromecanica-motos\/#breadcrumb\"},\"inLanguage\":\"ca\",\"potentialAction\":[{\"@type\":\"ReadAction\",\"target\":[\"https:\/\/www.monlau.com\/fp\/ca\/2020\/05\/21\/parlen-alumnes-grau-mitja-electromecanica-motos\/\"]}]},{\"@type\":\"ImageObject\",\"inLanguage\":\"ca\",\"@id\":\"https:\/\/www.monlau.com\/fp\/ca\/2020\/05\/21\/parlen-alumnes-grau-mitja-electromecanica-motos\/#primaryimage\",\"url\":\"https:\/\/www.monlau.com\/app\/uploads\/sites\/3\/2026\/03\/fp-electromecanica-motocicletas-1.jpg\",\"contentUrl\":\"https:\/\/www.monlau.com\/app\/uploads\/sites\/3\/2026\/03\/fp-electromecanica-motocicletas-1.jpg\",\"width\":1000,\"height\":667},{\"@type\":\"BreadcrumbList\",\"@id\":\"https:\/\/www.monlau.com\/fp\/ca\/2020\/05\/21\/parlen-alumnes-grau-mitja-electromecanica-motos\/#breadcrumb\",\"itemListElement\":[{\"@type\":\"ListItem\",\"position\":1,\"name\":\"Portada\",\"item\":\"https:\/\/www.monlau.com\/fp\/ca\/inici\/\"},{\"@type\":\"ListItem\",\"position\":2,\"name\":\"Parlen els alumnes del grau mitj\u00e0 en electromec\u00e0nica de Motos\"}]},{\"@type\":\"WebSite\",\"@id\":\"https:\/\/www.monlau.com\/fp\/ca\/#website\",\"url\":\"https:\/\/www.monlau.com\/fp\/ca\/\",\"name\":\"Formaci\u00f3n profesional\",\"description\":\"Monlau\",\"publisher\":{\"@id\":\"https:\/\/www.monlau.com\/fp\/ca\/#organization\"},\"potentialAction\":[{\"@type\":\"SearchAction\",\"target\":{\"@type\":\"EntryPoint\",\"urlTemplate\":\"https:\/\/www.monlau.com\/fp\/ca\/?s={search_term_string}\"},\"query-input\":{\"@type\":\"PropertyValueSpecification\",\"valueRequired\":true,\"valueName\":\"search_term_string\"}}],\"inLanguage\":\"ca\"},{\"@type\":\"Organization\",\"@id\":\"https:\/\/www.monlau.com\/fp\/ca\/#organization\",\"name\":\"Formaci\u00f3n profesional\",\"url\":\"https:\/\/www.monlau.com\/fp\/ca\/\",\"logo\":{\"@type\":\"ImageObject\",\"inLanguage\":\"ca\",\"@id\":\"https:\/\/www.monlau.com\/fp\/ca\/#\/schema\/logo\/image\/\",\"url\":\"https:\/\/www.monlau.com\/app\/uploads\/sites\/3\/2026\/01\/fp.png\",\"contentUrl\":\"https:\/\/www.monlau.com\/app\/uploads\/sites\/3\/2026\/01\/fp.png\",\"width\":1024,\"height\":878,\"caption\":\"Formaci\u00f3n profesional\"},\"image\":{\"@id\":\"https:\/\/www.monlau.com\/fp\/ca\/#\/schema\/logo\/image\/\"}},{\"@type\":\"Person\",\"@id\":\"https:\/\/www.monlau.com\/fp\/ca\/#\/schema\/person\/419cfdf054323e24e0a2ef1d8597f051\",\"name\":\"adsmurai\",\"image\":{\"@type\":\"ImageObject\",\"inLanguage\":\"ca\",\"@id\":\"https:\/\/secure.gravatar.com\/avatar\/0748788578f91786454454fa3b4c295644edb991ad6caadc70b41d26790d38fc?s=96&d=mm&r=g\",\"url\":\"https:\/\/secure.gravatar.com\/avatar\/0748788578f91786454454fa3b4c295644edb991ad6caadc70b41d26790d38fc?s=96&d=mm&r=g\",\"contentUrl\":\"https:\/\/secure.gravatar.com\/avatar\/0748788578f91786454454fa3b4c295644edb991ad6caadc70b41d26790d38fc?s=96&d=mm&r=g\",\"caption\":\"adsmurai\"},\"sameAs\":[\"https:\/\/www.monlau.com\"],\"url\":\"https:\/\/www.monlau.com\/fp\/ca\/author\/adsmurai\/\"}]}<\/script>\n<!-- \/ Yoast SEO plugin. -->","yoast_head_json":{"title":"Parlen els alumnes del grau mitj\u00e0 en electromec\u00e0nica de Motos - Formaci\u00f3n profesional","robots":{"index":"index","follow":"follow","max-snippet":"max-snippet:-1","max-image-preview":"max-image-preview:large","max-video-preview":"max-video-preview:-1"},"canonical":"https:\/\/www.monlau.com\/fp\/ca\/2020\/05\/21\/parlen-alumnes-grau-mitja-electromecanica-motos\/","og_locale":"ca_ES","og_type":"article","og_title":"Parlen els alumnes del grau mitj\u00e0 en electromec\u00e0nica de Motos - Formaci\u00f3n profesional","og_description":"Aquest juny acabes l&#8217;ESO i t&#8217;est\u00e0s preguntant qu\u00e8 estudiar el curs vinent? Tens dubtes sobre els diferents cicles d\u2019FP que s&#8217;ofereixen a l&#8217;\u00e0rea d&#8217;automoci\u00f3? Et compartim l&#8217;experi\u00e8ncia dels alumnes que han estudiat i estudien el Grau Mitj\u00e0 d&#8217;Electromec\u00e0nica de Motos a Monlau. Ells i elles estaven en la teva situaci\u00f3 i a l&#8217;entrar a la [&hellip;]","og_url":"https:\/\/www.monlau.com\/fp\/ca\/2020\/05\/21\/parlen-alumnes-grau-mitja-electromecanica-motos\/","og_site_name":"Formaci\u00f3n profesional","article_published_time":"2020-05-20T22:00:00+00:00","article_modified_time":"2026-03-10T09:03:33+00:00","og_image":[{"width":1000,"height":667,"url":"https:\/\/www.monlau.com\/app\/uploads\/sites\/3\/2026\/03\/fp-electromecanica-motocicletas-1.jpg","type":"image\/jpeg"}],"author":"adsmurai","twitter_card":"summary_large_image","twitter_misc":{"Escrit per":"adsmurai","Temps estimat de lectura":"3 minuts"},"schema":{"@context":"https:\/\/schema.org","@graph":[{"@type":"Article","@id":"https:\/\/www.monlau.com\/fp\/ca\/2020\/05\/21\/parlen-alumnes-grau-mitja-electromecanica-motos\/#article","isPartOf":{"@id":"https:\/\/www.monlau.com\/fp\/ca\/2020\/05\/21\/parlen-alumnes-grau-mitja-electromecanica-motos\/"},"author":{"name":"adsmurai","@id":"https:\/\/www.monlau.com\/fp\/ca\/#\/schema\/person\/419cfdf054323e24e0a2ef1d8597f051"},"headline":"Parlen els alumnes del grau mitj\u00e0 en electromec\u00e0nica de Motos","datePublished":"2020-05-20T22:00:00+00:00","dateModified":"2026-03-10T09:03:33+00:00","mainEntityOfPage":{"@id":"https:\/\/www.monlau.com\/fp\/ca\/2020\/05\/21\/parlen-alumnes-grau-mitja-electromecanica-motos\/"},"wordCount":725,"publisher":{"@id":"https:\/\/www.monlau.com\/fp\/ca\/#organization"},"image":{"@id":"https:\/\/www.monlau.com\/fp\/ca\/2020\/05\/21\/parlen-alumnes-grau-mitja-electromecanica-motos\/#primaryimage"},"thumbnailUrl":"https:\/\/www.monlau.com\/app\/uploads\/sites\/3\/2026\/03\/fp-electromecanica-motocicletas-1.jpg","keywords":["alumnes","electromec\u00e0nica","Grau Mitj\u00e0","motocicletes","motos"],"articleSection":["Automoci\u00f3"],"inLanguage":"ca"},{"@type":"WebPage","@id":"https:\/\/www.monlau.com\/fp\/ca\/2020\/05\/21\/parlen-alumnes-grau-mitja-electromecanica-motos\/","url":"https:\/\/www.monlau.com\/fp\/ca\/2020\/05\/21\/parlen-alumnes-grau-mitja-electromecanica-motos\/","name":"Parlen els alumnes del grau mitj\u00e0 en electromec\u00e0nica de Motos - Formaci\u00f3n profesional","isPartOf":{"@id":"https:\/\/www.monlau.com\/fp\/ca\/#website"},"primaryImageOfPage":{"@id":"https:\/\/www.monlau.com\/fp\/ca\/2020\/05\/21\/parlen-alumnes-grau-mitja-electromecanica-motos\/#primaryimage"},"image":{"@id":"https:\/\/www.monlau.com\/fp\/ca\/2020\/05\/21\/parlen-alumnes-grau-mitja-electromecanica-motos\/#primaryimage"},"thumbnailUrl":"https:\/\/www.monlau.com\/app\/uploads\/sites\/3\/2026\/03\/fp-electromecanica-motocicletas-1.jpg","datePublished":"2020-05-20T22:00:00+00:00","dateModified":"2026-03-10T09:03:33+00:00","breadcrumb":{"@id":"https:\/\/www.monlau.com\/fp\/ca\/2020\/05\/21\/parlen-alumnes-grau-mitja-electromecanica-motos\/#breadcrumb"},"inLanguage":"ca","potentialAction":[{"@type":"ReadAction","target":["https:\/\/www.monlau.com\/fp\/ca\/2020\/05\/21\/parlen-alumnes-grau-mitja-electromecanica-motos\/"]}]},{"@type":"ImageObject","inLanguage":"ca","@id":"https:\/\/www.monlau.com\/fp\/ca\/2020\/05\/21\/parlen-alumnes-grau-mitja-electromecanica-motos\/#primaryimage","url":"https:\/\/www.monlau.com\/app\/uploads\/sites\/3\/2026\/03\/fp-electromecanica-motocicletas-1.jpg","contentUrl":"https:\/\/www.monlau.com\/app\/uploads\/sites\/3\/2026\/03\/fp-electromecanica-motocicletas-1.jpg","width":1000,"height":667},{"@type":"BreadcrumbList","@id":"https:\/\/www.monlau.com\/fp\/ca\/2020\/05\/21\/parlen-alumnes-grau-mitja-electromecanica-motos\/#breadcrumb","itemListElement":[{"@type":"ListItem","position":1,"name":"Portada","item":"https:\/\/www.monlau.com\/fp\/ca\/inici\/"},{"@type":"ListItem","position":2,"name":"Parlen els alumnes del grau mitj\u00e0 en electromec\u00e0nica de Motos"}]},{"@type":"WebSite","@id":"https:\/\/www.monlau.com\/fp\/ca\/#website","url":"https:\/\/www.monlau.com\/fp\/ca\/","name":"Formaci\u00f3n profesional","description":"Monlau","publisher":{"@id":"https:\/\/www.monlau.com\/fp\/ca\/#organization"},"potentialAction":[{"@type":"SearchAction","target":{"@type":"EntryPoint","urlTemplate":"https:\/\/www.monlau.com\/fp\/ca\/?s={search_term_string}"},"query-input":{"@type":"PropertyValueSpecification","valueRequired":true,"valueName":"search_term_string"}}],"inLanguage":"ca"},{"@type":"Organization","@id":"https:\/\/www.monlau.com\/fp\/ca\/#organization","name":"Formaci\u00f3n profesional","url":"https:\/\/www.monlau.com\/fp\/ca\/","logo":{"@type":"ImageObject","inLanguage":"ca","@id":"https:\/\/www.monlau.com\/fp\/ca\/#\/schema\/logo\/image\/","url":"https:\/\/www.monlau.com\/app\/uploads\/sites\/3\/2026\/01\/fp.png","contentUrl":"https:\/\/www.monlau.com\/app\/uploads\/sites\/3\/2026\/01\/fp.png","width":1024,"height":878,"caption":"Formaci\u00f3n profesional"},"image":{"@id":"https:\/\/www.monlau.com\/fp\/ca\/#\/schema\/logo\/image\/"}},{"@type":"Person","@id":"https:\/\/www.monlau.com\/fp\/ca\/#\/schema\/person\/419cfdf054323e24e0a2ef1d8597f051","name":"adsmurai","image":{"@type":"ImageObject","inLanguage":"ca","@id":"https:\/\/secure.gravatar.com\/avatar\/0748788578f91786454454fa3b4c295644edb991ad6caadc70b41d26790d38fc?s=96&d=mm&r=g","url":"https:\/\/secure.gravatar.com\/avatar\/0748788578f91786454454fa3b4c295644edb991ad6caadc70b41d26790d38fc?s=96&d=mm&r=g","contentUrl":"https:\/\/secure.gravatar.com\/avatar\/0748788578f91786454454fa3b4c295644edb991ad6caadc70b41d26790d38fc?s=96&d=mm&r=g","caption":"adsmurai"},"sameAs":["https:\/\/www.monlau.com"],"url":"https:\/\/www.monlau.com\/fp\/ca\/author\/adsmurai\/"}]}},"_links":{"self":[{"href":"https:\/\/www.monlau.com\/fp\/ca\/wp-json\/wp\/v2\/posts\/6144","targetHints":{"allow":["GET"]}}],"collection":[{"href":"https:\/\/www.monlau.com\/fp\/ca\/wp-json\/wp\/v2\/posts"}],"about":[{"href":"https:\/\/www.monlau.com\/fp\/ca\/wp-json\/wp\/v2\/types\/post"}],"author":[{"embeddable":true,"href":"https:\/\/www.monlau.com\/fp\/ca\/wp-json\/wp\/v2\/users\/1"}],"replies":[{"embeddable":true,"href":"https:\/\/www.monlau.com\/fp\/ca\/wp-json\/wp\/v2\/comments?post=6144"}],"version-history":[{"count":1,"href":"https:\/\/www.monlau.com\/fp\/ca\/wp-json\/wp\/v2\/posts\/6144\/revisions"}],"predecessor-version":[{"id":6474,"href":"https:\/\/www.monlau.com\/fp\/ca\/wp-json\/wp\/v2\/posts\/6144\/revisions\/6474"}],"wp:featuredmedia":[{"embeddable":true,"href":"https:\/\/www.monlau.com\/fp\/ca\/wp-json\/wp\/v2\/media\/3403"}],"wp:attachment":[{"href":"https:\/\/www.monlau.com\/fp\/ca\/wp-json\/wp\/v2\/media?parent=6144"}],"wp:term":[{"taxonomy":"category","embeddable":true,"href":"https:\/\/www.monlau.com\/fp\/ca\/wp-json\/wp\/v2\/categories?post=6144"},{"taxonomy":"post_tag","embeddable":true,"href":"https:\/\/www.monlau.com\/fp\/ca\/wp-json\/wp\/v2\/tags?post=6144"}],"curies":[{"name":"wp","href":"https:\/\/api.w.org\/{rel}","templated":true}]}}