{"id":6142,"date":"2020-05-14T00:00:00","date_gmt":"2020-05-13T22:00:00","guid":{"rendered":"https:\/\/www.monlau.com\/formacion-profesional\/feedback-paraula-clau-marketing\/"},"modified":"2026-03-10T10:03:33","modified_gmt":"2026-03-10T09:03:33","slug":"feedback-paraula-clau-marketing","status":"publish","type":"post","link":"https:\/\/www.monlau.com\/fp\/ca\/2020\/05\/14\/feedback-paraula-clau-marketing\/","title":{"rendered":"Feedback: la paraula clau del marketing"},"content":{"rendered":"<p>Els estudis de formaci\u00f3 professional han de ser sin\u00f2nim d\u2019<strong>aprenentatges flexibles i adaptats al que les empreses i el mercat laboral<\/strong> <strong>demanden<\/strong> en cada moment. Amb aquesta idea en ment des de <a href=\"https:\/\/www.monlau.com\/estudis-professionals\/area-empresa-i-marqueting\/?lang=ca\">l\u2019\u00c0rea d\u2019Empresa i Marketing de Monlau Estudis Professionals<\/a> dissenyem i programem els nostres cicles formatius.<\/p>\n<p>En tant sols 2 anys hem de garantir, i aix\u00ed ho fem, que el nostre alumnat del <strong><a href=\"https:\/\/www.monlau.com\/estudis-professionals\/cursos\/grau-superior-marketing-publicitat\/?lang=ca\">Grau Superior de Marketing i Publicitat<\/a><\/strong> sigui un t\u00e8cnic superior de garanties per a qualsevol organitzaci\u00f3 i en especial, al m\u00f2dul de mitjans de comunicaci\u00f3 i publicitat, per els centenars d\u2019ag\u00e8ncies de mitjans, publicitat, comunicaci\u00f3 i\/o esdeveniments que existeixen en l\u2019ecosistema barcelon\u00ed.<\/p>\n<p>La primera paraula que escoltes, per\u00f2 no aprens, quan comences a treballar de junior en una empresa \u00e9s <strong><em>FEEDBACK<\/em>. \u00c9s literalment el monotema<\/strong>, per lo bo i per lo dolent! De qu\u00e8 estem parlant? Doncs molt senzill: d\u2019una metodologia de treball, de com relacionar-nos amb altres professionals, siguin clients externs o companys i companyes de l\u2019ag\u00e8ncia.<\/p>\n<h2>\u00bfPer que es important el <em>feedback<\/em> per una professional del m\u00e0rqueting?<\/h2>\n<p>En primer lloc, perqu\u00e8 \u00e9s una filosofia de vida de millora continua en tot all\u00f2 que fem. Per\u00f2 en concret perqu\u00e8 ens ajuda a treballar amb els nostres futurs clients:<\/p>\n<ul>\n<li>Es una gran oportunitat per <strong>detectar errors i \u00e0rees de millora<\/strong> en all\u00f2 que els presentem, ja sigui una estrat\u00e8gia a xarxes social o una creativitat per una publicitat, per exemple.<\/li>\n<li>Ens pot proporcionar <strong>avantatges davant de la compet\u00e8ncia<\/strong> incorporant estrat\u00e8gies que nosaltres no sab\u00edem per\u00f2 de les quals el client t\u00e9 molta informaci\u00f3.<\/li>\n<li>Ens ajuda a <strong>fidelitzar clients i aconseguir-ne de nous<\/strong>. Una empresa que parli b\u00e9 de la nostra feina i de l\u2019ag\u00e8ncia \u00e9s un tresor, a m\u00e9s segur que ens recomana a molts altres que vindran a nosaltres.<\/li>\n<li>Ens permet <strong>corregir errors<\/strong> que a vegades passem per alt a nivell t\u00e8cnic o log\u00edstic. Saber-los gestionar ser\u00e0 la clau per prestar un bon servei i esdevenir bons professionals.<\/li>\n<li>Un aprenentatge adequat dels <em>feedback<\/em> dels nostres clients ens permetr\u00e0 <strong>millorar les nostres propostes futures<\/strong>.<\/li>\n<\/ul>\n<p>L\u2019objectiu en marketing i comunicaci\u00f3 no es fer-ho de 10 a la primera, sin\u00f3 escoltar qu\u00e8 volen els clients i les marques per oferir el millor servei i fer cr\u00e9ixer les nostres propostes. Amb aquesta mentalitat \u00e9s la amb la que treballem a Monlau.<\/p>\n<p><span style=\"color: #44e3b3;\"><strong>T\u2019hi sumes?<\/strong> Demana informaci\u00f3 per <span style=\"text-decoration: underline; color: #31c498;\"><a style=\"color: #31c498; text-decoration: underline;\" href=\"https:\/\/www.monlau.com\/estudis-professionals\/portes-obertes-des-de-casa\/?lang=ca\">assistir a les portes obertes des de casa<\/a><\/span> i venir a estudiar Grau Mitj\u00e0 o Grau Superior el proper curs 2020\/21.<\/span><\/p>\n<p>Professora de l&#8217;\u00e0rea d&#8217;Empresa i Marketing<\/p>\n","protected":false},"excerpt":{"rendered":"<p>Els estudis de formaci\u00f3 professional han de ser sin\u00f2nim d\u2019aprenentatges flexibles i adaptats al que les empreses i el mercat laboral demanden en cada moment. Amb aquesta idea en ment des de l\u2019\u00c0rea d\u2019Empresa i Marketing de Monlau Estudis Professionals dissenyem i programem els nostres cicles formatius. En tant sols 2 anys hem de garantir, [&hellip;]<\/p>\n","protected":false},"author":1,"featured_media":3398,"comment_status":"closed","ping_status":"closed","sticky":false,"template":"","format":"standard","meta":{"footnotes":""},"categories":[256],"tags":[361,362,312,363],"class_list":["post-6142","post","type-post","status-publish","format-standard","has-post-thumbnail","hentry","category-empresa-i-marqueting","tag-feedback","tag-formacio-professiona","tag-grau-superior","tag-paraula-clau"],"yoast_head":"<!-- This site is optimized with the Yoast SEO plugin v27.2 - https:\/\/yoast.com\/product\/yoast-seo-wordpress\/ -->\n<title>Feedback: la paraula clau del marketing - Formaci\u00f3n profesional<\/title>\n<meta name=\"robots\" content=\"index, follow, max-snippet:-1, max-image-preview:large, max-video-preview:-1\" \/>\n<link rel=\"canonical\" href=\"https:\/\/www.monlau.com\/fp\/ca\/2020\/05\/14\/feedback-paraula-clau-marketing\/\" \/>\n<meta property=\"og:locale\" content=\"ca_ES\" \/>\n<meta property=\"og:type\" content=\"article\" \/>\n<meta property=\"og:title\" content=\"Feedback: la paraula clau del marketing - Formaci\u00f3n profesional\" \/>\n<meta property=\"og:description\" content=\"Els estudis de formaci\u00f3 professional han de ser sin\u00f2nim d\u2019aprenentatges flexibles i adaptats al que les empreses i el mercat laboral demanden en cada moment. Amb aquesta idea en ment des de l\u2019\u00c0rea d\u2019Empresa i Marketing de Monlau Estudis Professionals dissenyem i programem els nostres cicles formatius. En tant sols 2 anys hem de garantir, [&hellip;]\" \/>\n<meta property=\"og:url\" content=\"https:\/\/www.monlau.com\/fp\/ca\/2020\/05\/14\/feedback-paraula-clau-marketing\/\" \/>\n<meta property=\"og:site_name\" content=\"Formaci\u00f3n profesional\" \/>\n<meta property=\"article:published_time\" content=\"2020-05-13T22:00:00+00:00\" \/>\n<meta property=\"article:modified_time\" content=\"2026-03-10T09:03:33+00:00\" \/>\n<meta property=\"og:image\" content=\"https:\/\/www.monlau.com\/app\/uploads\/sites\/3\/2026\/03\/feedback-palabraclave-marketing.jpg\" \/>\n\t<meta property=\"og:image:width\" content=\"1200\" \/>\n\t<meta property=\"og:image:height\" content=\"800\" \/>\n\t<meta property=\"og:image:type\" content=\"image\/jpeg\" \/>\n<meta name=\"author\" content=\"adsmurai\" \/>\n<meta name=\"twitter:card\" content=\"summary_large_image\" \/>\n<meta name=\"twitter:label1\" content=\"Escrit per\" \/>\n\t<meta name=\"twitter:data1\" content=\"adsmurai\" \/>\n\t<meta name=\"twitter:label2\" content=\"Temps estimat de lectura\" \/>\n\t<meta name=\"twitter:data2\" content=\"2 minuts\" \/>\n<script type=\"application\/ld+json\" class=\"yoast-schema-graph\">{\"@context\":\"https:\/\/schema.org\",\"@graph\":[{\"@type\":\"Article\",\"@id\":\"https:\/\/www.monlau.com\/fp\/ca\/2020\/05\/14\/feedback-paraula-clau-marketing\/#article\",\"isPartOf\":{\"@id\":\"https:\/\/www.monlau.com\/fp\/ca\/2020\/05\/14\/feedback-paraula-clau-marketing\/\"},\"author\":{\"name\":\"adsmurai\",\"@id\":\"https:\/\/www.monlau.com\/fp\/ca\/#\/schema\/person\/419cfdf054323e24e0a2ef1d8597f051\"},\"headline\":\"Feedback: la paraula clau del marketing\",\"datePublished\":\"2020-05-13T22:00:00+00:00\",\"dateModified\":\"2026-03-10T09:03:33+00:00\",\"mainEntityOfPage\":{\"@id\":\"https:\/\/www.monlau.com\/fp\/ca\/2020\/05\/14\/feedback-paraula-clau-marketing\/\"},\"wordCount\":445,\"publisher\":{\"@id\":\"https:\/\/www.monlau.com\/fp\/ca\/#organization\"},\"image\":{\"@id\":\"https:\/\/www.monlau.com\/fp\/ca\/2020\/05\/14\/feedback-paraula-clau-marketing\/#primaryimage\"},\"thumbnailUrl\":\"https:\/\/www.monlau.com\/app\/uploads\/sites\/3\/2026\/03\/feedback-palabraclave-marketing.jpg\",\"keywords\":[\"feedback\",\"formaci\u00f3 professiona\",\"Grau Superior\",\"paraula clau\"],\"articleSection\":[\"Empresa i M\u00e0rqueting\"],\"inLanguage\":\"ca\"},{\"@type\":\"WebPage\",\"@id\":\"https:\/\/www.monlau.com\/fp\/ca\/2020\/05\/14\/feedback-paraula-clau-marketing\/\",\"url\":\"https:\/\/www.monlau.com\/fp\/ca\/2020\/05\/14\/feedback-paraula-clau-marketing\/\",\"name\":\"Feedback: la paraula clau del marketing - Formaci\u00f3n profesional\",\"isPartOf\":{\"@id\":\"https:\/\/www.monlau.com\/fp\/ca\/#website\"},\"primaryImageOfPage\":{\"@id\":\"https:\/\/www.monlau.com\/fp\/ca\/2020\/05\/14\/feedback-paraula-clau-marketing\/#primaryimage\"},\"image\":{\"@id\":\"https:\/\/www.monlau.com\/fp\/ca\/2020\/05\/14\/feedback-paraula-clau-marketing\/#primaryimage\"},\"thumbnailUrl\":\"https:\/\/www.monlau.com\/app\/uploads\/sites\/3\/2026\/03\/feedback-palabraclave-marketing.jpg\",\"datePublished\":\"2020-05-13T22:00:00+00:00\",\"dateModified\":\"2026-03-10T09:03:33+00:00\",\"breadcrumb\":{\"@id\":\"https:\/\/www.monlau.com\/fp\/ca\/2020\/05\/14\/feedback-paraula-clau-marketing\/#breadcrumb\"},\"inLanguage\":\"ca\",\"potentialAction\":[{\"@type\":\"ReadAction\",\"target\":[\"https:\/\/www.monlau.com\/fp\/ca\/2020\/05\/14\/feedback-paraula-clau-marketing\/\"]}]},{\"@type\":\"ImageObject\",\"inLanguage\":\"ca\",\"@id\":\"https:\/\/www.monlau.com\/fp\/ca\/2020\/05\/14\/feedback-paraula-clau-marketing\/#primaryimage\",\"url\":\"https:\/\/www.monlau.com\/app\/uploads\/sites\/3\/2026\/03\/feedback-palabraclave-marketing.jpg\",\"contentUrl\":\"https:\/\/www.monlau.com\/app\/uploads\/sites\/3\/2026\/03\/feedback-palabraclave-marketing.jpg\",\"width\":1200,\"height\":800},{\"@type\":\"BreadcrumbList\",\"@id\":\"https:\/\/www.monlau.com\/fp\/ca\/2020\/05\/14\/feedback-paraula-clau-marketing\/#breadcrumb\",\"itemListElement\":[{\"@type\":\"ListItem\",\"position\":1,\"name\":\"Portada\",\"item\":\"https:\/\/www.monlau.com\/fp\/ca\/inici\/\"},{\"@type\":\"ListItem\",\"position\":2,\"name\":\"Feedback: la paraula clau del marketing\"}]},{\"@type\":\"WebSite\",\"@id\":\"https:\/\/www.monlau.com\/fp\/ca\/#website\",\"url\":\"https:\/\/www.monlau.com\/fp\/ca\/\",\"name\":\"Formaci\u00f3n profesional\",\"description\":\"Monlau\",\"publisher\":{\"@id\":\"https:\/\/www.monlau.com\/fp\/ca\/#organization\"},\"potentialAction\":[{\"@type\":\"SearchAction\",\"target\":{\"@type\":\"EntryPoint\",\"urlTemplate\":\"https:\/\/www.monlau.com\/fp\/ca\/?s={search_term_string}\"},\"query-input\":{\"@type\":\"PropertyValueSpecification\",\"valueRequired\":true,\"valueName\":\"search_term_string\"}}],\"inLanguage\":\"ca\"},{\"@type\":\"Organization\",\"@id\":\"https:\/\/www.monlau.com\/fp\/ca\/#organization\",\"name\":\"Formaci\u00f3n profesional\",\"url\":\"https:\/\/www.monlau.com\/fp\/ca\/\",\"logo\":{\"@type\":\"ImageObject\",\"inLanguage\":\"ca\",\"@id\":\"https:\/\/www.monlau.com\/fp\/ca\/#\/schema\/logo\/image\/\",\"url\":\"https:\/\/www.monlau.com\/app\/uploads\/sites\/3\/2026\/01\/fp.png\",\"contentUrl\":\"https:\/\/www.monlau.com\/app\/uploads\/sites\/3\/2026\/01\/fp.png\",\"width\":1024,\"height\":878,\"caption\":\"Formaci\u00f3n profesional\"},\"image\":{\"@id\":\"https:\/\/www.monlau.com\/fp\/ca\/#\/schema\/logo\/image\/\"}},{\"@type\":\"Person\",\"@id\":\"https:\/\/www.monlau.com\/fp\/ca\/#\/schema\/person\/419cfdf054323e24e0a2ef1d8597f051\",\"name\":\"adsmurai\",\"image\":{\"@type\":\"ImageObject\",\"inLanguage\":\"ca\",\"@id\":\"https:\/\/secure.gravatar.com\/avatar\/0748788578f91786454454fa3b4c295644edb991ad6caadc70b41d26790d38fc?s=96&d=mm&r=g\",\"url\":\"https:\/\/secure.gravatar.com\/avatar\/0748788578f91786454454fa3b4c295644edb991ad6caadc70b41d26790d38fc?s=96&d=mm&r=g\",\"contentUrl\":\"https:\/\/secure.gravatar.com\/avatar\/0748788578f91786454454fa3b4c295644edb991ad6caadc70b41d26790d38fc?s=96&d=mm&r=g\",\"caption\":\"adsmurai\"},\"sameAs\":[\"https:\/\/www.monlau.com\"],\"url\":\"https:\/\/www.monlau.com\/fp\/ca\/author\/adsmurai\/\"}]}<\/script>\n<!-- \/ Yoast SEO plugin. -->","yoast_head_json":{"title":"Feedback: la paraula clau del marketing - Formaci\u00f3n profesional","robots":{"index":"index","follow":"follow","max-snippet":"max-snippet:-1","max-image-preview":"max-image-preview:large","max-video-preview":"max-video-preview:-1"},"canonical":"https:\/\/www.monlau.com\/fp\/ca\/2020\/05\/14\/feedback-paraula-clau-marketing\/","og_locale":"ca_ES","og_type":"article","og_title":"Feedback: la paraula clau del marketing - Formaci\u00f3n profesional","og_description":"Els estudis de formaci\u00f3 professional han de ser sin\u00f2nim d\u2019aprenentatges flexibles i adaptats al que les empreses i el mercat laboral demanden en cada moment. Amb aquesta idea en ment des de l\u2019\u00c0rea d\u2019Empresa i Marketing de Monlau Estudis Professionals dissenyem i programem els nostres cicles formatius. En tant sols 2 anys hem de garantir, [&hellip;]","og_url":"https:\/\/www.monlau.com\/fp\/ca\/2020\/05\/14\/feedback-paraula-clau-marketing\/","og_site_name":"Formaci\u00f3n profesional","article_published_time":"2020-05-13T22:00:00+00:00","article_modified_time":"2026-03-10T09:03:33+00:00","og_image":[{"width":1200,"height":800,"url":"https:\/\/www.monlau.com\/app\/uploads\/sites\/3\/2026\/03\/feedback-palabraclave-marketing.jpg","type":"image\/jpeg"}],"author":"adsmurai","twitter_card":"summary_large_image","twitter_misc":{"Escrit per":"adsmurai","Temps estimat de lectura":"2 minuts"},"schema":{"@context":"https:\/\/schema.org","@graph":[{"@type":"Article","@id":"https:\/\/www.monlau.com\/fp\/ca\/2020\/05\/14\/feedback-paraula-clau-marketing\/#article","isPartOf":{"@id":"https:\/\/www.monlau.com\/fp\/ca\/2020\/05\/14\/feedback-paraula-clau-marketing\/"},"author":{"name":"adsmurai","@id":"https:\/\/www.monlau.com\/fp\/ca\/#\/schema\/person\/419cfdf054323e24e0a2ef1d8597f051"},"headline":"Feedback: la paraula clau del marketing","datePublished":"2020-05-13T22:00:00+00:00","dateModified":"2026-03-10T09:03:33+00:00","mainEntityOfPage":{"@id":"https:\/\/www.monlau.com\/fp\/ca\/2020\/05\/14\/feedback-paraula-clau-marketing\/"},"wordCount":445,"publisher":{"@id":"https:\/\/www.monlau.com\/fp\/ca\/#organization"},"image":{"@id":"https:\/\/www.monlau.com\/fp\/ca\/2020\/05\/14\/feedback-paraula-clau-marketing\/#primaryimage"},"thumbnailUrl":"https:\/\/www.monlau.com\/app\/uploads\/sites\/3\/2026\/03\/feedback-palabraclave-marketing.jpg","keywords":["feedback","formaci\u00f3 professiona","Grau Superior","paraula clau"],"articleSection":["Empresa i M\u00e0rqueting"],"inLanguage":"ca"},{"@type":"WebPage","@id":"https:\/\/www.monlau.com\/fp\/ca\/2020\/05\/14\/feedback-paraula-clau-marketing\/","url":"https:\/\/www.monlau.com\/fp\/ca\/2020\/05\/14\/feedback-paraula-clau-marketing\/","name":"Feedback: la paraula clau del marketing - Formaci\u00f3n profesional","isPartOf":{"@id":"https:\/\/www.monlau.com\/fp\/ca\/#website"},"primaryImageOfPage":{"@id":"https:\/\/www.monlau.com\/fp\/ca\/2020\/05\/14\/feedback-paraula-clau-marketing\/#primaryimage"},"image":{"@id":"https:\/\/www.monlau.com\/fp\/ca\/2020\/05\/14\/feedback-paraula-clau-marketing\/#primaryimage"},"thumbnailUrl":"https:\/\/www.monlau.com\/app\/uploads\/sites\/3\/2026\/03\/feedback-palabraclave-marketing.jpg","datePublished":"2020-05-13T22:00:00+00:00","dateModified":"2026-03-10T09:03:33+00:00","breadcrumb":{"@id":"https:\/\/www.monlau.com\/fp\/ca\/2020\/05\/14\/feedback-paraula-clau-marketing\/#breadcrumb"},"inLanguage":"ca","potentialAction":[{"@type":"ReadAction","target":["https:\/\/www.monlau.com\/fp\/ca\/2020\/05\/14\/feedback-paraula-clau-marketing\/"]}]},{"@type":"ImageObject","inLanguage":"ca","@id":"https:\/\/www.monlau.com\/fp\/ca\/2020\/05\/14\/feedback-paraula-clau-marketing\/#primaryimage","url":"https:\/\/www.monlau.com\/app\/uploads\/sites\/3\/2026\/03\/feedback-palabraclave-marketing.jpg","contentUrl":"https:\/\/www.monlau.com\/app\/uploads\/sites\/3\/2026\/03\/feedback-palabraclave-marketing.jpg","width":1200,"height":800},{"@type":"BreadcrumbList","@id":"https:\/\/www.monlau.com\/fp\/ca\/2020\/05\/14\/feedback-paraula-clau-marketing\/#breadcrumb","itemListElement":[{"@type":"ListItem","position":1,"name":"Portada","item":"https:\/\/www.monlau.com\/fp\/ca\/inici\/"},{"@type":"ListItem","position":2,"name":"Feedback: la paraula clau del marketing"}]},{"@type":"WebSite","@id":"https:\/\/www.monlau.com\/fp\/ca\/#website","url":"https:\/\/www.monlau.com\/fp\/ca\/","name":"Formaci\u00f3n profesional","description":"Monlau","publisher":{"@id":"https:\/\/www.monlau.com\/fp\/ca\/#organization"},"potentialAction":[{"@type":"SearchAction","target":{"@type":"EntryPoint","urlTemplate":"https:\/\/www.monlau.com\/fp\/ca\/?s={search_term_string}"},"query-input":{"@type":"PropertyValueSpecification","valueRequired":true,"valueName":"search_term_string"}}],"inLanguage":"ca"},{"@type":"Organization","@id":"https:\/\/www.monlau.com\/fp\/ca\/#organization","name":"Formaci\u00f3n profesional","url":"https:\/\/www.monlau.com\/fp\/ca\/","logo":{"@type":"ImageObject","inLanguage":"ca","@id":"https:\/\/www.monlau.com\/fp\/ca\/#\/schema\/logo\/image\/","url":"https:\/\/www.monlau.com\/app\/uploads\/sites\/3\/2026\/01\/fp.png","contentUrl":"https:\/\/www.monlau.com\/app\/uploads\/sites\/3\/2026\/01\/fp.png","width":1024,"height":878,"caption":"Formaci\u00f3n profesional"},"image":{"@id":"https:\/\/www.monlau.com\/fp\/ca\/#\/schema\/logo\/image\/"}},{"@type":"Person","@id":"https:\/\/www.monlau.com\/fp\/ca\/#\/schema\/person\/419cfdf054323e24e0a2ef1d8597f051","name":"adsmurai","image":{"@type":"ImageObject","inLanguage":"ca","@id":"https:\/\/secure.gravatar.com\/avatar\/0748788578f91786454454fa3b4c295644edb991ad6caadc70b41d26790d38fc?s=96&d=mm&r=g","url":"https:\/\/secure.gravatar.com\/avatar\/0748788578f91786454454fa3b4c295644edb991ad6caadc70b41d26790d38fc?s=96&d=mm&r=g","contentUrl":"https:\/\/secure.gravatar.com\/avatar\/0748788578f91786454454fa3b4c295644edb991ad6caadc70b41d26790d38fc?s=96&d=mm&r=g","caption":"adsmurai"},"sameAs":["https:\/\/www.monlau.com"],"url":"https:\/\/www.monlau.com\/fp\/ca\/author\/adsmurai\/"}]}},"_links":{"self":[{"href":"https:\/\/www.monlau.com\/fp\/ca\/wp-json\/wp\/v2\/posts\/6142","targetHints":{"allow":["GET"]}}],"collection":[{"href":"https:\/\/www.monlau.com\/fp\/ca\/wp-json\/wp\/v2\/posts"}],"about":[{"href":"https:\/\/www.monlau.com\/fp\/ca\/wp-json\/wp\/v2\/types\/post"}],"author":[{"embeddable":true,"href":"https:\/\/www.monlau.com\/fp\/ca\/wp-json\/wp\/v2\/users\/1"}],"replies":[{"embeddable":true,"href":"https:\/\/www.monlau.com\/fp\/ca\/wp-json\/wp\/v2\/comments?post=6142"}],"version-history":[{"count":1,"href":"https:\/\/www.monlau.com\/fp\/ca\/wp-json\/wp\/v2\/posts\/6142\/revisions"}],"predecessor-version":[{"id":6477,"href":"https:\/\/www.monlau.com\/fp\/ca\/wp-json\/wp\/v2\/posts\/6142\/revisions\/6477"}],"wp:featuredmedia":[{"embeddable":true,"href":"https:\/\/www.monlau.com\/fp\/ca\/wp-json\/wp\/v2\/media\/3398"}],"wp:attachment":[{"href":"https:\/\/www.monlau.com\/fp\/ca\/wp-json\/wp\/v2\/media?parent=6142"}],"wp:term":[{"taxonomy":"category","embeddable":true,"href":"https:\/\/www.monlau.com\/fp\/ca\/wp-json\/wp\/v2\/categories?post=6142"},{"taxonomy":"post_tag","embeddable":true,"href":"https:\/\/www.monlau.com\/fp\/ca\/wp-json\/wp\/v2\/tags?post=6142"}],"curies":[{"name":"wp","href":"https:\/\/api.w.org\/{rel}","templated":true}]}}