{"id":6128,"date":"2020-03-12T00:00:00","date_gmt":"2020-03-11T23:00:00","guid":{"rendered":"https:\/\/www.monlau.com\/formacion-profesional\/hoteleria-turisme-com-treballem-laula\/"},"modified":"2026-03-10T10:03:34","modified_gmt":"2026-03-10T09:03:34","slug":"hoteleria-turisme-com-treballem-laula","status":"publish","type":"post","link":"https:\/\/www.monlau.com\/fp\/ca\/2020\/03\/12\/hoteleria-turisme-com-treballem-laula\/","title":{"rendered":"Com treballem a l\u2019aula del cicle formatiu de Turisme?"},"content":{"rendered":"<p>El pas del m\u00f3n educatiu a l\u2019\u00e0mbit professional \u00e9s un dels canvis m\u00e9s importants per a un estudiant. Ja fa anys que des de les aules de Formaci\u00f3 Professional treballem per intentar que la seva inserci\u00f3 laboral sigui\u00a0 el m\u00e9s f\u00e0cil possible. La manera d\u2019aconseguir-ho \u00e9s, sens dubte, <strong>integrant a l\u2019aula tot all\u00f2 que trobaran en un futur al seu entorn professional.<\/strong> A les nostres classes <a href=\"https:\/\/www.monlau.com\/estudis-professionals\/cursos\/cicle-formatiu-de-grau-superior-de-gestio-dallotjaments-turistics\/?lang=ca\">d\u2019Hoteleria i Turisme<\/a> ho fem gr\u00e0cies a un equilibri entre continguts te\u00f2rics i pr\u00e0ctics, tallers, seminaris i sortides per con\u00e8ixer les diferents empreses i professionals del sector.<\/p>\n<h2>A l&#8217;aula d&#8217;Hoteleria i Turisme<\/h2>\n<p>Tot l\u2019anterior no \u00e9s nou i ja fa uns quants anys que ho venim desenvolupant, per aix\u00f2 avui us vull parlar d\u2019un altre aspecte que ens fa diferents: com b\u00e9 saben els meus alumnes (molts d\u2019ells ja ho han patit), una cosa que els demano \u00e9s que <strong>l\u2019aula sigui un espai on l\u2019aprenentatge no sigui unidireccional.<\/strong> Els nostres estudiants es converteixen, gr\u00e0cies a les seves pr\u00e0ctiques a empreses o, posteriorment, un cop ja al m\u00f3n laboral, en especialistes en mat\u00e8ries concretes, \u00a0que despr\u00e9s expliquen als seus propis companys. Sense anar m\u00e9s lluny, aquest mes de gener hem tingut l&#8217;<strong>Ariadna Tarr\u00e9s, exalumna i Revenue Manager a una cadena hotelera, explicant com \u00e9s la seva feina i els principals punts a tenir en compte per aconseguir gestionar b\u00e9 els preus d\u2019un hotel.<\/strong> Tamb\u00e9 hem tingut una sessi\u00f3 pr\u00e0ctica amb la nostra alumna actual, <strong>Marta Molero, explicant a tots els companys el funcionament d\u2019un Channel Manager, eina indispensable en l&#8217;actualitat per qualsevol allotjament que vulgui treballar amb diferents canals de comercialitzaci\u00f3.<\/strong> Ja veieu que l\u2019aula no deixa de ser un escenari on l\u2019aprenentatge t\u00e9 m\u00faltiples entrades.<\/p>\n<figure id=\"attachment_7721\" aria-describedby=\"caption-attachment-7721\" style=\"width: 1000px\" class=\"wp-caption aligncenter\"><img fetchpriority=\"high\" decoding=\"async\" class=\"wp-image-7721 size-full\" src=\"https:\/\/www.monlau.com\/estudis-professionals\/wp-content\/uploads\/sites\/3\/2020\/03\/PRUEBA4.png\" alt=\"\" width=\"1000\" height=\"367\" \/><figcaption id=\"caption-attachment-7721\" class=\"wp-caption-text\">L\u2019Ariadna explicant les funcions d\u2019una Revenue Manage. | La Marta explicant el funcionament d\u2019un Channel Manager.<\/figcaption><\/figure>\n<p>Per tot plegat, no \u00e9s estrany que la Formaci\u00f3 Professional tingui cada any m\u00e9s alumnes matriculats, doncs en menys temps aconsegueixen una major especialitzaci\u00f3 i millors ratis d\u2019inserci\u00f3 laboral <strong>(segons c\u00e0lculs de <a href=\"https:\/\/www.oecd.org\/acerca\/\">l\u2019OCDE<\/a>, prop de dos ter\u00e7os del creixement laboral l\u2019any vinent, l\u2019ocuparan t\u00e8cnics titulats en FP de grau mitj\u00e0 i superior)<\/strong>. I si afegim que, a m\u00e9s s\u2019ho passen b\u00e9&#8230; qu\u00e8 m\u00e9s podem demanar?<\/p>\n<p><a href=\"https:\/\/www.monlau.com\/estudis-professionals\/cursos\/cicle-formatiu-de-grau-superior-de-gestio-dallotjaments-turistics\/?lang=ca\"><img decoding=\"async\" class=\"aligncenter wp-image-6285 size-full\" src=\"https:\/\/www.monlau.com\/estudis-professionals\/wp-content\/uploads\/sites\/3\/2020\/01\/Banner-GAT-cat.png\" alt=\"\" width=\"1200\" height=\"372\" \/><\/a><\/p>\n<h4>David Casanellas<\/h4>\n<p>Responsable de l&#8217;\u00e0rea d&#8217;Hoteleria i Turisme<\/p>\n","protected":false},"excerpt":{"rendered":"<p>El pas del m\u00f3n educatiu a l\u2019\u00e0mbit professional \u00e9s un dels canvis m\u00e9s importants per a un estudiant. Ja fa anys que des de les aules de Formaci\u00f3 Professional treballem per intentar que la seva inserci\u00f3 laboral sigui\u00a0 el m\u00e9s f\u00e0cil possible. La manera d\u2019aconseguir-ho \u00e9s, sens dubte, integrant a l\u2019aula tot all\u00f2 que trobaran [&hellip;]<\/p>\n","protected":false},"author":1,"featured_media":3378,"comment_status":"closed","ping_status":"closed","sticky":false,"template":"","format":"standard","meta":{"footnotes":""},"categories":[254],"tags":[339,294,295,264,340,320,297,281,341,342,343],"class_list":["post-6128","post","type-post","status-publish","format-standard","has-post-thumbnail","hentry","category-hoteleria-i-turisme","tag-channel-manager","tag-empresas","tag-empreses","tag-formacio-professional","tag-hoteleia-i-turisme","tag-insercio-laboral","tag-mon-laboral","tag-monlau","tag-ocde","tag-practiques","tag-revenue-manager"],"yoast_head":"<!-- This site is optimized with the Yoast SEO plugin v27.2 - https:\/\/yoast.com\/product\/yoast-seo-wordpress\/ -->\n<title>Com treballem a l\u2019aula del cicle formatiu de Turisme? - Formaci\u00f3n profesional<\/title>\n<meta name=\"robots\" content=\"index, follow, max-snippet:-1, max-image-preview:large, max-video-preview:-1\" \/>\n<link rel=\"canonical\" href=\"https:\/\/www.monlau.com\/fp\/ca\/2020\/03\/12\/hoteleria-turisme-com-treballem-laula\/\" \/>\n<meta property=\"og:locale\" content=\"ca_ES\" \/>\n<meta property=\"og:type\" content=\"article\" \/>\n<meta property=\"og:title\" content=\"Com treballem a l\u2019aula del cicle formatiu de Turisme? - Formaci\u00f3n profesional\" \/>\n<meta property=\"og:description\" content=\"El pas del m\u00f3n educatiu a l\u2019\u00e0mbit professional \u00e9s un dels canvis m\u00e9s importants per a un estudiant. Ja fa anys que des de les aules de Formaci\u00f3 Professional treballem per intentar que la seva inserci\u00f3 laboral sigui\u00a0 el m\u00e9s f\u00e0cil possible. La manera d\u2019aconseguir-ho \u00e9s, sens dubte, integrant a l\u2019aula tot all\u00f2 que trobaran [&hellip;]\" \/>\n<meta property=\"og:url\" content=\"https:\/\/www.monlau.com\/fp\/ca\/2020\/03\/12\/hoteleria-turisme-com-treballem-laula\/\" \/>\n<meta property=\"og:site_name\" content=\"Formaci\u00f3n profesional\" \/>\n<meta property=\"article:published_time\" content=\"2020-03-11T23:00:00+00:00\" \/>\n<meta property=\"article:modified_time\" content=\"2026-03-10T09:03:34+00:00\" \/>\n<meta property=\"og:image\" content=\"https:\/\/www.monlau.com\/app\/uploads\/sites\/3\/2026\/03\/MG_165222-scaled.jpg\" \/>\n\t<meta property=\"og:image:width\" content=\"2560\" \/>\n\t<meta property=\"og:image:height\" content=\"1707\" \/>\n\t<meta property=\"og:image:type\" content=\"image\/jpeg\" \/>\n<meta name=\"author\" content=\"adsmurai\" \/>\n<meta name=\"twitter:card\" content=\"summary_large_image\" \/>\n<meta name=\"twitter:label1\" content=\"Escrit per\" \/>\n\t<meta name=\"twitter:data1\" content=\"adsmurai\" \/>\n\t<meta name=\"twitter:label2\" content=\"Temps estimat de lectura\" \/>\n\t<meta name=\"twitter:data2\" content=\"2 minuts\" \/>\n<script type=\"application\/ld+json\" class=\"yoast-schema-graph\">{\"@context\":\"https:\/\/schema.org\",\"@graph\":[{\"@type\":\"Article\",\"@id\":\"https:\/\/www.monlau.com\/fp\/ca\/2020\/03\/12\/hoteleria-turisme-com-treballem-laula\/#article\",\"isPartOf\":{\"@id\":\"https:\/\/www.monlau.com\/fp\/ca\/2020\/03\/12\/hoteleria-turisme-com-treballem-laula\/\"},\"author\":{\"name\":\"adsmurai\",\"@id\":\"https:\/\/www.monlau.com\/fp\/ca\/#\/schema\/person\/419cfdf054323e24e0a2ef1d8597f051\"},\"headline\":\"Com treballem a l\u2019aula del cicle formatiu de Turisme?\",\"datePublished\":\"2020-03-11T23:00:00+00:00\",\"dateModified\":\"2026-03-10T09:03:34+00:00\",\"mainEntityOfPage\":{\"@id\":\"https:\/\/www.monlau.com\/fp\/ca\/2020\/03\/12\/hoteleria-turisme-com-treballem-laula\/\"},\"wordCount\":436,\"publisher\":{\"@id\":\"https:\/\/www.monlau.com\/fp\/ca\/#organization\"},\"image\":{\"@id\":\"https:\/\/www.monlau.com\/fp\/ca\/2020\/03\/12\/hoteleria-turisme-com-treballem-laula\/#primaryimage\"},\"thumbnailUrl\":\"https:\/\/www.monlau.com\/app\/uploads\/sites\/3\/2026\/03\/MG_165222-scaled.jpg\",\"keywords\":[\"Channel Manager\",\"empresas\",\"empreses\",\"formaci\u00f3 professional\",\"Hoteleia i Turisme\",\"Inserci\u00f3 laboral\",\"m\u00f3n laboral\",\"Monlau\",\"OCDE\",\"Pr\u00e0ctiques\",\"Revenue Manager\"],\"articleSection\":[\"Hoteleria i Turisme\"],\"inLanguage\":\"ca\"},{\"@type\":\"WebPage\",\"@id\":\"https:\/\/www.monlau.com\/fp\/ca\/2020\/03\/12\/hoteleria-turisme-com-treballem-laula\/\",\"url\":\"https:\/\/www.monlau.com\/fp\/ca\/2020\/03\/12\/hoteleria-turisme-com-treballem-laula\/\",\"name\":\"Com treballem a l\u2019aula del cicle formatiu de Turisme? - Formaci\u00f3n profesional\",\"isPartOf\":{\"@id\":\"https:\/\/www.monlau.com\/fp\/ca\/#website\"},\"primaryImageOfPage\":{\"@id\":\"https:\/\/www.monlau.com\/fp\/ca\/2020\/03\/12\/hoteleria-turisme-com-treballem-laula\/#primaryimage\"},\"image\":{\"@id\":\"https:\/\/www.monlau.com\/fp\/ca\/2020\/03\/12\/hoteleria-turisme-com-treballem-laula\/#primaryimage\"},\"thumbnailUrl\":\"https:\/\/www.monlau.com\/app\/uploads\/sites\/3\/2026\/03\/MG_165222-scaled.jpg\",\"datePublished\":\"2020-03-11T23:00:00+00:00\",\"dateModified\":\"2026-03-10T09:03:34+00:00\",\"breadcrumb\":{\"@id\":\"https:\/\/www.monlau.com\/fp\/ca\/2020\/03\/12\/hoteleria-turisme-com-treballem-laula\/#breadcrumb\"},\"inLanguage\":\"ca\",\"potentialAction\":[{\"@type\":\"ReadAction\",\"target\":[\"https:\/\/www.monlau.com\/fp\/ca\/2020\/03\/12\/hoteleria-turisme-com-treballem-laula\/\"]}]},{\"@type\":\"ImageObject\",\"inLanguage\":\"ca\",\"@id\":\"https:\/\/www.monlau.com\/fp\/ca\/2020\/03\/12\/hoteleria-turisme-com-treballem-laula\/#primaryimage\",\"url\":\"https:\/\/www.monlau.com\/app\/uploads\/sites\/3\/2026\/03\/MG_165222-scaled.jpg\",\"contentUrl\":\"https:\/\/www.monlau.com\/app\/uploads\/sites\/3\/2026\/03\/MG_165222-scaled.jpg\",\"width\":2560,\"height\":1707},{\"@type\":\"BreadcrumbList\",\"@id\":\"https:\/\/www.monlau.com\/fp\/ca\/2020\/03\/12\/hoteleria-turisme-com-treballem-laula\/#breadcrumb\",\"itemListElement\":[{\"@type\":\"ListItem\",\"position\":1,\"name\":\"Portada\",\"item\":\"https:\/\/www.monlau.com\/fp\/ca\/inici\/\"},{\"@type\":\"ListItem\",\"position\":2,\"name\":\"Com treballem a l\u2019aula del cicle formatiu de Turisme?\"}]},{\"@type\":\"WebSite\",\"@id\":\"https:\/\/www.monlau.com\/fp\/ca\/#website\",\"url\":\"https:\/\/www.monlau.com\/fp\/ca\/\",\"name\":\"Formaci\u00f3n profesional\",\"description\":\"Monlau\",\"publisher\":{\"@id\":\"https:\/\/www.monlau.com\/fp\/ca\/#organization\"},\"potentialAction\":[{\"@type\":\"SearchAction\",\"target\":{\"@type\":\"EntryPoint\",\"urlTemplate\":\"https:\/\/www.monlau.com\/fp\/ca\/?s={search_term_string}\"},\"query-input\":{\"@type\":\"PropertyValueSpecification\",\"valueRequired\":true,\"valueName\":\"search_term_string\"}}],\"inLanguage\":\"ca\"},{\"@type\":\"Organization\",\"@id\":\"https:\/\/www.monlau.com\/fp\/ca\/#organization\",\"name\":\"Formaci\u00f3n profesional\",\"url\":\"https:\/\/www.monlau.com\/fp\/ca\/\",\"logo\":{\"@type\":\"ImageObject\",\"inLanguage\":\"ca\",\"@id\":\"https:\/\/www.monlau.com\/fp\/ca\/#\/schema\/logo\/image\/\",\"url\":\"https:\/\/www.monlau.com\/app\/uploads\/sites\/3\/2026\/01\/fp.png\",\"contentUrl\":\"https:\/\/www.monlau.com\/app\/uploads\/sites\/3\/2026\/01\/fp.png\",\"width\":1024,\"height\":878,\"caption\":\"Formaci\u00f3n profesional\"},\"image\":{\"@id\":\"https:\/\/www.monlau.com\/fp\/ca\/#\/schema\/logo\/image\/\"}},{\"@type\":\"Person\",\"@id\":\"https:\/\/www.monlau.com\/fp\/ca\/#\/schema\/person\/419cfdf054323e24e0a2ef1d8597f051\",\"name\":\"adsmurai\",\"image\":{\"@type\":\"ImageObject\",\"inLanguage\":\"ca\",\"@id\":\"https:\/\/secure.gravatar.com\/avatar\/0748788578f91786454454fa3b4c295644edb991ad6caadc70b41d26790d38fc?s=96&d=mm&r=g\",\"url\":\"https:\/\/secure.gravatar.com\/avatar\/0748788578f91786454454fa3b4c295644edb991ad6caadc70b41d26790d38fc?s=96&d=mm&r=g\",\"contentUrl\":\"https:\/\/secure.gravatar.com\/avatar\/0748788578f91786454454fa3b4c295644edb991ad6caadc70b41d26790d38fc?s=96&d=mm&r=g\",\"caption\":\"adsmurai\"},\"sameAs\":[\"https:\/\/www.monlau.com\"],\"url\":\"https:\/\/www.monlau.com\/fp\/ca\/author\/adsmurai\/\"}]}<\/script>\n<!-- \/ Yoast SEO plugin. -->","yoast_head_json":{"title":"Com treballem a l\u2019aula del cicle formatiu de Turisme? - Formaci\u00f3n profesional","robots":{"index":"index","follow":"follow","max-snippet":"max-snippet:-1","max-image-preview":"max-image-preview:large","max-video-preview":"max-video-preview:-1"},"canonical":"https:\/\/www.monlau.com\/fp\/ca\/2020\/03\/12\/hoteleria-turisme-com-treballem-laula\/","og_locale":"ca_ES","og_type":"article","og_title":"Com treballem a l\u2019aula del cicle formatiu de Turisme? - Formaci\u00f3n profesional","og_description":"El pas del m\u00f3n educatiu a l\u2019\u00e0mbit professional \u00e9s un dels canvis m\u00e9s importants per a un estudiant. Ja fa anys que des de les aules de Formaci\u00f3 Professional treballem per intentar que la seva inserci\u00f3 laboral sigui\u00a0 el m\u00e9s f\u00e0cil possible. La manera d\u2019aconseguir-ho \u00e9s, sens dubte, integrant a l\u2019aula tot all\u00f2 que trobaran [&hellip;]","og_url":"https:\/\/www.monlau.com\/fp\/ca\/2020\/03\/12\/hoteleria-turisme-com-treballem-laula\/","og_site_name":"Formaci\u00f3n profesional","article_published_time":"2020-03-11T23:00:00+00:00","article_modified_time":"2026-03-10T09:03:34+00:00","og_image":[{"width":2560,"height":1707,"url":"https:\/\/www.monlau.com\/app\/uploads\/sites\/3\/2026\/03\/MG_165222-scaled.jpg","type":"image\/jpeg"}],"author":"adsmurai","twitter_card":"summary_large_image","twitter_misc":{"Escrit per":"adsmurai","Temps estimat de lectura":"2 minuts"},"schema":{"@context":"https:\/\/schema.org","@graph":[{"@type":"Article","@id":"https:\/\/www.monlau.com\/fp\/ca\/2020\/03\/12\/hoteleria-turisme-com-treballem-laula\/#article","isPartOf":{"@id":"https:\/\/www.monlau.com\/fp\/ca\/2020\/03\/12\/hoteleria-turisme-com-treballem-laula\/"},"author":{"name":"adsmurai","@id":"https:\/\/www.monlau.com\/fp\/ca\/#\/schema\/person\/419cfdf054323e24e0a2ef1d8597f051"},"headline":"Com treballem a l\u2019aula del cicle formatiu de Turisme?","datePublished":"2020-03-11T23:00:00+00:00","dateModified":"2026-03-10T09:03:34+00:00","mainEntityOfPage":{"@id":"https:\/\/www.monlau.com\/fp\/ca\/2020\/03\/12\/hoteleria-turisme-com-treballem-laula\/"},"wordCount":436,"publisher":{"@id":"https:\/\/www.monlau.com\/fp\/ca\/#organization"},"image":{"@id":"https:\/\/www.monlau.com\/fp\/ca\/2020\/03\/12\/hoteleria-turisme-com-treballem-laula\/#primaryimage"},"thumbnailUrl":"https:\/\/www.monlau.com\/app\/uploads\/sites\/3\/2026\/03\/MG_165222-scaled.jpg","keywords":["Channel Manager","empresas","empreses","formaci\u00f3 professional","Hoteleia i Turisme","Inserci\u00f3 laboral","m\u00f3n laboral","Monlau","OCDE","Pr\u00e0ctiques","Revenue Manager"],"articleSection":["Hoteleria i Turisme"],"inLanguage":"ca"},{"@type":"WebPage","@id":"https:\/\/www.monlau.com\/fp\/ca\/2020\/03\/12\/hoteleria-turisme-com-treballem-laula\/","url":"https:\/\/www.monlau.com\/fp\/ca\/2020\/03\/12\/hoteleria-turisme-com-treballem-laula\/","name":"Com treballem a l\u2019aula del cicle formatiu de Turisme? - Formaci\u00f3n profesional","isPartOf":{"@id":"https:\/\/www.monlau.com\/fp\/ca\/#website"},"primaryImageOfPage":{"@id":"https:\/\/www.monlau.com\/fp\/ca\/2020\/03\/12\/hoteleria-turisme-com-treballem-laula\/#primaryimage"},"image":{"@id":"https:\/\/www.monlau.com\/fp\/ca\/2020\/03\/12\/hoteleria-turisme-com-treballem-laula\/#primaryimage"},"thumbnailUrl":"https:\/\/www.monlau.com\/app\/uploads\/sites\/3\/2026\/03\/MG_165222-scaled.jpg","datePublished":"2020-03-11T23:00:00+00:00","dateModified":"2026-03-10T09:03:34+00:00","breadcrumb":{"@id":"https:\/\/www.monlau.com\/fp\/ca\/2020\/03\/12\/hoteleria-turisme-com-treballem-laula\/#breadcrumb"},"inLanguage":"ca","potentialAction":[{"@type":"ReadAction","target":["https:\/\/www.monlau.com\/fp\/ca\/2020\/03\/12\/hoteleria-turisme-com-treballem-laula\/"]}]},{"@type":"ImageObject","inLanguage":"ca","@id":"https:\/\/www.monlau.com\/fp\/ca\/2020\/03\/12\/hoteleria-turisme-com-treballem-laula\/#primaryimage","url":"https:\/\/www.monlau.com\/app\/uploads\/sites\/3\/2026\/03\/MG_165222-scaled.jpg","contentUrl":"https:\/\/www.monlau.com\/app\/uploads\/sites\/3\/2026\/03\/MG_165222-scaled.jpg","width":2560,"height":1707},{"@type":"BreadcrumbList","@id":"https:\/\/www.monlau.com\/fp\/ca\/2020\/03\/12\/hoteleria-turisme-com-treballem-laula\/#breadcrumb","itemListElement":[{"@type":"ListItem","position":1,"name":"Portada","item":"https:\/\/www.monlau.com\/fp\/ca\/inici\/"},{"@type":"ListItem","position":2,"name":"Com treballem a l\u2019aula del cicle formatiu de Turisme?"}]},{"@type":"WebSite","@id":"https:\/\/www.monlau.com\/fp\/ca\/#website","url":"https:\/\/www.monlau.com\/fp\/ca\/","name":"Formaci\u00f3n profesional","description":"Monlau","publisher":{"@id":"https:\/\/www.monlau.com\/fp\/ca\/#organization"},"potentialAction":[{"@type":"SearchAction","target":{"@type":"EntryPoint","urlTemplate":"https:\/\/www.monlau.com\/fp\/ca\/?s={search_term_string}"},"query-input":{"@type":"PropertyValueSpecification","valueRequired":true,"valueName":"search_term_string"}}],"inLanguage":"ca"},{"@type":"Organization","@id":"https:\/\/www.monlau.com\/fp\/ca\/#organization","name":"Formaci\u00f3n profesional","url":"https:\/\/www.monlau.com\/fp\/ca\/","logo":{"@type":"ImageObject","inLanguage":"ca","@id":"https:\/\/www.monlau.com\/fp\/ca\/#\/schema\/logo\/image\/","url":"https:\/\/www.monlau.com\/app\/uploads\/sites\/3\/2026\/01\/fp.png","contentUrl":"https:\/\/www.monlau.com\/app\/uploads\/sites\/3\/2026\/01\/fp.png","width":1024,"height":878,"caption":"Formaci\u00f3n profesional"},"image":{"@id":"https:\/\/www.monlau.com\/fp\/ca\/#\/schema\/logo\/image\/"}},{"@type":"Person","@id":"https:\/\/www.monlau.com\/fp\/ca\/#\/schema\/person\/419cfdf054323e24e0a2ef1d8597f051","name":"adsmurai","image":{"@type":"ImageObject","inLanguage":"ca","@id":"https:\/\/secure.gravatar.com\/avatar\/0748788578f91786454454fa3b4c295644edb991ad6caadc70b41d26790d38fc?s=96&d=mm&r=g","url":"https:\/\/secure.gravatar.com\/avatar\/0748788578f91786454454fa3b4c295644edb991ad6caadc70b41d26790d38fc?s=96&d=mm&r=g","contentUrl":"https:\/\/secure.gravatar.com\/avatar\/0748788578f91786454454fa3b4c295644edb991ad6caadc70b41d26790d38fc?s=96&d=mm&r=g","caption":"adsmurai"},"sameAs":["https:\/\/www.monlau.com"],"url":"https:\/\/www.monlau.com\/fp\/ca\/author\/adsmurai\/"}]}},"_links":{"self":[{"href":"https:\/\/www.monlau.com\/fp\/ca\/wp-json\/wp\/v2\/posts\/6128","targetHints":{"allow":["GET"]}}],"collection":[{"href":"https:\/\/www.monlau.com\/fp\/ca\/wp-json\/wp\/v2\/posts"}],"about":[{"href":"https:\/\/www.monlau.com\/fp\/ca\/wp-json\/wp\/v2\/types\/post"}],"author":[{"embeddable":true,"href":"https:\/\/www.monlau.com\/fp\/ca\/wp-json\/wp\/v2\/users\/1"}],"replies":[{"embeddable":true,"href":"https:\/\/www.monlau.com\/fp\/ca\/wp-json\/wp\/v2\/comments?post=6128"}],"version-history":[{"count":1,"href":"https:\/\/www.monlau.com\/fp\/ca\/wp-json\/wp\/v2\/posts\/6128\/revisions"}],"predecessor-version":[{"id":6487,"href":"https:\/\/www.monlau.com\/fp\/ca\/wp-json\/wp\/v2\/posts\/6128\/revisions\/6487"}],"wp:featuredmedia":[{"embeddable":true,"href":"https:\/\/www.monlau.com\/fp\/ca\/wp-json\/wp\/v2\/media\/3378"}],"wp:attachment":[{"href":"https:\/\/www.monlau.com\/fp\/ca\/wp-json\/wp\/v2\/media?parent=6128"}],"wp:term":[{"taxonomy":"category","embeddable":true,"href":"https:\/\/www.monlau.com\/fp\/ca\/wp-json\/wp\/v2\/categories?post=6128"},{"taxonomy":"post_tag","embeddable":true,"href":"https:\/\/www.monlau.com\/fp\/ca\/wp-json\/wp\/v2\/tags?post=6128"}],"curies":[{"name":"wp","href":"https:\/\/api.w.org\/{rel}","templated":true}]}}