{"id":6123,"date":"2020-03-02T00:00:00","date_gmt":"2020-03-01T23:00:00","guid":{"rendered":"https:\/\/www.monlau.com\/formacion-profesional\/formacio-dual-automocio\/"},"modified":"2026-03-10T10:03:34","modified_gmt":"2026-03-10T09:03:34","slug":"formacio-dual-automocio","status":"publish","type":"post","link":"https:\/\/www.monlau.com\/fp\/ca\/2020\/03\/02\/formacio-dual-automocio\/","title":{"rendered":"FP Dual en Automoci\u00f3, la formaci\u00f3 compartida amb l\u2019empresa"},"content":{"rendered":"<p>El sector de <a href=\"https:\/\/www.monlau.com\/estudis-professionals\/area-automocio\/?lang=ca\">l&#8217;automoci\u00f3<\/a> est\u00e0 en un moment de grans canvis i amb gran incertesa sobre el model de futur, coneixements necessaris, perfils professionals&#8230; i per descomptat amb una redefinici\u00f3 gaireb\u00e9 di\u00e0ria de la formaci\u00f3 que \u00e9s necess\u00e0ria.<\/p>\n<p>Amb aquest escenari, <strong>la formaci\u00f3 dual est\u00e0 ajudant tant a les empreses com a les escoles a actualitzar els coneixements de manera r\u00e0pida i de qualitat<\/strong>, de manera que les dues parts treuen profit del sistema.<\/p>\n<p><strong>L&#8217;FP Dual \u00e9s un model que compta amb una inserci\u00f3 laboral del 70%,<\/strong> cosa que motiva als alumnes i fam\u00edlies a prendre la decisi\u00f3 de cursar aquesta modalitat d&#8217;estudi.<\/p>\n<p>Per\u00f2, qu\u00e8 \u00e9s la formaci\u00f3 professional dual?; \u00e9s una modalitat que alterna l&#8217;aprenentatge entre el centre educatiu i l&#8217;empresa.<\/p>\n<p>L&#8217;\u00e8xit d&#8217;aquesta modalitat es basa en una <strong>major flexibilitat i adaptaci\u00f3 al que les empreses necessiten<\/strong>, tant en l&#8217;\u00e0mbit t\u00e8cnic com en compet\u00e8ncies personals. El fet de compartir la formaci\u00f3 genera que les empreses poden complementar i modelar els coneixements generals que s&#8217;imparteixen al centre educatiu apropant-los a les necessitats de mercat.<\/p>\n<p>Des de <a href=\"https:\/\/www.monlau.com\/?lang=ca\">Monlau<\/a> estem treballant en el model dual per refor\u00e7ar la relaci\u00f3 Alumne-Empresa i tamb\u00e9 potenciar el contacte entre l&#8217;escola i el mercat de manera que <strong>es faciliti la confecci\u00f3 d&#8217;un itinerari formatiu d&#8217;acord amb les necessitats.<\/strong><\/p>\n<p>Les principals caracter\u00edstiques que volem desenvolupar en el model s\u00f3n:<\/p>\n<ul>\n<li>Ajudar a l&#8217;alumne a con\u00e8ixer de prop el sector.<\/li>\n<li>Facilitar la incorporaci\u00f3 laboral.<\/li>\n<li>Incorporar un aprenentatge pr\u00e0ctic i progressiu a l&#8217;empresa. Millora de capacitaci\u00f3.<\/li>\n<li>Augmentar la vinculaci\u00f3 i la responsabilitat de l&#8217;empresa amb la formaci\u00f3 dels nostres alumnes.<\/li>\n<li>Potenciar la relaci\u00f3 de professorat amb el sector.<\/li>\n<\/ul>\n<p>&nbsp;<\/p>\n<p><a href=\"https:\/\/www.monlau.com\/estudis-professionals\/area-automocio\/?lang=ca\"><img fetchpriority=\"high\" decoding=\"async\" class=\"aligncenter wp-image-7284 size-full\" src=\"https:\/\/www.monlau.com\/estudis-professionals\/wp-content\/uploads\/sites\/3\/2020\/03\/Banner-automocion-CAT.png\" alt=\"\" width=\"1200\" height=\"372\" \/><\/a><\/p>\n<h4>Carlos Salazar<\/h4>\n<p>Director de l&#8217;\u00c0rea d&#8217;Automoci\u00f3<\/p>\n","protected":false},"excerpt":{"rendered":"<p>El sector de l&#8217;automoci\u00f3 est\u00e0 en un moment de grans canvis i amb gran incertesa sobre el model de futur, coneixements necessaris, perfils professionals&#8230; i per descomptat amb una redefinici\u00f3 gaireb\u00e9 di\u00e0ria de la formaci\u00f3 que \u00e9s necess\u00e0ria. Amb aquest escenari, la formaci\u00f3 dual est\u00e0 ajudant tant a les empreses com a les escoles a [&hellip;]<\/p>\n","protected":false},"author":1,"featured_media":3368,"comment_status":"closed","ping_status":"closed","sticky":false,"template":"","format":"standard","meta":{"footnotes":""},"categories":[252],"tags":[309,294,338,320,281],"class_list":["post-6123","post","type-post","status-publish","format-standard","has-post-thumbnail","hentry","category-automocio","tag-automocio","tag-empresas","tag-formacio-dual","tag-insercio-laboral","tag-monlau"],"yoast_head":"<!-- This site is optimized with the Yoast SEO plugin v27.2 - https:\/\/yoast.com\/product\/yoast-seo-wordpress\/ -->\n<title>FP Dual en Automoci\u00f3, la formaci\u00f3 compartida amb l\u2019empresa - Formaci\u00f3n profesional<\/title>\n<meta name=\"robots\" content=\"index, follow, max-snippet:-1, max-image-preview:large, max-video-preview:-1\" \/>\n<link rel=\"canonical\" href=\"https:\/\/www.monlau.com\/fp\/ca\/2020\/03\/02\/formacio-dual-automocio\/\" \/>\n<meta property=\"og:locale\" content=\"ca_ES\" \/>\n<meta property=\"og:type\" content=\"article\" \/>\n<meta property=\"og:title\" content=\"FP Dual en Automoci\u00f3, la formaci\u00f3 compartida amb l\u2019empresa - Formaci\u00f3n profesional\" \/>\n<meta property=\"og:description\" content=\"El sector de l&#8217;automoci\u00f3 est\u00e0 en un moment de grans canvis i amb gran incertesa sobre el model de futur, coneixements necessaris, perfils professionals&#8230; i per descomptat amb una redefinici\u00f3 gaireb\u00e9 di\u00e0ria de la formaci\u00f3 que \u00e9s necess\u00e0ria. Amb aquest escenari, la formaci\u00f3 dual est\u00e0 ajudant tant a les empreses com a les escoles a [&hellip;]\" \/>\n<meta property=\"og:url\" content=\"https:\/\/www.monlau.com\/fp\/ca\/2020\/03\/02\/formacio-dual-automocio\/\" \/>\n<meta property=\"og:site_name\" content=\"Formaci\u00f3n profesional\" \/>\n<meta property=\"article:published_time\" content=\"2020-03-01T23:00:00+00:00\" \/>\n<meta property=\"article:modified_time\" content=\"2026-03-10T09:03:34+00:00\" \/>\n<meta property=\"og:image\" content=\"https:\/\/www.monlau.com\/app\/uploads\/sites\/3\/2026\/03\/MG_14262-scaled.jpg\" \/>\n\t<meta property=\"og:image:width\" content=\"2560\" \/>\n\t<meta property=\"og:image:height\" content=\"1707\" \/>\n\t<meta property=\"og:image:type\" content=\"image\/jpeg\" \/>\n<meta name=\"author\" content=\"adsmurai\" \/>\n<meta name=\"twitter:card\" content=\"summary_large_image\" \/>\n<meta name=\"twitter:label1\" content=\"Escrit per\" \/>\n\t<meta name=\"twitter:data1\" content=\"adsmurai\" \/>\n\t<meta name=\"twitter:label2\" content=\"Temps estimat de lectura\" \/>\n\t<meta name=\"twitter:data2\" content=\"1 minut\" \/>\n<script type=\"application\/ld+json\" class=\"yoast-schema-graph\">{\"@context\":\"https:\/\/schema.org\",\"@graph\":[{\"@type\":\"Article\",\"@id\":\"https:\/\/www.monlau.com\/fp\/ca\/2020\/03\/02\/formacio-dual-automocio\/#article\",\"isPartOf\":{\"@id\":\"https:\/\/www.monlau.com\/fp\/ca\/2020\/03\/02\/formacio-dual-automocio\/\"},\"author\":{\"name\":\"adsmurai\",\"@id\":\"https:\/\/www.monlau.com\/fp\/ca\/#\/schema\/person\/419cfdf054323e24e0a2ef1d8597f051\"},\"headline\":\"FP Dual en Automoci\u00f3, la formaci\u00f3 compartida amb l\u2019empresa\",\"datePublished\":\"2020-03-01T23:00:00+00:00\",\"dateModified\":\"2026-03-10T09:03:34+00:00\",\"mainEntityOfPage\":{\"@id\":\"https:\/\/www.monlau.com\/fp\/ca\/2020\/03\/02\/formacio-dual-automocio\/\"},\"wordCount\":312,\"publisher\":{\"@id\":\"https:\/\/www.monlau.com\/fp\/ca\/#organization\"},\"image\":{\"@id\":\"https:\/\/www.monlau.com\/fp\/ca\/2020\/03\/02\/formacio-dual-automocio\/#primaryimage\"},\"thumbnailUrl\":\"https:\/\/www.monlau.com\/app\/uploads\/sites\/3\/2026\/03\/MG_14262-scaled.jpg\",\"keywords\":[\"Automoci\u00f3\",\"empresas\",\"Formaci\u00f3 Dual\",\"Inserci\u00f3 laboral\",\"Monlau\"],\"articleSection\":[\"Automoci\u00f3\"],\"inLanguage\":\"ca\"},{\"@type\":\"WebPage\",\"@id\":\"https:\/\/www.monlau.com\/fp\/ca\/2020\/03\/02\/formacio-dual-automocio\/\",\"url\":\"https:\/\/www.monlau.com\/fp\/ca\/2020\/03\/02\/formacio-dual-automocio\/\",\"name\":\"FP Dual en Automoci\u00f3, la formaci\u00f3 compartida amb l\u2019empresa - Formaci\u00f3n profesional\",\"isPartOf\":{\"@id\":\"https:\/\/www.monlau.com\/fp\/ca\/#website\"},\"primaryImageOfPage\":{\"@id\":\"https:\/\/www.monlau.com\/fp\/ca\/2020\/03\/02\/formacio-dual-automocio\/#primaryimage\"},\"image\":{\"@id\":\"https:\/\/www.monlau.com\/fp\/ca\/2020\/03\/02\/formacio-dual-automocio\/#primaryimage\"},\"thumbnailUrl\":\"https:\/\/www.monlau.com\/app\/uploads\/sites\/3\/2026\/03\/MG_14262-scaled.jpg\",\"datePublished\":\"2020-03-01T23:00:00+00:00\",\"dateModified\":\"2026-03-10T09:03:34+00:00\",\"breadcrumb\":{\"@id\":\"https:\/\/www.monlau.com\/fp\/ca\/2020\/03\/02\/formacio-dual-automocio\/#breadcrumb\"},\"inLanguage\":\"ca\",\"potentialAction\":[{\"@type\":\"ReadAction\",\"target\":[\"https:\/\/www.monlau.com\/fp\/ca\/2020\/03\/02\/formacio-dual-automocio\/\"]}]},{\"@type\":\"ImageObject\",\"inLanguage\":\"ca\",\"@id\":\"https:\/\/www.monlau.com\/fp\/ca\/2020\/03\/02\/formacio-dual-automocio\/#primaryimage\",\"url\":\"https:\/\/www.monlau.com\/app\/uploads\/sites\/3\/2026\/03\/MG_14262-scaled.jpg\",\"contentUrl\":\"https:\/\/www.monlau.com\/app\/uploads\/sites\/3\/2026\/03\/MG_14262-scaled.jpg\",\"width\":2560,\"height\":1707},{\"@type\":\"BreadcrumbList\",\"@id\":\"https:\/\/www.monlau.com\/fp\/ca\/2020\/03\/02\/formacio-dual-automocio\/#breadcrumb\",\"itemListElement\":[{\"@type\":\"ListItem\",\"position\":1,\"name\":\"Portada\",\"item\":\"https:\/\/www.monlau.com\/fp\/ca\/inici\/\"},{\"@type\":\"ListItem\",\"position\":2,\"name\":\"FP Dual en Automoci\u00f3, la formaci\u00f3 compartida amb l\u2019empresa\"}]},{\"@type\":\"WebSite\",\"@id\":\"https:\/\/www.monlau.com\/fp\/ca\/#website\",\"url\":\"https:\/\/www.monlau.com\/fp\/ca\/\",\"name\":\"Formaci\u00f3n profesional\",\"description\":\"Monlau\",\"publisher\":{\"@id\":\"https:\/\/www.monlau.com\/fp\/ca\/#organization\"},\"potentialAction\":[{\"@type\":\"SearchAction\",\"target\":{\"@type\":\"EntryPoint\",\"urlTemplate\":\"https:\/\/www.monlau.com\/fp\/ca\/?s={search_term_string}\"},\"query-input\":{\"@type\":\"PropertyValueSpecification\",\"valueRequired\":true,\"valueName\":\"search_term_string\"}}],\"inLanguage\":\"ca\"},{\"@type\":\"Organization\",\"@id\":\"https:\/\/www.monlau.com\/fp\/ca\/#organization\",\"name\":\"Formaci\u00f3n profesional\",\"url\":\"https:\/\/www.monlau.com\/fp\/ca\/\",\"logo\":{\"@type\":\"ImageObject\",\"inLanguage\":\"ca\",\"@id\":\"https:\/\/www.monlau.com\/fp\/ca\/#\/schema\/logo\/image\/\",\"url\":\"https:\/\/www.monlau.com\/app\/uploads\/sites\/3\/2026\/01\/fp.png\",\"contentUrl\":\"https:\/\/www.monlau.com\/app\/uploads\/sites\/3\/2026\/01\/fp.png\",\"width\":1024,\"height\":878,\"caption\":\"Formaci\u00f3n profesional\"},\"image\":{\"@id\":\"https:\/\/www.monlau.com\/fp\/ca\/#\/schema\/logo\/image\/\"}},{\"@type\":\"Person\",\"@id\":\"https:\/\/www.monlau.com\/fp\/ca\/#\/schema\/person\/419cfdf054323e24e0a2ef1d8597f051\",\"name\":\"adsmurai\",\"image\":{\"@type\":\"ImageObject\",\"inLanguage\":\"ca\",\"@id\":\"https:\/\/secure.gravatar.com\/avatar\/0748788578f91786454454fa3b4c295644edb991ad6caadc70b41d26790d38fc?s=96&d=mm&r=g\",\"url\":\"https:\/\/secure.gravatar.com\/avatar\/0748788578f91786454454fa3b4c295644edb991ad6caadc70b41d26790d38fc?s=96&d=mm&r=g\",\"contentUrl\":\"https:\/\/secure.gravatar.com\/avatar\/0748788578f91786454454fa3b4c295644edb991ad6caadc70b41d26790d38fc?s=96&d=mm&r=g\",\"caption\":\"adsmurai\"},\"sameAs\":[\"https:\/\/www.monlau.com\"],\"url\":\"https:\/\/www.monlau.com\/fp\/ca\/author\/adsmurai\/\"}]}<\/script>\n<!-- \/ Yoast SEO plugin. -->","yoast_head_json":{"title":"FP Dual en Automoci\u00f3, la formaci\u00f3 compartida amb l\u2019empresa - Formaci\u00f3n profesional","robots":{"index":"index","follow":"follow","max-snippet":"max-snippet:-1","max-image-preview":"max-image-preview:large","max-video-preview":"max-video-preview:-1"},"canonical":"https:\/\/www.monlau.com\/fp\/ca\/2020\/03\/02\/formacio-dual-automocio\/","og_locale":"ca_ES","og_type":"article","og_title":"FP Dual en Automoci\u00f3, la formaci\u00f3 compartida amb l\u2019empresa - Formaci\u00f3n profesional","og_description":"El sector de l&#8217;automoci\u00f3 est\u00e0 en un moment de grans canvis i amb gran incertesa sobre el model de futur, coneixements necessaris, perfils professionals&#8230; i per descomptat amb una redefinici\u00f3 gaireb\u00e9 di\u00e0ria de la formaci\u00f3 que \u00e9s necess\u00e0ria. Amb aquest escenari, la formaci\u00f3 dual est\u00e0 ajudant tant a les empreses com a les escoles a [&hellip;]","og_url":"https:\/\/www.monlau.com\/fp\/ca\/2020\/03\/02\/formacio-dual-automocio\/","og_site_name":"Formaci\u00f3n profesional","article_published_time":"2020-03-01T23:00:00+00:00","article_modified_time":"2026-03-10T09:03:34+00:00","og_image":[{"width":2560,"height":1707,"url":"https:\/\/www.monlau.com\/app\/uploads\/sites\/3\/2026\/03\/MG_14262-scaled.jpg","type":"image\/jpeg"}],"author":"adsmurai","twitter_card":"summary_large_image","twitter_misc":{"Escrit per":"adsmurai","Temps estimat de lectura":"1 minut"},"schema":{"@context":"https:\/\/schema.org","@graph":[{"@type":"Article","@id":"https:\/\/www.monlau.com\/fp\/ca\/2020\/03\/02\/formacio-dual-automocio\/#article","isPartOf":{"@id":"https:\/\/www.monlau.com\/fp\/ca\/2020\/03\/02\/formacio-dual-automocio\/"},"author":{"name":"adsmurai","@id":"https:\/\/www.monlau.com\/fp\/ca\/#\/schema\/person\/419cfdf054323e24e0a2ef1d8597f051"},"headline":"FP Dual en Automoci\u00f3, la formaci\u00f3 compartida amb l\u2019empresa","datePublished":"2020-03-01T23:00:00+00:00","dateModified":"2026-03-10T09:03:34+00:00","mainEntityOfPage":{"@id":"https:\/\/www.monlau.com\/fp\/ca\/2020\/03\/02\/formacio-dual-automocio\/"},"wordCount":312,"publisher":{"@id":"https:\/\/www.monlau.com\/fp\/ca\/#organization"},"image":{"@id":"https:\/\/www.monlau.com\/fp\/ca\/2020\/03\/02\/formacio-dual-automocio\/#primaryimage"},"thumbnailUrl":"https:\/\/www.monlau.com\/app\/uploads\/sites\/3\/2026\/03\/MG_14262-scaled.jpg","keywords":["Automoci\u00f3","empresas","Formaci\u00f3 Dual","Inserci\u00f3 laboral","Monlau"],"articleSection":["Automoci\u00f3"],"inLanguage":"ca"},{"@type":"WebPage","@id":"https:\/\/www.monlau.com\/fp\/ca\/2020\/03\/02\/formacio-dual-automocio\/","url":"https:\/\/www.monlau.com\/fp\/ca\/2020\/03\/02\/formacio-dual-automocio\/","name":"FP Dual en Automoci\u00f3, la formaci\u00f3 compartida amb l\u2019empresa - Formaci\u00f3n profesional","isPartOf":{"@id":"https:\/\/www.monlau.com\/fp\/ca\/#website"},"primaryImageOfPage":{"@id":"https:\/\/www.monlau.com\/fp\/ca\/2020\/03\/02\/formacio-dual-automocio\/#primaryimage"},"image":{"@id":"https:\/\/www.monlau.com\/fp\/ca\/2020\/03\/02\/formacio-dual-automocio\/#primaryimage"},"thumbnailUrl":"https:\/\/www.monlau.com\/app\/uploads\/sites\/3\/2026\/03\/MG_14262-scaled.jpg","datePublished":"2020-03-01T23:00:00+00:00","dateModified":"2026-03-10T09:03:34+00:00","breadcrumb":{"@id":"https:\/\/www.monlau.com\/fp\/ca\/2020\/03\/02\/formacio-dual-automocio\/#breadcrumb"},"inLanguage":"ca","potentialAction":[{"@type":"ReadAction","target":["https:\/\/www.monlau.com\/fp\/ca\/2020\/03\/02\/formacio-dual-automocio\/"]}]},{"@type":"ImageObject","inLanguage":"ca","@id":"https:\/\/www.monlau.com\/fp\/ca\/2020\/03\/02\/formacio-dual-automocio\/#primaryimage","url":"https:\/\/www.monlau.com\/app\/uploads\/sites\/3\/2026\/03\/MG_14262-scaled.jpg","contentUrl":"https:\/\/www.monlau.com\/app\/uploads\/sites\/3\/2026\/03\/MG_14262-scaled.jpg","width":2560,"height":1707},{"@type":"BreadcrumbList","@id":"https:\/\/www.monlau.com\/fp\/ca\/2020\/03\/02\/formacio-dual-automocio\/#breadcrumb","itemListElement":[{"@type":"ListItem","position":1,"name":"Portada","item":"https:\/\/www.monlau.com\/fp\/ca\/inici\/"},{"@type":"ListItem","position":2,"name":"FP Dual en Automoci\u00f3, la formaci\u00f3 compartida amb l\u2019empresa"}]},{"@type":"WebSite","@id":"https:\/\/www.monlau.com\/fp\/ca\/#website","url":"https:\/\/www.monlau.com\/fp\/ca\/","name":"Formaci\u00f3n profesional","description":"Monlau","publisher":{"@id":"https:\/\/www.monlau.com\/fp\/ca\/#organization"},"potentialAction":[{"@type":"SearchAction","target":{"@type":"EntryPoint","urlTemplate":"https:\/\/www.monlau.com\/fp\/ca\/?s={search_term_string}"},"query-input":{"@type":"PropertyValueSpecification","valueRequired":true,"valueName":"search_term_string"}}],"inLanguage":"ca"},{"@type":"Organization","@id":"https:\/\/www.monlau.com\/fp\/ca\/#organization","name":"Formaci\u00f3n profesional","url":"https:\/\/www.monlau.com\/fp\/ca\/","logo":{"@type":"ImageObject","inLanguage":"ca","@id":"https:\/\/www.monlau.com\/fp\/ca\/#\/schema\/logo\/image\/","url":"https:\/\/www.monlau.com\/app\/uploads\/sites\/3\/2026\/01\/fp.png","contentUrl":"https:\/\/www.monlau.com\/app\/uploads\/sites\/3\/2026\/01\/fp.png","width":1024,"height":878,"caption":"Formaci\u00f3n profesional"},"image":{"@id":"https:\/\/www.monlau.com\/fp\/ca\/#\/schema\/logo\/image\/"}},{"@type":"Person","@id":"https:\/\/www.monlau.com\/fp\/ca\/#\/schema\/person\/419cfdf054323e24e0a2ef1d8597f051","name":"adsmurai","image":{"@type":"ImageObject","inLanguage":"ca","@id":"https:\/\/secure.gravatar.com\/avatar\/0748788578f91786454454fa3b4c295644edb991ad6caadc70b41d26790d38fc?s=96&d=mm&r=g","url":"https:\/\/secure.gravatar.com\/avatar\/0748788578f91786454454fa3b4c295644edb991ad6caadc70b41d26790d38fc?s=96&d=mm&r=g","contentUrl":"https:\/\/secure.gravatar.com\/avatar\/0748788578f91786454454fa3b4c295644edb991ad6caadc70b41d26790d38fc?s=96&d=mm&r=g","caption":"adsmurai"},"sameAs":["https:\/\/www.monlau.com"],"url":"https:\/\/www.monlau.com\/fp\/ca\/author\/adsmurai\/"}]}},"_links":{"self":[{"href":"https:\/\/www.monlau.com\/fp\/ca\/wp-json\/wp\/v2\/posts\/6123","targetHints":{"allow":["GET"]}}],"collection":[{"href":"https:\/\/www.monlau.com\/fp\/ca\/wp-json\/wp\/v2\/posts"}],"about":[{"href":"https:\/\/www.monlau.com\/fp\/ca\/wp-json\/wp\/v2\/types\/post"}],"author":[{"embeddable":true,"href":"https:\/\/www.monlau.com\/fp\/ca\/wp-json\/wp\/v2\/users\/1"}],"replies":[{"embeddable":true,"href":"https:\/\/www.monlau.com\/fp\/ca\/wp-json\/wp\/v2\/comments?post=6123"}],"version-history":[{"count":1,"href":"https:\/\/www.monlau.com\/fp\/ca\/wp-json\/wp\/v2\/posts\/6123\/revisions"}],"predecessor-version":[{"id":6489,"href":"https:\/\/www.monlau.com\/fp\/ca\/wp-json\/wp\/v2\/posts\/6123\/revisions\/6489"}],"wp:featuredmedia":[{"embeddable":true,"href":"https:\/\/www.monlau.com\/fp\/ca\/wp-json\/wp\/v2\/media\/3368"}],"wp:attachment":[{"href":"https:\/\/www.monlau.com\/fp\/ca\/wp-json\/wp\/v2\/media?parent=6123"}],"wp:term":[{"taxonomy":"category","embeddable":true,"href":"https:\/\/www.monlau.com\/fp\/ca\/wp-json\/wp\/v2\/categories?post=6123"},{"taxonomy":"post_tag","embeddable":true,"href":"https:\/\/www.monlau.com\/fp\/ca\/wp-json\/wp\/v2\/tags?post=6123"}],"curies":[{"name":"wp","href":"https:\/\/api.w.org\/{rel}","templated":true}]}}