{"id":6112,"date":"2020-02-13T00:00:00","date_gmt":"2020-02-12T23:00:00","guid":{"rendered":"https:\/\/www.monlau.com\/formacion-profesional\/alumnes-segon-asix-instal%c2%b7len-primers-servidors-web-professionals\/"},"modified":"2020-02-13T00:00:00","modified_gmt":"2020-02-12T23:00:00","slug":"alumnes-segon-asix-instal%c2%b7len-primers-servidors-web-professionals","status":"publish","type":"post","link":"https:\/\/www.monlau.com\/fp\/ca\/2020\/02\/13\/alumnes-segon-asix-instal%c2%b7len-primers-servidors-web-professionals\/","title":{"rendered":"Els alumnes de segon d\u2019ASIX instal\u00b7len els seus primers servidors web professionals"},"content":{"rendered":"<p>Abans de les vacances de Nadal, els alumnes de segon del <a href=\"https:\/\/www.monlau.com\/estudis-professionals\/cursos\/cicle-formatiu-de-grau-superior-en-administracio-de-sistemes-informatics-i-xarxes-asix\/?lang=ca\">Cicle Superior d&#8217;Administraci\u00f3 de Sistemes Inform\u00e0tics i Xarxes<\/a> van iniciar la Unitat Formativa 2 del M\u00f2dul 08 &#8211; Serveis de Xarxa i Internet.<\/p>\n<p>El principal objectiu de la segona Unitat Formativa d&#8217;aquesta assignatura era capacitar els alumnes per a qu\u00e8 aprenguin a gestionar Servidors Web professionals i segurs, amb capacitat per a albergar m\u00faltiples <em>websites (p\u00e0gines web)<\/em> de manera simult\u00e0nia, segura i robusta.<\/p>\n<p>Aquestes primeres setmanes els alumnes han estat realitzant activitats que consisteixen en la instal\u00b7laci\u00f3 del software IIS (Internet Information Server), que \u00e9s el software de servidor web que <a href=\"https:\/\/www.microsoft.com\/es-es\">Microsoft<\/a> inclou en els seus Sistemes Operatius professionals de servidor. En aquest cas, s&#8217;utilitza IIS 10.0, que ve incl\u00f2s en <strong>Microsoft Windows Server 2016<\/strong>. Com la majoria de les pr\u00e0ctiques d&#8217;aquesta mat\u00e8ria, es realitzen en laboratoris virtualitzats amb <strong>Hyper-V.<\/strong><\/p>\n<p><img fetchpriority=\"high\" decoding=\"async\" class=\"size-full wp-image-6973 aligncenter\" src=\"https:\/\/www.monlau.com\/estudis-professionals\/wp-content\/uploads\/sites\/3\/2020\/02\/collage3.png\" alt=\"\" width=\"1000\" height=\"334\" \/><\/p>\n<p>A continuaci\u00f3, es creen i configuren diferents llocs web, que en el seu moment seran encriptades i securitzats mitjan\u00e7ant l&#8217;\u00fas del protocol SSL i certificats digitals.<\/p>\n<p>Durant les properes setmanes l&#8217;alumnat de segon d&#8217;Administraci\u00f3 de Sistemes Inform\u00e0tics i Xarxes aprendr\u00e0 tamb\u00e9 a realitzar aquestes mateixes tasques utilitzant el servidor web Apache, n\u00famero u mundial en entorns UNIX \/ Linux.<\/p>\n<p><a href=\"https:\/\/www.monlau.com\/estudis-professionals\/area-informatica\/?lang=ca\"><img decoding=\"async\" class=\"aligncenter wp-image-6957 size-full\" src=\"https:\/\/www.monlau.com\/estudis-professionals\/wp-content\/uploads\/sites\/3\/2020\/02\/Banner-informatica-cat.png\" alt=\"\" width=\"1200\" height=\"372\" \/><\/a><\/p>\n","protected":false},"excerpt":{"rendered":"<p>Abans de les vacances de Nadal, els alumnes de segon del Cicle Superior d&#8217;Administraci\u00f3 de Sistemes Inform\u00e0tics i Xarxes van iniciar la Unitat Formativa 2 del M\u00f2dul 08 &#8211; Serveis de Xarxa i Internet. El principal objectiu de la segona Unitat Formativa d&#8217;aquesta assignatura era capacitar els alumnes per a qu\u00e8 aprenguin a gestionar Servidors [&hellip;]<\/p>\n","protected":false},"author":1,"featured_media":6113,"comment_status":"closed","ping_status":"closed","sticky":false,"template":"","format":"standard","meta":{"footnotes":""},"categories":[255],"tags":[278,328,329,330,331,332],"class_list":["post-6112","post","type-post","status-publish","format-standard","has-post-thumbnail","hentry","category-informatica","tag-asix","tag-microsoft","tag-pagines-web","tag-servidors-web","tag-software","tag-websites"],"yoast_head":"<!-- This site is optimized with the Yoast SEO plugin v27.2 - https:\/\/yoast.com\/product\/yoast-seo-wordpress\/ -->\n<title>Els alumnes de segon d\u2019ASIX instal\u00b7len els seus primers servidors web professionals - Formaci\u00f3n profesional<\/title>\n<meta name=\"robots\" content=\"index, follow, max-snippet:-1, max-image-preview:large, max-video-preview:-1\" \/>\n<link rel=\"canonical\" href=\"https:\/\/www.monlau.com\/fp\/ca\/2020\/02\/13\/alumnes-segon-asix-instal%c2%b7len-primers-servidors-web-professionals\/\" \/>\n<meta property=\"og:locale\" content=\"ca_ES\" \/>\n<meta property=\"og:type\" content=\"article\" \/>\n<meta property=\"og:title\" content=\"Els alumnes de segon d\u2019ASIX instal\u00b7len els seus primers servidors web professionals - Formaci\u00f3n profesional\" \/>\n<meta property=\"og:description\" content=\"Abans de les vacances de Nadal, els alumnes de segon del Cicle Superior d&#8217;Administraci\u00f3 de Sistemes Inform\u00e0tics i Xarxes van iniciar la Unitat Formativa 2 del M\u00f2dul 08 &#8211; Serveis de Xarxa i Internet. El principal objectiu de la segona Unitat Formativa d&#8217;aquesta assignatura era capacitar els alumnes per a qu\u00e8 aprenguin a gestionar Servidors [&hellip;]\" \/>\n<meta property=\"og:url\" content=\"https:\/\/www.monlau.com\/fp\/ca\/2020\/02\/13\/alumnes-segon-asix-instal%c2%b7len-primers-servidors-web-professionals\/\" \/>\n<meta property=\"og:site_name\" content=\"Formaci\u00f3n profesional\" \/>\n<meta property=\"article:published_time\" content=\"2020-02-12T23:00:00+00:00\" \/>\n<meta property=\"og:image\" content=\"https:\/\/www.monlau.com\/app\/uploads\/sites\/3\/2026\/03\/WhatsApp-Image-2020-01-14-at-15.15.39.jpeg\" \/>\n\t<meta property=\"og:image:width\" content=\"1600\" \/>\n\t<meta property=\"og:image:height\" content=\"1200\" \/>\n\t<meta property=\"og:image:type\" content=\"image\/jpeg\" \/>\n<meta name=\"author\" content=\"adsmurai\" \/>\n<meta name=\"twitter:card\" content=\"summary_large_image\" \/>\n<meta name=\"twitter:label1\" content=\"Escrit per\" \/>\n\t<meta name=\"twitter:data1\" content=\"adsmurai\" \/>\n\t<meta name=\"twitter:label2\" content=\"Temps estimat de lectura\" \/>\n\t<meta name=\"twitter:data2\" content=\"1 minut\" \/>\n<script type=\"application\/ld+json\" class=\"yoast-schema-graph\">{\"@context\":\"https:\/\/schema.org\",\"@graph\":[{\"@type\":\"Article\",\"@id\":\"https:\/\/www.monlau.com\/fp\/ca\/2020\/02\/13\/alumnes-segon-asix-instal%c2%b7len-primers-servidors-web-professionals\/#article\",\"isPartOf\":{\"@id\":\"https:\/\/www.monlau.com\/fp\/ca\/2020\/02\/13\/alumnes-segon-asix-instal%c2%b7len-primers-servidors-web-professionals\/\"},\"author\":{\"name\":\"adsmurai\",\"@id\":\"https:\/\/www.monlau.com\/fp\/ca\/#\/schema\/person\/419cfdf054323e24e0a2ef1d8597f051\"},\"headline\":\"Els alumnes de segon d\u2019ASIX instal\u00b7len els seus primers servidors web professionals\",\"datePublished\":\"2020-02-12T23:00:00+00:00\",\"mainEntityOfPage\":{\"@id\":\"https:\/\/www.monlau.com\/fp\/ca\/2020\/02\/13\/alumnes-segon-asix-instal%c2%b7len-primers-servidors-web-professionals\/\"},\"wordCount\":228,\"publisher\":{\"@id\":\"https:\/\/www.monlau.com\/fp\/ca\/#organization\"},\"image\":{\"@id\":\"https:\/\/www.monlau.com\/fp\/ca\/2020\/02\/13\/alumnes-segon-asix-instal%c2%b7len-primers-servidors-web-professionals\/#primaryimage\"},\"thumbnailUrl\":\"https:\/\/www.monlau.com\/app\/uploads\/sites\/3\/2026\/03\/WhatsApp-Image-2020-01-14-at-15.15.39.jpeg\",\"keywords\":[\"ASIX\",\"Microsoft\",\"P\u00e0gines web\",\"Servidors web\",\"Software\",\"Websites\"],\"articleSection\":[\"Inform\u00e0tica\"],\"inLanguage\":\"ca\"},{\"@type\":\"WebPage\",\"@id\":\"https:\/\/www.monlau.com\/fp\/ca\/2020\/02\/13\/alumnes-segon-asix-instal%c2%b7len-primers-servidors-web-professionals\/\",\"url\":\"https:\/\/www.monlau.com\/fp\/ca\/2020\/02\/13\/alumnes-segon-asix-instal%c2%b7len-primers-servidors-web-professionals\/\",\"name\":\"Els alumnes de segon d\u2019ASIX instal\u00b7len els seus primers servidors web professionals - Formaci\u00f3n profesional\",\"isPartOf\":{\"@id\":\"https:\/\/www.monlau.com\/fp\/ca\/#website\"},\"primaryImageOfPage\":{\"@id\":\"https:\/\/www.monlau.com\/fp\/ca\/2020\/02\/13\/alumnes-segon-asix-instal%c2%b7len-primers-servidors-web-professionals\/#primaryimage\"},\"image\":{\"@id\":\"https:\/\/www.monlau.com\/fp\/ca\/2020\/02\/13\/alumnes-segon-asix-instal%c2%b7len-primers-servidors-web-professionals\/#primaryimage\"},\"thumbnailUrl\":\"https:\/\/www.monlau.com\/app\/uploads\/sites\/3\/2026\/03\/WhatsApp-Image-2020-01-14-at-15.15.39.jpeg\",\"datePublished\":\"2020-02-12T23:00:00+00:00\",\"breadcrumb\":{\"@id\":\"https:\/\/www.monlau.com\/fp\/ca\/2020\/02\/13\/alumnes-segon-asix-instal%c2%b7len-primers-servidors-web-professionals\/#breadcrumb\"},\"inLanguage\":\"ca\",\"potentialAction\":[{\"@type\":\"ReadAction\",\"target\":[\"https:\/\/www.monlau.com\/fp\/ca\/2020\/02\/13\/alumnes-segon-asix-instal%c2%b7len-primers-servidors-web-professionals\/\"]}]},{\"@type\":\"ImageObject\",\"inLanguage\":\"ca\",\"@id\":\"https:\/\/www.monlau.com\/fp\/ca\/2020\/02\/13\/alumnes-segon-asix-instal%c2%b7len-primers-servidors-web-professionals\/#primaryimage\",\"url\":\"https:\/\/www.monlau.com\/app\/uploads\/sites\/3\/2026\/03\/WhatsApp-Image-2020-01-14-at-15.15.39.jpeg\",\"contentUrl\":\"https:\/\/www.monlau.com\/app\/uploads\/sites\/3\/2026\/03\/WhatsApp-Image-2020-01-14-at-15.15.39.jpeg\",\"width\":1600,\"height\":1200},{\"@type\":\"BreadcrumbList\",\"@id\":\"https:\/\/www.monlau.com\/fp\/ca\/2020\/02\/13\/alumnes-segon-asix-instal%c2%b7len-primers-servidors-web-professionals\/#breadcrumb\",\"itemListElement\":[{\"@type\":\"ListItem\",\"position\":1,\"name\":\"Portada\",\"item\":\"https:\/\/www.monlau.com\/fp\/ca\/inici\/\"},{\"@type\":\"ListItem\",\"position\":2,\"name\":\"Els alumnes de segon d\u2019ASIX instal\u00b7len els seus primers servidors web professionals\"}]},{\"@type\":\"WebSite\",\"@id\":\"https:\/\/www.monlau.com\/fp\/ca\/#website\",\"url\":\"https:\/\/www.monlau.com\/fp\/ca\/\",\"name\":\"Formaci\u00f3n profesional\",\"description\":\"Monlau\",\"publisher\":{\"@id\":\"https:\/\/www.monlau.com\/fp\/ca\/#organization\"},\"potentialAction\":[{\"@type\":\"SearchAction\",\"target\":{\"@type\":\"EntryPoint\",\"urlTemplate\":\"https:\/\/www.monlau.com\/fp\/ca\/?s={search_term_string}\"},\"query-input\":{\"@type\":\"PropertyValueSpecification\",\"valueRequired\":true,\"valueName\":\"search_term_string\"}}],\"inLanguage\":\"ca\"},{\"@type\":\"Organization\",\"@id\":\"https:\/\/www.monlau.com\/fp\/ca\/#organization\",\"name\":\"Formaci\u00f3n profesional\",\"url\":\"https:\/\/www.monlau.com\/fp\/ca\/\",\"logo\":{\"@type\":\"ImageObject\",\"inLanguage\":\"ca\",\"@id\":\"https:\/\/www.monlau.com\/fp\/ca\/#\/schema\/logo\/image\/\",\"url\":\"https:\/\/www.monlau.com\/app\/uploads\/sites\/3\/2026\/01\/fp.png\",\"contentUrl\":\"https:\/\/www.monlau.com\/app\/uploads\/sites\/3\/2026\/01\/fp.png\",\"width\":1024,\"height\":878,\"caption\":\"Formaci\u00f3n profesional\"},\"image\":{\"@id\":\"https:\/\/www.monlau.com\/fp\/ca\/#\/schema\/logo\/image\/\"}},{\"@type\":\"Person\",\"@id\":\"https:\/\/www.monlau.com\/fp\/ca\/#\/schema\/person\/419cfdf054323e24e0a2ef1d8597f051\",\"name\":\"adsmurai\",\"image\":{\"@type\":\"ImageObject\",\"inLanguage\":\"ca\",\"@id\":\"https:\/\/secure.gravatar.com\/avatar\/0748788578f91786454454fa3b4c295644edb991ad6caadc70b41d26790d38fc?s=96&d=mm&r=g\",\"url\":\"https:\/\/secure.gravatar.com\/avatar\/0748788578f91786454454fa3b4c295644edb991ad6caadc70b41d26790d38fc?s=96&d=mm&r=g\",\"contentUrl\":\"https:\/\/secure.gravatar.com\/avatar\/0748788578f91786454454fa3b4c295644edb991ad6caadc70b41d26790d38fc?s=96&d=mm&r=g\",\"caption\":\"adsmurai\"},\"sameAs\":[\"https:\/\/www.monlau.com\"],\"url\":\"https:\/\/www.monlau.com\/fp\/ca\/author\/adsmurai\/\"}]}<\/script>\n<!-- \/ Yoast SEO plugin. -->","yoast_head_json":{"title":"Els alumnes de segon d\u2019ASIX instal\u00b7len els seus primers servidors web professionals - Formaci\u00f3n profesional","robots":{"index":"index","follow":"follow","max-snippet":"max-snippet:-1","max-image-preview":"max-image-preview:large","max-video-preview":"max-video-preview:-1"},"canonical":"https:\/\/www.monlau.com\/fp\/ca\/2020\/02\/13\/alumnes-segon-asix-instal%c2%b7len-primers-servidors-web-professionals\/","og_locale":"ca_ES","og_type":"article","og_title":"Els alumnes de segon d\u2019ASIX instal\u00b7len els seus primers servidors web professionals - Formaci\u00f3n profesional","og_description":"Abans de les vacances de Nadal, els alumnes de segon del Cicle Superior d&#8217;Administraci\u00f3 de Sistemes Inform\u00e0tics i Xarxes van iniciar la Unitat Formativa 2 del M\u00f2dul 08 &#8211; Serveis de Xarxa i Internet. El principal objectiu de la segona Unitat Formativa d&#8217;aquesta assignatura era capacitar els alumnes per a qu\u00e8 aprenguin a gestionar Servidors [&hellip;]","og_url":"https:\/\/www.monlau.com\/fp\/ca\/2020\/02\/13\/alumnes-segon-asix-instal%c2%b7len-primers-servidors-web-professionals\/","og_site_name":"Formaci\u00f3n profesional","article_published_time":"2020-02-12T23:00:00+00:00","og_image":[{"width":1600,"height":1200,"url":"https:\/\/www.monlau.com\/app\/uploads\/sites\/3\/2026\/03\/WhatsApp-Image-2020-01-14-at-15.15.39.jpeg","type":"image\/jpeg"}],"author":"adsmurai","twitter_card":"summary_large_image","twitter_misc":{"Escrit per":"adsmurai","Temps estimat de lectura":"1 minut"},"schema":{"@context":"https:\/\/schema.org","@graph":[{"@type":"Article","@id":"https:\/\/www.monlau.com\/fp\/ca\/2020\/02\/13\/alumnes-segon-asix-instal%c2%b7len-primers-servidors-web-professionals\/#article","isPartOf":{"@id":"https:\/\/www.monlau.com\/fp\/ca\/2020\/02\/13\/alumnes-segon-asix-instal%c2%b7len-primers-servidors-web-professionals\/"},"author":{"name":"adsmurai","@id":"https:\/\/www.monlau.com\/fp\/ca\/#\/schema\/person\/419cfdf054323e24e0a2ef1d8597f051"},"headline":"Els alumnes de segon d\u2019ASIX instal\u00b7len els seus primers servidors web professionals","datePublished":"2020-02-12T23:00:00+00:00","mainEntityOfPage":{"@id":"https:\/\/www.monlau.com\/fp\/ca\/2020\/02\/13\/alumnes-segon-asix-instal%c2%b7len-primers-servidors-web-professionals\/"},"wordCount":228,"publisher":{"@id":"https:\/\/www.monlau.com\/fp\/ca\/#organization"},"image":{"@id":"https:\/\/www.monlau.com\/fp\/ca\/2020\/02\/13\/alumnes-segon-asix-instal%c2%b7len-primers-servidors-web-professionals\/#primaryimage"},"thumbnailUrl":"https:\/\/www.monlau.com\/app\/uploads\/sites\/3\/2026\/03\/WhatsApp-Image-2020-01-14-at-15.15.39.jpeg","keywords":["ASIX","Microsoft","P\u00e0gines web","Servidors web","Software","Websites"],"articleSection":["Inform\u00e0tica"],"inLanguage":"ca"},{"@type":"WebPage","@id":"https:\/\/www.monlau.com\/fp\/ca\/2020\/02\/13\/alumnes-segon-asix-instal%c2%b7len-primers-servidors-web-professionals\/","url":"https:\/\/www.monlau.com\/fp\/ca\/2020\/02\/13\/alumnes-segon-asix-instal%c2%b7len-primers-servidors-web-professionals\/","name":"Els alumnes de segon d\u2019ASIX instal\u00b7len els seus primers servidors web professionals - Formaci\u00f3n profesional","isPartOf":{"@id":"https:\/\/www.monlau.com\/fp\/ca\/#website"},"primaryImageOfPage":{"@id":"https:\/\/www.monlau.com\/fp\/ca\/2020\/02\/13\/alumnes-segon-asix-instal%c2%b7len-primers-servidors-web-professionals\/#primaryimage"},"image":{"@id":"https:\/\/www.monlau.com\/fp\/ca\/2020\/02\/13\/alumnes-segon-asix-instal%c2%b7len-primers-servidors-web-professionals\/#primaryimage"},"thumbnailUrl":"https:\/\/www.monlau.com\/app\/uploads\/sites\/3\/2026\/03\/WhatsApp-Image-2020-01-14-at-15.15.39.jpeg","datePublished":"2020-02-12T23:00:00+00:00","breadcrumb":{"@id":"https:\/\/www.monlau.com\/fp\/ca\/2020\/02\/13\/alumnes-segon-asix-instal%c2%b7len-primers-servidors-web-professionals\/#breadcrumb"},"inLanguage":"ca","potentialAction":[{"@type":"ReadAction","target":["https:\/\/www.monlau.com\/fp\/ca\/2020\/02\/13\/alumnes-segon-asix-instal%c2%b7len-primers-servidors-web-professionals\/"]}]},{"@type":"ImageObject","inLanguage":"ca","@id":"https:\/\/www.monlau.com\/fp\/ca\/2020\/02\/13\/alumnes-segon-asix-instal%c2%b7len-primers-servidors-web-professionals\/#primaryimage","url":"https:\/\/www.monlau.com\/app\/uploads\/sites\/3\/2026\/03\/WhatsApp-Image-2020-01-14-at-15.15.39.jpeg","contentUrl":"https:\/\/www.monlau.com\/app\/uploads\/sites\/3\/2026\/03\/WhatsApp-Image-2020-01-14-at-15.15.39.jpeg","width":1600,"height":1200},{"@type":"BreadcrumbList","@id":"https:\/\/www.monlau.com\/fp\/ca\/2020\/02\/13\/alumnes-segon-asix-instal%c2%b7len-primers-servidors-web-professionals\/#breadcrumb","itemListElement":[{"@type":"ListItem","position":1,"name":"Portada","item":"https:\/\/www.monlau.com\/fp\/ca\/inici\/"},{"@type":"ListItem","position":2,"name":"Els alumnes de segon d\u2019ASIX instal\u00b7len els seus primers servidors web professionals"}]},{"@type":"WebSite","@id":"https:\/\/www.monlau.com\/fp\/ca\/#website","url":"https:\/\/www.monlau.com\/fp\/ca\/","name":"Formaci\u00f3n profesional","description":"Monlau","publisher":{"@id":"https:\/\/www.monlau.com\/fp\/ca\/#organization"},"potentialAction":[{"@type":"SearchAction","target":{"@type":"EntryPoint","urlTemplate":"https:\/\/www.monlau.com\/fp\/ca\/?s={search_term_string}"},"query-input":{"@type":"PropertyValueSpecification","valueRequired":true,"valueName":"search_term_string"}}],"inLanguage":"ca"},{"@type":"Organization","@id":"https:\/\/www.monlau.com\/fp\/ca\/#organization","name":"Formaci\u00f3n profesional","url":"https:\/\/www.monlau.com\/fp\/ca\/","logo":{"@type":"ImageObject","inLanguage":"ca","@id":"https:\/\/www.monlau.com\/fp\/ca\/#\/schema\/logo\/image\/","url":"https:\/\/www.monlau.com\/app\/uploads\/sites\/3\/2026\/01\/fp.png","contentUrl":"https:\/\/www.monlau.com\/app\/uploads\/sites\/3\/2026\/01\/fp.png","width":1024,"height":878,"caption":"Formaci\u00f3n profesional"},"image":{"@id":"https:\/\/www.monlau.com\/fp\/ca\/#\/schema\/logo\/image\/"}},{"@type":"Person","@id":"https:\/\/www.monlau.com\/fp\/ca\/#\/schema\/person\/419cfdf054323e24e0a2ef1d8597f051","name":"adsmurai","image":{"@type":"ImageObject","inLanguage":"ca","@id":"https:\/\/secure.gravatar.com\/avatar\/0748788578f91786454454fa3b4c295644edb991ad6caadc70b41d26790d38fc?s=96&d=mm&r=g","url":"https:\/\/secure.gravatar.com\/avatar\/0748788578f91786454454fa3b4c295644edb991ad6caadc70b41d26790d38fc?s=96&d=mm&r=g","contentUrl":"https:\/\/secure.gravatar.com\/avatar\/0748788578f91786454454fa3b4c295644edb991ad6caadc70b41d26790d38fc?s=96&d=mm&r=g","caption":"adsmurai"},"sameAs":["https:\/\/www.monlau.com"],"url":"https:\/\/www.monlau.com\/fp\/ca\/author\/adsmurai\/"}]}},"_links":{"self":[{"href":"https:\/\/www.monlau.com\/fp\/ca\/wp-json\/wp\/v2\/posts\/6112","targetHints":{"allow":["GET"]}}],"collection":[{"href":"https:\/\/www.monlau.com\/fp\/ca\/wp-json\/wp\/v2\/posts"}],"about":[{"href":"https:\/\/www.monlau.com\/fp\/ca\/wp-json\/wp\/v2\/types\/post"}],"author":[{"embeddable":true,"href":"https:\/\/www.monlau.com\/fp\/ca\/wp-json\/wp\/v2\/users\/1"}],"replies":[{"embeddable":true,"href":"https:\/\/www.monlau.com\/fp\/ca\/wp-json\/wp\/v2\/comments?post=6112"}],"version-history":[{"count":0,"href":"https:\/\/www.monlau.com\/fp\/ca\/wp-json\/wp\/v2\/posts\/6112\/revisions"}],"wp:featuredmedia":[{"embeddable":true,"href":"https:\/\/www.monlau.com\/fp\/ca\/wp-json\/wp\/v2\/media\/6113"}],"wp:attachment":[{"href":"https:\/\/www.monlau.com\/fp\/ca\/wp-json\/wp\/v2\/media?parent=6112"}],"wp:term":[{"taxonomy":"category","embeddable":true,"href":"https:\/\/www.monlau.com\/fp\/ca\/wp-json\/wp\/v2\/categories?post=6112"},{"taxonomy":"post_tag","embeddable":true,"href":"https:\/\/www.monlau.com\/fp\/ca\/wp-json\/wp\/v2\/tags?post=6112"}],"curies":[{"name":"wp","href":"https:\/\/api.w.org\/{rel}","templated":true}]}}