{"id":6106,"date":"2020-01-30T00:00:00","date_gmt":"2020-01-29T23:00:00","guid":{"rendered":"https:\/\/www.monlau.com\/formacion-profesional\/classe-marqueting-turistic\/"},"modified":"2026-03-10T10:03:34","modified_gmt":"2026-03-10T09:03:34","slug":"classe-marqueting-turistic","status":"publish","type":"post","link":"https:\/\/www.monlau.com\/fp\/ca\/2020\/01\/30\/classe-marqueting-turistic\/","title":{"rendered":"Assistim a una classe de M\u00e0rqueting Tur\u00edstic"},"content":{"rendered":"<p>Quan vaig comen\u00e7ar a treballar com a professora a Monlau el primer que em va cridar l&#8217;atenci\u00f3 va ser el m\u00e8tode d&#8217;ensenyament. <strong>Les eternes classes magistrals havien estat substitu\u00efdes per classes pr\u00e0ctiques, moltes d&#8217;elles multidisciplin\u00e0ries, en qu\u00e8 els alumnes aprenien alhora que treballaven en profunditat sobre el temari.<\/strong> Per aix\u00f2 quan em van dir que anava a impartir l&#8217;assignatura de M\u00e0rqueting Tur\u00edstic en el <a href=\"https:\/\/www.monlau.com\/estudis-professionals\/project\/cicle-formatiu-de-grau-superior-de-gestio-dallotjaments-turistics\/?lang=ca\">CFGS de Gesti\u00f3 d&#8217;Allotjaments Tur\u00edstics<\/a>, vaig tenir clar que havia de fer que els meus alumnes treballaran amb totes les eines disponibles al seu abast per treure el m\u00e0xim partit a l&#8217;assignatura.<\/p>\n<p>Dins d&#8217;aquesta forma de &#8220;treballar sobre el terreny&#8221; que en aquest cicle en concret es materialitza en sortides a con\u00e8ixer hotels, visites a fires de turisme, classes pr\u00e0ctiques en qu\u00e8 aprenen des a fer check-ins, organitzar esdeveniments &#8230; (tot \u00e9s necessari en un hotel!), <strong>la classe de 2n de GAT (\u00e9s com els hi diem) va fer fa uns mesos una sortida de 3 dies a Lloret de Mar.<\/strong><\/p>\n<p>Abans d&#8217;emprendre el viatge, els diferents professors del cicle els vam posar com a tasca activitats pr\u00e0ctiques, relacionades amb el temari que est\u00e0vem donant en aquest moment. D&#8217;aquesta manera, van haver de entrevistar-se amb el director de l&#8217;hotel, amb la governanta, gravar v\u00eddeos sobre l&#8217;hotel i la destinaci\u00f3 en angl\u00e8s i alemany &#8230; i per la meva part, els vaig encarregar una tasca que sabia per endavant que anaven a gaudir mentre treien punta a la seva creativitat&#8230; i \u00e9s que&#8230; <strong>Quants vint anyers avui en dia no tenen un compte a Instagram? Alguna <em>rara avis<\/em> hi haur\u00e0 per aqu\u00ed&#8230;<\/strong><\/p>\n<p><strong>En M\u00e0rqueting Tur\u00edstic aprenen a fer servir les Xarxes Socials com a eina de promoci\u00f3 per a un hotel i\/o una destinaci\u00f3 tur\u00edstica.<\/strong> Quin tipus de contingut han de pujar? A qui va dirigida aquesta publicaci\u00f3? Han de fer servir algun hashtag? Quin tipus de text han d&#8217;escriure? Com transmetre la &#8220;experi\u00e8ncia&#8221; d&#8217;estar en aquest lloc nom\u00e9s amb veure una foto? L&#8217;experi\u00e8ncia \u00e9s el que busquem tots quan viatgem. Una experi\u00e8ncia \u00fanica i inoblidable. Transmetem a trav\u00e9s de les Xarxes Socials el que li espera al client quan vingui a allotjar-se al nostre dest\u00ed, o a pernoctar al nostre allotjament.<\/p>\n<p>Per a aix\u00f2, abans del viatge cada alumne es va crear un compte a Instagram, diferent a la seva personal (cal tenir sempre en compte la marca personal), per utilitzar a classe al llarg de tot el curs. Vam pensar entre tots diversos hashtags que identifiquessin tant a la classe com a l&#8217;assignatura&#8230; <strong>i a l&#8217;arribar a la destinaci\u00f3 nom\u00e9s van haver de treure a la llum el seu costat m\u00e9s creatiu.<\/strong><\/p>\n<p>El resultat? Aqu\u00ed van unes quantes mostres,<\/p>\n<p><img fetchpriority=\"high\" decoding=\"async\" class=\"size-full wp-image-6235 aligncenter\" src=\"https:\/\/www.monlau.com\/estudis-professionals\/wp-content\/uploads\/sites\/3\/2020\/01\/good.png\" alt=\"\" width=\"842\" height=\"596\" \/><\/p>\n<p>I tu? T&#8217;animes a estudiar Turisme amb nosaltres?<\/p>\n<p><a href=\"https:\/\/www.monlau.com\/estudis-professionals\/project\/cicle-formatiu-de-grau-superior-de-gestio-dallotjaments-turistics\/?lang=ca\"><img decoding=\"async\" class=\"aligncenter wp-image-6285 size-full\" src=\"https:\/\/www.monlau.com\/estudis-professionals\/wp-content\/uploads\/sites\/3\/2020\/01\/Banner-GAT-cat.png\" alt=\"\" width=\"1200\" height=\"372\" \/><\/a><\/p>\n<h4>M\u00f3nica Castelao<\/h4>\n<p>Professora del Cicle Superior de Gesti\u00f3 d&#8217;Allotjaments Tur\u00edstics<\/p>\n","protected":false},"excerpt":{"rendered":"<p>Quan vaig comen\u00e7ar a treballar com a professora a Monlau el primer que em va cridar l&#8217;atenci\u00f3 va ser el m\u00e8tode d&#8217;ensenyament. Les eternes classes magistrals havien estat substitu\u00efdes per classes pr\u00e0ctiques, moltes d&#8217;elles multidisciplin\u00e0ries, en qu\u00e8 els alumnes aprenien alhora que treballaven en profunditat sobre el temari. Per aix\u00f2 quan em van dir que [&hellip;]<\/p>\n","protected":false},"author":1,"featured_media":3334,"comment_status":"closed","ping_status":"closed","sticky":false,"template":"","format":"standard","meta":{"footnotes":""},"categories":[254],"tags":[119,277,312,120,121,325,83,141,327],"class_list":["post-6106","post","type-post","status-publish","format-standard","has-post-thumbnail","hentry","category-hoteleria-i-turisme","tag-gat","tag-gestio-dallotjaments-turistics","tag-grau-superior","tag-instagram","tag-lloret-de-mar","tag-marqueting-turistic","tag-monlau","tag-turisme","tag-xarxes-socials"],"yoast_head":"<!-- This site is optimized with the Yoast SEO plugin v27.2 - https:\/\/yoast.com\/product\/yoast-seo-wordpress\/ -->\n<title>Assistim a una classe de M\u00e0rqueting Tur\u00edstic - Formaci\u00f3n profesional<\/title>\n<meta name=\"robots\" content=\"index, follow, max-snippet:-1, max-image-preview:large, max-video-preview:-1\" \/>\n<link rel=\"canonical\" href=\"https:\/\/www.monlau.com\/fp\/ca\/2020\/01\/30\/classe-marqueting-turistic\/\" \/>\n<meta property=\"og:locale\" content=\"ca_ES\" \/>\n<meta property=\"og:type\" content=\"article\" \/>\n<meta property=\"og:title\" content=\"Assistim a una classe de M\u00e0rqueting Tur\u00edstic - Formaci\u00f3n profesional\" \/>\n<meta property=\"og:description\" content=\"Quan vaig comen\u00e7ar a treballar com a professora a Monlau el primer que em va cridar l&#8217;atenci\u00f3 va ser el m\u00e8tode d&#8217;ensenyament. Les eternes classes magistrals havien estat substitu\u00efdes per classes pr\u00e0ctiques, moltes d&#8217;elles multidisciplin\u00e0ries, en qu\u00e8 els alumnes aprenien alhora que treballaven en profunditat sobre el temari. Per aix\u00f2 quan em van dir que [&hellip;]\" \/>\n<meta property=\"og:url\" content=\"https:\/\/www.monlau.com\/fp\/ca\/2020\/01\/30\/classe-marqueting-turistic\/\" \/>\n<meta property=\"og:site_name\" content=\"Formaci\u00f3n profesional\" \/>\n<meta property=\"article:published_time\" content=\"2020-01-29T23:00:00+00:00\" \/>\n<meta property=\"article:modified_time\" content=\"2026-03-10T09:03:34+00:00\" \/>\n<meta property=\"og:image\" content=\"https:\/\/www.monlau.com\/app\/uploads\/sites\/3\/2026\/03\/PHOTO-2019-10-29-11-44-21.jpg\" \/>\n\t<meta property=\"og:image:width\" content=\"1600\" \/>\n\t<meta property=\"og:image:height\" content=\"900\" \/>\n\t<meta property=\"og:image:type\" content=\"image\/jpeg\" \/>\n<meta name=\"author\" content=\"adsmurai\" \/>\n<meta name=\"twitter:card\" content=\"summary_large_image\" \/>\n<meta name=\"twitter:label1\" content=\"Escrit per\" \/>\n\t<meta name=\"twitter:data1\" content=\"adsmurai\" \/>\n\t<meta name=\"twitter:label2\" content=\"Temps estimat de lectura\" \/>\n\t<meta name=\"twitter:data2\" content=\"2 minuts\" \/>\n<script type=\"application\/ld+json\" class=\"yoast-schema-graph\">{\"@context\":\"https:\/\/schema.org\",\"@graph\":[{\"@type\":\"Article\",\"@id\":\"https:\/\/www.monlau.com\/fp\/ca\/2020\/01\/30\/classe-marqueting-turistic\/#article\",\"isPartOf\":{\"@id\":\"https:\/\/www.monlau.com\/fp\/ca\/2020\/01\/30\/classe-marqueting-turistic\/\"},\"author\":{\"name\":\"adsmurai\",\"@id\":\"https:\/\/www.monlau.com\/fp\/ca\/#\/schema\/person\/419cfdf054323e24e0a2ef1d8597f051\"},\"headline\":\"Assistim a una classe de M\u00e0rqueting Tur\u00edstic\",\"datePublished\":\"2020-01-29T23:00:00+00:00\",\"dateModified\":\"2026-03-10T09:03:34+00:00\",\"mainEntityOfPage\":{\"@id\":\"https:\/\/www.monlau.com\/fp\/ca\/2020\/01\/30\/classe-marqueting-turistic\/\"},\"wordCount\":514,\"publisher\":{\"@id\":\"https:\/\/www.monlau.com\/fp\/ca\/#organization\"},\"image\":{\"@id\":\"https:\/\/www.monlau.com\/fp\/ca\/2020\/01\/30\/classe-marqueting-turistic\/#primaryimage\"},\"thumbnailUrl\":\"https:\/\/www.monlau.com\/app\/uploads\/sites\/3\/2026\/03\/PHOTO-2019-10-29-11-44-21.jpg\",\"keywords\":[\"GAT\",\"Gesti\u00f3 d'Allotjaments Tur\u00edstics\",\"Grau Superior\",\"Instagram\",\"Lloret de Mar\",\"M\u00e0rqueting Tur\u00edstic\",\"Monlau\",\"Turisme\",\"Xarxes Socials\"],\"articleSection\":[\"Hoteleria i Turisme\"],\"inLanguage\":\"ca\"},{\"@type\":\"WebPage\",\"@id\":\"https:\/\/www.monlau.com\/fp\/ca\/2020\/01\/30\/classe-marqueting-turistic\/\",\"url\":\"https:\/\/www.monlau.com\/fp\/ca\/2020\/01\/30\/classe-marqueting-turistic\/\",\"name\":\"Assistim a una classe de M\u00e0rqueting Tur\u00edstic - Formaci\u00f3n profesional\",\"isPartOf\":{\"@id\":\"https:\/\/www.monlau.com\/fp\/ca\/#website\"},\"primaryImageOfPage\":{\"@id\":\"https:\/\/www.monlau.com\/fp\/ca\/2020\/01\/30\/classe-marqueting-turistic\/#primaryimage\"},\"image\":{\"@id\":\"https:\/\/www.monlau.com\/fp\/ca\/2020\/01\/30\/classe-marqueting-turistic\/#primaryimage\"},\"thumbnailUrl\":\"https:\/\/www.monlau.com\/app\/uploads\/sites\/3\/2026\/03\/PHOTO-2019-10-29-11-44-21.jpg\",\"datePublished\":\"2020-01-29T23:00:00+00:00\",\"dateModified\":\"2026-03-10T09:03:34+00:00\",\"breadcrumb\":{\"@id\":\"https:\/\/www.monlau.com\/fp\/ca\/2020\/01\/30\/classe-marqueting-turistic\/#breadcrumb\"},\"inLanguage\":\"ca\",\"potentialAction\":[{\"@type\":\"ReadAction\",\"target\":[\"https:\/\/www.monlau.com\/fp\/ca\/2020\/01\/30\/classe-marqueting-turistic\/\"]}]},{\"@type\":\"ImageObject\",\"inLanguage\":\"ca\",\"@id\":\"https:\/\/www.monlau.com\/fp\/ca\/2020\/01\/30\/classe-marqueting-turistic\/#primaryimage\",\"url\":\"https:\/\/www.monlau.com\/app\/uploads\/sites\/3\/2026\/03\/PHOTO-2019-10-29-11-44-21.jpg\",\"contentUrl\":\"https:\/\/www.monlau.com\/app\/uploads\/sites\/3\/2026\/03\/PHOTO-2019-10-29-11-44-21.jpg\",\"width\":1600,\"height\":900},{\"@type\":\"BreadcrumbList\",\"@id\":\"https:\/\/www.monlau.com\/fp\/ca\/2020\/01\/30\/classe-marqueting-turistic\/#breadcrumb\",\"itemListElement\":[{\"@type\":\"ListItem\",\"position\":1,\"name\":\"Portada\",\"item\":\"https:\/\/www.monlau.com\/fp\/ca\/inici\/\"},{\"@type\":\"ListItem\",\"position\":2,\"name\":\"Assistim a una classe de M\u00e0rqueting Tur\u00edstic\"}]},{\"@type\":\"WebSite\",\"@id\":\"https:\/\/www.monlau.com\/fp\/ca\/#website\",\"url\":\"https:\/\/www.monlau.com\/fp\/ca\/\",\"name\":\"Formaci\u00f3n profesional\",\"description\":\"Monlau\",\"publisher\":{\"@id\":\"https:\/\/www.monlau.com\/fp\/ca\/#organization\"},\"potentialAction\":[{\"@type\":\"SearchAction\",\"target\":{\"@type\":\"EntryPoint\",\"urlTemplate\":\"https:\/\/www.monlau.com\/fp\/ca\/?s={search_term_string}\"},\"query-input\":{\"@type\":\"PropertyValueSpecification\",\"valueRequired\":true,\"valueName\":\"search_term_string\"}}],\"inLanguage\":\"ca\"},{\"@type\":\"Organization\",\"@id\":\"https:\/\/www.monlau.com\/fp\/ca\/#organization\",\"name\":\"Formaci\u00f3n profesional\",\"url\":\"https:\/\/www.monlau.com\/fp\/ca\/\",\"logo\":{\"@type\":\"ImageObject\",\"inLanguage\":\"ca\",\"@id\":\"https:\/\/www.monlau.com\/fp\/ca\/#\/schema\/logo\/image\/\",\"url\":\"https:\/\/www.monlau.com\/app\/uploads\/sites\/3\/2026\/01\/fp.png\",\"contentUrl\":\"https:\/\/www.monlau.com\/app\/uploads\/sites\/3\/2026\/01\/fp.png\",\"width\":1024,\"height\":878,\"caption\":\"Formaci\u00f3n profesional\"},\"image\":{\"@id\":\"https:\/\/www.monlau.com\/fp\/ca\/#\/schema\/logo\/image\/\"}},{\"@type\":\"Person\",\"@id\":\"https:\/\/www.monlau.com\/fp\/ca\/#\/schema\/person\/419cfdf054323e24e0a2ef1d8597f051\",\"name\":\"adsmurai\",\"image\":{\"@type\":\"ImageObject\",\"inLanguage\":\"ca\",\"@id\":\"https:\/\/secure.gravatar.com\/avatar\/0748788578f91786454454fa3b4c295644edb991ad6caadc70b41d26790d38fc?s=96&d=mm&r=g\",\"url\":\"https:\/\/secure.gravatar.com\/avatar\/0748788578f91786454454fa3b4c295644edb991ad6caadc70b41d26790d38fc?s=96&d=mm&r=g\",\"contentUrl\":\"https:\/\/secure.gravatar.com\/avatar\/0748788578f91786454454fa3b4c295644edb991ad6caadc70b41d26790d38fc?s=96&d=mm&r=g\",\"caption\":\"adsmurai\"},\"sameAs\":[\"https:\/\/www.monlau.com\"],\"url\":\"https:\/\/www.monlau.com\/fp\/ca\/author\/adsmurai\/\"}]}<\/script>\n<!-- \/ Yoast SEO plugin. -->","yoast_head_json":{"title":"Assistim a una classe de M\u00e0rqueting Tur\u00edstic - Formaci\u00f3n profesional","robots":{"index":"index","follow":"follow","max-snippet":"max-snippet:-1","max-image-preview":"max-image-preview:large","max-video-preview":"max-video-preview:-1"},"canonical":"https:\/\/www.monlau.com\/fp\/ca\/2020\/01\/30\/classe-marqueting-turistic\/","og_locale":"ca_ES","og_type":"article","og_title":"Assistim a una classe de M\u00e0rqueting Tur\u00edstic - Formaci\u00f3n profesional","og_description":"Quan vaig comen\u00e7ar a treballar com a professora a Monlau el primer que em va cridar l&#8217;atenci\u00f3 va ser el m\u00e8tode d&#8217;ensenyament. Les eternes classes magistrals havien estat substitu\u00efdes per classes pr\u00e0ctiques, moltes d&#8217;elles multidisciplin\u00e0ries, en qu\u00e8 els alumnes aprenien alhora que treballaven en profunditat sobre el temari. Per aix\u00f2 quan em van dir que [&hellip;]","og_url":"https:\/\/www.monlau.com\/fp\/ca\/2020\/01\/30\/classe-marqueting-turistic\/","og_site_name":"Formaci\u00f3n profesional","article_published_time":"2020-01-29T23:00:00+00:00","article_modified_time":"2026-03-10T09:03:34+00:00","og_image":[{"width":1600,"height":900,"url":"https:\/\/www.monlau.com\/app\/uploads\/sites\/3\/2026\/03\/PHOTO-2019-10-29-11-44-21.jpg","type":"image\/jpeg"}],"author":"adsmurai","twitter_card":"summary_large_image","twitter_misc":{"Escrit per":"adsmurai","Temps estimat de lectura":"2 minuts"},"schema":{"@context":"https:\/\/schema.org","@graph":[{"@type":"Article","@id":"https:\/\/www.monlau.com\/fp\/ca\/2020\/01\/30\/classe-marqueting-turistic\/#article","isPartOf":{"@id":"https:\/\/www.monlau.com\/fp\/ca\/2020\/01\/30\/classe-marqueting-turistic\/"},"author":{"name":"adsmurai","@id":"https:\/\/www.monlau.com\/fp\/ca\/#\/schema\/person\/419cfdf054323e24e0a2ef1d8597f051"},"headline":"Assistim a una classe de M\u00e0rqueting Tur\u00edstic","datePublished":"2020-01-29T23:00:00+00:00","dateModified":"2026-03-10T09:03:34+00:00","mainEntityOfPage":{"@id":"https:\/\/www.monlau.com\/fp\/ca\/2020\/01\/30\/classe-marqueting-turistic\/"},"wordCount":514,"publisher":{"@id":"https:\/\/www.monlau.com\/fp\/ca\/#organization"},"image":{"@id":"https:\/\/www.monlau.com\/fp\/ca\/2020\/01\/30\/classe-marqueting-turistic\/#primaryimage"},"thumbnailUrl":"https:\/\/www.monlau.com\/app\/uploads\/sites\/3\/2026\/03\/PHOTO-2019-10-29-11-44-21.jpg","keywords":["GAT","Gesti\u00f3 d'Allotjaments Tur\u00edstics","Grau Superior","Instagram","Lloret de Mar","M\u00e0rqueting Tur\u00edstic","Monlau","Turisme","Xarxes Socials"],"articleSection":["Hoteleria i Turisme"],"inLanguage":"ca"},{"@type":"WebPage","@id":"https:\/\/www.monlau.com\/fp\/ca\/2020\/01\/30\/classe-marqueting-turistic\/","url":"https:\/\/www.monlau.com\/fp\/ca\/2020\/01\/30\/classe-marqueting-turistic\/","name":"Assistim a una classe de M\u00e0rqueting Tur\u00edstic - Formaci\u00f3n profesional","isPartOf":{"@id":"https:\/\/www.monlau.com\/fp\/ca\/#website"},"primaryImageOfPage":{"@id":"https:\/\/www.monlau.com\/fp\/ca\/2020\/01\/30\/classe-marqueting-turistic\/#primaryimage"},"image":{"@id":"https:\/\/www.monlau.com\/fp\/ca\/2020\/01\/30\/classe-marqueting-turistic\/#primaryimage"},"thumbnailUrl":"https:\/\/www.monlau.com\/app\/uploads\/sites\/3\/2026\/03\/PHOTO-2019-10-29-11-44-21.jpg","datePublished":"2020-01-29T23:00:00+00:00","dateModified":"2026-03-10T09:03:34+00:00","breadcrumb":{"@id":"https:\/\/www.monlau.com\/fp\/ca\/2020\/01\/30\/classe-marqueting-turistic\/#breadcrumb"},"inLanguage":"ca","potentialAction":[{"@type":"ReadAction","target":["https:\/\/www.monlau.com\/fp\/ca\/2020\/01\/30\/classe-marqueting-turistic\/"]}]},{"@type":"ImageObject","inLanguage":"ca","@id":"https:\/\/www.monlau.com\/fp\/ca\/2020\/01\/30\/classe-marqueting-turistic\/#primaryimage","url":"https:\/\/www.monlau.com\/app\/uploads\/sites\/3\/2026\/03\/PHOTO-2019-10-29-11-44-21.jpg","contentUrl":"https:\/\/www.monlau.com\/app\/uploads\/sites\/3\/2026\/03\/PHOTO-2019-10-29-11-44-21.jpg","width":1600,"height":900},{"@type":"BreadcrumbList","@id":"https:\/\/www.monlau.com\/fp\/ca\/2020\/01\/30\/classe-marqueting-turistic\/#breadcrumb","itemListElement":[{"@type":"ListItem","position":1,"name":"Portada","item":"https:\/\/www.monlau.com\/fp\/ca\/inici\/"},{"@type":"ListItem","position":2,"name":"Assistim a una classe de M\u00e0rqueting Tur\u00edstic"}]},{"@type":"WebSite","@id":"https:\/\/www.monlau.com\/fp\/ca\/#website","url":"https:\/\/www.monlau.com\/fp\/ca\/","name":"Formaci\u00f3n profesional","description":"Monlau","publisher":{"@id":"https:\/\/www.monlau.com\/fp\/ca\/#organization"},"potentialAction":[{"@type":"SearchAction","target":{"@type":"EntryPoint","urlTemplate":"https:\/\/www.monlau.com\/fp\/ca\/?s={search_term_string}"},"query-input":{"@type":"PropertyValueSpecification","valueRequired":true,"valueName":"search_term_string"}}],"inLanguage":"ca"},{"@type":"Organization","@id":"https:\/\/www.monlau.com\/fp\/ca\/#organization","name":"Formaci\u00f3n profesional","url":"https:\/\/www.monlau.com\/fp\/ca\/","logo":{"@type":"ImageObject","inLanguage":"ca","@id":"https:\/\/www.monlau.com\/fp\/ca\/#\/schema\/logo\/image\/","url":"https:\/\/www.monlau.com\/app\/uploads\/sites\/3\/2026\/01\/fp.png","contentUrl":"https:\/\/www.monlau.com\/app\/uploads\/sites\/3\/2026\/01\/fp.png","width":1024,"height":878,"caption":"Formaci\u00f3n profesional"},"image":{"@id":"https:\/\/www.monlau.com\/fp\/ca\/#\/schema\/logo\/image\/"}},{"@type":"Person","@id":"https:\/\/www.monlau.com\/fp\/ca\/#\/schema\/person\/419cfdf054323e24e0a2ef1d8597f051","name":"adsmurai","image":{"@type":"ImageObject","inLanguage":"ca","@id":"https:\/\/secure.gravatar.com\/avatar\/0748788578f91786454454fa3b4c295644edb991ad6caadc70b41d26790d38fc?s=96&d=mm&r=g","url":"https:\/\/secure.gravatar.com\/avatar\/0748788578f91786454454fa3b4c295644edb991ad6caadc70b41d26790d38fc?s=96&d=mm&r=g","contentUrl":"https:\/\/secure.gravatar.com\/avatar\/0748788578f91786454454fa3b4c295644edb991ad6caadc70b41d26790d38fc?s=96&d=mm&r=g","caption":"adsmurai"},"sameAs":["https:\/\/www.monlau.com"],"url":"https:\/\/www.monlau.com\/fp\/ca\/author\/adsmurai\/"}]}},"_links":{"self":[{"href":"https:\/\/www.monlau.com\/fp\/ca\/wp-json\/wp\/v2\/posts\/6106","targetHints":{"allow":["GET"]}}],"collection":[{"href":"https:\/\/www.monlau.com\/fp\/ca\/wp-json\/wp\/v2\/posts"}],"about":[{"href":"https:\/\/www.monlau.com\/fp\/ca\/wp-json\/wp\/v2\/types\/post"}],"author":[{"embeddable":true,"href":"https:\/\/www.monlau.com\/fp\/ca\/wp-json\/wp\/v2\/users\/1"}],"replies":[{"embeddable":true,"href":"https:\/\/www.monlau.com\/fp\/ca\/wp-json\/wp\/v2\/comments?post=6106"}],"version-history":[{"count":1,"href":"https:\/\/www.monlau.com\/fp\/ca\/wp-json\/wp\/v2\/posts\/6106\/revisions"}],"predecessor-version":[{"id":6493,"href":"https:\/\/www.monlau.com\/fp\/ca\/wp-json\/wp\/v2\/posts\/6106\/revisions\/6493"}],"wp:featuredmedia":[{"embeddable":true,"href":"https:\/\/www.monlau.com\/fp\/ca\/wp-json\/wp\/v2\/media\/3334"}],"wp:attachment":[{"href":"https:\/\/www.monlau.com\/fp\/ca\/wp-json\/wp\/v2\/media?parent=6106"}],"wp:term":[{"taxonomy":"category","embeddable":true,"href":"https:\/\/www.monlau.com\/fp\/ca\/wp-json\/wp\/v2\/categories?post=6106"},{"taxonomy":"post_tag","embeddable":true,"href":"https:\/\/www.monlau.com\/fp\/ca\/wp-json\/wp\/v2\/tags?post=6106"}],"curies":[{"name":"wp","href":"https:\/\/api.w.org\/{rel}","templated":true}]}}