{"id":6101,"date":"2020-01-29T00:00:00","date_gmt":"2020-01-28T23:00:00","guid":{"rendered":"https:\/\/www.monlau.com\/formacion-profesional\/inscriu-te-nostre-postgrau-assessor-comercial-converteix-te-professional-del-sector\/"},"modified":"2020-01-29T00:00:00","modified_gmt":"2020-01-28T23:00:00","slug":"inscriu-te-nostre-postgrau-assessor-comercial-converteix-te-professional-del-sector","status":"publish","type":"post","link":"https:\/\/www.monlau.com\/fp\/ca\/2020\/01\/29\/inscriu-te-nostre-postgrau-assessor-comercial-converteix-te-professional-del-sector\/","title":{"rendered":"Inscriu-te al nostre Postgrau d\u2019Assessor comercial i converteix-te en un professional del sector"},"content":{"rendered":"<p><strong>T&#8217;agradaria treballar en concessionaris oficials com un aut\u00e8ntic professional del sector comercial?<\/strong><\/p>\n<p>A Monlau impartim, des de fa uns anys, el <a href=\"https:\/\/www.monlau.com\/corporate\/assessor-comercial\/?lang=ca\">Postgrau d&#8217;Assessor Comercial<\/a>, un curs dissenyat a mida seguint les demandes dels concessionaris oficials que necessiten professionals amb formaci\u00f3 comercial.<\/p>\n<p>La figura de l&#8217;assessor comercial est\u00e0 sent molt sol\u00b7licitada per aquests concessionaris, ja que \u00e9s de vital import\u00e0ncia en el proc\u00e9s de vendes. Per aquest motiu, el curs t\u00e9 un 100% d&#8217;inserci\u00f3 laboral. Tots els alumnes que l&#8217;han cursat han aconseguit un lloc de treball assegurat.<\/p>\n<p>El Postgrau t\u00e9 com a principal objectiu proporcionar a l&#8217;alumne el coneixement te\u00f2ric i pr\u00e0ctic que necessita per desenvolupar-se amb solv\u00e8ncia en el seu lloc i garantir les funcions d&#8217;un assessor comercial.<\/p>\n<p>Empreses reconegudes com Quadis, Moventia, PSA Retail, BMW Barcelona Premium, Gestoria Gabald\u00f3n, Anteveni, Rmotion i Volkswagen col\u00b7laboren i participen en la formaci\u00f3 dels alumnes amb eines, cursos i visites als seus centres. A m\u00e9s, els alumnes poden realitzar les seves pr\u00e0ctiques en aquestes empreses.<\/p>\n<p>La pr\u00f2xima edici\u00f3 del Postgrau d&#8217;Assessor Comercial de Monlau comen\u00e7ar\u00e0 al febrer 2020, en horari de tardes. Per a m\u00e9s informaci\u00f3 sobre aquest curs no dubteu a visitar la nostra p\u00e0gina web de Consultoria i Formaci\u00f3 a empreses, <a href=\"https:\/\/www.monlau.com\/corporate\/?lang=ca\">Monlau Corporate<\/a>, on podreu trobar aquest curs i molts altres.<\/p>\n<p><a href=\"https:\/\/www.monlau.com\/corporate\/assessor-comercial\/?lang=ca\"><img fetchpriority=\"high\" decoding=\"async\" class=\"aligncenter wp-image-6210 size-full\" src=\"https:\/\/www.monlau.com\/estudis-professionals\/wp-content\/uploads\/sites\/3\/2020\/01\/banner-postgrau-cat.png\" alt=\"\" width=\"1200\" height=\"372\" \/><\/a><\/p>\n","protected":false},"excerpt":{"rendered":"<p>T&#8217;agradaria treballar en concessionaris oficials com un aut\u00e8ntic professional del sector comercial? A Monlau impartim, des de fa uns anys, el Postgrau d&#8217;Assessor Comercial, un curs dissenyat a mida seguint les demandes dels concessionaris oficials que necessiten professionals amb formaci\u00f3 comercial. La figura de l&#8217;assessor comercial est\u00e0 sent molt sol\u00b7licitada per aquests concessionaris, ja que [&hellip;]<\/p>\n","protected":false},"author":1,"featured_media":6102,"comment_status":"closed","ping_status":"closed","sticky":false,"template":"","format":"standard","meta":{"footnotes":""},"categories":[257],"tags":[318,319,320,321,313,314],"class_list":["post-6101","post","type-post","status-publish","format-standard","has-post-thumbnail","hentry","category-postgrau","tag-assessor-comercial","tag-concessionaris","tag-insercio-laboral","tag-monlau-corporate","tag-postgrado","tag-postgrau"],"yoast_head":"<!-- This site is optimized with the Yoast SEO plugin v27.2 - https:\/\/yoast.com\/product\/yoast-seo-wordpress\/ -->\n<title>Inscriu-te al nostre Postgrau d\u2019Assessor comercial i converteix-te en un professional del sector - Formaci\u00f3n profesional<\/title>\n<meta name=\"robots\" content=\"index, follow, max-snippet:-1, max-image-preview:large, max-video-preview:-1\" \/>\n<link rel=\"canonical\" href=\"https:\/\/www.monlau.com\/fp\/ca\/2020\/01\/29\/inscriu-te-nostre-postgrau-assessor-comercial-converteix-te-professional-del-sector\/\" \/>\n<meta property=\"og:locale\" content=\"ca_ES\" \/>\n<meta property=\"og:type\" content=\"article\" \/>\n<meta property=\"og:title\" content=\"Inscriu-te al nostre Postgrau d\u2019Assessor comercial i converteix-te en un professional del sector - Formaci\u00f3n profesional\" \/>\n<meta property=\"og:description\" content=\"T&#8217;agradaria treballar en concessionaris oficials com un aut\u00e8ntic professional del sector comercial? A Monlau impartim, des de fa uns anys, el Postgrau d&#8217;Assessor Comercial, un curs dissenyat a mida seguint les demandes dels concessionaris oficials que necessiten professionals amb formaci\u00f3 comercial. La figura de l&#8217;assessor comercial est\u00e0 sent molt sol\u00b7licitada per aquests concessionaris, ja que [&hellip;]\" \/>\n<meta property=\"og:url\" content=\"https:\/\/www.monlau.com\/fp\/ca\/2020\/01\/29\/inscriu-te-nostre-postgrau-assessor-comercial-converteix-te-professional-del-sector\/\" \/>\n<meta property=\"og:site_name\" content=\"Formaci\u00f3n profesional\" \/>\n<meta property=\"article:published_time\" content=\"2020-01-28T23:00:00+00:00\" \/>\n<meta property=\"og:image\" content=\"https:\/\/www.monlau.com\/app\/uploads\/sites\/3\/2026\/03\/AdobeStock_866037062-scaled.jpg\" \/>\n\t<meta property=\"og:image:width\" content=\"2560\" \/>\n\t<meta property=\"og:image:height\" content=\"1707\" \/>\n\t<meta property=\"og:image:type\" content=\"image\/jpeg\" \/>\n<meta name=\"author\" content=\"adsmurai\" \/>\n<meta name=\"twitter:card\" content=\"summary_large_image\" \/>\n<meta name=\"twitter:label1\" content=\"Escrit per\" \/>\n\t<meta name=\"twitter:data1\" content=\"adsmurai\" \/>\n\t<meta name=\"twitter:label2\" content=\"Temps estimat de lectura\" \/>\n\t<meta name=\"twitter:data2\" content=\"1 minut\" \/>\n<script type=\"application\/ld+json\" class=\"yoast-schema-graph\">{\"@context\":\"https:\/\/schema.org\",\"@graph\":[{\"@type\":\"Article\",\"@id\":\"https:\/\/www.monlau.com\/fp\/ca\/2020\/01\/29\/inscriu-te-nostre-postgrau-assessor-comercial-converteix-te-professional-del-sector\/#article\",\"isPartOf\":{\"@id\":\"https:\/\/www.monlau.com\/fp\/ca\/2020\/01\/29\/inscriu-te-nostre-postgrau-assessor-comercial-converteix-te-professional-del-sector\/\"},\"author\":{\"name\":\"adsmurai\",\"@id\":\"https:\/\/www.monlau.com\/fp\/ca\/#\/schema\/person\/419cfdf054323e24e0a2ef1d8597f051\"},\"headline\":\"Inscriu-te al nostre Postgrau d\u2019Assessor comercial i converteix-te en un professional del sector\",\"datePublished\":\"2020-01-28T23:00:00+00:00\",\"mainEntityOfPage\":{\"@id\":\"https:\/\/www.monlau.com\/fp\/ca\/2020\/01\/29\/inscriu-te-nostre-postgrau-assessor-comercial-converteix-te-professional-del-sector\/\"},\"wordCount\":246,\"publisher\":{\"@id\":\"https:\/\/www.monlau.com\/fp\/ca\/#organization\"},\"image\":{\"@id\":\"https:\/\/www.monlau.com\/fp\/ca\/2020\/01\/29\/inscriu-te-nostre-postgrau-assessor-comercial-converteix-te-professional-del-sector\/#primaryimage\"},\"thumbnailUrl\":\"https:\/\/www.monlau.com\/app\/uploads\/sites\/3\/2026\/03\/AdobeStock_866037062-scaled.jpg\",\"keywords\":[\"Assessor Comercial\",\"Concessionaris\",\"Inserci\u00f3 laboral\",\"Monlau Corporate\",\"Postgrado\",\"Postgrau\"],\"articleSection\":[\"Postgrau\"],\"inLanguage\":\"ca\"},{\"@type\":\"WebPage\",\"@id\":\"https:\/\/www.monlau.com\/fp\/ca\/2020\/01\/29\/inscriu-te-nostre-postgrau-assessor-comercial-converteix-te-professional-del-sector\/\",\"url\":\"https:\/\/www.monlau.com\/fp\/ca\/2020\/01\/29\/inscriu-te-nostre-postgrau-assessor-comercial-converteix-te-professional-del-sector\/\",\"name\":\"Inscriu-te al nostre Postgrau d\u2019Assessor comercial i converteix-te en un professional del sector - Formaci\u00f3n profesional\",\"isPartOf\":{\"@id\":\"https:\/\/www.monlau.com\/fp\/ca\/#website\"},\"primaryImageOfPage\":{\"@id\":\"https:\/\/www.monlau.com\/fp\/ca\/2020\/01\/29\/inscriu-te-nostre-postgrau-assessor-comercial-converteix-te-professional-del-sector\/#primaryimage\"},\"image\":{\"@id\":\"https:\/\/www.monlau.com\/fp\/ca\/2020\/01\/29\/inscriu-te-nostre-postgrau-assessor-comercial-converteix-te-professional-del-sector\/#primaryimage\"},\"thumbnailUrl\":\"https:\/\/www.monlau.com\/app\/uploads\/sites\/3\/2026\/03\/AdobeStock_866037062-scaled.jpg\",\"datePublished\":\"2020-01-28T23:00:00+00:00\",\"breadcrumb\":{\"@id\":\"https:\/\/www.monlau.com\/fp\/ca\/2020\/01\/29\/inscriu-te-nostre-postgrau-assessor-comercial-converteix-te-professional-del-sector\/#breadcrumb\"},\"inLanguage\":\"ca\",\"potentialAction\":[{\"@type\":\"ReadAction\",\"target\":[\"https:\/\/www.monlau.com\/fp\/ca\/2020\/01\/29\/inscriu-te-nostre-postgrau-assessor-comercial-converteix-te-professional-del-sector\/\"]}]},{\"@type\":\"ImageObject\",\"inLanguage\":\"ca\",\"@id\":\"https:\/\/www.monlau.com\/fp\/ca\/2020\/01\/29\/inscriu-te-nostre-postgrau-assessor-comercial-converteix-te-professional-del-sector\/#primaryimage\",\"url\":\"https:\/\/www.monlau.com\/app\/uploads\/sites\/3\/2026\/03\/AdobeStock_866037062-scaled.jpg\",\"contentUrl\":\"https:\/\/www.monlau.com\/app\/uploads\/sites\/3\/2026\/03\/AdobeStock_866037062-scaled.jpg\",\"width\":2560,\"height\":1707},{\"@type\":\"BreadcrumbList\",\"@id\":\"https:\/\/www.monlau.com\/fp\/ca\/2020\/01\/29\/inscriu-te-nostre-postgrau-assessor-comercial-converteix-te-professional-del-sector\/#breadcrumb\",\"itemListElement\":[{\"@type\":\"ListItem\",\"position\":1,\"name\":\"Portada\",\"item\":\"https:\/\/www.monlau.com\/fp\/ca\/inici\/\"},{\"@type\":\"ListItem\",\"position\":2,\"name\":\"Inscriu-te al nostre Postgrau d\u2019Assessor comercial i converteix-te en un professional del sector\"}]},{\"@type\":\"WebSite\",\"@id\":\"https:\/\/www.monlau.com\/fp\/ca\/#website\",\"url\":\"https:\/\/www.monlau.com\/fp\/ca\/\",\"name\":\"Formaci\u00f3n profesional\",\"description\":\"Monlau\",\"publisher\":{\"@id\":\"https:\/\/www.monlau.com\/fp\/ca\/#organization\"},\"potentialAction\":[{\"@type\":\"SearchAction\",\"target\":{\"@type\":\"EntryPoint\",\"urlTemplate\":\"https:\/\/www.monlau.com\/fp\/ca\/?s={search_term_string}\"},\"query-input\":{\"@type\":\"PropertyValueSpecification\",\"valueRequired\":true,\"valueName\":\"search_term_string\"}}],\"inLanguage\":\"ca\"},{\"@type\":\"Organization\",\"@id\":\"https:\/\/www.monlau.com\/fp\/ca\/#organization\",\"name\":\"Formaci\u00f3n profesional\",\"url\":\"https:\/\/www.monlau.com\/fp\/ca\/\",\"logo\":{\"@type\":\"ImageObject\",\"inLanguage\":\"ca\",\"@id\":\"https:\/\/www.monlau.com\/fp\/ca\/#\/schema\/logo\/image\/\",\"url\":\"https:\/\/www.monlau.com\/app\/uploads\/sites\/3\/2026\/01\/fp.png\",\"contentUrl\":\"https:\/\/www.monlau.com\/app\/uploads\/sites\/3\/2026\/01\/fp.png\",\"width\":1024,\"height\":878,\"caption\":\"Formaci\u00f3n profesional\"},\"image\":{\"@id\":\"https:\/\/www.monlau.com\/fp\/ca\/#\/schema\/logo\/image\/\"}},{\"@type\":\"Person\",\"@id\":\"https:\/\/www.monlau.com\/fp\/ca\/#\/schema\/person\/419cfdf054323e24e0a2ef1d8597f051\",\"name\":\"adsmurai\",\"image\":{\"@type\":\"ImageObject\",\"inLanguage\":\"ca\",\"@id\":\"https:\/\/secure.gravatar.com\/avatar\/0748788578f91786454454fa3b4c295644edb991ad6caadc70b41d26790d38fc?s=96&d=mm&r=g\",\"url\":\"https:\/\/secure.gravatar.com\/avatar\/0748788578f91786454454fa3b4c295644edb991ad6caadc70b41d26790d38fc?s=96&d=mm&r=g\",\"contentUrl\":\"https:\/\/secure.gravatar.com\/avatar\/0748788578f91786454454fa3b4c295644edb991ad6caadc70b41d26790d38fc?s=96&d=mm&r=g\",\"caption\":\"adsmurai\"},\"sameAs\":[\"https:\/\/www.monlau.com\"],\"url\":\"https:\/\/www.monlau.com\/fp\/ca\/author\/adsmurai\/\"}]}<\/script>\n<!-- \/ Yoast SEO plugin. -->","yoast_head_json":{"title":"Inscriu-te al nostre Postgrau d\u2019Assessor comercial i converteix-te en un professional del sector - Formaci\u00f3n profesional","robots":{"index":"index","follow":"follow","max-snippet":"max-snippet:-1","max-image-preview":"max-image-preview:large","max-video-preview":"max-video-preview:-1"},"canonical":"https:\/\/www.monlau.com\/fp\/ca\/2020\/01\/29\/inscriu-te-nostre-postgrau-assessor-comercial-converteix-te-professional-del-sector\/","og_locale":"ca_ES","og_type":"article","og_title":"Inscriu-te al nostre Postgrau d\u2019Assessor comercial i converteix-te en un professional del sector - Formaci\u00f3n profesional","og_description":"T&#8217;agradaria treballar en concessionaris oficials com un aut\u00e8ntic professional del sector comercial? A Monlau impartim, des de fa uns anys, el Postgrau d&#8217;Assessor Comercial, un curs dissenyat a mida seguint les demandes dels concessionaris oficials que necessiten professionals amb formaci\u00f3 comercial. La figura de l&#8217;assessor comercial est\u00e0 sent molt sol\u00b7licitada per aquests concessionaris, ja que [&hellip;]","og_url":"https:\/\/www.monlau.com\/fp\/ca\/2020\/01\/29\/inscriu-te-nostre-postgrau-assessor-comercial-converteix-te-professional-del-sector\/","og_site_name":"Formaci\u00f3n profesional","article_published_time":"2020-01-28T23:00:00+00:00","og_image":[{"width":2560,"height":1707,"url":"https:\/\/www.monlau.com\/app\/uploads\/sites\/3\/2026\/03\/AdobeStock_866037062-scaled.jpg","type":"image\/jpeg"}],"author":"adsmurai","twitter_card":"summary_large_image","twitter_misc":{"Escrit per":"adsmurai","Temps estimat de lectura":"1 minut"},"schema":{"@context":"https:\/\/schema.org","@graph":[{"@type":"Article","@id":"https:\/\/www.monlau.com\/fp\/ca\/2020\/01\/29\/inscriu-te-nostre-postgrau-assessor-comercial-converteix-te-professional-del-sector\/#article","isPartOf":{"@id":"https:\/\/www.monlau.com\/fp\/ca\/2020\/01\/29\/inscriu-te-nostre-postgrau-assessor-comercial-converteix-te-professional-del-sector\/"},"author":{"name":"adsmurai","@id":"https:\/\/www.monlau.com\/fp\/ca\/#\/schema\/person\/419cfdf054323e24e0a2ef1d8597f051"},"headline":"Inscriu-te al nostre Postgrau d\u2019Assessor comercial i converteix-te en un professional del sector","datePublished":"2020-01-28T23:00:00+00:00","mainEntityOfPage":{"@id":"https:\/\/www.monlau.com\/fp\/ca\/2020\/01\/29\/inscriu-te-nostre-postgrau-assessor-comercial-converteix-te-professional-del-sector\/"},"wordCount":246,"publisher":{"@id":"https:\/\/www.monlau.com\/fp\/ca\/#organization"},"image":{"@id":"https:\/\/www.monlau.com\/fp\/ca\/2020\/01\/29\/inscriu-te-nostre-postgrau-assessor-comercial-converteix-te-professional-del-sector\/#primaryimage"},"thumbnailUrl":"https:\/\/www.monlau.com\/app\/uploads\/sites\/3\/2026\/03\/AdobeStock_866037062-scaled.jpg","keywords":["Assessor Comercial","Concessionaris","Inserci\u00f3 laboral","Monlau Corporate","Postgrado","Postgrau"],"articleSection":["Postgrau"],"inLanguage":"ca"},{"@type":"WebPage","@id":"https:\/\/www.monlau.com\/fp\/ca\/2020\/01\/29\/inscriu-te-nostre-postgrau-assessor-comercial-converteix-te-professional-del-sector\/","url":"https:\/\/www.monlau.com\/fp\/ca\/2020\/01\/29\/inscriu-te-nostre-postgrau-assessor-comercial-converteix-te-professional-del-sector\/","name":"Inscriu-te al nostre Postgrau d\u2019Assessor comercial i converteix-te en un professional del sector - Formaci\u00f3n profesional","isPartOf":{"@id":"https:\/\/www.monlau.com\/fp\/ca\/#website"},"primaryImageOfPage":{"@id":"https:\/\/www.monlau.com\/fp\/ca\/2020\/01\/29\/inscriu-te-nostre-postgrau-assessor-comercial-converteix-te-professional-del-sector\/#primaryimage"},"image":{"@id":"https:\/\/www.monlau.com\/fp\/ca\/2020\/01\/29\/inscriu-te-nostre-postgrau-assessor-comercial-converteix-te-professional-del-sector\/#primaryimage"},"thumbnailUrl":"https:\/\/www.monlau.com\/app\/uploads\/sites\/3\/2026\/03\/AdobeStock_866037062-scaled.jpg","datePublished":"2020-01-28T23:00:00+00:00","breadcrumb":{"@id":"https:\/\/www.monlau.com\/fp\/ca\/2020\/01\/29\/inscriu-te-nostre-postgrau-assessor-comercial-converteix-te-professional-del-sector\/#breadcrumb"},"inLanguage":"ca","potentialAction":[{"@type":"ReadAction","target":["https:\/\/www.monlau.com\/fp\/ca\/2020\/01\/29\/inscriu-te-nostre-postgrau-assessor-comercial-converteix-te-professional-del-sector\/"]}]},{"@type":"ImageObject","inLanguage":"ca","@id":"https:\/\/www.monlau.com\/fp\/ca\/2020\/01\/29\/inscriu-te-nostre-postgrau-assessor-comercial-converteix-te-professional-del-sector\/#primaryimage","url":"https:\/\/www.monlau.com\/app\/uploads\/sites\/3\/2026\/03\/AdobeStock_866037062-scaled.jpg","contentUrl":"https:\/\/www.monlau.com\/app\/uploads\/sites\/3\/2026\/03\/AdobeStock_866037062-scaled.jpg","width":2560,"height":1707},{"@type":"BreadcrumbList","@id":"https:\/\/www.monlau.com\/fp\/ca\/2020\/01\/29\/inscriu-te-nostre-postgrau-assessor-comercial-converteix-te-professional-del-sector\/#breadcrumb","itemListElement":[{"@type":"ListItem","position":1,"name":"Portada","item":"https:\/\/www.monlau.com\/fp\/ca\/inici\/"},{"@type":"ListItem","position":2,"name":"Inscriu-te al nostre Postgrau d\u2019Assessor comercial i converteix-te en un professional del sector"}]},{"@type":"WebSite","@id":"https:\/\/www.monlau.com\/fp\/ca\/#website","url":"https:\/\/www.monlau.com\/fp\/ca\/","name":"Formaci\u00f3n profesional","description":"Monlau","publisher":{"@id":"https:\/\/www.monlau.com\/fp\/ca\/#organization"},"potentialAction":[{"@type":"SearchAction","target":{"@type":"EntryPoint","urlTemplate":"https:\/\/www.monlau.com\/fp\/ca\/?s={search_term_string}"},"query-input":{"@type":"PropertyValueSpecification","valueRequired":true,"valueName":"search_term_string"}}],"inLanguage":"ca"},{"@type":"Organization","@id":"https:\/\/www.monlau.com\/fp\/ca\/#organization","name":"Formaci\u00f3n profesional","url":"https:\/\/www.monlau.com\/fp\/ca\/","logo":{"@type":"ImageObject","inLanguage":"ca","@id":"https:\/\/www.monlau.com\/fp\/ca\/#\/schema\/logo\/image\/","url":"https:\/\/www.monlau.com\/app\/uploads\/sites\/3\/2026\/01\/fp.png","contentUrl":"https:\/\/www.monlau.com\/app\/uploads\/sites\/3\/2026\/01\/fp.png","width":1024,"height":878,"caption":"Formaci\u00f3n profesional"},"image":{"@id":"https:\/\/www.monlau.com\/fp\/ca\/#\/schema\/logo\/image\/"}},{"@type":"Person","@id":"https:\/\/www.monlau.com\/fp\/ca\/#\/schema\/person\/419cfdf054323e24e0a2ef1d8597f051","name":"adsmurai","image":{"@type":"ImageObject","inLanguage":"ca","@id":"https:\/\/secure.gravatar.com\/avatar\/0748788578f91786454454fa3b4c295644edb991ad6caadc70b41d26790d38fc?s=96&d=mm&r=g","url":"https:\/\/secure.gravatar.com\/avatar\/0748788578f91786454454fa3b4c295644edb991ad6caadc70b41d26790d38fc?s=96&d=mm&r=g","contentUrl":"https:\/\/secure.gravatar.com\/avatar\/0748788578f91786454454fa3b4c295644edb991ad6caadc70b41d26790d38fc?s=96&d=mm&r=g","caption":"adsmurai"},"sameAs":["https:\/\/www.monlau.com"],"url":"https:\/\/www.monlau.com\/fp\/ca\/author\/adsmurai\/"}]}},"_links":{"self":[{"href":"https:\/\/www.monlau.com\/fp\/ca\/wp-json\/wp\/v2\/posts\/6101","targetHints":{"allow":["GET"]}}],"collection":[{"href":"https:\/\/www.monlau.com\/fp\/ca\/wp-json\/wp\/v2\/posts"}],"about":[{"href":"https:\/\/www.monlau.com\/fp\/ca\/wp-json\/wp\/v2\/types\/post"}],"author":[{"embeddable":true,"href":"https:\/\/www.monlau.com\/fp\/ca\/wp-json\/wp\/v2\/users\/1"}],"replies":[{"embeddable":true,"href":"https:\/\/www.monlau.com\/fp\/ca\/wp-json\/wp\/v2\/comments?post=6101"}],"version-history":[{"count":0,"href":"https:\/\/www.monlau.com\/fp\/ca\/wp-json\/wp\/v2\/posts\/6101\/revisions"}],"wp:featuredmedia":[{"embeddable":true,"href":"https:\/\/www.monlau.com\/fp\/ca\/wp-json\/wp\/v2\/media\/6102"}],"wp:attachment":[{"href":"https:\/\/www.monlau.com\/fp\/ca\/wp-json\/wp\/v2\/media?parent=6101"}],"wp:term":[{"taxonomy":"category","embeddable":true,"href":"https:\/\/www.monlau.com\/fp\/ca\/wp-json\/wp\/v2\/categories?post=6101"},{"taxonomy":"post_tag","embeddable":true,"href":"https:\/\/www.monlau.com\/fp\/ca\/wp-json\/wp\/v2\/tags?post=6101"}],"curies":[{"name":"wp","href":"https:\/\/api.w.org\/{rel}","templated":true}]}}