{"id":6088,"date":"2019-12-18T00:00:00","date_gmt":"2019-12-17T23:00:00","guid":{"rendered":"https:\/\/www.monlau.com\/formacion-profesional\/setmana-del-codi-arriba-monlau\/"},"modified":"2026-03-10T10:03:34","modified_gmt":"2026-03-10T09:03:34","slug":"setmana-del-codi-arriba-monlau","status":"publish","type":"post","link":"https:\/\/www.monlau.com\/fp\/ca\/2019\/12\/18\/setmana-del-codi-arriba-monlau\/","title":{"rendered":"La Setmana del Codi arriba a Monlau"},"content":{"rendered":"<p>\nDel 9 al 13 de desembre, a Monlau hem celebrat la Setmana del Codi, un esdeveniment destinat a motivar als estudiants a estudiar la programaci\u00f3 des de molt joves.<\/p>\n<p>Diverses entitats com ara <a href=\"https:\/\/codeweek.eu\/\">CodeWeek,<\/a> a nivell europeu, i <a href=\"https:\/\/hourofcode.com\/es\">HourofCode,<\/a> a nivell internacional, promouen activitats perqu\u00e8 els estudiants de tots els nivells educatius, com ara la prim\u00e0ria, l&#8217;ESO, el batxillerat i els cicles formatius interaccionin amb llenguatges de programaci\u00f3 i els vegin com una manera d&#8217;expressi\u00f3 i resoluci\u00f3 de problemes.<\/p>\n<p>Per a aix\u00f2, a trav\u00e9s dels seus llocs web, proporcionen una plataforma sobre la qual els centres poden anunciar les seves activitats, i tamb\u00e9 comparteixen una s\u00e8rie d&#8217;enlla\u00e7os que ens dirigeixen a multitud d&#8217;aplicacions web ordenades segons dificultat, objectiu i nivell educatiu.<\/p>\n<p>Si visiteu la p\u00e0gina de HourofCode tamb\u00e9 podeu trobar figures reconegudes del m\u00f3n de la pol\u00edtica, l&#8217;esport i la ci\u00e8ncia, col\u00b7laborant i donant suport a aquestes activitats.<\/p>\n<p>A Monlau hem estat participant en aquestes activitats durant quatre anys, per exemple, aquest any del 10 al 25 d&#8217;octubre, els estudiants d&#8217;ESO liderats per alumnes de <a href=\"https:\/\/www.monlau.com\/estudis-professionals\/area-informatica\/?lang=ca\">2n del Cicle Formtiu de Grau Mitj\u00e0 d\u2019Inform\u00e0tica<\/a>, han descobert aplicacions com <a href=\"https:\/\/hourofcode.com\/lightbot\">Ligthbot<\/a> i <a href=\"https:\/\/hourofcode.com\/mchoc\">Minecraft;<\/a> despr\u00e9s, els alumnes de <a href=\"https:\/\/www.monlau.com\/estudis-professionals\/area-informatica\/?lang=ca\">1r del Cicle Formatiu de Grau Mitj\u00e0 d\u2019Inform\u00e0tica<\/a>, tenen a la setmana de desembre, una hora di\u00e0ria de la seva classe per interactuar en una activitat dirigida de <a href=\"https:\/\/hourofcode.com\/lightbot\">CodeCombat,<\/a> una plataforma en la qual els estudiants trien un codi de JavaScript, van superant nivells fins arribar a l&#8217;Arena final. En aquesta Arena, l&#8217;alumne prepara una estrat\u00e8gia en codi i s\u2019enfronta als seus companys de classe.<\/p>\n<p>No cal assenyalar que els estudiants gaudeixen d&#8217;aquesta activitat, perqu\u00e8, tot i que no s\u00f3n un perfil inform\u00e0tic, la metodologia utilitzada per aprendre, la Gamificaci\u00f3, \u00e9s una manera molt atractiva d&#8217;interactuar amb els llenguatges.<\/p>\n<h4>Joaquin Antonio Erencia Navarro<\/h4>\n<p>Professor de l&#8217;\u00c0rea d&#8217;Inform\u00e0tica<\/p>\n","protected":false},"excerpt":{"rendered":"<p>Del 9 al 13 de desembre, a Monlau hem celebrat la Setmana del Codi, un esdeveniment destinat a motivar als estudiants a estudiar la programaci\u00f3 des de molt joves. Diverses entitats com ara CodeWeek, a nivell europeu, i HourofCode, a nivell internacional, promouen activitats perqu\u00e8 els estudiants de tots els nivells educatius, com ara la [&hellip;]<\/p>\n","protected":false},"author":1,"featured_media":3297,"comment_status":"closed","ping_status":"closed","sticky":false,"template":"","format":"standard","meta":{"footnotes":""},"categories":[255],"tags":[304,305,306,307,308,280,281],"class_list":["post-6088","post","type-post","status-publish","format-standard","has-post-thumbnail","hentry","category-informatica","tag-batxillerat","tag-cicle-formatius","tag-eso","tag-gamificacio","tag-hourofcode","tag-informatica","tag-monlau"],"yoast_head":"<!-- This site is optimized with the Yoast SEO plugin v27.2 - https:\/\/yoast.com\/product\/yoast-seo-wordpress\/ -->\n<title>La Setmana del Codi arriba a Monlau - Formaci\u00f3n profesional<\/title>\n<meta name=\"robots\" content=\"index, follow, max-snippet:-1, max-image-preview:large, max-video-preview:-1\" \/>\n<link rel=\"canonical\" href=\"https:\/\/www.monlau.com\/fp\/ca\/2019\/12\/18\/setmana-del-codi-arriba-monlau\/\" \/>\n<meta property=\"og:locale\" content=\"ca_ES\" \/>\n<meta property=\"og:type\" content=\"article\" \/>\n<meta property=\"og:title\" content=\"La Setmana del Codi arriba a Monlau - Formaci\u00f3n profesional\" \/>\n<meta property=\"og:description\" content=\"Del 9 al 13 de desembre, a Monlau hem celebrat la Setmana del Codi, un esdeveniment destinat a motivar als estudiants a estudiar la programaci\u00f3 des de molt joves. Diverses entitats com ara CodeWeek, a nivell europeu, i HourofCode, a nivell internacional, promouen activitats perqu\u00e8 els estudiants de tots els nivells educatius, com ara la [&hellip;]\" \/>\n<meta property=\"og:url\" content=\"https:\/\/www.monlau.com\/fp\/ca\/2019\/12\/18\/setmana-del-codi-arriba-monlau\/\" \/>\n<meta property=\"og:site_name\" content=\"Formaci\u00f3n profesional\" \/>\n<meta property=\"article:published_time\" content=\"2019-12-17T23:00:00+00:00\" \/>\n<meta property=\"article:modified_time\" content=\"2026-03-10T09:03:34+00:00\" \/>\n<meta property=\"og:image\" content=\"https:\/\/www.monlau.com\/app\/uploads\/sites\/3\/2026\/03\/IMG-20191213-WA0029.jpg\" \/>\n\t<meta property=\"og:image:width\" content=\"2016\" \/>\n\t<meta property=\"og:image:height\" content=\"1512\" \/>\n\t<meta property=\"og:image:type\" content=\"image\/jpeg\" \/>\n<meta name=\"author\" content=\"adsmurai\" \/>\n<meta name=\"twitter:card\" content=\"summary_large_image\" \/>\n<meta name=\"twitter:label1\" content=\"Escrit per\" \/>\n\t<meta name=\"twitter:data1\" content=\"adsmurai\" \/>\n\t<meta name=\"twitter:label2\" content=\"Temps estimat de lectura\" \/>\n\t<meta name=\"twitter:data2\" content=\"2 minuts\" \/>\n<script type=\"application\/ld+json\" class=\"yoast-schema-graph\">{\"@context\":\"https:\/\/schema.org\",\"@graph\":[{\"@type\":\"Article\",\"@id\":\"https:\/\/www.monlau.com\/fp\/ca\/2019\/12\/18\/setmana-del-codi-arriba-monlau\/#article\",\"isPartOf\":{\"@id\":\"https:\/\/www.monlau.com\/fp\/ca\/2019\/12\/18\/setmana-del-codi-arriba-monlau\/\"},\"author\":{\"name\":\"adsmurai\",\"@id\":\"https:\/\/www.monlau.com\/fp\/ca\/#\/schema\/person\/419cfdf054323e24e0a2ef1d8597f051\"},\"headline\":\"La Setmana del Codi arriba a Monlau\",\"datePublished\":\"2019-12-17T23:00:00+00:00\",\"dateModified\":\"2026-03-10T09:03:34+00:00\",\"mainEntityOfPage\":{\"@id\":\"https:\/\/www.monlau.com\/fp\/ca\/2019\/12\/18\/setmana-del-codi-arriba-monlau\/\"},\"wordCount\":337,\"publisher\":{\"@id\":\"https:\/\/www.monlau.com\/fp\/ca\/#organization\"},\"image\":{\"@id\":\"https:\/\/www.monlau.com\/fp\/ca\/2019\/12\/18\/setmana-del-codi-arriba-monlau\/#primaryimage\"},\"thumbnailUrl\":\"https:\/\/www.monlau.com\/app\/uploads\/sites\/3\/2026\/03\/IMG-20191213-WA0029.jpg\",\"keywords\":[\"Batxillerat\",\"Cicle Formatius\",\"ESO\",\"Gamificaci\u00f3\",\"HourofCode\",\"Inform\u00e0tica\",\"Monlau\"],\"articleSection\":[\"Inform\u00e0tica\"],\"inLanguage\":\"ca\"},{\"@type\":\"WebPage\",\"@id\":\"https:\/\/www.monlau.com\/fp\/ca\/2019\/12\/18\/setmana-del-codi-arriba-monlau\/\",\"url\":\"https:\/\/www.monlau.com\/fp\/ca\/2019\/12\/18\/setmana-del-codi-arriba-monlau\/\",\"name\":\"La Setmana del Codi arriba a Monlau - Formaci\u00f3n profesional\",\"isPartOf\":{\"@id\":\"https:\/\/www.monlau.com\/fp\/ca\/#website\"},\"primaryImageOfPage\":{\"@id\":\"https:\/\/www.monlau.com\/fp\/ca\/2019\/12\/18\/setmana-del-codi-arriba-monlau\/#primaryimage\"},\"image\":{\"@id\":\"https:\/\/www.monlau.com\/fp\/ca\/2019\/12\/18\/setmana-del-codi-arriba-monlau\/#primaryimage\"},\"thumbnailUrl\":\"https:\/\/www.monlau.com\/app\/uploads\/sites\/3\/2026\/03\/IMG-20191213-WA0029.jpg\",\"datePublished\":\"2019-12-17T23:00:00+00:00\",\"dateModified\":\"2026-03-10T09:03:34+00:00\",\"breadcrumb\":{\"@id\":\"https:\/\/www.monlau.com\/fp\/ca\/2019\/12\/18\/setmana-del-codi-arriba-monlau\/#breadcrumb\"},\"inLanguage\":\"ca\",\"potentialAction\":[{\"@type\":\"ReadAction\",\"target\":[\"https:\/\/www.monlau.com\/fp\/ca\/2019\/12\/18\/setmana-del-codi-arriba-monlau\/\"]}]},{\"@type\":\"ImageObject\",\"inLanguage\":\"ca\",\"@id\":\"https:\/\/www.monlau.com\/fp\/ca\/2019\/12\/18\/setmana-del-codi-arriba-monlau\/#primaryimage\",\"url\":\"https:\/\/www.monlau.com\/app\/uploads\/sites\/3\/2026\/03\/IMG-20191213-WA0029.jpg\",\"contentUrl\":\"https:\/\/www.monlau.com\/app\/uploads\/sites\/3\/2026\/03\/IMG-20191213-WA0029.jpg\",\"width\":2016,\"height\":1512},{\"@type\":\"BreadcrumbList\",\"@id\":\"https:\/\/www.monlau.com\/fp\/ca\/2019\/12\/18\/setmana-del-codi-arriba-monlau\/#breadcrumb\",\"itemListElement\":[{\"@type\":\"ListItem\",\"position\":1,\"name\":\"Portada\",\"item\":\"https:\/\/www.monlau.com\/fp\/ca\/inici\/\"},{\"@type\":\"ListItem\",\"position\":2,\"name\":\"La Setmana del Codi arriba a Monlau\"}]},{\"@type\":\"WebSite\",\"@id\":\"https:\/\/www.monlau.com\/fp\/ca\/#website\",\"url\":\"https:\/\/www.monlau.com\/fp\/ca\/\",\"name\":\"Formaci\u00f3n profesional\",\"description\":\"Monlau\",\"publisher\":{\"@id\":\"https:\/\/www.monlau.com\/fp\/ca\/#organization\"},\"potentialAction\":[{\"@type\":\"SearchAction\",\"target\":{\"@type\":\"EntryPoint\",\"urlTemplate\":\"https:\/\/www.monlau.com\/fp\/ca\/?s={search_term_string}\"},\"query-input\":{\"@type\":\"PropertyValueSpecification\",\"valueRequired\":true,\"valueName\":\"search_term_string\"}}],\"inLanguage\":\"ca\"},{\"@type\":\"Organization\",\"@id\":\"https:\/\/www.monlau.com\/fp\/ca\/#organization\",\"name\":\"Formaci\u00f3n profesional\",\"url\":\"https:\/\/www.monlau.com\/fp\/ca\/\",\"logo\":{\"@type\":\"ImageObject\",\"inLanguage\":\"ca\",\"@id\":\"https:\/\/www.monlau.com\/fp\/ca\/#\/schema\/logo\/image\/\",\"url\":\"https:\/\/www.monlau.com\/app\/uploads\/sites\/3\/2026\/01\/fp.png\",\"contentUrl\":\"https:\/\/www.monlau.com\/app\/uploads\/sites\/3\/2026\/01\/fp.png\",\"width\":1024,\"height\":878,\"caption\":\"Formaci\u00f3n profesional\"},\"image\":{\"@id\":\"https:\/\/www.monlau.com\/fp\/ca\/#\/schema\/logo\/image\/\"}},{\"@type\":\"Person\",\"@id\":\"https:\/\/www.monlau.com\/fp\/ca\/#\/schema\/person\/419cfdf054323e24e0a2ef1d8597f051\",\"name\":\"adsmurai\",\"image\":{\"@type\":\"ImageObject\",\"inLanguage\":\"ca\",\"@id\":\"https:\/\/secure.gravatar.com\/avatar\/0748788578f91786454454fa3b4c295644edb991ad6caadc70b41d26790d38fc?s=96&d=mm&r=g\",\"url\":\"https:\/\/secure.gravatar.com\/avatar\/0748788578f91786454454fa3b4c295644edb991ad6caadc70b41d26790d38fc?s=96&d=mm&r=g\",\"contentUrl\":\"https:\/\/secure.gravatar.com\/avatar\/0748788578f91786454454fa3b4c295644edb991ad6caadc70b41d26790d38fc?s=96&d=mm&r=g\",\"caption\":\"adsmurai\"},\"sameAs\":[\"https:\/\/www.monlau.com\"],\"url\":\"https:\/\/www.monlau.com\/fp\/ca\/author\/adsmurai\/\"}]}<\/script>\n<!-- \/ Yoast SEO plugin. -->","yoast_head_json":{"title":"La Setmana del Codi arriba a Monlau - Formaci\u00f3n profesional","robots":{"index":"index","follow":"follow","max-snippet":"max-snippet:-1","max-image-preview":"max-image-preview:large","max-video-preview":"max-video-preview:-1"},"canonical":"https:\/\/www.monlau.com\/fp\/ca\/2019\/12\/18\/setmana-del-codi-arriba-monlau\/","og_locale":"ca_ES","og_type":"article","og_title":"La Setmana del Codi arriba a Monlau - Formaci\u00f3n profesional","og_description":"Del 9 al 13 de desembre, a Monlau hem celebrat la Setmana del Codi, un esdeveniment destinat a motivar als estudiants a estudiar la programaci\u00f3 des de molt joves. Diverses entitats com ara CodeWeek, a nivell europeu, i HourofCode, a nivell internacional, promouen activitats perqu\u00e8 els estudiants de tots els nivells educatius, com ara la [&hellip;]","og_url":"https:\/\/www.monlau.com\/fp\/ca\/2019\/12\/18\/setmana-del-codi-arriba-monlau\/","og_site_name":"Formaci\u00f3n profesional","article_published_time":"2019-12-17T23:00:00+00:00","article_modified_time":"2026-03-10T09:03:34+00:00","og_image":[{"width":2016,"height":1512,"url":"https:\/\/www.monlau.com\/app\/uploads\/sites\/3\/2026\/03\/IMG-20191213-WA0029.jpg","type":"image\/jpeg"}],"author":"adsmurai","twitter_card":"summary_large_image","twitter_misc":{"Escrit per":"adsmurai","Temps estimat de lectura":"2 minuts"},"schema":{"@context":"https:\/\/schema.org","@graph":[{"@type":"Article","@id":"https:\/\/www.monlau.com\/fp\/ca\/2019\/12\/18\/setmana-del-codi-arriba-monlau\/#article","isPartOf":{"@id":"https:\/\/www.monlau.com\/fp\/ca\/2019\/12\/18\/setmana-del-codi-arriba-monlau\/"},"author":{"name":"adsmurai","@id":"https:\/\/www.monlau.com\/fp\/ca\/#\/schema\/person\/419cfdf054323e24e0a2ef1d8597f051"},"headline":"La Setmana del Codi arriba a Monlau","datePublished":"2019-12-17T23:00:00+00:00","dateModified":"2026-03-10T09:03:34+00:00","mainEntityOfPage":{"@id":"https:\/\/www.monlau.com\/fp\/ca\/2019\/12\/18\/setmana-del-codi-arriba-monlau\/"},"wordCount":337,"publisher":{"@id":"https:\/\/www.monlau.com\/fp\/ca\/#organization"},"image":{"@id":"https:\/\/www.monlau.com\/fp\/ca\/2019\/12\/18\/setmana-del-codi-arriba-monlau\/#primaryimage"},"thumbnailUrl":"https:\/\/www.monlau.com\/app\/uploads\/sites\/3\/2026\/03\/IMG-20191213-WA0029.jpg","keywords":["Batxillerat","Cicle Formatius","ESO","Gamificaci\u00f3","HourofCode","Inform\u00e0tica","Monlau"],"articleSection":["Inform\u00e0tica"],"inLanguage":"ca"},{"@type":"WebPage","@id":"https:\/\/www.monlau.com\/fp\/ca\/2019\/12\/18\/setmana-del-codi-arriba-monlau\/","url":"https:\/\/www.monlau.com\/fp\/ca\/2019\/12\/18\/setmana-del-codi-arriba-monlau\/","name":"La Setmana del Codi arriba a Monlau - Formaci\u00f3n profesional","isPartOf":{"@id":"https:\/\/www.monlau.com\/fp\/ca\/#website"},"primaryImageOfPage":{"@id":"https:\/\/www.monlau.com\/fp\/ca\/2019\/12\/18\/setmana-del-codi-arriba-monlau\/#primaryimage"},"image":{"@id":"https:\/\/www.monlau.com\/fp\/ca\/2019\/12\/18\/setmana-del-codi-arriba-monlau\/#primaryimage"},"thumbnailUrl":"https:\/\/www.monlau.com\/app\/uploads\/sites\/3\/2026\/03\/IMG-20191213-WA0029.jpg","datePublished":"2019-12-17T23:00:00+00:00","dateModified":"2026-03-10T09:03:34+00:00","breadcrumb":{"@id":"https:\/\/www.monlau.com\/fp\/ca\/2019\/12\/18\/setmana-del-codi-arriba-monlau\/#breadcrumb"},"inLanguage":"ca","potentialAction":[{"@type":"ReadAction","target":["https:\/\/www.monlau.com\/fp\/ca\/2019\/12\/18\/setmana-del-codi-arriba-monlau\/"]}]},{"@type":"ImageObject","inLanguage":"ca","@id":"https:\/\/www.monlau.com\/fp\/ca\/2019\/12\/18\/setmana-del-codi-arriba-monlau\/#primaryimage","url":"https:\/\/www.monlau.com\/app\/uploads\/sites\/3\/2026\/03\/IMG-20191213-WA0029.jpg","contentUrl":"https:\/\/www.monlau.com\/app\/uploads\/sites\/3\/2026\/03\/IMG-20191213-WA0029.jpg","width":2016,"height":1512},{"@type":"BreadcrumbList","@id":"https:\/\/www.monlau.com\/fp\/ca\/2019\/12\/18\/setmana-del-codi-arriba-monlau\/#breadcrumb","itemListElement":[{"@type":"ListItem","position":1,"name":"Portada","item":"https:\/\/www.monlau.com\/fp\/ca\/inici\/"},{"@type":"ListItem","position":2,"name":"La Setmana del Codi arriba a Monlau"}]},{"@type":"WebSite","@id":"https:\/\/www.monlau.com\/fp\/ca\/#website","url":"https:\/\/www.monlau.com\/fp\/ca\/","name":"Formaci\u00f3n profesional","description":"Monlau","publisher":{"@id":"https:\/\/www.monlau.com\/fp\/ca\/#organization"},"potentialAction":[{"@type":"SearchAction","target":{"@type":"EntryPoint","urlTemplate":"https:\/\/www.monlau.com\/fp\/ca\/?s={search_term_string}"},"query-input":{"@type":"PropertyValueSpecification","valueRequired":true,"valueName":"search_term_string"}}],"inLanguage":"ca"},{"@type":"Organization","@id":"https:\/\/www.monlau.com\/fp\/ca\/#organization","name":"Formaci\u00f3n profesional","url":"https:\/\/www.monlau.com\/fp\/ca\/","logo":{"@type":"ImageObject","inLanguage":"ca","@id":"https:\/\/www.monlau.com\/fp\/ca\/#\/schema\/logo\/image\/","url":"https:\/\/www.monlau.com\/app\/uploads\/sites\/3\/2026\/01\/fp.png","contentUrl":"https:\/\/www.monlau.com\/app\/uploads\/sites\/3\/2026\/01\/fp.png","width":1024,"height":878,"caption":"Formaci\u00f3n profesional"},"image":{"@id":"https:\/\/www.monlau.com\/fp\/ca\/#\/schema\/logo\/image\/"}},{"@type":"Person","@id":"https:\/\/www.monlau.com\/fp\/ca\/#\/schema\/person\/419cfdf054323e24e0a2ef1d8597f051","name":"adsmurai","image":{"@type":"ImageObject","inLanguage":"ca","@id":"https:\/\/secure.gravatar.com\/avatar\/0748788578f91786454454fa3b4c295644edb991ad6caadc70b41d26790d38fc?s=96&d=mm&r=g","url":"https:\/\/secure.gravatar.com\/avatar\/0748788578f91786454454fa3b4c295644edb991ad6caadc70b41d26790d38fc?s=96&d=mm&r=g","contentUrl":"https:\/\/secure.gravatar.com\/avatar\/0748788578f91786454454fa3b4c295644edb991ad6caadc70b41d26790d38fc?s=96&d=mm&r=g","caption":"adsmurai"},"sameAs":["https:\/\/www.monlau.com"],"url":"https:\/\/www.monlau.com\/fp\/ca\/author\/adsmurai\/"}]}},"_links":{"self":[{"href":"https:\/\/www.monlau.com\/fp\/ca\/wp-json\/wp\/v2\/posts\/6088","targetHints":{"allow":["GET"]}}],"collection":[{"href":"https:\/\/www.monlau.com\/fp\/ca\/wp-json\/wp\/v2\/posts"}],"about":[{"href":"https:\/\/www.monlau.com\/fp\/ca\/wp-json\/wp\/v2\/types\/post"}],"author":[{"embeddable":true,"href":"https:\/\/www.monlau.com\/fp\/ca\/wp-json\/wp\/v2\/users\/1"}],"replies":[{"embeddable":true,"href":"https:\/\/www.monlau.com\/fp\/ca\/wp-json\/wp\/v2\/comments?post=6088"}],"version-history":[{"count":1,"href":"https:\/\/www.monlau.com\/fp\/ca\/wp-json\/wp\/v2\/posts\/6088\/revisions"}],"predecessor-version":[{"id":6495,"href":"https:\/\/www.monlau.com\/fp\/ca\/wp-json\/wp\/v2\/posts\/6088\/revisions\/6495"}],"wp:featuredmedia":[{"embeddable":true,"href":"https:\/\/www.monlau.com\/fp\/ca\/wp-json\/wp\/v2\/media\/3297"}],"wp:attachment":[{"href":"https:\/\/www.monlau.com\/fp\/ca\/wp-json\/wp\/v2\/media?parent=6088"}],"wp:term":[{"taxonomy":"category","embeddable":true,"href":"https:\/\/www.monlau.com\/fp\/ca\/wp-json\/wp\/v2\/categories?post=6088"},{"taxonomy":"post_tag","embeddable":true,"href":"https:\/\/www.monlau.com\/fp\/ca\/wp-json\/wp\/v2\/tags?post=6088"}],"curies":[{"name":"wp","href":"https:\/\/api.w.org\/{rel}","templated":true}]}}