{"id":6084,"date":"2019-12-05T00:00:00","date_gmt":"2019-12-04T23:00:00","guid":{"rendered":"https:\/\/www.monlau.com\/formacion-profesional\/model-taules-forma-t\/"},"modified":"2026-03-10T10:03:35","modified_gmt":"2026-03-10T09:03:35","slug":"model-taules-forma-t","status":"publish","type":"post","link":"https:\/\/www.monlau.com\/fp\/ca\/2019\/12\/05\/model-taules-forma-t\/","title":{"rendered":"El model taules en forma de T"},"content":{"rendered":"<p>A <strong>Monlau<\/strong> al <a href=\"https:\/\/www.monlau.com\/estudis-professionals\/project\/cicle-formatiu-de-grau-superior-de-marqueting-i-publicitat\/?lang=ca\">cicle superior de m\u00e0rqueting i publicitat<\/a> treballem amb les taules en forma de T.<\/p>\n<p>Principalment la idea es que aquesta manera de treballar fomenti el treball en equip i el treball cooperatiu, \u00e9s una forma en que els alumnes tinguin facilitat a l\u2019hora de compartir informaci\u00f3.<\/p>\n<p>Actualment tenim 60 alumnes dividits en dos aules de 30 alumnes, a cada aula trobem 8 espais en forma de T per poder treballar en grup.<\/p>\n<p>La idea es que compartir pantalles, contingut i girar-les millori el rendiment dels alumnes.<\/p>\n<p>Per exemple: actualment estem treballant projectes de <strong>Branding i de xarxes socials<\/strong> on els alumnes han d\u2019aprendre a compartir idees i metodologies, colors i eines, amb aquesta metodologia fomentem la manera d\u2019entendre que no tots pensem igual, per\u00f2 si que totes les idees, per descabellades que semblin, s\u00f3n v\u00e0lides. Si no permetem aix\u00f2 en creativitat, si bloquegem aquesta manera d\u2019entendre no podem fomentar que els nostres alumnes tinguin una ment oberta. Des de el punt de vista dels professors de l\u2019\u00e0rea de m\u00e0rqueting i publicitat creiem que les millors idees surten de les ments m\u00e9s creatives, i no volem pas limitar als nostres alumnes si no motivar-los a que dem\u00e0 creixin com professionals creatius i sense l\u00edmits, joves amb ganes d\u2019entendre el m\u00f3n en el que vivim.<\/p>\n<p>Cada persona crea un recorregut durant la seva vida, un recorregut que el fa diferent, un cam\u00ed marcat per les decisions que prenem, segur que cap de nosaltres ha fet el mateix cam\u00ed per arribar on estem avui, per aix\u00f2 fer que els alumnes comparteixin les seves idees en petits grups de persones diferents fa que el seu futur sigui millor, treballant sempre amb <strong>respecte i inclusi\u00f3 dins de l\u2019aula.<\/strong><\/p>\n<p>Durant l\u2019inici de curs, els alumnes queden ben impactats de veure com estan situats a classe, i fins al primer mes no acaben d\u2019entendre la finalitat de treballar d\u2019aquesta forma, per\u00f2 es cert que al final del primer trimestre comprenen que canviar de posici\u00f3 fomenta el rendiment, actualment pedag\u00f2gicament parlant estem acostumats a una aula cl\u00e0ssica on els alumnes es seuen separats en pupitres o com a molt en parelles, a <strong>Monlau <\/strong>fa temps que intentem canviar aquestes coses, \u00bfperqu\u00e8 com podem aplicar noves metodologies si no som capa\u00e7os de canviar la forma de distribuir-nos a l\u2019aula? \u00c9s important ser capa\u00e7os de canviar l\u2019entorn per poder adaptar-nos a les noves metodologies de treball.<\/p>\n<h4>Clara Mart\u00ednez<\/h4>\n<p>Professora del Cicle Superior de M\u00e0rqueting i Publicitat<\/p>\n","protected":false},"excerpt":{"rendered":"<p>A Monlau al cicle superior de m\u00e0rqueting i publicitat treballem amb les taules en forma de T. Principalment la idea es que aquesta manera de treballar fomenti el treball en equip i el treball cooperatiu, \u00e9s una forma en que els alumnes tinguin facilitat a l\u2019hora de compartir informaci\u00f3. Actualment tenim 60 alumnes dividits en [&hellip;]<\/p>\n","protected":false},"author":1,"featured_media":3292,"comment_status":"closed","ping_status":"closed","sticky":false,"template":"","format":"standard","meta":{"footnotes":""},"categories":[256],"tags":[299,300,301,302,281,303],"class_list":["post-6084","post","type-post","status-publish","format-standard","has-post-thumbnail","hentry","category-empresa-i-marqueting","tag-branding","tag-forma-de-t","tag-inclusio","tag-marqueting-i-publicitat","tag-monlau","tag-taules"],"yoast_head":"<!-- This site is optimized with the Yoast SEO plugin v27.2 - https:\/\/yoast.com\/product\/yoast-seo-wordpress\/ -->\n<title>El model taules en forma de T - Formaci\u00f3n profesional<\/title>\n<meta name=\"robots\" content=\"index, follow, max-snippet:-1, max-image-preview:large, max-video-preview:-1\" \/>\n<link rel=\"canonical\" href=\"https:\/\/www.monlau.com\/fp\/ca\/2019\/12\/05\/model-taules-forma-t\/\" \/>\n<meta property=\"og:locale\" content=\"ca_ES\" \/>\n<meta property=\"og:type\" content=\"article\" \/>\n<meta property=\"og:title\" content=\"El model taules en forma de T - Formaci\u00f3n profesional\" \/>\n<meta property=\"og:description\" content=\"A Monlau al cicle superior de m\u00e0rqueting i publicitat treballem amb les taules en forma de T. Principalment la idea es que aquesta manera de treballar fomenti el treball en equip i el treball cooperatiu, \u00e9s una forma en que els alumnes tinguin facilitat a l\u2019hora de compartir informaci\u00f3. Actualment tenim 60 alumnes dividits en [&hellip;]\" \/>\n<meta property=\"og:url\" content=\"https:\/\/www.monlau.com\/fp\/ca\/2019\/12\/05\/model-taules-forma-t\/\" \/>\n<meta property=\"og:site_name\" content=\"Formaci\u00f3n profesional\" \/>\n<meta property=\"article:published_time\" content=\"2019-12-04T23:00:00+00:00\" \/>\n<meta property=\"article:modified_time\" content=\"2026-03-10T09:03:35+00:00\" \/>\n<meta property=\"og:image\" content=\"https:\/\/www.monlau.com\/app\/uploads\/sites\/3\/2026\/03\/mktg.jpg\" \/>\n\t<meta property=\"og:image:width\" content=\"680\" \/>\n\t<meta property=\"og:image:height\" content=\"529\" \/>\n\t<meta property=\"og:image:type\" content=\"image\/jpeg\" \/>\n<meta name=\"author\" content=\"adsmurai\" \/>\n<meta name=\"twitter:card\" content=\"summary_large_image\" \/>\n<meta name=\"twitter:label1\" content=\"Escrit per\" \/>\n\t<meta name=\"twitter:data1\" content=\"adsmurai\" \/>\n\t<meta name=\"twitter:label2\" content=\"Temps estimat de lectura\" \/>\n\t<meta name=\"twitter:data2\" content=\"2 minuts\" \/>\n<script type=\"application\/ld+json\" class=\"yoast-schema-graph\">{\"@context\":\"https:\/\/schema.org\",\"@graph\":[{\"@type\":\"Article\",\"@id\":\"https:\/\/www.monlau.com\/fp\/ca\/2019\/12\/05\/model-taules-forma-t\/#article\",\"isPartOf\":{\"@id\":\"https:\/\/www.monlau.com\/fp\/ca\/2019\/12\/05\/model-taules-forma-t\/\"},\"author\":{\"name\":\"adsmurai\",\"@id\":\"https:\/\/www.monlau.com\/fp\/ca\/#\/schema\/person\/419cfdf054323e24e0a2ef1d8597f051\"},\"headline\":\"El model taules en forma de T\",\"datePublished\":\"2019-12-04T23:00:00+00:00\",\"dateModified\":\"2026-03-10T09:03:35+00:00\",\"mainEntityOfPage\":{\"@id\":\"https:\/\/www.monlau.com\/fp\/ca\/2019\/12\/05\/model-taules-forma-t\/\"},\"wordCount\":438,\"publisher\":{\"@id\":\"https:\/\/www.monlau.com\/fp\/ca\/#organization\"},\"image\":{\"@id\":\"https:\/\/www.monlau.com\/fp\/ca\/2019\/12\/05\/model-taules-forma-t\/#primaryimage\"},\"thumbnailUrl\":\"https:\/\/www.monlau.com\/app\/uploads\/sites\/3\/2026\/03\/mktg.jpg\",\"keywords\":[\"Branding\",\"forma de T\",\"inclusi\u00f3\",\"M\u00e0rqueting i Publicitat\",\"Monlau\",\"Taules\"],\"articleSection\":[\"Empresa i M\u00e0rqueting\"],\"inLanguage\":\"ca\"},{\"@type\":\"WebPage\",\"@id\":\"https:\/\/www.monlau.com\/fp\/ca\/2019\/12\/05\/model-taules-forma-t\/\",\"url\":\"https:\/\/www.monlau.com\/fp\/ca\/2019\/12\/05\/model-taules-forma-t\/\",\"name\":\"El model taules en forma de T - Formaci\u00f3n profesional\",\"isPartOf\":{\"@id\":\"https:\/\/www.monlau.com\/fp\/ca\/#website\"},\"primaryImageOfPage\":{\"@id\":\"https:\/\/www.monlau.com\/fp\/ca\/2019\/12\/05\/model-taules-forma-t\/#primaryimage\"},\"image\":{\"@id\":\"https:\/\/www.monlau.com\/fp\/ca\/2019\/12\/05\/model-taules-forma-t\/#primaryimage\"},\"thumbnailUrl\":\"https:\/\/www.monlau.com\/app\/uploads\/sites\/3\/2026\/03\/mktg.jpg\",\"datePublished\":\"2019-12-04T23:00:00+00:00\",\"dateModified\":\"2026-03-10T09:03:35+00:00\",\"breadcrumb\":{\"@id\":\"https:\/\/www.monlau.com\/fp\/ca\/2019\/12\/05\/model-taules-forma-t\/#breadcrumb\"},\"inLanguage\":\"ca\",\"potentialAction\":[{\"@type\":\"ReadAction\",\"target\":[\"https:\/\/www.monlau.com\/fp\/ca\/2019\/12\/05\/model-taules-forma-t\/\"]}]},{\"@type\":\"ImageObject\",\"inLanguage\":\"ca\",\"@id\":\"https:\/\/www.monlau.com\/fp\/ca\/2019\/12\/05\/model-taules-forma-t\/#primaryimage\",\"url\":\"https:\/\/www.monlau.com\/app\/uploads\/sites\/3\/2026\/03\/mktg.jpg\",\"contentUrl\":\"https:\/\/www.monlau.com\/app\/uploads\/sites\/3\/2026\/03\/mktg.jpg\",\"width\":680,\"height\":529},{\"@type\":\"BreadcrumbList\",\"@id\":\"https:\/\/www.monlau.com\/fp\/ca\/2019\/12\/05\/model-taules-forma-t\/#breadcrumb\",\"itemListElement\":[{\"@type\":\"ListItem\",\"position\":1,\"name\":\"Portada\",\"item\":\"https:\/\/www.monlau.com\/fp\/ca\/inici\/\"},{\"@type\":\"ListItem\",\"position\":2,\"name\":\"El model taules en forma de T\"}]},{\"@type\":\"WebSite\",\"@id\":\"https:\/\/www.monlau.com\/fp\/ca\/#website\",\"url\":\"https:\/\/www.monlau.com\/fp\/ca\/\",\"name\":\"Formaci\u00f3n profesional\",\"description\":\"Monlau\",\"publisher\":{\"@id\":\"https:\/\/www.monlau.com\/fp\/ca\/#organization\"},\"potentialAction\":[{\"@type\":\"SearchAction\",\"target\":{\"@type\":\"EntryPoint\",\"urlTemplate\":\"https:\/\/www.monlau.com\/fp\/ca\/?s={search_term_string}\"},\"query-input\":{\"@type\":\"PropertyValueSpecification\",\"valueRequired\":true,\"valueName\":\"search_term_string\"}}],\"inLanguage\":\"ca\"},{\"@type\":\"Organization\",\"@id\":\"https:\/\/www.monlau.com\/fp\/ca\/#organization\",\"name\":\"Formaci\u00f3n profesional\",\"url\":\"https:\/\/www.monlau.com\/fp\/ca\/\",\"logo\":{\"@type\":\"ImageObject\",\"inLanguage\":\"ca\",\"@id\":\"https:\/\/www.monlau.com\/fp\/ca\/#\/schema\/logo\/image\/\",\"url\":\"https:\/\/www.monlau.com\/app\/uploads\/sites\/3\/2026\/01\/fp.png\",\"contentUrl\":\"https:\/\/www.monlau.com\/app\/uploads\/sites\/3\/2026\/01\/fp.png\",\"width\":1024,\"height\":878,\"caption\":\"Formaci\u00f3n profesional\"},\"image\":{\"@id\":\"https:\/\/www.monlau.com\/fp\/ca\/#\/schema\/logo\/image\/\"}},{\"@type\":\"Person\",\"@id\":\"https:\/\/www.monlau.com\/fp\/ca\/#\/schema\/person\/419cfdf054323e24e0a2ef1d8597f051\",\"name\":\"adsmurai\",\"image\":{\"@type\":\"ImageObject\",\"inLanguage\":\"ca\",\"@id\":\"https:\/\/secure.gravatar.com\/avatar\/0748788578f91786454454fa3b4c295644edb991ad6caadc70b41d26790d38fc?s=96&d=mm&r=g\",\"url\":\"https:\/\/secure.gravatar.com\/avatar\/0748788578f91786454454fa3b4c295644edb991ad6caadc70b41d26790d38fc?s=96&d=mm&r=g\",\"contentUrl\":\"https:\/\/secure.gravatar.com\/avatar\/0748788578f91786454454fa3b4c295644edb991ad6caadc70b41d26790d38fc?s=96&d=mm&r=g\",\"caption\":\"adsmurai\"},\"sameAs\":[\"https:\/\/www.monlau.com\"],\"url\":\"https:\/\/www.monlau.com\/fp\/ca\/author\/adsmurai\/\"}]}<\/script>\n<!-- \/ Yoast SEO plugin. -->","yoast_head_json":{"title":"El model taules en forma de T - Formaci\u00f3n profesional","robots":{"index":"index","follow":"follow","max-snippet":"max-snippet:-1","max-image-preview":"max-image-preview:large","max-video-preview":"max-video-preview:-1"},"canonical":"https:\/\/www.monlau.com\/fp\/ca\/2019\/12\/05\/model-taules-forma-t\/","og_locale":"ca_ES","og_type":"article","og_title":"El model taules en forma de T - Formaci\u00f3n profesional","og_description":"A Monlau al cicle superior de m\u00e0rqueting i publicitat treballem amb les taules en forma de T. Principalment la idea es que aquesta manera de treballar fomenti el treball en equip i el treball cooperatiu, \u00e9s una forma en que els alumnes tinguin facilitat a l\u2019hora de compartir informaci\u00f3. Actualment tenim 60 alumnes dividits en [&hellip;]","og_url":"https:\/\/www.monlau.com\/fp\/ca\/2019\/12\/05\/model-taules-forma-t\/","og_site_name":"Formaci\u00f3n profesional","article_published_time":"2019-12-04T23:00:00+00:00","article_modified_time":"2026-03-10T09:03:35+00:00","og_image":[{"width":680,"height":529,"url":"https:\/\/www.monlau.com\/app\/uploads\/sites\/3\/2026\/03\/mktg.jpg","type":"image\/jpeg"}],"author":"adsmurai","twitter_card":"summary_large_image","twitter_misc":{"Escrit per":"adsmurai","Temps estimat de lectura":"2 minuts"},"schema":{"@context":"https:\/\/schema.org","@graph":[{"@type":"Article","@id":"https:\/\/www.monlau.com\/fp\/ca\/2019\/12\/05\/model-taules-forma-t\/#article","isPartOf":{"@id":"https:\/\/www.monlau.com\/fp\/ca\/2019\/12\/05\/model-taules-forma-t\/"},"author":{"name":"adsmurai","@id":"https:\/\/www.monlau.com\/fp\/ca\/#\/schema\/person\/419cfdf054323e24e0a2ef1d8597f051"},"headline":"El model taules en forma de T","datePublished":"2019-12-04T23:00:00+00:00","dateModified":"2026-03-10T09:03:35+00:00","mainEntityOfPage":{"@id":"https:\/\/www.monlau.com\/fp\/ca\/2019\/12\/05\/model-taules-forma-t\/"},"wordCount":438,"publisher":{"@id":"https:\/\/www.monlau.com\/fp\/ca\/#organization"},"image":{"@id":"https:\/\/www.monlau.com\/fp\/ca\/2019\/12\/05\/model-taules-forma-t\/#primaryimage"},"thumbnailUrl":"https:\/\/www.monlau.com\/app\/uploads\/sites\/3\/2026\/03\/mktg.jpg","keywords":["Branding","forma de T","inclusi\u00f3","M\u00e0rqueting i Publicitat","Monlau","Taules"],"articleSection":["Empresa i M\u00e0rqueting"],"inLanguage":"ca"},{"@type":"WebPage","@id":"https:\/\/www.monlau.com\/fp\/ca\/2019\/12\/05\/model-taules-forma-t\/","url":"https:\/\/www.monlau.com\/fp\/ca\/2019\/12\/05\/model-taules-forma-t\/","name":"El model taules en forma de T - Formaci\u00f3n profesional","isPartOf":{"@id":"https:\/\/www.monlau.com\/fp\/ca\/#website"},"primaryImageOfPage":{"@id":"https:\/\/www.monlau.com\/fp\/ca\/2019\/12\/05\/model-taules-forma-t\/#primaryimage"},"image":{"@id":"https:\/\/www.monlau.com\/fp\/ca\/2019\/12\/05\/model-taules-forma-t\/#primaryimage"},"thumbnailUrl":"https:\/\/www.monlau.com\/app\/uploads\/sites\/3\/2026\/03\/mktg.jpg","datePublished":"2019-12-04T23:00:00+00:00","dateModified":"2026-03-10T09:03:35+00:00","breadcrumb":{"@id":"https:\/\/www.monlau.com\/fp\/ca\/2019\/12\/05\/model-taules-forma-t\/#breadcrumb"},"inLanguage":"ca","potentialAction":[{"@type":"ReadAction","target":["https:\/\/www.monlau.com\/fp\/ca\/2019\/12\/05\/model-taules-forma-t\/"]}]},{"@type":"ImageObject","inLanguage":"ca","@id":"https:\/\/www.monlau.com\/fp\/ca\/2019\/12\/05\/model-taules-forma-t\/#primaryimage","url":"https:\/\/www.monlau.com\/app\/uploads\/sites\/3\/2026\/03\/mktg.jpg","contentUrl":"https:\/\/www.monlau.com\/app\/uploads\/sites\/3\/2026\/03\/mktg.jpg","width":680,"height":529},{"@type":"BreadcrumbList","@id":"https:\/\/www.monlau.com\/fp\/ca\/2019\/12\/05\/model-taules-forma-t\/#breadcrumb","itemListElement":[{"@type":"ListItem","position":1,"name":"Portada","item":"https:\/\/www.monlau.com\/fp\/ca\/inici\/"},{"@type":"ListItem","position":2,"name":"El model taules en forma de T"}]},{"@type":"WebSite","@id":"https:\/\/www.monlau.com\/fp\/ca\/#website","url":"https:\/\/www.monlau.com\/fp\/ca\/","name":"Formaci\u00f3n profesional","description":"Monlau","publisher":{"@id":"https:\/\/www.monlau.com\/fp\/ca\/#organization"},"potentialAction":[{"@type":"SearchAction","target":{"@type":"EntryPoint","urlTemplate":"https:\/\/www.monlau.com\/fp\/ca\/?s={search_term_string}"},"query-input":{"@type":"PropertyValueSpecification","valueRequired":true,"valueName":"search_term_string"}}],"inLanguage":"ca"},{"@type":"Organization","@id":"https:\/\/www.monlau.com\/fp\/ca\/#organization","name":"Formaci\u00f3n profesional","url":"https:\/\/www.monlau.com\/fp\/ca\/","logo":{"@type":"ImageObject","inLanguage":"ca","@id":"https:\/\/www.monlau.com\/fp\/ca\/#\/schema\/logo\/image\/","url":"https:\/\/www.monlau.com\/app\/uploads\/sites\/3\/2026\/01\/fp.png","contentUrl":"https:\/\/www.monlau.com\/app\/uploads\/sites\/3\/2026\/01\/fp.png","width":1024,"height":878,"caption":"Formaci\u00f3n profesional"},"image":{"@id":"https:\/\/www.monlau.com\/fp\/ca\/#\/schema\/logo\/image\/"}},{"@type":"Person","@id":"https:\/\/www.monlau.com\/fp\/ca\/#\/schema\/person\/419cfdf054323e24e0a2ef1d8597f051","name":"adsmurai","image":{"@type":"ImageObject","inLanguage":"ca","@id":"https:\/\/secure.gravatar.com\/avatar\/0748788578f91786454454fa3b4c295644edb991ad6caadc70b41d26790d38fc?s=96&d=mm&r=g","url":"https:\/\/secure.gravatar.com\/avatar\/0748788578f91786454454fa3b4c295644edb991ad6caadc70b41d26790d38fc?s=96&d=mm&r=g","contentUrl":"https:\/\/secure.gravatar.com\/avatar\/0748788578f91786454454fa3b4c295644edb991ad6caadc70b41d26790d38fc?s=96&d=mm&r=g","caption":"adsmurai"},"sameAs":["https:\/\/www.monlau.com"],"url":"https:\/\/www.monlau.com\/fp\/ca\/author\/adsmurai\/"}]}},"_links":{"self":[{"href":"https:\/\/www.monlau.com\/fp\/ca\/wp-json\/wp\/v2\/posts\/6084","targetHints":{"allow":["GET"]}}],"collection":[{"href":"https:\/\/www.monlau.com\/fp\/ca\/wp-json\/wp\/v2\/posts"}],"about":[{"href":"https:\/\/www.monlau.com\/fp\/ca\/wp-json\/wp\/v2\/types\/post"}],"author":[{"embeddable":true,"href":"https:\/\/www.monlau.com\/fp\/ca\/wp-json\/wp\/v2\/users\/1"}],"replies":[{"embeddable":true,"href":"https:\/\/www.monlau.com\/fp\/ca\/wp-json\/wp\/v2\/comments?post=6084"}],"version-history":[{"count":1,"href":"https:\/\/www.monlau.com\/fp\/ca\/wp-json\/wp\/v2\/posts\/6084\/revisions"}],"predecessor-version":[{"id":6497,"href":"https:\/\/www.monlau.com\/fp\/ca\/wp-json\/wp\/v2\/posts\/6084\/revisions\/6497"}],"wp:featuredmedia":[{"embeddable":true,"href":"https:\/\/www.monlau.com\/fp\/ca\/wp-json\/wp\/v2\/media\/3292"}],"wp:attachment":[{"href":"https:\/\/www.monlau.com\/fp\/ca\/wp-json\/wp\/v2\/media?parent=6084"}],"wp:term":[{"taxonomy":"category","embeddable":true,"href":"https:\/\/www.monlau.com\/fp\/ca\/wp-json\/wp\/v2\/categories?post=6084"},{"taxonomy":"post_tag","embeddable":true,"href":"https:\/\/www.monlau.com\/fp\/ca\/wp-json\/wp\/v2\/tags?post=6084"}],"curies":[{"name":"wp","href":"https:\/\/api.w.org\/{rel}","templated":true}]}}