{"id":6078,"date":"2019-11-22T00:00:00","date_gmt":"2019-11-21T23:00:00","guid":{"rendered":"https:\/\/www.monlau.com\/formacion-profesional\/monlau-campanya-labdoo-open-arms-aucoop\/"},"modified":"2019-11-22T00:00:00","modified_gmt":"2019-11-21T23:00:00","slug":"monlau-campanya-labdoo-open-arms-aucoop","status":"publish","type":"post","link":"https:\/\/www.monlau.com\/fp\/ca\/2019\/11\/22\/monlau-campanya-labdoo-open-arms-aucoop\/","title":{"rendered":"Monlau es suma a la campanya de Labdoo amb Open Arms i AUCOOP"},"content":{"rendered":"<p>Com sabeu Monlau treballa juntament amb el projecte <a href=\"https:\/\/www.labdoo.org\/es\/content\/front-page\">Labdoo<\/a>, una iniciativa solid\u00e0ria que vol fer arribar la tecnologia a pa\u00efsos en vies de desenvolupament per a millorar l&#8217;educaci\u00f3. De fet, ja hem enviat m\u00e9s de 60 port\u00e0tils a diferents projectes.<\/p>\n<p>En aquesta ocasi\u00f3, Labdoo juntament amb la <a href=\"https:\/\/www.upc.edu\/ca\">UPC (Universitat Polit\u00e8cnica de Catalunya) <\/a>col\u00b7laboren amb Open Arms per recollir i reparar port\u00e0tils en des\u00fas i entregar-los a les persones que m\u00e9s ho necessiten al seu pa\u00eds d&#8217;origen i, evitar aix\u00ed que hagin d&#8217;emigrar. Des de Monlau ens sumem a aquesta campanya internacional de cooperaci\u00f3.<\/p>\n<blockquote class=\"twitter-tweet\">\n<p dir=\"ltr\" lang=\"es\">Sumamos aliados a nuestro proyecto <a href=\"https:\/\/twitter.com\/hashtag\/Origen?src=hash&amp;ref_src=twsrc%5Etfw\">#Origen<\/a><br \/>\nSi tienes un ordenador que ya no usas, contacta <a href=\"https:\/\/twitter.com\/labdoo_org?ref_src=twsrc%5Etfw\">@labdoo_org<\/a> que los recopilar\u00e1 y <a href=\"https:\/\/twitter.com\/aucoop_upc?ref_src=twsrc%5Etfw\">@aucoop_upc<\/a> les dar\u00e1 una segunda vida para que j\u00f3venes en Senegal tengan acceso a estas herramientas b\u00e1sicas para adquirir conocimientos muy necesarios. <a href=\"https:\/\/t.co\/HNxqkQrNhx\">https:\/\/t.co\/HNxqkQrNhx<\/a><\/p>\n<p>\u2014 Open Arms (@openarms_fund) <a href=\"https:\/\/twitter.com\/openarms_fund\/status\/1197064045452550144?ref_src=twsrc%5Etfw\">November 20, 2019<\/a><\/p><\/blockquote>\n<p>Aquesta nova campanya que han anomenat <a href=\"https:\/\/www.openarms.es\/en\/our-missions\/africa\">\u201cOrigen\u201d<\/a> vol ser part d&#8217;un canvi positiu i constructiu, treballant per donar poder a la comunitat de Senegal i als seus joves, facilitant-los l&#8217;acc\u00e9s a eines pedag\u00f2giques digitals i capacitaci\u00f3 professional.<\/p>\n<p>El primer pas per poder desenvolupar aquesta campanya \u00e9s el que realitzaran Monlau i Labdoo, intentant recollir el major nombre de port\u00e0tils possible. Tot el que aconseguim entre tots s&#8217;enviar\u00e0 al Senegal amb l&#8217;ajuda de sis voluntaris de <a href=\"https:\/\/aucoop.upc.edu\/en\">AUCOOP (Asociaci\u00f3n de Estudiantes Universitarios para la Cooperaci\u00f3n)<\/a> finan\u00e7ada pel <a href=\"https:\/\/www.upc.edu\/ccd\/ca\">CCD (Centre de Cooperaci\u00f3 per al Desenvolupament)<\/a>de la UPC.<\/p>\n<p>Aquests port\u00e0tils, viatjaran entre gener i febrer de l&#8217;any 2020 i seran els encarregats de proporcionar assist\u00e8ncia t\u00e8cnica per equipar a dues escoles locals amb un laboratori d&#8217;ordinadors on les comunitats locals puguin informar-se i rebre eines pedag\u00f2giques digitals.<\/p>\n<p>L&#8217;objectiu final del projecte \u00e9s donar una base tecnol\u00f2gica i proporcionar eines a les gents locals que facin que no hagin d&#8217;emigrar del seu pa\u00eds. Per aquesta ra\u00f3, \u00e9s fonamental que recopilem el m\u00e0xim d&#8217;ordinadors port\u00e0tils possibles. En aquest moment tenim 10, i esperem que siguin molts m\u00e9s. <strong>Us volem animar a tots a portar els vostres ordinadors port\u00e0tils que no utilitzeu per ajudar-nos a construir un m\u00f3n millor.<\/strong><\/p>\n<p><img fetchpriority=\"high\" decoding=\"async\" class=\"size-full wp-image-6026 aligncenter\" src=\"https:\/\/www.monlau.com\/estudis-professionals\/wp-content\/uploads\/sites\/3\/2019\/11\/CCD.jpg\" alt=\"\" width=\"730\" height=\"227\" \/><\/p>\n","protected":false},"excerpt":{"rendered":"<p>Com sabeu Monlau treballa juntament amb el projecte Labdoo, una iniciativa solid\u00e0ria que vol fer arribar la tecnologia a pa\u00efsos en vies de desenvolupament per a millorar l&#8217;educaci\u00f3. De fet, ja hem enviat m\u00e9s de 60 port\u00e0tils a diferents projectes. En aquesta ocasi\u00f3, Labdoo juntament amb la UPC (Universitat Polit\u00e8cnica de Catalunya) col\u00b7laboren amb Open [&hellip;]<\/p>\n","protected":false},"author":1,"featured_media":3283,"comment_status":"closed","ping_status":"closed","sticky":false,"template":"","format":"standard","meta":{"footnotes":""},"categories":[255,258],"tags":[288,289,290,291,292,293],"class_list":["post-6078","post","type-post","status-publish","format-standard","has-post-thumbnail","hentry","category-informatica","category-monlau","tag-aucoop","tag-labdoo","tag-monlau-solidaria","tag-opne-arms","tag-senegal","tag-upc"],"yoast_head":"<!-- This site is optimized with the Yoast SEO plugin v27.2 - https:\/\/yoast.com\/product\/yoast-seo-wordpress\/ -->\n<title>Monlau es suma a la campanya de Labdoo amb Open Arms i AUCOOP - Formaci\u00f3n profesional<\/title>\n<meta name=\"robots\" content=\"index, follow, max-snippet:-1, max-image-preview:large, max-video-preview:-1\" \/>\n<link rel=\"canonical\" href=\"https:\/\/www.monlau.com\/fp\/ca\/2019\/11\/22\/monlau-campanya-labdoo-open-arms-aucoop\/\" \/>\n<meta property=\"og:locale\" content=\"ca_ES\" \/>\n<meta property=\"og:type\" content=\"article\" \/>\n<meta property=\"og:title\" content=\"Monlau es suma a la campanya de Labdoo amb Open Arms i AUCOOP - Formaci\u00f3n profesional\" \/>\n<meta property=\"og:description\" content=\"Com sabeu Monlau treballa juntament amb el projecte Labdoo, una iniciativa solid\u00e0ria que vol fer arribar la tecnologia a pa\u00efsos en vies de desenvolupament per a millorar l&#8217;educaci\u00f3. De fet, ja hem enviat m\u00e9s de 60 port\u00e0tils a diferents projectes. En aquesta ocasi\u00f3, Labdoo juntament amb la UPC (Universitat Polit\u00e8cnica de Catalunya) col\u00b7laboren amb Open [&hellip;]\" \/>\n<meta property=\"og:url\" content=\"https:\/\/www.monlau.com\/fp\/ca\/2019\/11\/22\/monlau-campanya-labdoo-open-arms-aucoop\/\" \/>\n<meta property=\"og:site_name\" content=\"Formaci\u00f3n profesional\" \/>\n<meta property=\"article:published_time\" content=\"2019-11-21T23:00:00+00:00\" \/>\n<meta property=\"og:image\" content=\"https:\/\/www.monlau.com\/app\/uploads\/sites\/3\/2026\/03\/FOTO.jpg\" \/>\n\t<meta property=\"og:image:width\" content=\"1280\" \/>\n\t<meta property=\"og:image:height\" content=\"852\" \/>\n\t<meta property=\"og:image:type\" content=\"image\/jpeg\" \/>\n<meta name=\"author\" content=\"adsmurai\" \/>\n<meta name=\"twitter:card\" content=\"summary_large_image\" \/>\n<meta name=\"twitter:label1\" content=\"Escrit per\" \/>\n\t<meta name=\"twitter:data1\" content=\"adsmurai\" \/>\n\t<meta name=\"twitter:label2\" content=\"Temps estimat de lectura\" \/>\n\t<meta name=\"twitter:data2\" content=\"2 minuts\" \/>\n<script type=\"application\/ld+json\" class=\"yoast-schema-graph\">{\"@context\":\"https:\/\/schema.org\",\"@graph\":[{\"@type\":\"Article\",\"@id\":\"https:\/\/www.monlau.com\/fp\/ca\/2019\/11\/22\/monlau-campanya-labdoo-open-arms-aucoop\/#article\",\"isPartOf\":{\"@id\":\"https:\/\/www.monlau.com\/fp\/ca\/2019\/11\/22\/monlau-campanya-labdoo-open-arms-aucoop\/\"},\"author\":{\"name\":\"adsmurai\",\"@id\":\"https:\/\/www.monlau.com\/fp\/ca\/#\/schema\/person\/419cfdf054323e24e0a2ef1d8597f051\"},\"headline\":\"Monlau es suma a la campanya de Labdoo amb Open Arms i AUCOOP\",\"datePublished\":\"2019-11-21T23:00:00+00:00\",\"mainEntityOfPage\":{\"@id\":\"https:\/\/www.monlau.com\/fp\/ca\/2019\/11\/22\/monlau-campanya-labdoo-open-arms-aucoop\/\"},\"wordCount\":400,\"publisher\":{\"@id\":\"https:\/\/www.monlau.com\/fp\/ca\/#organization\"},\"image\":{\"@id\":\"https:\/\/www.monlau.com\/fp\/ca\/2019\/11\/22\/monlau-campanya-labdoo-open-arms-aucoop\/#primaryimage\"},\"thumbnailUrl\":\"https:\/\/www.monlau.com\/app\/uploads\/sites\/3\/2026\/03\/FOTO.jpg\",\"keywords\":[\"AUCOOP\",\"Labdoo\",\"Monlau Solid\u00e1ria\",\"Opne Arms\",\"Senegal\",\"UPC\"],\"articleSection\":[\"Inform\u00e0tica\",\"Monlau\"],\"inLanguage\":\"ca\"},{\"@type\":\"WebPage\",\"@id\":\"https:\/\/www.monlau.com\/fp\/ca\/2019\/11\/22\/monlau-campanya-labdoo-open-arms-aucoop\/\",\"url\":\"https:\/\/www.monlau.com\/fp\/ca\/2019\/11\/22\/monlau-campanya-labdoo-open-arms-aucoop\/\",\"name\":\"Monlau es suma a la campanya de Labdoo amb Open Arms i AUCOOP - Formaci\u00f3n profesional\",\"isPartOf\":{\"@id\":\"https:\/\/www.monlau.com\/fp\/ca\/#website\"},\"primaryImageOfPage\":{\"@id\":\"https:\/\/www.monlau.com\/fp\/ca\/2019\/11\/22\/monlau-campanya-labdoo-open-arms-aucoop\/#primaryimage\"},\"image\":{\"@id\":\"https:\/\/www.monlau.com\/fp\/ca\/2019\/11\/22\/monlau-campanya-labdoo-open-arms-aucoop\/#primaryimage\"},\"thumbnailUrl\":\"https:\/\/www.monlau.com\/app\/uploads\/sites\/3\/2026\/03\/FOTO.jpg\",\"datePublished\":\"2019-11-21T23:00:00+00:00\",\"breadcrumb\":{\"@id\":\"https:\/\/www.monlau.com\/fp\/ca\/2019\/11\/22\/monlau-campanya-labdoo-open-arms-aucoop\/#breadcrumb\"},\"inLanguage\":\"ca\",\"potentialAction\":[{\"@type\":\"ReadAction\",\"target\":[\"https:\/\/www.monlau.com\/fp\/ca\/2019\/11\/22\/monlau-campanya-labdoo-open-arms-aucoop\/\"]}]},{\"@type\":\"ImageObject\",\"inLanguage\":\"ca\",\"@id\":\"https:\/\/www.monlau.com\/fp\/ca\/2019\/11\/22\/monlau-campanya-labdoo-open-arms-aucoop\/#primaryimage\",\"url\":\"https:\/\/www.monlau.com\/app\/uploads\/sites\/3\/2026\/03\/FOTO.jpg\",\"contentUrl\":\"https:\/\/www.monlau.com\/app\/uploads\/sites\/3\/2026\/03\/FOTO.jpg\",\"width\":1280,\"height\":852},{\"@type\":\"BreadcrumbList\",\"@id\":\"https:\/\/www.monlau.com\/fp\/ca\/2019\/11\/22\/monlau-campanya-labdoo-open-arms-aucoop\/#breadcrumb\",\"itemListElement\":[{\"@type\":\"ListItem\",\"position\":1,\"name\":\"Portada\",\"item\":\"https:\/\/www.monlau.com\/fp\/ca\/inici\/\"},{\"@type\":\"ListItem\",\"position\":2,\"name\":\"Monlau es suma a la campanya de Labdoo amb Open Arms i AUCOOP\"}]},{\"@type\":\"WebSite\",\"@id\":\"https:\/\/www.monlau.com\/fp\/ca\/#website\",\"url\":\"https:\/\/www.monlau.com\/fp\/ca\/\",\"name\":\"Formaci\u00f3n profesional\",\"description\":\"Monlau\",\"publisher\":{\"@id\":\"https:\/\/www.monlau.com\/fp\/ca\/#organization\"},\"potentialAction\":[{\"@type\":\"SearchAction\",\"target\":{\"@type\":\"EntryPoint\",\"urlTemplate\":\"https:\/\/www.monlau.com\/fp\/ca\/?s={search_term_string}\"},\"query-input\":{\"@type\":\"PropertyValueSpecification\",\"valueRequired\":true,\"valueName\":\"search_term_string\"}}],\"inLanguage\":\"ca\"},{\"@type\":\"Organization\",\"@id\":\"https:\/\/www.monlau.com\/fp\/ca\/#organization\",\"name\":\"Formaci\u00f3n profesional\",\"url\":\"https:\/\/www.monlau.com\/fp\/ca\/\",\"logo\":{\"@type\":\"ImageObject\",\"inLanguage\":\"ca\",\"@id\":\"https:\/\/www.monlau.com\/fp\/ca\/#\/schema\/logo\/image\/\",\"url\":\"https:\/\/www.monlau.com\/app\/uploads\/sites\/3\/2026\/01\/fp.png\",\"contentUrl\":\"https:\/\/www.monlau.com\/app\/uploads\/sites\/3\/2026\/01\/fp.png\",\"width\":1024,\"height\":878,\"caption\":\"Formaci\u00f3n profesional\"},\"image\":{\"@id\":\"https:\/\/www.monlau.com\/fp\/ca\/#\/schema\/logo\/image\/\"}},{\"@type\":\"Person\",\"@id\":\"https:\/\/www.monlau.com\/fp\/ca\/#\/schema\/person\/419cfdf054323e24e0a2ef1d8597f051\",\"name\":\"adsmurai\",\"image\":{\"@type\":\"ImageObject\",\"inLanguage\":\"ca\",\"@id\":\"https:\/\/secure.gravatar.com\/avatar\/0748788578f91786454454fa3b4c295644edb991ad6caadc70b41d26790d38fc?s=96&d=mm&r=g\",\"url\":\"https:\/\/secure.gravatar.com\/avatar\/0748788578f91786454454fa3b4c295644edb991ad6caadc70b41d26790d38fc?s=96&d=mm&r=g\",\"contentUrl\":\"https:\/\/secure.gravatar.com\/avatar\/0748788578f91786454454fa3b4c295644edb991ad6caadc70b41d26790d38fc?s=96&d=mm&r=g\",\"caption\":\"adsmurai\"},\"sameAs\":[\"https:\/\/www.monlau.com\"],\"url\":\"https:\/\/www.monlau.com\/fp\/ca\/author\/adsmurai\/\"}]}<\/script>\n<!-- \/ Yoast SEO plugin. -->","yoast_head_json":{"title":"Monlau es suma a la campanya de Labdoo amb Open Arms i AUCOOP - Formaci\u00f3n profesional","robots":{"index":"index","follow":"follow","max-snippet":"max-snippet:-1","max-image-preview":"max-image-preview:large","max-video-preview":"max-video-preview:-1"},"canonical":"https:\/\/www.monlau.com\/fp\/ca\/2019\/11\/22\/monlau-campanya-labdoo-open-arms-aucoop\/","og_locale":"ca_ES","og_type":"article","og_title":"Monlau es suma a la campanya de Labdoo amb Open Arms i AUCOOP - Formaci\u00f3n profesional","og_description":"Com sabeu Monlau treballa juntament amb el projecte Labdoo, una iniciativa solid\u00e0ria que vol fer arribar la tecnologia a pa\u00efsos en vies de desenvolupament per a millorar l&#8217;educaci\u00f3. De fet, ja hem enviat m\u00e9s de 60 port\u00e0tils a diferents projectes. En aquesta ocasi\u00f3, Labdoo juntament amb la UPC (Universitat Polit\u00e8cnica de Catalunya) col\u00b7laboren amb Open [&hellip;]","og_url":"https:\/\/www.monlau.com\/fp\/ca\/2019\/11\/22\/monlau-campanya-labdoo-open-arms-aucoop\/","og_site_name":"Formaci\u00f3n profesional","article_published_time":"2019-11-21T23:00:00+00:00","og_image":[{"width":1280,"height":852,"url":"https:\/\/www.monlau.com\/app\/uploads\/sites\/3\/2026\/03\/FOTO.jpg","type":"image\/jpeg"}],"author":"adsmurai","twitter_card":"summary_large_image","twitter_misc":{"Escrit per":"adsmurai","Temps estimat de lectura":"2 minuts"},"schema":{"@context":"https:\/\/schema.org","@graph":[{"@type":"Article","@id":"https:\/\/www.monlau.com\/fp\/ca\/2019\/11\/22\/monlau-campanya-labdoo-open-arms-aucoop\/#article","isPartOf":{"@id":"https:\/\/www.monlau.com\/fp\/ca\/2019\/11\/22\/monlau-campanya-labdoo-open-arms-aucoop\/"},"author":{"name":"adsmurai","@id":"https:\/\/www.monlau.com\/fp\/ca\/#\/schema\/person\/419cfdf054323e24e0a2ef1d8597f051"},"headline":"Monlau es suma a la campanya de Labdoo amb Open Arms i AUCOOP","datePublished":"2019-11-21T23:00:00+00:00","mainEntityOfPage":{"@id":"https:\/\/www.monlau.com\/fp\/ca\/2019\/11\/22\/monlau-campanya-labdoo-open-arms-aucoop\/"},"wordCount":400,"publisher":{"@id":"https:\/\/www.monlau.com\/fp\/ca\/#organization"},"image":{"@id":"https:\/\/www.monlau.com\/fp\/ca\/2019\/11\/22\/monlau-campanya-labdoo-open-arms-aucoop\/#primaryimage"},"thumbnailUrl":"https:\/\/www.monlau.com\/app\/uploads\/sites\/3\/2026\/03\/FOTO.jpg","keywords":["AUCOOP","Labdoo","Monlau Solid\u00e1ria","Opne Arms","Senegal","UPC"],"articleSection":["Inform\u00e0tica","Monlau"],"inLanguage":"ca"},{"@type":"WebPage","@id":"https:\/\/www.monlau.com\/fp\/ca\/2019\/11\/22\/monlau-campanya-labdoo-open-arms-aucoop\/","url":"https:\/\/www.monlau.com\/fp\/ca\/2019\/11\/22\/monlau-campanya-labdoo-open-arms-aucoop\/","name":"Monlau es suma a la campanya de Labdoo amb Open Arms i AUCOOP - Formaci\u00f3n profesional","isPartOf":{"@id":"https:\/\/www.monlau.com\/fp\/ca\/#website"},"primaryImageOfPage":{"@id":"https:\/\/www.monlau.com\/fp\/ca\/2019\/11\/22\/monlau-campanya-labdoo-open-arms-aucoop\/#primaryimage"},"image":{"@id":"https:\/\/www.monlau.com\/fp\/ca\/2019\/11\/22\/monlau-campanya-labdoo-open-arms-aucoop\/#primaryimage"},"thumbnailUrl":"https:\/\/www.monlau.com\/app\/uploads\/sites\/3\/2026\/03\/FOTO.jpg","datePublished":"2019-11-21T23:00:00+00:00","breadcrumb":{"@id":"https:\/\/www.monlau.com\/fp\/ca\/2019\/11\/22\/monlau-campanya-labdoo-open-arms-aucoop\/#breadcrumb"},"inLanguage":"ca","potentialAction":[{"@type":"ReadAction","target":["https:\/\/www.monlau.com\/fp\/ca\/2019\/11\/22\/monlau-campanya-labdoo-open-arms-aucoop\/"]}]},{"@type":"ImageObject","inLanguage":"ca","@id":"https:\/\/www.monlau.com\/fp\/ca\/2019\/11\/22\/monlau-campanya-labdoo-open-arms-aucoop\/#primaryimage","url":"https:\/\/www.monlau.com\/app\/uploads\/sites\/3\/2026\/03\/FOTO.jpg","contentUrl":"https:\/\/www.monlau.com\/app\/uploads\/sites\/3\/2026\/03\/FOTO.jpg","width":1280,"height":852},{"@type":"BreadcrumbList","@id":"https:\/\/www.monlau.com\/fp\/ca\/2019\/11\/22\/monlau-campanya-labdoo-open-arms-aucoop\/#breadcrumb","itemListElement":[{"@type":"ListItem","position":1,"name":"Portada","item":"https:\/\/www.monlau.com\/fp\/ca\/inici\/"},{"@type":"ListItem","position":2,"name":"Monlau es suma a la campanya de Labdoo amb Open Arms i AUCOOP"}]},{"@type":"WebSite","@id":"https:\/\/www.monlau.com\/fp\/ca\/#website","url":"https:\/\/www.monlau.com\/fp\/ca\/","name":"Formaci\u00f3n profesional","description":"Monlau","publisher":{"@id":"https:\/\/www.monlau.com\/fp\/ca\/#organization"},"potentialAction":[{"@type":"SearchAction","target":{"@type":"EntryPoint","urlTemplate":"https:\/\/www.monlau.com\/fp\/ca\/?s={search_term_string}"},"query-input":{"@type":"PropertyValueSpecification","valueRequired":true,"valueName":"search_term_string"}}],"inLanguage":"ca"},{"@type":"Organization","@id":"https:\/\/www.monlau.com\/fp\/ca\/#organization","name":"Formaci\u00f3n profesional","url":"https:\/\/www.monlau.com\/fp\/ca\/","logo":{"@type":"ImageObject","inLanguage":"ca","@id":"https:\/\/www.monlau.com\/fp\/ca\/#\/schema\/logo\/image\/","url":"https:\/\/www.monlau.com\/app\/uploads\/sites\/3\/2026\/01\/fp.png","contentUrl":"https:\/\/www.monlau.com\/app\/uploads\/sites\/3\/2026\/01\/fp.png","width":1024,"height":878,"caption":"Formaci\u00f3n profesional"},"image":{"@id":"https:\/\/www.monlau.com\/fp\/ca\/#\/schema\/logo\/image\/"}},{"@type":"Person","@id":"https:\/\/www.monlau.com\/fp\/ca\/#\/schema\/person\/419cfdf054323e24e0a2ef1d8597f051","name":"adsmurai","image":{"@type":"ImageObject","inLanguage":"ca","@id":"https:\/\/secure.gravatar.com\/avatar\/0748788578f91786454454fa3b4c295644edb991ad6caadc70b41d26790d38fc?s=96&d=mm&r=g","url":"https:\/\/secure.gravatar.com\/avatar\/0748788578f91786454454fa3b4c295644edb991ad6caadc70b41d26790d38fc?s=96&d=mm&r=g","contentUrl":"https:\/\/secure.gravatar.com\/avatar\/0748788578f91786454454fa3b4c295644edb991ad6caadc70b41d26790d38fc?s=96&d=mm&r=g","caption":"adsmurai"},"sameAs":["https:\/\/www.monlau.com"],"url":"https:\/\/www.monlau.com\/fp\/ca\/author\/adsmurai\/"}]}},"_links":{"self":[{"href":"https:\/\/www.monlau.com\/fp\/ca\/wp-json\/wp\/v2\/posts\/6078","targetHints":{"allow":["GET"]}}],"collection":[{"href":"https:\/\/www.monlau.com\/fp\/ca\/wp-json\/wp\/v2\/posts"}],"about":[{"href":"https:\/\/www.monlau.com\/fp\/ca\/wp-json\/wp\/v2\/types\/post"}],"author":[{"embeddable":true,"href":"https:\/\/www.monlau.com\/fp\/ca\/wp-json\/wp\/v2\/users\/1"}],"replies":[{"embeddable":true,"href":"https:\/\/www.monlau.com\/fp\/ca\/wp-json\/wp\/v2\/comments?post=6078"}],"version-history":[{"count":0,"href":"https:\/\/www.monlau.com\/fp\/ca\/wp-json\/wp\/v2\/posts\/6078\/revisions"}],"wp:featuredmedia":[{"embeddable":true,"href":"https:\/\/www.monlau.com\/fp\/ca\/wp-json\/wp\/v2\/media\/3283"}],"wp:attachment":[{"href":"https:\/\/www.monlau.com\/fp\/ca\/wp-json\/wp\/v2\/media?parent=6078"}],"wp:term":[{"taxonomy":"category","embeddable":true,"href":"https:\/\/www.monlau.com\/fp\/ca\/wp-json\/wp\/v2\/categories?post=6078"},{"taxonomy":"post_tag","embeddable":true,"href":"https:\/\/www.monlau.com\/fp\/ca\/wp-json\/wp\/v2\/tags?post=6078"}],"curies":[{"name":"wp","href":"https:\/\/api.w.org\/{rel}","templated":true}]}}