{"id":6074,"date":"2019-11-19T00:00:00","date_gmt":"2019-11-18T23:00:00","guid":{"rendered":"https:\/\/www.monlau.com\/formacion-profesional\/una-oferta-integral-en-informatica\/"},"modified":"2026-03-10T10:03:35","modified_gmt":"2026-03-10T09:03:35","slug":"una-oferta-integral-en-informatica","status":"publish","type":"post","link":"https:\/\/www.monlau.com\/fp\/ca\/2019\/11\/19\/una-oferta-integral-en-informatica\/","title":{"rendered":"Una oferta integral en inform\u00e0tica, una oferta per a tota la vida laboral"},"content":{"rendered":"<p>Des dels inicis en Monlau Centre d&#8217;Estudi hem desenvolupat una oferta especialitzada en formaci\u00f3 professional en l&#8217;\u00e0rea d&#8217;inform\u00e0tica amb una vocaci\u00f3 clarament innovadora. Al llarg dels anys, ens hem anat adaptant als diferents canvis curriculars proposats des de les administracions p\u00fabliques i avui estem oferint, dins l&#8217;\u00e0mbit de la formaci\u00f3 reglada, dues l\u00ednies de <a href=\"https:\/\/www.monlau.com\/estudis-professionals\/project\/cicle-formatiu-de-grau-superior-en-sistemes-microinformatics-i-xarxes-smx\/?lang=ca\">Grau Mitj\u00e0 de &#8220;Sistemes Microinform\u00e0tics i Xarxes (SMX)&#8221;<\/a>; i dues l\u00ednies de Grau Superior: una a <a href=\"https:\/\/www.monlau.com\/estudis-professionals\/project\/cicle-formatiu-de-grau-superior-en-administracio-de-sistemes-informatics-i-xarxes-asix\/?lang=ca\">&#8220;Administraci\u00f3 de Sistemes en Xarxes (ASIX)&#8221;<\/a>, i una altra de <a href=\"https:\/\/www.monlau.com\/estudis-professionals\/project\/cicle-formatiu-de-grau-superior-en-desenvolupament-daplicacions-multiplataforma-dam\/?lang=ca\">&#8220;Desenvolupament d&#8217;Aplicacions Multiplataforma (DAM)&#8221;<\/a>. A m\u00e9s, en Grau Superior oferim al nostre alumnat la possibilitat del que anomenem <strong>3&#215;2<\/strong>, \u00e9s a dir: en tres cursos, obtenir les <strong>dues titulacions, ASIX i DAM: un doble perfil molt apreciat (i buscat) avui en dia en el mercat laboral inform\u00e0tic<\/strong>.<\/p>\n<p>Per\u00f2 l&#8217;oferta formativa de Monlau en l&#8217;\u00e0rea d&#8217;Inform\u00e0tica no se cenyeix nom\u00e9s a l&#8217;ensenyament reglat en formaci\u00f3 professional. En els \u00faltims anys, estem vivint immersos en una revoluci\u00f3. La transformaci\u00f3 digital. Es tracta d&#8217;un proc\u00e9s de canvis tecnol\u00f2gics, amb la inform\u00e0tica com a motor, on intervenen \u00e0rees tan diverses (per\u00f2 interrelacionades), com a dispositius m\u00f2bils, an\u00e0lisi avan\u00e7at de dades (big data), el n\u00favol (cloud), Internet de les coses (IOT ), rob\u00f2tica, realitat augmentada.<\/p>\n<p>El mercat laboral est\u00e0 demandant, de forma massiva, professionals en aquestes \u00e0rees; per\u00f2, les limitacions temporals i curriculars de l&#8217;ensenyament reglat ens dificulten molt la possibilitat de formar adequadament als nostres alumnes en aquestes noves \u00e0rees dins dels cicles formatius. \u00c9s, per aix\u00f2, que <strong>a Monlau estem afrontant el repte de la formaci\u00f3 cont\u00ednua en Inform\u00e0tica, per completar la capacitaci\u00f3 professional de l&#8217;alumnat en aquestes noves \u00e0rees que demanda el mercat laboral.<\/strong><\/p>\n<p>Treballem en dues l\u00ednies d&#8217;acci\u00f3. D&#8217;una banda, de manera directa amb l&#8217;alumnat oferint-los cursos d&#8217;especialitzaci\u00f3 o de l&#8217;altra, a trav\u00e9s de la formaci\u00f3 in-company, \u00e9s a dir, en el marc de l&#8217;empresa. L&#8217;\u00e0rea d&#8217;inform\u00e0tica gaudeix d&#8217;un alt \u00edndex d&#8217;inserci\u00f3 laboral, de manera que, en moltes ocasions, l&#8217;alumne comen\u00e7a a treballar tan aviat que \u00e9s la mateixa empresa la que lidera la seva traject\u00f2ria formativa.<\/p>\n<p>En aquest sentit, tenim la satisfacci\u00f3 de poder dir que Monlau ja \u00e9s, avui dia, un referent a nivell estatal en la formaci\u00f3 corporativa de cloud de Microsoft: Microsoft 365, Sharepoint, etc. I, amb un repte clar: <strong>seguir ampliant la nostra formaci\u00f3 cont\u00ednua<\/strong> en aquesta i altres l\u00ednies an\u00e0logues.<\/p>\n<h4>Francisco Mart\u00ednez<\/h4>\n<p>Responsable del departament TIC<\/p>\n","protected":false},"excerpt":{"rendered":"<p>Des dels inicis en Monlau Centre d&#8217;Estudi hem desenvolupat una oferta especialitzada en formaci\u00f3 professional en l&#8217;\u00e0rea d&#8217;inform\u00e0tica amb una vocaci\u00f3 clarament innovadora. Al llarg dels anys, ens hem anat adaptant als diferents canvis curriculars proposats des de les administracions p\u00fabliques i avui estem oferint, dins l&#8217;\u00e0mbit de la formaci\u00f3 reglada, dues l\u00ednies de Grau [&hellip;]<\/p>\n","protected":false},"author":1,"featured_media":3275,"comment_status":"closed","ping_status":"closed","sticky":false,"template":"","format":"standard","meta":{"footnotes":""},"categories":[255],"tags":[278,279,280,281,282],"class_list":["post-6074","post","type-post","status-publish","format-standard","has-post-thumbnail","hentry","category-informatica","tag-asix","tag-dam","tag-informatica","tag-monlau","tag-smx"],"yoast_head":"<!-- This site is optimized with the Yoast SEO plugin v27.2 - https:\/\/yoast.com\/product\/yoast-seo-wordpress\/ -->\n<title>Una oferta integral en inform\u00e0tica, una oferta per a tota la vida laboral - Formaci\u00f3n profesional<\/title>\n<meta name=\"robots\" content=\"index, follow, max-snippet:-1, max-image-preview:large, max-video-preview:-1\" \/>\n<link rel=\"canonical\" href=\"https:\/\/www.monlau.com\/fp\/ca\/2019\/11\/19\/una-oferta-integral-en-informatica\/\" \/>\n<meta property=\"og:locale\" content=\"ca_ES\" \/>\n<meta property=\"og:type\" content=\"article\" \/>\n<meta property=\"og:title\" content=\"Una oferta integral en inform\u00e0tica, una oferta per a tota la vida laboral - Formaci\u00f3n profesional\" \/>\n<meta property=\"og:description\" content=\"Des dels inicis en Monlau Centre d&#8217;Estudi hem desenvolupat una oferta especialitzada en formaci\u00f3 professional en l&#8217;\u00e0rea d&#8217;inform\u00e0tica amb una vocaci\u00f3 clarament innovadora. Al llarg dels anys, ens hem anat adaptant als diferents canvis curriculars proposats des de les administracions p\u00fabliques i avui estem oferint, dins l&#8217;\u00e0mbit de la formaci\u00f3 reglada, dues l\u00ednies de Grau [&hellip;]\" \/>\n<meta property=\"og:url\" content=\"https:\/\/www.monlau.com\/fp\/ca\/2019\/11\/19\/una-oferta-integral-en-informatica\/\" \/>\n<meta property=\"og:site_name\" content=\"Formaci\u00f3n profesional\" \/>\n<meta property=\"article:published_time\" content=\"2019-11-18T23:00:00+00:00\" \/>\n<meta property=\"article:modified_time\" content=\"2026-03-10T09:03:35+00:00\" \/>\n<meta property=\"og:image\" content=\"https:\/\/www.monlau.com\/app\/uploads\/sites\/3\/2026\/03\/1-scaled.jpg\" \/>\n\t<meta property=\"og:image:width\" content=\"2560\" \/>\n\t<meta property=\"og:image:height\" content=\"1707\" \/>\n\t<meta property=\"og:image:type\" content=\"image\/jpeg\" \/>\n<meta name=\"author\" content=\"adsmurai\" \/>\n<meta name=\"twitter:card\" content=\"summary_large_image\" \/>\n<meta name=\"twitter:label1\" content=\"Escrit per\" \/>\n\t<meta name=\"twitter:data1\" content=\"adsmurai\" \/>\n\t<meta name=\"twitter:label2\" content=\"Temps estimat de lectura\" \/>\n\t<meta name=\"twitter:data2\" content=\"2 minuts\" \/>\n<script type=\"application\/ld+json\" class=\"yoast-schema-graph\">{\"@context\":\"https:\/\/schema.org\",\"@graph\":[{\"@type\":\"Article\",\"@id\":\"https:\/\/www.monlau.com\/fp\/ca\/2019\/11\/19\/una-oferta-integral-en-informatica\/#article\",\"isPartOf\":{\"@id\":\"https:\/\/www.monlau.com\/fp\/ca\/2019\/11\/19\/una-oferta-integral-en-informatica\/\"},\"author\":{\"name\":\"adsmurai\",\"@id\":\"https:\/\/www.monlau.com\/fp\/ca\/#\/schema\/person\/419cfdf054323e24e0a2ef1d8597f051\"},\"headline\":\"Una oferta integral en inform\u00e0tica, una oferta per a tota la vida laboral\",\"datePublished\":\"2019-11-18T23:00:00+00:00\",\"dateModified\":\"2026-03-10T09:03:35+00:00\",\"mainEntityOfPage\":{\"@id\":\"https:\/\/www.monlau.com\/fp\/ca\/2019\/11\/19\/una-oferta-integral-en-informatica\/\"},\"wordCount\":454,\"publisher\":{\"@id\":\"https:\/\/www.monlau.com\/fp\/ca\/#organization\"},\"image\":{\"@id\":\"https:\/\/www.monlau.com\/fp\/ca\/2019\/11\/19\/una-oferta-integral-en-informatica\/#primaryimage\"},\"thumbnailUrl\":\"https:\/\/www.monlau.com\/app\/uploads\/sites\/3\/2026\/03\/1-scaled.jpg\",\"keywords\":[\"ASIX\",\"DAM\",\"Inform\u00e0tica\",\"Monlau\",\"SMX\"],\"articleSection\":[\"Inform\u00e0tica\"],\"inLanguage\":\"ca\"},{\"@type\":\"WebPage\",\"@id\":\"https:\/\/www.monlau.com\/fp\/ca\/2019\/11\/19\/una-oferta-integral-en-informatica\/\",\"url\":\"https:\/\/www.monlau.com\/fp\/ca\/2019\/11\/19\/una-oferta-integral-en-informatica\/\",\"name\":\"Una oferta integral en inform\u00e0tica, una oferta per a tota la vida laboral - Formaci\u00f3n profesional\",\"isPartOf\":{\"@id\":\"https:\/\/www.monlau.com\/fp\/ca\/#website\"},\"primaryImageOfPage\":{\"@id\":\"https:\/\/www.monlau.com\/fp\/ca\/2019\/11\/19\/una-oferta-integral-en-informatica\/#primaryimage\"},\"image\":{\"@id\":\"https:\/\/www.monlau.com\/fp\/ca\/2019\/11\/19\/una-oferta-integral-en-informatica\/#primaryimage\"},\"thumbnailUrl\":\"https:\/\/www.monlau.com\/app\/uploads\/sites\/3\/2026\/03\/1-scaled.jpg\",\"datePublished\":\"2019-11-18T23:00:00+00:00\",\"dateModified\":\"2026-03-10T09:03:35+00:00\",\"breadcrumb\":{\"@id\":\"https:\/\/www.monlau.com\/fp\/ca\/2019\/11\/19\/una-oferta-integral-en-informatica\/#breadcrumb\"},\"inLanguage\":\"ca\",\"potentialAction\":[{\"@type\":\"ReadAction\",\"target\":[\"https:\/\/www.monlau.com\/fp\/ca\/2019\/11\/19\/una-oferta-integral-en-informatica\/\"]}]},{\"@type\":\"ImageObject\",\"inLanguage\":\"ca\",\"@id\":\"https:\/\/www.monlau.com\/fp\/ca\/2019\/11\/19\/una-oferta-integral-en-informatica\/#primaryimage\",\"url\":\"https:\/\/www.monlau.com\/app\/uploads\/sites\/3\/2026\/03\/1-scaled.jpg\",\"contentUrl\":\"https:\/\/www.monlau.com\/app\/uploads\/sites\/3\/2026\/03\/1-scaled.jpg\",\"width\":2560,\"height\":1707},{\"@type\":\"BreadcrumbList\",\"@id\":\"https:\/\/www.monlau.com\/fp\/ca\/2019\/11\/19\/una-oferta-integral-en-informatica\/#breadcrumb\",\"itemListElement\":[{\"@type\":\"ListItem\",\"position\":1,\"name\":\"Portada\",\"item\":\"https:\/\/www.monlau.com\/fp\/ca\/inici\/\"},{\"@type\":\"ListItem\",\"position\":2,\"name\":\"Una oferta integral en inform\u00e0tica, una oferta per a tota la vida laboral\"}]},{\"@type\":\"WebSite\",\"@id\":\"https:\/\/www.monlau.com\/fp\/ca\/#website\",\"url\":\"https:\/\/www.monlau.com\/fp\/ca\/\",\"name\":\"Formaci\u00f3n profesional\",\"description\":\"Monlau\",\"publisher\":{\"@id\":\"https:\/\/www.monlau.com\/fp\/ca\/#organization\"},\"potentialAction\":[{\"@type\":\"SearchAction\",\"target\":{\"@type\":\"EntryPoint\",\"urlTemplate\":\"https:\/\/www.monlau.com\/fp\/ca\/?s={search_term_string}\"},\"query-input\":{\"@type\":\"PropertyValueSpecification\",\"valueRequired\":true,\"valueName\":\"search_term_string\"}}],\"inLanguage\":\"ca\"},{\"@type\":\"Organization\",\"@id\":\"https:\/\/www.monlau.com\/fp\/ca\/#organization\",\"name\":\"Formaci\u00f3n profesional\",\"url\":\"https:\/\/www.monlau.com\/fp\/ca\/\",\"logo\":{\"@type\":\"ImageObject\",\"inLanguage\":\"ca\",\"@id\":\"https:\/\/www.monlau.com\/fp\/ca\/#\/schema\/logo\/image\/\",\"url\":\"https:\/\/www.monlau.com\/app\/uploads\/sites\/3\/2026\/01\/fp.png\",\"contentUrl\":\"https:\/\/www.monlau.com\/app\/uploads\/sites\/3\/2026\/01\/fp.png\",\"width\":1024,\"height\":878,\"caption\":\"Formaci\u00f3n profesional\"},\"image\":{\"@id\":\"https:\/\/www.monlau.com\/fp\/ca\/#\/schema\/logo\/image\/\"}},{\"@type\":\"Person\",\"@id\":\"https:\/\/www.monlau.com\/fp\/ca\/#\/schema\/person\/419cfdf054323e24e0a2ef1d8597f051\",\"name\":\"adsmurai\",\"image\":{\"@type\":\"ImageObject\",\"inLanguage\":\"ca\",\"@id\":\"https:\/\/secure.gravatar.com\/avatar\/0748788578f91786454454fa3b4c295644edb991ad6caadc70b41d26790d38fc?s=96&d=mm&r=g\",\"url\":\"https:\/\/secure.gravatar.com\/avatar\/0748788578f91786454454fa3b4c295644edb991ad6caadc70b41d26790d38fc?s=96&d=mm&r=g\",\"contentUrl\":\"https:\/\/secure.gravatar.com\/avatar\/0748788578f91786454454fa3b4c295644edb991ad6caadc70b41d26790d38fc?s=96&d=mm&r=g\",\"caption\":\"adsmurai\"},\"sameAs\":[\"https:\/\/www.monlau.com\"],\"url\":\"https:\/\/www.monlau.com\/fp\/ca\/author\/adsmurai\/\"}]}<\/script>\n<!-- \/ Yoast SEO plugin. -->","yoast_head_json":{"title":"Una oferta integral en inform\u00e0tica, una oferta per a tota la vida laboral - Formaci\u00f3n profesional","robots":{"index":"index","follow":"follow","max-snippet":"max-snippet:-1","max-image-preview":"max-image-preview:large","max-video-preview":"max-video-preview:-1"},"canonical":"https:\/\/www.monlau.com\/fp\/ca\/2019\/11\/19\/una-oferta-integral-en-informatica\/","og_locale":"ca_ES","og_type":"article","og_title":"Una oferta integral en inform\u00e0tica, una oferta per a tota la vida laboral - Formaci\u00f3n profesional","og_description":"Des dels inicis en Monlau Centre d&#8217;Estudi hem desenvolupat una oferta especialitzada en formaci\u00f3 professional en l&#8217;\u00e0rea d&#8217;inform\u00e0tica amb una vocaci\u00f3 clarament innovadora. Al llarg dels anys, ens hem anat adaptant als diferents canvis curriculars proposats des de les administracions p\u00fabliques i avui estem oferint, dins l&#8217;\u00e0mbit de la formaci\u00f3 reglada, dues l\u00ednies de Grau [&hellip;]","og_url":"https:\/\/www.monlau.com\/fp\/ca\/2019\/11\/19\/una-oferta-integral-en-informatica\/","og_site_name":"Formaci\u00f3n profesional","article_published_time":"2019-11-18T23:00:00+00:00","article_modified_time":"2026-03-10T09:03:35+00:00","og_image":[{"width":2560,"height":1707,"url":"https:\/\/www.monlau.com\/app\/uploads\/sites\/3\/2026\/03\/1-scaled.jpg","type":"image\/jpeg"}],"author":"adsmurai","twitter_card":"summary_large_image","twitter_misc":{"Escrit per":"adsmurai","Temps estimat de lectura":"2 minuts"},"schema":{"@context":"https:\/\/schema.org","@graph":[{"@type":"Article","@id":"https:\/\/www.monlau.com\/fp\/ca\/2019\/11\/19\/una-oferta-integral-en-informatica\/#article","isPartOf":{"@id":"https:\/\/www.monlau.com\/fp\/ca\/2019\/11\/19\/una-oferta-integral-en-informatica\/"},"author":{"name":"adsmurai","@id":"https:\/\/www.monlau.com\/fp\/ca\/#\/schema\/person\/419cfdf054323e24e0a2ef1d8597f051"},"headline":"Una oferta integral en inform\u00e0tica, una oferta per a tota la vida laboral","datePublished":"2019-11-18T23:00:00+00:00","dateModified":"2026-03-10T09:03:35+00:00","mainEntityOfPage":{"@id":"https:\/\/www.monlau.com\/fp\/ca\/2019\/11\/19\/una-oferta-integral-en-informatica\/"},"wordCount":454,"publisher":{"@id":"https:\/\/www.monlau.com\/fp\/ca\/#organization"},"image":{"@id":"https:\/\/www.monlau.com\/fp\/ca\/2019\/11\/19\/una-oferta-integral-en-informatica\/#primaryimage"},"thumbnailUrl":"https:\/\/www.monlau.com\/app\/uploads\/sites\/3\/2026\/03\/1-scaled.jpg","keywords":["ASIX","DAM","Inform\u00e0tica","Monlau","SMX"],"articleSection":["Inform\u00e0tica"],"inLanguage":"ca"},{"@type":"WebPage","@id":"https:\/\/www.monlau.com\/fp\/ca\/2019\/11\/19\/una-oferta-integral-en-informatica\/","url":"https:\/\/www.monlau.com\/fp\/ca\/2019\/11\/19\/una-oferta-integral-en-informatica\/","name":"Una oferta integral en inform\u00e0tica, una oferta per a tota la vida laboral - Formaci\u00f3n profesional","isPartOf":{"@id":"https:\/\/www.monlau.com\/fp\/ca\/#website"},"primaryImageOfPage":{"@id":"https:\/\/www.monlau.com\/fp\/ca\/2019\/11\/19\/una-oferta-integral-en-informatica\/#primaryimage"},"image":{"@id":"https:\/\/www.monlau.com\/fp\/ca\/2019\/11\/19\/una-oferta-integral-en-informatica\/#primaryimage"},"thumbnailUrl":"https:\/\/www.monlau.com\/app\/uploads\/sites\/3\/2026\/03\/1-scaled.jpg","datePublished":"2019-11-18T23:00:00+00:00","dateModified":"2026-03-10T09:03:35+00:00","breadcrumb":{"@id":"https:\/\/www.monlau.com\/fp\/ca\/2019\/11\/19\/una-oferta-integral-en-informatica\/#breadcrumb"},"inLanguage":"ca","potentialAction":[{"@type":"ReadAction","target":["https:\/\/www.monlau.com\/fp\/ca\/2019\/11\/19\/una-oferta-integral-en-informatica\/"]}]},{"@type":"ImageObject","inLanguage":"ca","@id":"https:\/\/www.monlau.com\/fp\/ca\/2019\/11\/19\/una-oferta-integral-en-informatica\/#primaryimage","url":"https:\/\/www.monlau.com\/app\/uploads\/sites\/3\/2026\/03\/1-scaled.jpg","contentUrl":"https:\/\/www.monlau.com\/app\/uploads\/sites\/3\/2026\/03\/1-scaled.jpg","width":2560,"height":1707},{"@type":"BreadcrumbList","@id":"https:\/\/www.monlau.com\/fp\/ca\/2019\/11\/19\/una-oferta-integral-en-informatica\/#breadcrumb","itemListElement":[{"@type":"ListItem","position":1,"name":"Portada","item":"https:\/\/www.monlau.com\/fp\/ca\/inici\/"},{"@type":"ListItem","position":2,"name":"Una oferta integral en inform\u00e0tica, una oferta per a tota la vida laboral"}]},{"@type":"WebSite","@id":"https:\/\/www.monlau.com\/fp\/ca\/#website","url":"https:\/\/www.monlau.com\/fp\/ca\/","name":"Formaci\u00f3n profesional","description":"Monlau","publisher":{"@id":"https:\/\/www.monlau.com\/fp\/ca\/#organization"},"potentialAction":[{"@type":"SearchAction","target":{"@type":"EntryPoint","urlTemplate":"https:\/\/www.monlau.com\/fp\/ca\/?s={search_term_string}"},"query-input":{"@type":"PropertyValueSpecification","valueRequired":true,"valueName":"search_term_string"}}],"inLanguage":"ca"},{"@type":"Organization","@id":"https:\/\/www.monlau.com\/fp\/ca\/#organization","name":"Formaci\u00f3n profesional","url":"https:\/\/www.monlau.com\/fp\/ca\/","logo":{"@type":"ImageObject","inLanguage":"ca","@id":"https:\/\/www.monlau.com\/fp\/ca\/#\/schema\/logo\/image\/","url":"https:\/\/www.monlau.com\/app\/uploads\/sites\/3\/2026\/01\/fp.png","contentUrl":"https:\/\/www.monlau.com\/app\/uploads\/sites\/3\/2026\/01\/fp.png","width":1024,"height":878,"caption":"Formaci\u00f3n profesional"},"image":{"@id":"https:\/\/www.monlau.com\/fp\/ca\/#\/schema\/logo\/image\/"}},{"@type":"Person","@id":"https:\/\/www.monlau.com\/fp\/ca\/#\/schema\/person\/419cfdf054323e24e0a2ef1d8597f051","name":"adsmurai","image":{"@type":"ImageObject","inLanguage":"ca","@id":"https:\/\/secure.gravatar.com\/avatar\/0748788578f91786454454fa3b4c295644edb991ad6caadc70b41d26790d38fc?s=96&d=mm&r=g","url":"https:\/\/secure.gravatar.com\/avatar\/0748788578f91786454454fa3b4c295644edb991ad6caadc70b41d26790d38fc?s=96&d=mm&r=g","contentUrl":"https:\/\/secure.gravatar.com\/avatar\/0748788578f91786454454fa3b4c295644edb991ad6caadc70b41d26790d38fc?s=96&d=mm&r=g","caption":"adsmurai"},"sameAs":["https:\/\/www.monlau.com"],"url":"https:\/\/www.monlau.com\/fp\/ca\/author\/adsmurai\/"}]}},"_links":{"self":[{"href":"https:\/\/www.monlau.com\/fp\/ca\/wp-json\/wp\/v2\/posts\/6074","targetHints":{"allow":["GET"]}}],"collection":[{"href":"https:\/\/www.monlau.com\/fp\/ca\/wp-json\/wp\/v2\/posts"}],"about":[{"href":"https:\/\/www.monlau.com\/fp\/ca\/wp-json\/wp\/v2\/types\/post"}],"author":[{"embeddable":true,"href":"https:\/\/www.monlau.com\/fp\/ca\/wp-json\/wp\/v2\/users\/1"}],"replies":[{"embeddable":true,"href":"https:\/\/www.monlau.com\/fp\/ca\/wp-json\/wp\/v2\/comments?post=6074"}],"version-history":[{"count":1,"href":"https:\/\/www.monlau.com\/fp\/ca\/wp-json\/wp\/v2\/posts\/6074\/revisions"}],"predecessor-version":[{"id":6503,"href":"https:\/\/www.monlau.com\/fp\/ca\/wp-json\/wp\/v2\/posts\/6074\/revisions\/6503"}],"wp:featuredmedia":[{"embeddable":true,"href":"https:\/\/www.monlau.com\/fp\/ca\/wp-json\/wp\/v2\/media\/3275"}],"wp:attachment":[{"href":"https:\/\/www.monlau.com\/fp\/ca\/wp-json\/wp\/v2\/media?parent=6074"}],"wp:term":[{"taxonomy":"category","embeddable":true,"href":"https:\/\/www.monlau.com\/fp\/ca\/wp-json\/wp\/v2\/categories?post=6074"},{"taxonomy":"post_tag","embeddable":true,"href":"https:\/\/www.monlau.com\/fp\/ca\/wp-json\/wp\/v2\/tags?post=6074"}],"curies":[{"name":"wp","href":"https:\/\/api.w.org\/{rel}","templated":true}]}}