{"id":6072,"date":"2019-11-07T00:00:00","date_gmt":"2019-11-06T23:00:00","guid":{"rendered":"https:\/\/www.monlau.com\/formacion-profesional\/soft-skills-el-complement-necessari-per-al-professional-del-futur\/"},"modified":"2026-03-10T10:03:35","modified_gmt":"2026-03-10T09:03:35","slug":"soft-skills-el-complement-necessari-per-al-professional-del-futur","status":"publish","type":"post","link":"https:\/\/www.monlau.com\/fp\/ca\/2019\/11\/07\/soft-skills-el-complement-necessari-per-al-professional-del-futur\/","title":{"rendered":"Soft skills, el complement necessari per al professional del futur"},"content":{"rendered":"<p>No hi ha dubte que un bon professional del turisme ha de tenir excel\u00b7lents habilitats t\u00e8cniques, com ara el domini de certs programes inform\u00e0tics, coneixements dels processos de treball que s&#8217;efectuen en un hotel, o el domini d&#8217;idiomes. \u00c9s el que anomenem &#8220;Hard Skills&#8221;,s\u00f3n f\u00e0cilment mesurables i demostrables, i era el que, fins ara, donava acc\u00e9s directe al mercat laboral.<\/p>\n<p>No obstant aix\u00f2, la transformaci\u00f3 social i digital en la qual estem immersos, tamb\u00e9 en l\u2019\u00e0mbit tur\u00edstic, ha portat a <strong>les empreses del sector a valorar cada vegada m\u00e9s un altre tipus de compet\u00e8ncies i habilitats; com ara l&#8217;empatia, el treball en equip, els dots de comunicaci\u00f3 o la vocaci\u00f3 de servei.<\/strong> S\u00f3n les anomenades &#8220;Soft Skills&#8221;,una s\u00e8rie d\u2019atributs m\u00e9s intangibles i dif\u00edcils de demostrar a trav\u00e9s d&#8217;un simple CV.<\/p>\n<p>Els estudis i estad\u00edstiques sobre els llocs de treball futurs apunten a la desaparici\u00f3 d\u2019aquells llocs que puguin automatitzar, per\u00f2 quan vam arribar a l&#8217;empatia, la creativitat o la resoluci\u00f3 de conflictes, ens adonem que es tracta d&#8217;alguna cosa que, per ara, les m\u00e0quines no tenen.<\/p>\n<p>Conscients d&#8217;aix\u00f2,\u00a0<strong>en el nostre <a href=\"https:\/\/www.monlau.com\/estudis-professionals\/project\/cicle-formatiu-de-grau-superior-de-gestio-dallotjaments-turistics\/?lang=ca\">cicle de Gesti\u00f3 d&#8217;Allotjaments Tur\u00edstics<\/a> portem ja anys treballant aquesta suma de &#8220;Hard Skills&#8221; i &#8220;Soft Skills&#8221;<\/strong> utilitzant per a aix\u00f2 els nostres programes de sortides professionals, activitats en equip, pr\u00e0ctiques internacionals i projectes transversals on, no nom\u00e9s compta el resultat, sin\u00f3 el treball, l&#8217;habilitat i actitud demostrada per assolir-lo.<\/p>\n<p>Nom\u00e9s d&#8217;aquesta manera aconseguim aconseguir un correcte equilibri entre les dues compet\u00e8ncies que permeti formar el talent qualificat que demandaran les empreses en un futur proper, assegurant d&#8217;aquesta manera una elevada ocupabilitat en un \u00e0mbit tan exigent com \u00e9s el tracte i servei a les persones.<\/p>\n<h4>David Casanelles<\/h4>\n<p>Responsable del \u00e0rea de Hoteleria y Turisme<\/p>\n","protected":false},"excerpt":{"rendered":"<p>No hi ha dubte que un bon professional del turisme ha de tenir excel\u00b7lents habilitats t\u00e8cniques, com ara el domini de certs programes inform\u00e0tics, coneixements dels processos de treball que s&#8217;efectuen en un hotel, o el domini d&#8217;idiomes. \u00c9s el que anomenem &#8220;Hard Skills&#8221;,s\u00f3n f\u00e0cilment mesurables i demostrables, i era el que, fins ara, donava [&hellip;]<\/p>\n","protected":false},"author":1,"featured_media":3272,"comment_status":"closed","ping_status":"closed","sticky":false,"template":"","format":"standard","meta":{"footnotes":""},"categories":[254],"tags":[277,67,69],"class_list":["post-6072","post","type-post","status-publish","format-standard","has-post-thumbnail","hentry","category-hoteleria-i-turisme","tag-gestio-dallotjaments-turistics","tag-hard-skills","tag-soft-skills"],"yoast_head":"<!-- This site is optimized with the Yoast SEO plugin v27.2 - https:\/\/yoast.com\/product\/yoast-seo-wordpress\/ -->\n<title>Soft skills, el complement necessari per al professional del futur - Formaci\u00f3n profesional<\/title>\n<meta name=\"robots\" content=\"index, follow, max-snippet:-1, max-image-preview:large, max-video-preview:-1\" \/>\n<link rel=\"canonical\" href=\"https:\/\/www.monlau.com\/fp\/ca\/2019\/11\/07\/soft-skills-el-complement-necessari-per-al-professional-del-futur\/\" \/>\n<meta property=\"og:locale\" content=\"ca_ES\" \/>\n<meta property=\"og:type\" content=\"article\" \/>\n<meta property=\"og:title\" content=\"Soft skills, el complement necessari per al professional del futur - Formaci\u00f3n profesional\" \/>\n<meta property=\"og:description\" content=\"No hi ha dubte que un bon professional del turisme ha de tenir excel\u00b7lents habilitats t\u00e8cniques, com ara el domini de certs programes inform\u00e0tics, coneixements dels processos de treball que s&#8217;efectuen en un hotel, o el domini d&#8217;idiomes. \u00c9s el que anomenem &#8220;Hard Skills&#8221;,s\u00f3n f\u00e0cilment mesurables i demostrables, i era el que, fins ara, donava [&hellip;]\" \/>\n<meta property=\"og:url\" content=\"https:\/\/www.monlau.com\/fp\/ca\/2019\/11\/07\/soft-skills-el-complement-necessari-per-al-professional-del-futur\/\" \/>\n<meta property=\"og:site_name\" content=\"Formaci\u00f3n profesional\" \/>\n<meta property=\"article:published_time\" content=\"2019-11-06T23:00:00+00:00\" \/>\n<meta property=\"article:modified_time\" content=\"2026-03-10T09:03:35+00:00\" \/>\n<meta property=\"og:image\" content=\"https:\/\/www.monlau.com\/app\/uploads\/sites\/3\/2026\/03\/MG_1617s-scaled.jpg\" \/>\n\t<meta property=\"og:image:width\" content=\"2560\" \/>\n\t<meta property=\"og:image:height\" content=\"1707\" \/>\n\t<meta property=\"og:image:type\" content=\"image\/jpeg\" \/>\n<meta name=\"author\" content=\"adsmurai\" \/>\n<meta name=\"twitter:card\" content=\"summary_large_image\" \/>\n<meta name=\"twitter:label1\" content=\"Escrit per\" \/>\n\t<meta name=\"twitter:data1\" content=\"adsmurai\" \/>\n\t<meta name=\"twitter:label2\" content=\"Temps estimat de lectura\" \/>\n\t<meta name=\"twitter:data2\" content=\"2 minuts\" \/>\n<script type=\"application\/ld+json\" class=\"yoast-schema-graph\">{\"@context\":\"https:\/\/schema.org\",\"@graph\":[{\"@type\":\"Article\",\"@id\":\"https:\/\/www.monlau.com\/fp\/ca\/2019\/11\/07\/soft-skills-el-complement-necessari-per-al-professional-del-futur\/#article\",\"isPartOf\":{\"@id\":\"https:\/\/www.monlau.com\/fp\/ca\/2019\/11\/07\/soft-skills-el-complement-necessari-per-al-professional-del-futur\/\"},\"author\":{\"name\":\"adsmurai\",\"@id\":\"https:\/\/www.monlau.com\/fp\/ca\/#\/schema\/person\/419cfdf054323e24e0a2ef1d8597f051\"},\"headline\":\"Soft skills, el complement necessari per al professional del futur\",\"datePublished\":\"2019-11-06T23:00:00+00:00\",\"dateModified\":\"2026-03-10T09:03:35+00:00\",\"mainEntityOfPage\":{\"@id\":\"https:\/\/www.monlau.com\/fp\/ca\/2019\/11\/07\/soft-skills-el-complement-necessari-per-al-professional-del-futur\/\"},\"wordCount\":333,\"publisher\":{\"@id\":\"https:\/\/www.monlau.com\/fp\/ca\/#organization\"},\"image\":{\"@id\":\"https:\/\/www.monlau.com\/fp\/ca\/2019\/11\/07\/soft-skills-el-complement-necessari-per-al-professional-del-futur\/#primaryimage\"},\"thumbnailUrl\":\"https:\/\/www.monlau.com\/app\/uploads\/sites\/3\/2026\/03\/MG_1617s-scaled.jpg\",\"keywords\":[\"Gesti\u00f3 d'Allotjaments Tur\u00edstics\",\"hard skills\",\"soft skills\"],\"articleSection\":[\"Hoteleria i Turisme\"],\"inLanguage\":\"ca\"},{\"@type\":\"WebPage\",\"@id\":\"https:\/\/www.monlau.com\/fp\/ca\/2019\/11\/07\/soft-skills-el-complement-necessari-per-al-professional-del-futur\/\",\"url\":\"https:\/\/www.monlau.com\/fp\/ca\/2019\/11\/07\/soft-skills-el-complement-necessari-per-al-professional-del-futur\/\",\"name\":\"Soft skills, el complement necessari per al professional del futur - Formaci\u00f3n profesional\",\"isPartOf\":{\"@id\":\"https:\/\/www.monlau.com\/fp\/ca\/#website\"},\"primaryImageOfPage\":{\"@id\":\"https:\/\/www.monlau.com\/fp\/ca\/2019\/11\/07\/soft-skills-el-complement-necessari-per-al-professional-del-futur\/#primaryimage\"},\"image\":{\"@id\":\"https:\/\/www.monlau.com\/fp\/ca\/2019\/11\/07\/soft-skills-el-complement-necessari-per-al-professional-del-futur\/#primaryimage\"},\"thumbnailUrl\":\"https:\/\/www.monlau.com\/app\/uploads\/sites\/3\/2026\/03\/MG_1617s-scaled.jpg\",\"datePublished\":\"2019-11-06T23:00:00+00:00\",\"dateModified\":\"2026-03-10T09:03:35+00:00\",\"breadcrumb\":{\"@id\":\"https:\/\/www.monlau.com\/fp\/ca\/2019\/11\/07\/soft-skills-el-complement-necessari-per-al-professional-del-futur\/#breadcrumb\"},\"inLanguage\":\"ca\",\"potentialAction\":[{\"@type\":\"ReadAction\",\"target\":[\"https:\/\/www.monlau.com\/fp\/ca\/2019\/11\/07\/soft-skills-el-complement-necessari-per-al-professional-del-futur\/\"]}]},{\"@type\":\"ImageObject\",\"inLanguage\":\"ca\",\"@id\":\"https:\/\/www.monlau.com\/fp\/ca\/2019\/11\/07\/soft-skills-el-complement-necessari-per-al-professional-del-futur\/#primaryimage\",\"url\":\"https:\/\/www.monlau.com\/app\/uploads\/sites\/3\/2026\/03\/MG_1617s-scaled.jpg\",\"contentUrl\":\"https:\/\/www.monlau.com\/app\/uploads\/sites\/3\/2026\/03\/MG_1617s-scaled.jpg\",\"width\":2560,\"height\":1707},{\"@type\":\"BreadcrumbList\",\"@id\":\"https:\/\/www.monlau.com\/fp\/ca\/2019\/11\/07\/soft-skills-el-complement-necessari-per-al-professional-del-futur\/#breadcrumb\",\"itemListElement\":[{\"@type\":\"ListItem\",\"position\":1,\"name\":\"Portada\",\"item\":\"https:\/\/www.monlau.com\/fp\/ca\/inici\/\"},{\"@type\":\"ListItem\",\"position\":2,\"name\":\"Soft skills, el complement necessari per al professional del futur\"}]},{\"@type\":\"WebSite\",\"@id\":\"https:\/\/www.monlau.com\/fp\/ca\/#website\",\"url\":\"https:\/\/www.monlau.com\/fp\/ca\/\",\"name\":\"Formaci\u00f3n profesional\",\"description\":\"Monlau\",\"publisher\":{\"@id\":\"https:\/\/www.monlau.com\/fp\/ca\/#organization\"},\"potentialAction\":[{\"@type\":\"SearchAction\",\"target\":{\"@type\":\"EntryPoint\",\"urlTemplate\":\"https:\/\/www.monlau.com\/fp\/ca\/?s={search_term_string}\"},\"query-input\":{\"@type\":\"PropertyValueSpecification\",\"valueRequired\":true,\"valueName\":\"search_term_string\"}}],\"inLanguage\":\"ca\"},{\"@type\":\"Organization\",\"@id\":\"https:\/\/www.monlau.com\/fp\/ca\/#organization\",\"name\":\"Formaci\u00f3n profesional\",\"url\":\"https:\/\/www.monlau.com\/fp\/ca\/\",\"logo\":{\"@type\":\"ImageObject\",\"inLanguage\":\"ca\",\"@id\":\"https:\/\/www.monlau.com\/fp\/ca\/#\/schema\/logo\/image\/\",\"url\":\"https:\/\/www.monlau.com\/app\/uploads\/sites\/3\/2026\/01\/fp.png\",\"contentUrl\":\"https:\/\/www.monlau.com\/app\/uploads\/sites\/3\/2026\/01\/fp.png\",\"width\":1024,\"height\":878,\"caption\":\"Formaci\u00f3n profesional\"},\"image\":{\"@id\":\"https:\/\/www.monlau.com\/fp\/ca\/#\/schema\/logo\/image\/\"}},{\"@type\":\"Person\",\"@id\":\"https:\/\/www.monlau.com\/fp\/ca\/#\/schema\/person\/419cfdf054323e24e0a2ef1d8597f051\",\"name\":\"adsmurai\",\"image\":{\"@type\":\"ImageObject\",\"inLanguage\":\"ca\",\"@id\":\"https:\/\/secure.gravatar.com\/avatar\/0748788578f91786454454fa3b4c295644edb991ad6caadc70b41d26790d38fc?s=96&d=mm&r=g\",\"url\":\"https:\/\/secure.gravatar.com\/avatar\/0748788578f91786454454fa3b4c295644edb991ad6caadc70b41d26790d38fc?s=96&d=mm&r=g\",\"contentUrl\":\"https:\/\/secure.gravatar.com\/avatar\/0748788578f91786454454fa3b4c295644edb991ad6caadc70b41d26790d38fc?s=96&d=mm&r=g\",\"caption\":\"adsmurai\"},\"sameAs\":[\"https:\/\/www.monlau.com\"],\"url\":\"https:\/\/www.monlau.com\/fp\/ca\/author\/adsmurai\/\"}]}<\/script>\n<!-- \/ Yoast SEO plugin. -->","yoast_head_json":{"title":"Soft skills, el complement necessari per al professional del futur - Formaci\u00f3n profesional","robots":{"index":"index","follow":"follow","max-snippet":"max-snippet:-1","max-image-preview":"max-image-preview:large","max-video-preview":"max-video-preview:-1"},"canonical":"https:\/\/www.monlau.com\/fp\/ca\/2019\/11\/07\/soft-skills-el-complement-necessari-per-al-professional-del-futur\/","og_locale":"ca_ES","og_type":"article","og_title":"Soft skills, el complement necessari per al professional del futur - Formaci\u00f3n profesional","og_description":"No hi ha dubte que un bon professional del turisme ha de tenir excel\u00b7lents habilitats t\u00e8cniques, com ara el domini de certs programes inform\u00e0tics, coneixements dels processos de treball que s&#8217;efectuen en un hotel, o el domini d&#8217;idiomes. \u00c9s el que anomenem &#8220;Hard Skills&#8221;,s\u00f3n f\u00e0cilment mesurables i demostrables, i era el que, fins ara, donava [&hellip;]","og_url":"https:\/\/www.monlau.com\/fp\/ca\/2019\/11\/07\/soft-skills-el-complement-necessari-per-al-professional-del-futur\/","og_site_name":"Formaci\u00f3n profesional","article_published_time":"2019-11-06T23:00:00+00:00","article_modified_time":"2026-03-10T09:03:35+00:00","og_image":[{"width":2560,"height":1707,"url":"https:\/\/www.monlau.com\/app\/uploads\/sites\/3\/2026\/03\/MG_1617s-scaled.jpg","type":"image\/jpeg"}],"author":"adsmurai","twitter_card":"summary_large_image","twitter_misc":{"Escrit per":"adsmurai","Temps estimat de lectura":"2 minuts"},"schema":{"@context":"https:\/\/schema.org","@graph":[{"@type":"Article","@id":"https:\/\/www.monlau.com\/fp\/ca\/2019\/11\/07\/soft-skills-el-complement-necessari-per-al-professional-del-futur\/#article","isPartOf":{"@id":"https:\/\/www.monlau.com\/fp\/ca\/2019\/11\/07\/soft-skills-el-complement-necessari-per-al-professional-del-futur\/"},"author":{"name":"adsmurai","@id":"https:\/\/www.monlau.com\/fp\/ca\/#\/schema\/person\/419cfdf054323e24e0a2ef1d8597f051"},"headline":"Soft skills, el complement necessari per al professional del futur","datePublished":"2019-11-06T23:00:00+00:00","dateModified":"2026-03-10T09:03:35+00:00","mainEntityOfPage":{"@id":"https:\/\/www.monlau.com\/fp\/ca\/2019\/11\/07\/soft-skills-el-complement-necessari-per-al-professional-del-futur\/"},"wordCount":333,"publisher":{"@id":"https:\/\/www.monlau.com\/fp\/ca\/#organization"},"image":{"@id":"https:\/\/www.monlau.com\/fp\/ca\/2019\/11\/07\/soft-skills-el-complement-necessari-per-al-professional-del-futur\/#primaryimage"},"thumbnailUrl":"https:\/\/www.monlau.com\/app\/uploads\/sites\/3\/2026\/03\/MG_1617s-scaled.jpg","keywords":["Gesti\u00f3 d'Allotjaments Tur\u00edstics","hard skills","soft skills"],"articleSection":["Hoteleria i Turisme"],"inLanguage":"ca"},{"@type":"WebPage","@id":"https:\/\/www.monlau.com\/fp\/ca\/2019\/11\/07\/soft-skills-el-complement-necessari-per-al-professional-del-futur\/","url":"https:\/\/www.monlau.com\/fp\/ca\/2019\/11\/07\/soft-skills-el-complement-necessari-per-al-professional-del-futur\/","name":"Soft skills, el complement necessari per al professional del futur - Formaci\u00f3n profesional","isPartOf":{"@id":"https:\/\/www.monlau.com\/fp\/ca\/#website"},"primaryImageOfPage":{"@id":"https:\/\/www.monlau.com\/fp\/ca\/2019\/11\/07\/soft-skills-el-complement-necessari-per-al-professional-del-futur\/#primaryimage"},"image":{"@id":"https:\/\/www.monlau.com\/fp\/ca\/2019\/11\/07\/soft-skills-el-complement-necessari-per-al-professional-del-futur\/#primaryimage"},"thumbnailUrl":"https:\/\/www.monlau.com\/app\/uploads\/sites\/3\/2026\/03\/MG_1617s-scaled.jpg","datePublished":"2019-11-06T23:00:00+00:00","dateModified":"2026-03-10T09:03:35+00:00","breadcrumb":{"@id":"https:\/\/www.monlau.com\/fp\/ca\/2019\/11\/07\/soft-skills-el-complement-necessari-per-al-professional-del-futur\/#breadcrumb"},"inLanguage":"ca","potentialAction":[{"@type":"ReadAction","target":["https:\/\/www.monlau.com\/fp\/ca\/2019\/11\/07\/soft-skills-el-complement-necessari-per-al-professional-del-futur\/"]}]},{"@type":"ImageObject","inLanguage":"ca","@id":"https:\/\/www.monlau.com\/fp\/ca\/2019\/11\/07\/soft-skills-el-complement-necessari-per-al-professional-del-futur\/#primaryimage","url":"https:\/\/www.monlau.com\/app\/uploads\/sites\/3\/2026\/03\/MG_1617s-scaled.jpg","contentUrl":"https:\/\/www.monlau.com\/app\/uploads\/sites\/3\/2026\/03\/MG_1617s-scaled.jpg","width":2560,"height":1707},{"@type":"BreadcrumbList","@id":"https:\/\/www.monlau.com\/fp\/ca\/2019\/11\/07\/soft-skills-el-complement-necessari-per-al-professional-del-futur\/#breadcrumb","itemListElement":[{"@type":"ListItem","position":1,"name":"Portada","item":"https:\/\/www.monlau.com\/fp\/ca\/inici\/"},{"@type":"ListItem","position":2,"name":"Soft skills, el complement necessari per al professional del futur"}]},{"@type":"WebSite","@id":"https:\/\/www.monlau.com\/fp\/ca\/#website","url":"https:\/\/www.monlau.com\/fp\/ca\/","name":"Formaci\u00f3n profesional","description":"Monlau","publisher":{"@id":"https:\/\/www.monlau.com\/fp\/ca\/#organization"},"potentialAction":[{"@type":"SearchAction","target":{"@type":"EntryPoint","urlTemplate":"https:\/\/www.monlau.com\/fp\/ca\/?s={search_term_string}"},"query-input":{"@type":"PropertyValueSpecification","valueRequired":true,"valueName":"search_term_string"}}],"inLanguage":"ca"},{"@type":"Organization","@id":"https:\/\/www.monlau.com\/fp\/ca\/#organization","name":"Formaci\u00f3n profesional","url":"https:\/\/www.monlau.com\/fp\/ca\/","logo":{"@type":"ImageObject","inLanguage":"ca","@id":"https:\/\/www.monlau.com\/fp\/ca\/#\/schema\/logo\/image\/","url":"https:\/\/www.monlau.com\/app\/uploads\/sites\/3\/2026\/01\/fp.png","contentUrl":"https:\/\/www.monlau.com\/app\/uploads\/sites\/3\/2026\/01\/fp.png","width":1024,"height":878,"caption":"Formaci\u00f3n profesional"},"image":{"@id":"https:\/\/www.monlau.com\/fp\/ca\/#\/schema\/logo\/image\/"}},{"@type":"Person","@id":"https:\/\/www.monlau.com\/fp\/ca\/#\/schema\/person\/419cfdf054323e24e0a2ef1d8597f051","name":"adsmurai","image":{"@type":"ImageObject","inLanguage":"ca","@id":"https:\/\/secure.gravatar.com\/avatar\/0748788578f91786454454fa3b4c295644edb991ad6caadc70b41d26790d38fc?s=96&d=mm&r=g","url":"https:\/\/secure.gravatar.com\/avatar\/0748788578f91786454454fa3b4c295644edb991ad6caadc70b41d26790d38fc?s=96&d=mm&r=g","contentUrl":"https:\/\/secure.gravatar.com\/avatar\/0748788578f91786454454fa3b4c295644edb991ad6caadc70b41d26790d38fc?s=96&d=mm&r=g","caption":"adsmurai"},"sameAs":["https:\/\/www.monlau.com"],"url":"https:\/\/www.monlau.com\/fp\/ca\/author\/adsmurai\/"}]}},"_links":{"self":[{"href":"https:\/\/www.monlau.com\/fp\/ca\/wp-json\/wp\/v2\/posts\/6072","targetHints":{"allow":["GET"]}}],"collection":[{"href":"https:\/\/www.monlau.com\/fp\/ca\/wp-json\/wp\/v2\/posts"}],"about":[{"href":"https:\/\/www.monlau.com\/fp\/ca\/wp-json\/wp\/v2\/types\/post"}],"author":[{"embeddable":true,"href":"https:\/\/www.monlau.com\/fp\/ca\/wp-json\/wp\/v2\/users\/1"}],"replies":[{"embeddable":true,"href":"https:\/\/www.monlau.com\/fp\/ca\/wp-json\/wp\/v2\/comments?post=6072"}],"version-history":[{"count":1,"href":"https:\/\/www.monlau.com\/fp\/ca\/wp-json\/wp\/v2\/posts\/6072\/revisions"}],"predecessor-version":[{"id":6505,"href":"https:\/\/www.monlau.com\/fp\/ca\/wp-json\/wp\/v2\/posts\/6072\/revisions\/6505"}],"wp:featuredmedia":[{"embeddable":true,"href":"https:\/\/www.monlau.com\/fp\/ca\/wp-json\/wp\/v2\/media\/3272"}],"wp:attachment":[{"href":"https:\/\/www.monlau.com\/fp\/ca\/wp-json\/wp\/v2\/media?parent=6072"}],"wp:term":[{"taxonomy":"category","embeddable":true,"href":"https:\/\/www.monlau.com\/fp\/ca\/wp-json\/wp\/v2\/categories?post=6072"},{"taxonomy":"post_tag","embeddable":true,"href":"https:\/\/www.monlau.com\/fp\/ca\/wp-json\/wp\/v2\/tags?post=6072"}],"curies":[{"name":"wp","href":"https:\/\/api.w.org\/{rel}","templated":true}]}}