{"id":6069,"date":"2019-10-07T00:00:00","date_gmt":"2019-10-06T22:00:00","guid":{"rendered":"https:\/\/www.monlau.com\/formacion-profesional\/els-alumnes-de-marqueting-i-publicitat-triomfen-a-lultima-edicio-de-lifest\/"},"modified":"2019-10-07T00:00:00","modified_gmt":"2019-10-06T22:00:00","slug":"els-alumnes-de-marqueting-i-publicitat-triomfen-a-lultima-edicio-de-lifest","status":"publish","type":"post","link":"https:\/\/www.monlau.com\/fp\/ca\/2019\/10\/07\/els-alumnes-de-marqueting-i-publicitat-triomfen-a-lultima-edicio-de-lifest\/","title":{"rendered":"Els alumnes de M\u00e0rqueting i Publicitat triomfen a l\u2019\u00faltima edici\u00f3 de l\u2019iFest"},"content":{"rendered":"<p>El curs passat, com cada any, els alumnes de primer del cicle formatiu de <a href=\"https:\/\/www.monlau.com\/estudis-professionals\/project\/ciclo-formativo-de-grado-superior-de-marketing-y-publicidad\/\">M\u00e0rqueting i Publicitat<\/a> van participar a l\u2019<a href=\"http:\/\/ifest.cat\/\">iFest<\/a> acompanyats dels professors del cicle.<\/p>\n<p>L\u2019iFest \u00e9s la festa de la innovaci\u00f3 i l\u2019emprenedoria que organitza <a href=\"http:\/\/catempren.gencat.cat\/ca\/inici\">Catalunya Empr\u00e8n<\/a> i que va dirigit als joves de diferents centres d\u2019estudis de Catalunya, que volen posar en valor el seu talent.<\/p>\n<p>L\u2019edici\u00f3 passada es va plantejar en dos esdeveniments:<\/p>\n<ul>\n<li><strong>iFest Countdown:<\/strong> consistia en dotze activitats al voltant d\u2019un repte que proposen diferents sponsors com Atr\u00e1palo, Canon, Vodafone, Penguin Random House&#8230; De tots aquest reptes cada equip havia de triar un i treballar aquestes dotze activitats fins arribar a l\u2019activitat 1, on van haver de lliurar un v\u00eddeo on s\u2019expliqu\u00e9s de manera creativa la proposta de soluci\u00f3 d\u2019aquest repte.<\/li>\n<li><strong>iFest Zero: <\/strong>El 18 de juny va tenir lloc a la Fira de Barcelona l\u2019iFest Zero, un congr\u00e9s on els joves van poder apropar-se a les tecnologies exponencials, la disrupci\u00f3 i la ci\u00e8ncia.<\/li>\n<\/ul>\n<p>L\u2019element central de l\u2019iFest Zero va ser el <strong>DEMO DAY<\/strong>, on els equips seleccionats de l\u2019iFest Countdown van participar presentant els seus projectes. Si aconseguies passar les diferents fases preeliminat\u00f2ries, podies arribar a la gran final on seria escollit l\u2019equip guanyador del viatge a SILICON VALLEY.<\/p>\n<h2>Amb quins grups va participar Monlau?<\/h2>\n<p>Monlau va participar amb 12 equips:<\/p>\n<ul>\n<li><strong>WORKTIME <\/strong>\u2013 REPTE AUTOMOCI\u00d3 \u2013 VOLKSWAGEN (Alumnes de 2N de DAM)<\/li>\n<li><strong>CALEX<\/strong> \u2013 REPTE AIGUA \u2013 AIG\u00dcES DE BARCELONA<\/li>\n<li><strong>EZREAD<\/strong> \u2013 REPTE CULTURA \u2013 PENGUIN RANDOM HOUSE<\/li>\n<li><strong>KELEM<\/strong> \u2013REPTE VALOR DEL TEMPS \u2013 ATR\u00c1PALO<\/li>\n<li><strong>THE POINT<\/strong> \u2013 REPTE VALOR DEL TEMPS \u2013 ATR\u00c1PALO<\/li>\n<li><strong>THE GOONIES<\/strong> \u2013REPTE DIVERSITAT \u2013 MOBILE WORLD CAPITAL<\/li>\n<li><strong>LEARNSHARED<\/strong> \u2013 REPTE EDUCACI\u00d3 \u2013 VODAFONE<\/li>\n<li><strong>INTUOS <\/strong>\u2013 REPTE VALOR DEL TEMPS &#8211; ATRAPALO<\/li>\n<li><strong>HAND TIME<\/strong> \u2013REPTE VALOR DEL TEMPS \u2013 ATRAPALO<\/li>\n<li><strong>PRYSMA<\/strong> \u2013 REPTE VALOR DEL TEMPS \u2013 ATRAPALO<\/li>\n<li><strong>KUSAKA<\/strong> \u2013 REPTE JARDINERIA \u2013 GREMI DE JARDINERIA DE CATALUNYA<\/li>\n<li><strong>THE BEYOND<\/strong> \u2013 REPTE EMPRESA \u2013 CANON<\/li>\n<\/ul>\n<p>Durant el curs els alumnes van assistir a diferents confer\u00e8ncies i tallers organitzades per l\u2019iFest per donar suport als equips, fins i tot una d\u2019aquestes activitats la vam acollir a la nostra sala d\u2019actes. Totes van estar molt interessants.<\/p>\n<p>Durant la primera part del curs van treballar la innovaci\u00f3 des del m\u00f2dul de gesti\u00f3 econ\u00f2mica i financera; m\u00e9s tard es van incorporar els professors de Pol\u00edtiques de M\u00e0rqueting per donar suport a l\u2019apartat d\u2019empatia i experi\u00e8ncia de client; i a la recta final es va incorporar M\u00e0rqueting digital i Elaboraci\u00f3 de continguts per la part m\u00e9s creativa i visual, el lliurament del v\u00eddeo.<\/p>\n<h2>Els premis de Monlau a l\u2019iFest<\/h2>\n<p>El 26 d\u2019abril es va entregar el resultat de tot aquest proc\u00e9s, de l\u2019iFest Cowntdown, on cinc dels nostres equips participants van aconseguir emportar-se premis:<\/p>\n<ul>\n<li>Primer premi del repte automoci\u00f3 (Volkswagen) per <strong>WorkTime<\/strong>.<\/li>\n<li>Primer premi del repte valor del temps (Atr\u00e1palo) per <strong>The Point<\/strong>.<\/li>\n<li>Segon premi repte valor del temps (Atr\u00e1palo) per <strong>Intuos<\/strong>.<\/li>\n<li>Primer premi repte empresa (Canon) per <strong>The Beyond<\/strong>.<\/li>\n<li>Premi al millor v\u00eddeo per <strong>Step<\/strong>.<\/li>\n<\/ul>\n<p>Per\u00f2 no nom\u00e9s els alumnes van aconseguir premis, sin\u00f3 que la nostra escola va guanyar el premi com a centre tot terreny, ja que va ser el centre que va aportar m\u00e9s participants a aquest meravell\u00f3s i educatiu esdeveniment.<\/p>\n<p>A m\u00e9s, arrel de la participaci\u00f3 a l\u2019iFest,<strong> la nostra professora Alba Ferrer, que va guanyar el premi a la millor <em>shaker<\/em> de l\u2019esdeveniment, ha estat seleccionada per Catalunya Empr\u00e8n com una de les formadores que ha viatjat a Boston per con\u00e8ixer projectes innovadors aplicats a l\u2019ensenyament.<\/strong> Actualment, es troba a Estats Units gaudint i aprenent d\u2019aquestes jornades internacionals.<\/p>\n<p><img fetchpriority=\"high\" decoding=\"async\" class=\"alignnone size-full wp-image-5657\" src=\"https:\/\/www.monlau.com\/estudis-professionals\/wp-content\/uploads\/sites\/3\/2019\/10\/20191004_101622000_iOS.jpg\" alt=\"\" width=\"1600\" height=\"1200\" \/><\/p>\n","protected":false},"excerpt":{"rendered":"<p>El curs passat, com cada any, els alumnes de primer del cicle formatiu de M\u00e0rqueting i Publicitat van participar a l\u2019iFest acompanyats dels professors del cicle. L\u2019iFest \u00e9s la festa de la innovaci\u00f3 i l\u2019emprenedoria que organitza Catalunya Empr\u00e8n i que va dirigit als joves de diferents centres d\u2019estudis de Catalunya, que volen posar en [&hellip;]<\/p>\n","protected":false},"author":1,"featured_media":3267,"comment_status":"closed","ping_status":"closed","sticky":false,"template":"","format":"standard","meta":{"footnotes":""},"categories":[256],"tags":[269,270,271,272,273,274,275,276],"class_list":["post-6069","post","type-post","status-publish","format-standard","has-post-thumbnail","hentry","category-empresa-i-marqueting","tag-boston","tag-catalunya-empren","tag-demo-day","tag-empreneduria","tag-estats-units","tag-ifest","tag-ifest-countdown","tag-ifest-zero"],"yoast_head":"<!-- This site is optimized with the Yoast SEO plugin v27.2 - https:\/\/yoast.com\/product\/yoast-seo-wordpress\/ -->\n<title>Els alumnes de M\u00e0rqueting i Publicitat triomfen a l\u2019\u00faltima edici\u00f3 de l\u2019iFest - Formaci\u00f3n profesional<\/title>\n<meta name=\"robots\" content=\"index, follow, max-snippet:-1, max-image-preview:large, max-video-preview:-1\" \/>\n<link rel=\"canonical\" href=\"https:\/\/www.monlau.com\/fp\/ca\/2019\/10\/07\/els-alumnes-de-marqueting-i-publicitat-triomfen-a-lultima-edicio-de-lifest\/\" \/>\n<meta property=\"og:locale\" content=\"ca_ES\" \/>\n<meta property=\"og:type\" content=\"article\" \/>\n<meta property=\"og:title\" content=\"Els alumnes de M\u00e0rqueting i Publicitat triomfen a l\u2019\u00faltima edici\u00f3 de l\u2019iFest - Formaci\u00f3n profesional\" \/>\n<meta property=\"og:description\" content=\"El curs passat, com cada any, els alumnes de primer del cicle formatiu de M\u00e0rqueting i Publicitat van participar a l\u2019iFest acompanyats dels professors del cicle. L\u2019iFest \u00e9s la festa de la innovaci\u00f3 i l\u2019emprenedoria que organitza Catalunya Empr\u00e8n i que va dirigit als joves de diferents centres d\u2019estudis de Catalunya, que volen posar en [&hellip;]\" \/>\n<meta property=\"og:url\" content=\"https:\/\/www.monlau.com\/fp\/ca\/2019\/10\/07\/els-alumnes-de-marqueting-i-publicitat-triomfen-a-lultima-edicio-de-lifest\/\" \/>\n<meta property=\"og:site_name\" content=\"Formaci\u00f3n profesional\" \/>\n<meta property=\"article:published_time\" content=\"2019-10-06T22:00:00+00:00\" \/>\n<meta property=\"og:image\" content=\"https:\/\/www.monlau.com\/app\/uploads\/sites\/3\/2026\/03\/WhatsApp-Image-2019-06-19-at-10.37.13.jpeg\" \/>\n\t<meta property=\"og:image:width\" content=\"1600\" \/>\n\t<meta property=\"og:image:height\" content=\"1200\" \/>\n\t<meta property=\"og:image:type\" content=\"image\/jpeg\" \/>\n<meta name=\"author\" content=\"adsmurai\" \/>\n<meta name=\"twitter:card\" content=\"summary_large_image\" \/>\n<meta name=\"twitter:label1\" content=\"Escrit per\" \/>\n\t<meta name=\"twitter:data1\" content=\"adsmurai\" \/>\n\t<meta name=\"twitter:label2\" content=\"Temps estimat de lectura\" \/>\n\t<meta name=\"twitter:data2\" content=\"3 minuts\" \/>\n<script type=\"application\/ld+json\" class=\"yoast-schema-graph\">{\"@context\":\"https:\/\/schema.org\",\"@graph\":[{\"@type\":\"Article\",\"@id\":\"https:\/\/www.monlau.com\/fp\/ca\/2019\/10\/07\/els-alumnes-de-marqueting-i-publicitat-triomfen-a-lultima-edicio-de-lifest\/#article\",\"isPartOf\":{\"@id\":\"https:\/\/www.monlau.com\/fp\/ca\/2019\/10\/07\/els-alumnes-de-marqueting-i-publicitat-triomfen-a-lultima-edicio-de-lifest\/\"},\"author\":{\"name\":\"adsmurai\",\"@id\":\"https:\/\/www.monlau.com\/fp\/ca\/#\/schema\/person\/419cfdf054323e24e0a2ef1d8597f051\"},\"headline\":\"Els alumnes de M\u00e0rqueting i Publicitat triomfen a l\u2019\u00faltima edici\u00f3 de l\u2019iFest\",\"datePublished\":\"2019-10-06T22:00:00+00:00\",\"mainEntityOfPage\":{\"@id\":\"https:\/\/www.monlau.com\/fp\/ca\/2019\/10\/07\/els-alumnes-de-marqueting-i-publicitat-triomfen-a-lultima-edicio-de-lifest\/\"},\"wordCount\":637,\"publisher\":{\"@id\":\"https:\/\/www.monlau.com\/fp\/ca\/#organization\"},\"image\":{\"@id\":\"https:\/\/www.monlau.com\/fp\/ca\/2019\/10\/07\/els-alumnes-de-marqueting-i-publicitat-triomfen-a-lultima-edicio-de-lifest\/#primaryimage\"},\"thumbnailUrl\":\"https:\/\/www.monlau.com\/app\/uploads\/sites\/3\/2026\/03\/WhatsApp-Image-2019-06-19-at-10.37.13.jpeg\",\"keywords\":[\"Boston\",\"Catalunya Empr\u00e9n\",\"Demo day\",\"Empreneduria\",\"Estats Units\",\"iFest\",\"iFest Countdown\",\"iFest Zero\"],\"articleSection\":[\"Empresa i M\u00e0rqueting\"],\"inLanguage\":\"ca\"},{\"@type\":\"WebPage\",\"@id\":\"https:\/\/www.monlau.com\/fp\/ca\/2019\/10\/07\/els-alumnes-de-marqueting-i-publicitat-triomfen-a-lultima-edicio-de-lifest\/\",\"url\":\"https:\/\/www.monlau.com\/fp\/ca\/2019\/10\/07\/els-alumnes-de-marqueting-i-publicitat-triomfen-a-lultima-edicio-de-lifest\/\",\"name\":\"Els alumnes de M\u00e0rqueting i Publicitat triomfen a l\u2019\u00faltima edici\u00f3 de l\u2019iFest - Formaci\u00f3n profesional\",\"isPartOf\":{\"@id\":\"https:\/\/www.monlau.com\/fp\/ca\/#website\"},\"primaryImageOfPage\":{\"@id\":\"https:\/\/www.monlau.com\/fp\/ca\/2019\/10\/07\/els-alumnes-de-marqueting-i-publicitat-triomfen-a-lultima-edicio-de-lifest\/#primaryimage\"},\"image\":{\"@id\":\"https:\/\/www.monlau.com\/fp\/ca\/2019\/10\/07\/els-alumnes-de-marqueting-i-publicitat-triomfen-a-lultima-edicio-de-lifest\/#primaryimage\"},\"thumbnailUrl\":\"https:\/\/www.monlau.com\/app\/uploads\/sites\/3\/2026\/03\/WhatsApp-Image-2019-06-19-at-10.37.13.jpeg\",\"datePublished\":\"2019-10-06T22:00:00+00:00\",\"breadcrumb\":{\"@id\":\"https:\/\/www.monlau.com\/fp\/ca\/2019\/10\/07\/els-alumnes-de-marqueting-i-publicitat-triomfen-a-lultima-edicio-de-lifest\/#breadcrumb\"},\"inLanguage\":\"ca\",\"potentialAction\":[{\"@type\":\"ReadAction\",\"target\":[\"https:\/\/www.monlau.com\/fp\/ca\/2019\/10\/07\/els-alumnes-de-marqueting-i-publicitat-triomfen-a-lultima-edicio-de-lifest\/\"]}]},{\"@type\":\"ImageObject\",\"inLanguage\":\"ca\",\"@id\":\"https:\/\/www.monlau.com\/fp\/ca\/2019\/10\/07\/els-alumnes-de-marqueting-i-publicitat-triomfen-a-lultima-edicio-de-lifest\/#primaryimage\",\"url\":\"https:\/\/www.monlau.com\/app\/uploads\/sites\/3\/2026\/03\/WhatsApp-Image-2019-06-19-at-10.37.13.jpeg\",\"contentUrl\":\"https:\/\/www.monlau.com\/app\/uploads\/sites\/3\/2026\/03\/WhatsApp-Image-2019-06-19-at-10.37.13.jpeg\",\"width\":1600,\"height\":1200},{\"@type\":\"BreadcrumbList\",\"@id\":\"https:\/\/www.monlau.com\/fp\/ca\/2019\/10\/07\/els-alumnes-de-marqueting-i-publicitat-triomfen-a-lultima-edicio-de-lifest\/#breadcrumb\",\"itemListElement\":[{\"@type\":\"ListItem\",\"position\":1,\"name\":\"Portada\",\"item\":\"https:\/\/www.monlau.com\/fp\/ca\/inici\/\"},{\"@type\":\"ListItem\",\"position\":2,\"name\":\"Els alumnes de M\u00e0rqueting i Publicitat triomfen a l\u2019\u00faltima edici\u00f3 de l\u2019iFest\"}]},{\"@type\":\"WebSite\",\"@id\":\"https:\/\/www.monlau.com\/fp\/ca\/#website\",\"url\":\"https:\/\/www.monlau.com\/fp\/ca\/\",\"name\":\"Formaci\u00f3n profesional\",\"description\":\"Monlau\",\"publisher\":{\"@id\":\"https:\/\/www.monlau.com\/fp\/ca\/#organization\"},\"potentialAction\":[{\"@type\":\"SearchAction\",\"target\":{\"@type\":\"EntryPoint\",\"urlTemplate\":\"https:\/\/www.monlau.com\/fp\/ca\/?s={search_term_string}\"},\"query-input\":{\"@type\":\"PropertyValueSpecification\",\"valueRequired\":true,\"valueName\":\"search_term_string\"}}],\"inLanguage\":\"ca\"},{\"@type\":\"Organization\",\"@id\":\"https:\/\/www.monlau.com\/fp\/ca\/#organization\",\"name\":\"Formaci\u00f3n profesional\",\"url\":\"https:\/\/www.monlau.com\/fp\/ca\/\",\"logo\":{\"@type\":\"ImageObject\",\"inLanguage\":\"ca\",\"@id\":\"https:\/\/www.monlau.com\/fp\/ca\/#\/schema\/logo\/image\/\",\"url\":\"https:\/\/www.monlau.com\/app\/uploads\/sites\/3\/2026\/01\/fp.png\",\"contentUrl\":\"https:\/\/www.monlau.com\/app\/uploads\/sites\/3\/2026\/01\/fp.png\",\"width\":1024,\"height\":878,\"caption\":\"Formaci\u00f3n profesional\"},\"image\":{\"@id\":\"https:\/\/www.monlau.com\/fp\/ca\/#\/schema\/logo\/image\/\"}},{\"@type\":\"Person\",\"@id\":\"https:\/\/www.monlau.com\/fp\/ca\/#\/schema\/person\/419cfdf054323e24e0a2ef1d8597f051\",\"name\":\"adsmurai\",\"image\":{\"@type\":\"ImageObject\",\"inLanguage\":\"ca\",\"@id\":\"https:\/\/secure.gravatar.com\/avatar\/0748788578f91786454454fa3b4c295644edb991ad6caadc70b41d26790d38fc?s=96&d=mm&r=g\",\"url\":\"https:\/\/secure.gravatar.com\/avatar\/0748788578f91786454454fa3b4c295644edb991ad6caadc70b41d26790d38fc?s=96&d=mm&r=g\",\"contentUrl\":\"https:\/\/secure.gravatar.com\/avatar\/0748788578f91786454454fa3b4c295644edb991ad6caadc70b41d26790d38fc?s=96&d=mm&r=g\",\"caption\":\"adsmurai\"},\"sameAs\":[\"https:\/\/www.monlau.com\"],\"url\":\"https:\/\/www.monlau.com\/fp\/ca\/author\/adsmurai\/\"}]}<\/script>\n<!-- \/ Yoast SEO plugin. -->","yoast_head_json":{"title":"Els alumnes de M\u00e0rqueting i Publicitat triomfen a l\u2019\u00faltima edici\u00f3 de l\u2019iFest - Formaci\u00f3n profesional","robots":{"index":"index","follow":"follow","max-snippet":"max-snippet:-1","max-image-preview":"max-image-preview:large","max-video-preview":"max-video-preview:-1"},"canonical":"https:\/\/www.monlau.com\/fp\/ca\/2019\/10\/07\/els-alumnes-de-marqueting-i-publicitat-triomfen-a-lultima-edicio-de-lifest\/","og_locale":"ca_ES","og_type":"article","og_title":"Els alumnes de M\u00e0rqueting i Publicitat triomfen a l\u2019\u00faltima edici\u00f3 de l\u2019iFest - Formaci\u00f3n profesional","og_description":"El curs passat, com cada any, els alumnes de primer del cicle formatiu de M\u00e0rqueting i Publicitat van participar a l\u2019iFest acompanyats dels professors del cicle. L\u2019iFest \u00e9s la festa de la innovaci\u00f3 i l\u2019emprenedoria que organitza Catalunya Empr\u00e8n i que va dirigit als joves de diferents centres d\u2019estudis de Catalunya, que volen posar en [&hellip;]","og_url":"https:\/\/www.monlau.com\/fp\/ca\/2019\/10\/07\/els-alumnes-de-marqueting-i-publicitat-triomfen-a-lultima-edicio-de-lifest\/","og_site_name":"Formaci\u00f3n profesional","article_published_time":"2019-10-06T22:00:00+00:00","og_image":[{"width":1600,"height":1200,"url":"https:\/\/www.monlau.com\/app\/uploads\/sites\/3\/2026\/03\/WhatsApp-Image-2019-06-19-at-10.37.13.jpeg","type":"image\/jpeg"}],"author":"adsmurai","twitter_card":"summary_large_image","twitter_misc":{"Escrit per":"adsmurai","Temps estimat de lectura":"3 minuts"},"schema":{"@context":"https:\/\/schema.org","@graph":[{"@type":"Article","@id":"https:\/\/www.monlau.com\/fp\/ca\/2019\/10\/07\/els-alumnes-de-marqueting-i-publicitat-triomfen-a-lultima-edicio-de-lifest\/#article","isPartOf":{"@id":"https:\/\/www.monlau.com\/fp\/ca\/2019\/10\/07\/els-alumnes-de-marqueting-i-publicitat-triomfen-a-lultima-edicio-de-lifest\/"},"author":{"name":"adsmurai","@id":"https:\/\/www.monlau.com\/fp\/ca\/#\/schema\/person\/419cfdf054323e24e0a2ef1d8597f051"},"headline":"Els alumnes de M\u00e0rqueting i Publicitat triomfen a l\u2019\u00faltima edici\u00f3 de l\u2019iFest","datePublished":"2019-10-06T22:00:00+00:00","mainEntityOfPage":{"@id":"https:\/\/www.monlau.com\/fp\/ca\/2019\/10\/07\/els-alumnes-de-marqueting-i-publicitat-triomfen-a-lultima-edicio-de-lifest\/"},"wordCount":637,"publisher":{"@id":"https:\/\/www.monlau.com\/fp\/ca\/#organization"},"image":{"@id":"https:\/\/www.monlau.com\/fp\/ca\/2019\/10\/07\/els-alumnes-de-marqueting-i-publicitat-triomfen-a-lultima-edicio-de-lifest\/#primaryimage"},"thumbnailUrl":"https:\/\/www.monlau.com\/app\/uploads\/sites\/3\/2026\/03\/WhatsApp-Image-2019-06-19-at-10.37.13.jpeg","keywords":["Boston","Catalunya Empr\u00e9n","Demo day","Empreneduria","Estats Units","iFest","iFest Countdown","iFest Zero"],"articleSection":["Empresa i M\u00e0rqueting"],"inLanguage":"ca"},{"@type":"WebPage","@id":"https:\/\/www.monlau.com\/fp\/ca\/2019\/10\/07\/els-alumnes-de-marqueting-i-publicitat-triomfen-a-lultima-edicio-de-lifest\/","url":"https:\/\/www.monlau.com\/fp\/ca\/2019\/10\/07\/els-alumnes-de-marqueting-i-publicitat-triomfen-a-lultima-edicio-de-lifest\/","name":"Els alumnes de M\u00e0rqueting i Publicitat triomfen a l\u2019\u00faltima edici\u00f3 de l\u2019iFest - Formaci\u00f3n profesional","isPartOf":{"@id":"https:\/\/www.monlau.com\/fp\/ca\/#website"},"primaryImageOfPage":{"@id":"https:\/\/www.monlau.com\/fp\/ca\/2019\/10\/07\/els-alumnes-de-marqueting-i-publicitat-triomfen-a-lultima-edicio-de-lifest\/#primaryimage"},"image":{"@id":"https:\/\/www.monlau.com\/fp\/ca\/2019\/10\/07\/els-alumnes-de-marqueting-i-publicitat-triomfen-a-lultima-edicio-de-lifest\/#primaryimage"},"thumbnailUrl":"https:\/\/www.monlau.com\/app\/uploads\/sites\/3\/2026\/03\/WhatsApp-Image-2019-06-19-at-10.37.13.jpeg","datePublished":"2019-10-06T22:00:00+00:00","breadcrumb":{"@id":"https:\/\/www.monlau.com\/fp\/ca\/2019\/10\/07\/els-alumnes-de-marqueting-i-publicitat-triomfen-a-lultima-edicio-de-lifest\/#breadcrumb"},"inLanguage":"ca","potentialAction":[{"@type":"ReadAction","target":["https:\/\/www.monlau.com\/fp\/ca\/2019\/10\/07\/els-alumnes-de-marqueting-i-publicitat-triomfen-a-lultima-edicio-de-lifest\/"]}]},{"@type":"ImageObject","inLanguage":"ca","@id":"https:\/\/www.monlau.com\/fp\/ca\/2019\/10\/07\/els-alumnes-de-marqueting-i-publicitat-triomfen-a-lultima-edicio-de-lifest\/#primaryimage","url":"https:\/\/www.monlau.com\/app\/uploads\/sites\/3\/2026\/03\/WhatsApp-Image-2019-06-19-at-10.37.13.jpeg","contentUrl":"https:\/\/www.monlau.com\/app\/uploads\/sites\/3\/2026\/03\/WhatsApp-Image-2019-06-19-at-10.37.13.jpeg","width":1600,"height":1200},{"@type":"BreadcrumbList","@id":"https:\/\/www.monlau.com\/fp\/ca\/2019\/10\/07\/els-alumnes-de-marqueting-i-publicitat-triomfen-a-lultima-edicio-de-lifest\/#breadcrumb","itemListElement":[{"@type":"ListItem","position":1,"name":"Portada","item":"https:\/\/www.monlau.com\/fp\/ca\/inici\/"},{"@type":"ListItem","position":2,"name":"Els alumnes de M\u00e0rqueting i Publicitat triomfen a l\u2019\u00faltima edici\u00f3 de l\u2019iFest"}]},{"@type":"WebSite","@id":"https:\/\/www.monlau.com\/fp\/ca\/#website","url":"https:\/\/www.monlau.com\/fp\/ca\/","name":"Formaci\u00f3n profesional","description":"Monlau","publisher":{"@id":"https:\/\/www.monlau.com\/fp\/ca\/#organization"},"potentialAction":[{"@type":"SearchAction","target":{"@type":"EntryPoint","urlTemplate":"https:\/\/www.monlau.com\/fp\/ca\/?s={search_term_string}"},"query-input":{"@type":"PropertyValueSpecification","valueRequired":true,"valueName":"search_term_string"}}],"inLanguage":"ca"},{"@type":"Organization","@id":"https:\/\/www.monlau.com\/fp\/ca\/#organization","name":"Formaci\u00f3n profesional","url":"https:\/\/www.monlau.com\/fp\/ca\/","logo":{"@type":"ImageObject","inLanguage":"ca","@id":"https:\/\/www.monlau.com\/fp\/ca\/#\/schema\/logo\/image\/","url":"https:\/\/www.monlau.com\/app\/uploads\/sites\/3\/2026\/01\/fp.png","contentUrl":"https:\/\/www.monlau.com\/app\/uploads\/sites\/3\/2026\/01\/fp.png","width":1024,"height":878,"caption":"Formaci\u00f3n profesional"},"image":{"@id":"https:\/\/www.monlau.com\/fp\/ca\/#\/schema\/logo\/image\/"}},{"@type":"Person","@id":"https:\/\/www.monlau.com\/fp\/ca\/#\/schema\/person\/419cfdf054323e24e0a2ef1d8597f051","name":"adsmurai","image":{"@type":"ImageObject","inLanguage":"ca","@id":"https:\/\/secure.gravatar.com\/avatar\/0748788578f91786454454fa3b4c295644edb991ad6caadc70b41d26790d38fc?s=96&d=mm&r=g","url":"https:\/\/secure.gravatar.com\/avatar\/0748788578f91786454454fa3b4c295644edb991ad6caadc70b41d26790d38fc?s=96&d=mm&r=g","contentUrl":"https:\/\/secure.gravatar.com\/avatar\/0748788578f91786454454fa3b4c295644edb991ad6caadc70b41d26790d38fc?s=96&d=mm&r=g","caption":"adsmurai"},"sameAs":["https:\/\/www.monlau.com"],"url":"https:\/\/www.monlau.com\/fp\/ca\/author\/adsmurai\/"}]}},"_links":{"self":[{"href":"https:\/\/www.monlau.com\/fp\/ca\/wp-json\/wp\/v2\/posts\/6069","targetHints":{"allow":["GET"]}}],"collection":[{"href":"https:\/\/www.monlau.com\/fp\/ca\/wp-json\/wp\/v2\/posts"}],"about":[{"href":"https:\/\/www.monlau.com\/fp\/ca\/wp-json\/wp\/v2\/types\/post"}],"author":[{"embeddable":true,"href":"https:\/\/www.monlau.com\/fp\/ca\/wp-json\/wp\/v2\/users\/1"}],"replies":[{"embeddable":true,"href":"https:\/\/www.monlau.com\/fp\/ca\/wp-json\/wp\/v2\/comments?post=6069"}],"version-history":[{"count":0,"href":"https:\/\/www.monlau.com\/fp\/ca\/wp-json\/wp\/v2\/posts\/6069\/revisions"}],"wp:featuredmedia":[{"embeddable":true,"href":"https:\/\/www.monlau.com\/fp\/ca\/wp-json\/wp\/v2\/media\/3267"}],"wp:attachment":[{"href":"https:\/\/www.monlau.com\/fp\/ca\/wp-json\/wp\/v2\/media?parent=6069"}],"wp:term":[{"taxonomy":"category","embeddable":true,"href":"https:\/\/www.monlau.com\/fp\/ca\/wp-json\/wp\/v2\/categories?post=6069"},{"taxonomy":"post_tag","embeddable":true,"href":"https:\/\/www.monlau.com\/fp\/ca\/wp-json\/wp\/v2\/tags?post=6069"}],"curies":[{"name":"wp","href":"https:\/\/api.w.org\/{rel}","templated":true}]}}