{"id":6067,"date":"2019-05-07T00:00:00","date_gmt":"2019-05-06T22:00:00","guid":{"rendered":"https:\/\/www.monlau.com\/formacion-profesional\/comencen-les-preinscripcions-de-grau-mitja\/"},"modified":"2026-03-10T10:03:35","modified_gmt":"2026-03-10T09:03:35","slug":"comencen-les-preinscripcions-de-grau-mitja","status":"publish","type":"post","link":"https:\/\/www.monlau.com\/fp\/ca\/2019\/05\/07\/comencen-les-preinscripcions-de-grau-mitja\/","title":{"rendered":"14M: Comencen les preinscripcions de Grau Mitj\u00e0"},"content":{"rendered":"<p>El proper <strong><u>dimarts 14 de maig i fins al 21 de maig s\u2019obre el per\u00edode de preinscripci\u00f3 oficial per Grau Mitj\u00e0<\/u><\/strong> de <span style=\"color: #0000ff\"><a style=\"color: #0000ff\" href=\"https:\/\/www.monlau.com\/estudis-professionals\/project\/cicle-formatiu-de-grau-mitja-en-gestio-administrativa\/?lang=ca\">Gesti\u00f3 Administrativa (GEAD)<\/a><\/span>, <span style=\"color: #0000ff\"><a style=\"color: #0000ff\" href=\"https:\/\/www.monlau.com\/estudis-professionals\/project\/cicle-formatiu-de-grau-superior-en-sistemes-microinformatics-i-xarxes-smx\/?lang=ca\">Sistemes microinform\u00e0tics i xarxes (SMX)<\/a><\/span> i<span style=\"color: #0000ff\"> <a style=\"color: #0000ff\" href=\"https:\/\/www.monlau.com\/estudis-professionals\/project\/cicle-de-grau-mitja-en-electromecanica-de-vehicles-automobils-i-motocicletes\/?lang=ca\">Electromec\u00e0nica de vehicles<\/a><\/span>.<\/p>\n<p>Com a novetat, el departament d\u2019Educaci\u00f3 de la Generalitat de Catalunya ha implementat la preinscripci\u00f3 a trav\u00e9s la <strong><u>SOL\u00b7LICITUT ELECTR\u00d2NICA<\/u><\/strong>. En aquest correu els especifiquem tots els passos per realitzar-la, per\u00f2 els recordem que es poden posar en contacte amb nosaltres i si encara no tenen cita la podeu concretar en el seg\u00fcent enlla\u00e7 <span style=\"color: #0000ff\"><a style=\"color: #0000ff\" href=\"https:\/\/forms.office.com\/Pages\/ResponsePage.aspx?id=TaYfSO14xk66QMMnwrGU9mDaLs5e04NHgWJHmFiSeD9UQzcwRU83TEZSUTExVkpJNlJPQUhXMkNDRC4u\">[AQUI]<\/a><\/span>.<\/p>\n<p>&nbsp;<\/p>\n<p>Per a realitzar la preinscripci\u00f3 heu de seguir els passos seg\u00fcents:<\/p>\n<p>&nbsp;<\/p>\n<ol>\n<li><strong>Donar-vos d\u2019alta al mecanisme d\u2019Identificaci\u00f3 de la Generalitat de Catalunya<\/strong> (IdCAT m\u00f2bil). Us deixem aqu\u00ed l\u2019enlla\u00e7 per activar el servei. [<span style=\"color: #0000ff\"><a style=\"color: #0000ff\" href=\"https:\/\/idcatmobil.seu.cat\/\">https:\/\/idcatmobil.seu.cat\/<\/a> <\/span>]<\/li>\n<\/ol>\n<p>Per realitzar aquest tr\u00e0mit necessiteu la seg\u00fcent documentaci\u00f3:<\/p>\n<ul>\n<li>DNI: Document Nacional d&#8217;Identitat<\/li>\n<li>TSI: Targeta Sanit\u00e0ria Individual del CatSalut (Servei Catal\u00e0 de la Salut) <em>*el n\u00famero requerit \u00e9s el codi de barres que es troba a la part del darrera de la targeta. <\/em><\/li>\n<li>Tel\u00e8fon m\u00f2bil<\/li>\n<\/ul>\n<p>&nbsp;<\/p>\n<p><strong><u>Recordar que pels i les alumnes menors d\u2019edat haur\u00e0 de ser el seu pare\/mare o tutor\/a qui realitzi la gesti\u00f3.<\/u><\/strong><\/p>\n<p>&nbsp;<\/p>\n<ol start=\"2\">\n<li>Un cop donat d\u2019alta en el servei idCaT m\u00f2bil, podeu <strong>realitzar la preinscripci\u00f3 en l\u2019enlla\u00e7 seg\u00fcent<\/strong>: <span style=\"color: #0000ff\"><a style=\"color: #0000ff\" href=\"http:\/\/queestudiar.gencat.cat\/ca\/preinscripcio\/estudis\/fp-gm\/index.html\">http:\/\/queestudiar.gencat.cat\/ca\/preinscripcio\/estudis\/fp-gm\/index.html<\/a><\/span><\/li>\n<\/ol>\n<p>\u00c9s en aquest moment quan el formulari li demana que s\u2019identifiqui amb l\u2019idCAT m\u00f2bil, rebr\u00e0 un codi en el seu tel\u00e8fon m\u00f2bil.<\/p>\n<p>&nbsp;<\/p>\n<p><strong><u>\u00c9s imprescindible tenir a m\u00e0 la documentaci\u00f3<\/u><\/strong> seg\u00fcent:<\/p>\n<ul>\n<li>DNI<\/li>\n<li>N\u00famero RALC (Documentaci\u00f3 a demanar en l\u2019\u00faltim centre on l\u2019alumne ha estat escolaritzat)<\/li>\n<li>Targeta Sanit\u00e0ria<\/li>\n<\/ul>\n<p>&nbsp;<\/p>\n<p>Durant la preinscripci\u00f3 li requeriran la informaci\u00f3 seg\u00fcent:<\/p>\n<ul>\n<li>Via d\u2019acc\u00e9s (ESO, Prova, PFI, etc.)<\/li>\n<li>Centre educatiu, cicle, torn i el nivell.<\/li>\n<\/ul>\n<p>&nbsp;<\/p>\n<p>En cas de que la seva opci\u00f3 sigui Monlau les dades s\u00f3n les seg\u00fcents:<\/p>\n<p><strong>08037395 \u2013 Monlau Centre d\u2019Estudis<\/strong><\/p>\n<p>Codis segons estudis:<\/p>\n<ul>\n<li>Electromec\u00e0nica de vehicles: TM10<\/li>\n<li>Sistemes Microinform\u00e0tics i Xarxes (SMX): IC10<\/li>\n<li>Gesti\u00f3 administrativa (GEAD): AG10<\/li>\n<\/ul>\n<p>&nbsp;<\/p>\n<p>Finalment s\u2019envia la sol\u00b7licitud, que es tramet electr\u00f2nicament en el centre educatiu escollit com a primera opci\u00f3 i queda registrada autom\u00e0ticament. <strong><u>No s\u2019ha de presentar cap documentaci\u00f3 al centre. <\/u><\/strong>Tampoc cal aportar la nota mitja de l\u2019ESO o de les altres vies d\u2019acc\u00e9s ja que a trav\u00e9s del RALC el sistema ho detecta autom\u00e0ticament.<\/p>\n<p>&nbsp;<\/p>\n<p><strong><u>NO ES POT FER LA PREINSCRIPCI\u00d3 A TRAV\u00c9S DE SOL\u00b7LICITUD ELECTR\u00d2NICA<\/u><\/strong> en els casos seg\u00fcents:<\/p>\n<ul>\n<li>Alumnes de Catalunya que no han estat escolaritzats des del curs 2015\/16<\/li>\n<li>Alumnes de fora de Catalunya<\/li>\n<\/ul>\n<p>&nbsp;<\/p>\n<p>En aquests casos han de venir <strong>PRESENCIALMENT<\/strong> al centre. Per concertar una cita presencial, si encara no la teniu, cliqui al seg\u00fcent enlla\u00e7 <span style=\"color: #0000ff\"><a style=\"color: #0000ff\" href=\"https:\/\/forms.office.com\/Pages\/ResponsePage.aspx?id=TaYfSO14xk66QMMnwrGU9mDaLs5e04NHgWJHmFiSeD9UQzcwRU83TEZSUTExVkpJNlJPQUhXMkNDRC4u\">[AQUI]<\/a><\/span> o b\u00e9 trucar al 93 340 82 04\/ 93 274 47 00.<\/p>\n<p>&nbsp;<\/p>\n<p>&nbsp;<\/p>\n<h4>Eva Campabadal<\/h4>\n<p>Responsable d&#8217;Admissi\u00f3<\/p>\n","protected":false},"excerpt":{"rendered":"<p>El proper dimarts 14 de maig i fins al 21 de maig s\u2019obre el per\u00edode de preinscripci\u00f3 oficial per Grau Mitj\u00e0 de Gesti\u00f3 Administrativa (GEAD), Sistemes microinform\u00e0tics i xarxes (SMX) i Electromec\u00e0nica de vehicles. Com a novetat, el departament d\u2019Educaci\u00f3 de la Generalitat de Catalunya ha implementat la preinscripci\u00f3 a trav\u00e9s la SOL\u00b7LICITUT ELECTR\u00d2NICA. En [&hellip;]<\/p>\n","protected":false},"author":1,"featured_media":3256,"comment_status":"closed","ping_status":"closed","sticky":false,"template":"","format":"standard","meta":{"footnotes":""},"categories":[252,256,255,258],"tags":[263,268],"class_list":["post-6067","post","type-post","status-publish","format-standard","has-post-thumbnail","hentry","category-automocio","category-empresa-i-marqueting","category-informatica","category-monlau","tag-grau-mitja","tag-preinscripcio"],"yoast_head":"<!-- This site is optimized with the Yoast SEO plugin v27.2 - https:\/\/yoast.com\/product\/yoast-seo-wordpress\/ -->\n<title>14M: Comencen les preinscripcions de Grau Mitj\u00e0 - Formaci\u00f3n profesional<\/title>\n<meta name=\"robots\" content=\"index, follow, max-snippet:-1, max-image-preview:large, max-video-preview:-1\" \/>\n<link rel=\"canonical\" href=\"https:\/\/www.monlau.com\/fp\/ca\/2019\/05\/07\/comencen-les-preinscripcions-de-grau-mitja\/\" \/>\n<meta property=\"og:locale\" content=\"ca_ES\" \/>\n<meta property=\"og:type\" content=\"article\" \/>\n<meta property=\"og:title\" content=\"14M: Comencen les preinscripcions de Grau Mitj\u00e0 - Formaci\u00f3n profesional\" \/>\n<meta property=\"og:description\" content=\"El proper dimarts 14 de maig i fins al 21 de maig s\u2019obre el per\u00edode de preinscripci\u00f3 oficial per Grau Mitj\u00e0 de Gesti\u00f3 Administrativa (GEAD), Sistemes microinform\u00e0tics i xarxes (SMX) i Electromec\u00e0nica de vehicles. Com a novetat, el departament d\u2019Educaci\u00f3 de la Generalitat de Catalunya ha implementat la preinscripci\u00f3 a trav\u00e9s la SOL\u00b7LICITUT ELECTR\u00d2NICA. En [&hellip;]\" \/>\n<meta property=\"og:url\" content=\"https:\/\/www.monlau.com\/fp\/ca\/2019\/05\/07\/comencen-les-preinscripcions-de-grau-mitja\/\" \/>\n<meta property=\"og:site_name\" content=\"Formaci\u00f3n profesional\" \/>\n<meta property=\"article:published_time\" content=\"2019-05-06T22:00:00+00:00\" \/>\n<meta property=\"article:modified_time\" content=\"2026-03-10T09:03:35+00:00\" \/>\n<meta property=\"og:image\" content=\"https:\/\/www.monlau.com\/app\/uploads\/sites\/3\/2026\/03\/SAGRERA-1030-min-scaled.jpg\" \/>\n\t<meta property=\"og:image:width\" content=\"2560\" \/>\n\t<meta property=\"og:image:height\" content=\"1707\" \/>\n\t<meta property=\"og:image:type\" content=\"image\/jpeg\" \/>\n<meta name=\"author\" content=\"adsmurai\" \/>\n<meta name=\"twitter:card\" content=\"summary_large_image\" \/>\n<meta name=\"twitter:label1\" content=\"Escrit per\" \/>\n\t<meta name=\"twitter:data1\" content=\"adsmurai\" \/>\n\t<meta name=\"twitter:label2\" content=\"Temps estimat de lectura\" \/>\n\t<meta name=\"twitter:data2\" content=\"3 minuts\" \/>\n<script type=\"application\/ld+json\" class=\"yoast-schema-graph\">{\"@context\":\"https:\/\/schema.org\",\"@graph\":[{\"@type\":\"Article\",\"@id\":\"https:\/\/www.monlau.com\/fp\/ca\/2019\/05\/07\/comencen-les-preinscripcions-de-grau-mitja\/#article\",\"isPartOf\":{\"@id\":\"https:\/\/www.monlau.com\/fp\/ca\/2019\/05\/07\/comencen-les-preinscripcions-de-grau-mitja\/\"},\"author\":{\"name\":\"adsmurai\",\"@id\":\"https:\/\/www.monlau.com\/fp\/ca\/#\/schema\/person\/419cfdf054323e24e0a2ef1d8597f051\"},\"headline\":\"14M: Comencen les preinscripcions de Grau Mitj\u00e0\",\"datePublished\":\"2019-05-06T22:00:00+00:00\",\"dateModified\":\"2026-03-10T09:03:35+00:00\",\"mainEntityOfPage\":{\"@id\":\"https:\/\/www.monlau.com\/fp\/ca\/2019\/05\/07\/comencen-les-preinscripcions-de-grau-mitja\/\"},\"wordCount\":511,\"publisher\":{\"@id\":\"https:\/\/www.monlau.com\/fp\/ca\/#organization\"},\"image\":{\"@id\":\"https:\/\/www.monlau.com\/fp\/ca\/2019\/05\/07\/comencen-les-preinscripcions-de-grau-mitja\/#primaryimage\"},\"thumbnailUrl\":\"https:\/\/www.monlau.com\/app\/uploads\/sites\/3\/2026\/03\/SAGRERA-1030-min-scaled.jpg\",\"keywords\":[\"Grau Mitj\u00e0\",\"Preinscripci\u00f3\"],\"articleSection\":[\"Automoci\u00f3\",\"Empresa i M\u00e0rqueting\",\"Inform\u00e0tica\",\"Monlau\"],\"inLanguage\":\"ca\"},{\"@type\":\"WebPage\",\"@id\":\"https:\/\/www.monlau.com\/fp\/ca\/2019\/05\/07\/comencen-les-preinscripcions-de-grau-mitja\/\",\"url\":\"https:\/\/www.monlau.com\/fp\/ca\/2019\/05\/07\/comencen-les-preinscripcions-de-grau-mitja\/\",\"name\":\"14M: Comencen les preinscripcions de Grau Mitj\u00e0 - Formaci\u00f3n profesional\",\"isPartOf\":{\"@id\":\"https:\/\/www.monlau.com\/fp\/ca\/#website\"},\"primaryImageOfPage\":{\"@id\":\"https:\/\/www.monlau.com\/fp\/ca\/2019\/05\/07\/comencen-les-preinscripcions-de-grau-mitja\/#primaryimage\"},\"image\":{\"@id\":\"https:\/\/www.monlau.com\/fp\/ca\/2019\/05\/07\/comencen-les-preinscripcions-de-grau-mitja\/#primaryimage\"},\"thumbnailUrl\":\"https:\/\/www.monlau.com\/app\/uploads\/sites\/3\/2026\/03\/SAGRERA-1030-min-scaled.jpg\",\"datePublished\":\"2019-05-06T22:00:00+00:00\",\"dateModified\":\"2026-03-10T09:03:35+00:00\",\"breadcrumb\":{\"@id\":\"https:\/\/www.monlau.com\/fp\/ca\/2019\/05\/07\/comencen-les-preinscripcions-de-grau-mitja\/#breadcrumb\"},\"inLanguage\":\"ca\",\"potentialAction\":[{\"@type\":\"ReadAction\",\"target\":[\"https:\/\/www.monlau.com\/fp\/ca\/2019\/05\/07\/comencen-les-preinscripcions-de-grau-mitja\/\"]}]},{\"@type\":\"ImageObject\",\"inLanguage\":\"ca\",\"@id\":\"https:\/\/www.monlau.com\/fp\/ca\/2019\/05\/07\/comencen-les-preinscripcions-de-grau-mitja\/#primaryimage\",\"url\":\"https:\/\/www.monlau.com\/app\/uploads\/sites\/3\/2026\/03\/SAGRERA-1030-min-scaled.jpg\",\"contentUrl\":\"https:\/\/www.monlau.com\/app\/uploads\/sites\/3\/2026\/03\/SAGRERA-1030-min-scaled.jpg\",\"width\":2560,\"height\":1707},{\"@type\":\"BreadcrumbList\",\"@id\":\"https:\/\/www.monlau.com\/fp\/ca\/2019\/05\/07\/comencen-les-preinscripcions-de-grau-mitja\/#breadcrumb\",\"itemListElement\":[{\"@type\":\"ListItem\",\"position\":1,\"name\":\"Portada\",\"item\":\"https:\/\/www.monlau.com\/fp\/ca\/inici\/\"},{\"@type\":\"ListItem\",\"position\":2,\"name\":\"14M: Comencen les preinscripcions de Grau Mitj\u00e0\"}]},{\"@type\":\"WebSite\",\"@id\":\"https:\/\/www.monlau.com\/fp\/ca\/#website\",\"url\":\"https:\/\/www.monlau.com\/fp\/ca\/\",\"name\":\"Formaci\u00f3n profesional\",\"description\":\"Monlau\",\"publisher\":{\"@id\":\"https:\/\/www.monlau.com\/fp\/ca\/#organization\"},\"potentialAction\":[{\"@type\":\"SearchAction\",\"target\":{\"@type\":\"EntryPoint\",\"urlTemplate\":\"https:\/\/www.monlau.com\/fp\/ca\/?s={search_term_string}\"},\"query-input\":{\"@type\":\"PropertyValueSpecification\",\"valueRequired\":true,\"valueName\":\"search_term_string\"}}],\"inLanguage\":\"ca\"},{\"@type\":\"Organization\",\"@id\":\"https:\/\/www.monlau.com\/fp\/ca\/#organization\",\"name\":\"Formaci\u00f3n profesional\",\"url\":\"https:\/\/www.monlau.com\/fp\/ca\/\",\"logo\":{\"@type\":\"ImageObject\",\"inLanguage\":\"ca\",\"@id\":\"https:\/\/www.monlau.com\/fp\/ca\/#\/schema\/logo\/image\/\",\"url\":\"https:\/\/www.monlau.com\/app\/uploads\/sites\/3\/2026\/01\/fp.png\",\"contentUrl\":\"https:\/\/www.monlau.com\/app\/uploads\/sites\/3\/2026\/01\/fp.png\",\"width\":1024,\"height\":878,\"caption\":\"Formaci\u00f3n profesional\"},\"image\":{\"@id\":\"https:\/\/www.monlau.com\/fp\/ca\/#\/schema\/logo\/image\/\"}},{\"@type\":\"Person\",\"@id\":\"https:\/\/www.monlau.com\/fp\/ca\/#\/schema\/person\/419cfdf054323e24e0a2ef1d8597f051\",\"name\":\"adsmurai\",\"image\":{\"@type\":\"ImageObject\",\"inLanguage\":\"ca\",\"@id\":\"https:\/\/secure.gravatar.com\/avatar\/0748788578f91786454454fa3b4c295644edb991ad6caadc70b41d26790d38fc?s=96&d=mm&r=g\",\"url\":\"https:\/\/secure.gravatar.com\/avatar\/0748788578f91786454454fa3b4c295644edb991ad6caadc70b41d26790d38fc?s=96&d=mm&r=g\",\"contentUrl\":\"https:\/\/secure.gravatar.com\/avatar\/0748788578f91786454454fa3b4c295644edb991ad6caadc70b41d26790d38fc?s=96&d=mm&r=g\",\"caption\":\"adsmurai\"},\"sameAs\":[\"https:\/\/www.monlau.com\"],\"url\":\"https:\/\/www.monlau.com\/fp\/ca\/author\/adsmurai\/\"}]}<\/script>\n<!-- \/ Yoast SEO plugin. -->","yoast_head_json":{"title":"14M: Comencen les preinscripcions de Grau Mitj\u00e0 - Formaci\u00f3n profesional","robots":{"index":"index","follow":"follow","max-snippet":"max-snippet:-1","max-image-preview":"max-image-preview:large","max-video-preview":"max-video-preview:-1"},"canonical":"https:\/\/www.monlau.com\/fp\/ca\/2019\/05\/07\/comencen-les-preinscripcions-de-grau-mitja\/","og_locale":"ca_ES","og_type":"article","og_title":"14M: Comencen les preinscripcions de Grau Mitj\u00e0 - Formaci\u00f3n profesional","og_description":"El proper dimarts 14 de maig i fins al 21 de maig s\u2019obre el per\u00edode de preinscripci\u00f3 oficial per Grau Mitj\u00e0 de Gesti\u00f3 Administrativa (GEAD), Sistemes microinform\u00e0tics i xarxes (SMX) i Electromec\u00e0nica de vehicles. Com a novetat, el departament d\u2019Educaci\u00f3 de la Generalitat de Catalunya ha implementat la preinscripci\u00f3 a trav\u00e9s la SOL\u00b7LICITUT ELECTR\u00d2NICA. En [&hellip;]","og_url":"https:\/\/www.monlau.com\/fp\/ca\/2019\/05\/07\/comencen-les-preinscripcions-de-grau-mitja\/","og_site_name":"Formaci\u00f3n profesional","article_published_time":"2019-05-06T22:00:00+00:00","article_modified_time":"2026-03-10T09:03:35+00:00","og_image":[{"width":2560,"height":1707,"url":"https:\/\/www.monlau.com\/app\/uploads\/sites\/3\/2026\/03\/SAGRERA-1030-min-scaled.jpg","type":"image\/jpeg"}],"author":"adsmurai","twitter_card":"summary_large_image","twitter_misc":{"Escrit per":"adsmurai","Temps estimat de lectura":"3 minuts"},"schema":{"@context":"https:\/\/schema.org","@graph":[{"@type":"Article","@id":"https:\/\/www.monlau.com\/fp\/ca\/2019\/05\/07\/comencen-les-preinscripcions-de-grau-mitja\/#article","isPartOf":{"@id":"https:\/\/www.monlau.com\/fp\/ca\/2019\/05\/07\/comencen-les-preinscripcions-de-grau-mitja\/"},"author":{"name":"adsmurai","@id":"https:\/\/www.monlau.com\/fp\/ca\/#\/schema\/person\/419cfdf054323e24e0a2ef1d8597f051"},"headline":"14M: Comencen les preinscripcions de Grau Mitj\u00e0","datePublished":"2019-05-06T22:00:00+00:00","dateModified":"2026-03-10T09:03:35+00:00","mainEntityOfPage":{"@id":"https:\/\/www.monlau.com\/fp\/ca\/2019\/05\/07\/comencen-les-preinscripcions-de-grau-mitja\/"},"wordCount":511,"publisher":{"@id":"https:\/\/www.monlau.com\/fp\/ca\/#organization"},"image":{"@id":"https:\/\/www.monlau.com\/fp\/ca\/2019\/05\/07\/comencen-les-preinscripcions-de-grau-mitja\/#primaryimage"},"thumbnailUrl":"https:\/\/www.monlau.com\/app\/uploads\/sites\/3\/2026\/03\/SAGRERA-1030-min-scaled.jpg","keywords":["Grau Mitj\u00e0","Preinscripci\u00f3"],"articleSection":["Automoci\u00f3","Empresa i M\u00e0rqueting","Inform\u00e0tica","Monlau"],"inLanguage":"ca"},{"@type":"WebPage","@id":"https:\/\/www.monlau.com\/fp\/ca\/2019\/05\/07\/comencen-les-preinscripcions-de-grau-mitja\/","url":"https:\/\/www.monlau.com\/fp\/ca\/2019\/05\/07\/comencen-les-preinscripcions-de-grau-mitja\/","name":"14M: Comencen les preinscripcions de Grau Mitj\u00e0 - Formaci\u00f3n profesional","isPartOf":{"@id":"https:\/\/www.monlau.com\/fp\/ca\/#website"},"primaryImageOfPage":{"@id":"https:\/\/www.monlau.com\/fp\/ca\/2019\/05\/07\/comencen-les-preinscripcions-de-grau-mitja\/#primaryimage"},"image":{"@id":"https:\/\/www.monlau.com\/fp\/ca\/2019\/05\/07\/comencen-les-preinscripcions-de-grau-mitja\/#primaryimage"},"thumbnailUrl":"https:\/\/www.monlau.com\/app\/uploads\/sites\/3\/2026\/03\/SAGRERA-1030-min-scaled.jpg","datePublished":"2019-05-06T22:00:00+00:00","dateModified":"2026-03-10T09:03:35+00:00","breadcrumb":{"@id":"https:\/\/www.monlau.com\/fp\/ca\/2019\/05\/07\/comencen-les-preinscripcions-de-grau-mitja\/#breadcrumb"},"inLanguage":"ca","potentialAction":[{"@type":"ReadAction","target":["https:\/\/www.monlau.com\/fp\/ca\/2019\/05\/07\/comencen-les-preinscripcions-de-grau-mitja\/"]}]},{"@type":"ImageObject","inLanguage":"ca","@id":"https:\/\/www.monlau.com\/fp\/ca\/2019\/05\/07\/comencen-les-preinscripcions-de-grau-mitja\/#primaryimage","url":"https:\/\/www.monlau.com\/app\/uploads\/sites\/3\/2026\/03\/SAGRERA-1030-min-scaled.jpg","contentUrl":"https:\/\/www.monlau.com\/app\/uploads\/sites\/3\/2026\/03\/SAGRERA-1030-min-scaled.jpg","width":2560,"height":1707},{"@type":"BreadcrumbList","@id":"https:\/\/www.monlau.com\/fp\/ca\/2019\/05\/07\/comencen-les-preinscripcions-de-grau-mitja\/#breadcrumb","itemListElement":[{"@type":"ListItem","position":1,"name":"Portada","item":"https:\/\/www.monlau.com\/fp\/ca\/inici\/"},{"@type":"ListItem","position":2,"name":"14M: Comencen les preinscripcions de Grau Mitj\u00e0"}]},{"@type":"WebSite","@id":"https:\/\/www.monlau.com\/fp\/ca\/#website","url":"https:\/\/www.monlau.com\/fp\/ca\/","name":"Formaci\u00f3n profesional","description":"Monlau","publisher":{"@id":"https:\/\/www.monlau.com\/fp\/ca\/#organization"},"potentialAction":[{"@type":"SearchAction","target":{"@type":"EntryPoint","urlTemplate":"https:\/\/www.monlau.com\/fp\/ca\/?s={search_term_string}"},"query-input":{"@type":"PropertyValueSpecification","valueRequired":true,"valueName":"search_term_string"}}],"inLanguage":"ca"},{"@type":"Organization","@id":"https:\/\/www.monlau.com\/fp\/ca\/#organization","name":"Formaci\u00f3n profesional","url":"https:\/\/www.monlau.com\/fp\/ca\/","logo":{"@type":"ImageObject","inLanguage":"ca","@id":"https:\/\/www.monlau.com\/fp\/ca\/#\/schema\/logo\/image\/","url":"https:\/\/www.monlau.com\/app\/uploads\/sites\/3\/2026\/01\/fp.png","contentUrl":"https:\/\/www.monlau.com\/app\/uploads\/sites\/3\/2026\/01\/fp.png","width":1024,"height":878,"caption":"Formaci\u00f3n profesional"},"image":{"@id":"https:\/\/www.monlau.com\/fp\/ca\/#\/schema\/logo\/image\/"}},{"@type":"Person","@id":"https:\/\/www.monlau.com\/fp\/ca\/#\/schema\/person\/419cfdf054323e24e0a2ef1d8597f051","name":"adsmurai","image":{"@type":"ImageObject","inLanguage":"ca","@id":"https:\/\/secure.gravatar.com\/avatar\/0748788578f91786454454fa3b4c295644edb991ad6caadc70b41d26790d38fc?s=96&d=mm&r=g","url":"https:\/\/secure.gravatar.com\/avatar\/0748788578f91786454454fa3b4c295644edb991ad6caadc70b41d26790d38fc?s=96&d=mm&r=g","contentUrl":"https:\/\/secure.gravatar.com\/avatar\/0748788578f91786454454fa3b4c295644edb991ad6caadc70b41d26790d38fc?s=96&d=mm&r=g","caption":"adsmurai"},"sameAs":["https:\/\/www.monlau.com"],"url":"https:\/\/www.monlau.com\/fp\/ca\/author\/adsmurai\/"}]}},"_links":{"self":[{"href":"https:\/\/www.monlau.com\/fp\/ca\/wp-json\/wp\/v2\/posts\/6067","targetHints":{"allow":["GET"]}}],"collection":[{"href":"https:\/\/www.monlau.com\/fp\/ca\/wp-json\/wp\/v2\/posts"}],"about":[{"href":"https:\/\/www.monlau.com\/fp\/ca\/wp-json\/wp\/v2\/types\/post"}],"author":[{"embeddable":true,"href":"https:\/\/www.monlau.com\/fp\/ca\/wp-json\/wp\/v2\/users\/1"}],"replies":[{"embeddable":true,"href":"https:\/\/www.monlau.com\/fp\/ca\/wp-json\/wp\/v2\/comments?post=6067"}],"version-history":[{"count":1,"href":"https:\/\/www.monlau.com\/fp\/ca\/wp-json\/wp\/v2\/posts\/6067\/revisions"}],"predecessor-version":[{"id":6508,"href":"https:\/\/www.monlau.com\/fp\/ca\/wp-json\/wp\/v2\/posts\/6067\/revisions\/6508"}],"wp:featuredmedia":[{"embeddable":true,"href":"https:\/\/www.monlau.com\/fp\/ca\/wp-json\/wp\/v2\/media\/3256"}],"wp:attachment":[{"href":"https:\/\/www.monlau.com\/fp\/ca\/wp-json\/wp\/v2\/media?parent=6067"}],"wp:term":[{"taxonomy":"category","embeddable":true,"href":"https:\/\/www.monlau.com\/fp\/ca\/wp-json\/wp\/v2\/categories?post=6067"},{"taxonomy":"post_tag","embeddable":true,"href":"https:\/\/www.monlau.com\/fp\/ca\/wp-json\/wp\/v2\/tags?post=6067"}],"curies":[{"name":"wp","href":"https:\/\/api.w.org\/{rel}","templated":true}]}}