{"id":6063,"date":"2019-04-24T00:00:00","date_gmt":"2019-04-23T22:00:00","guid":{"rendered":"https:\/\/www.monlau.com\/formacion-profesional\/5-raons-per-estudiar-un-cicle-formatiu-de-grau-mitja\/"},"modified":"2026-03-10T10:03:35","modified_gmt":"2026-03-10T09:03:35","slug":"5-raons-per-estudiar-un-cicle-formatiu-de-grau-mitja","status":"publish","type":"post","link":"https:\/\/www.monlau.com\/fp\/ca\/2019\/04\/24\/5-raons-per-estudiar-un-cicle-formatiu-de-grau-mitja\/","title":{"rendered":"5 raons per estudiar un cicle formatiu de Grau Mitj\u00e0"},"content":{"rendered":"<p><strong>S\u2019acaba l\u2019ESO i molts de vosaltres us plantegeu cap a on encaminar la vostra traject\u00f2ria acad\u00e8mica.<\/strong> Avui us apropem una mica m\u00e9s la formaci\u00f3 professional de Grau Mitj\u00e0. Aqu\u00ed us expliquem <strong>5 raons per acabar de prendre la decisi\u00f3<\/strong>, que no s\u00f3n tan conegudes.<\/p>\n<p>&nbsp;<\/p>\n<h3><strong>1.Una enorme varietat d\u2019oferta de formacions<\/strong>.<\/h3>\n<p>La formaci\u00f3 professional ha evolucionat molt en els \u00faltims anys i <strong>existeixen m\u00e9s de 25 fam\u00edlies professionals on poder trobar la tem\u00e0tica que m\u00e9s t\u2019agrada.<\/strong> A Catalunya podem consultar <a href=\"http:\/\/queestudiar.gencat.cat\/es\/estudis\/fp\/\">la web \u201cqueestudiar\u201d<\/a> per tal de tenir una idea m\u00e9s concreta.<\/p>\n<h3><strong>2.Enfocada al m\u00f3n laboral<\/strong>.<\/h3>\n<p>Es tracta d\u2019una formaci\u00f3 de 2 anys que <strong>et capacita per al m\u00f3n laboral, dotant-te de coneixement t\u00e8cnics i pr\u00e0ctics que et permetran desenvolupar una ocupaci\u00f3 en concret.<\/strong> A m\u00e9s a m\u00e9s, tots els cicles inclouen un m\u00f2dul, al segon any, que et permet comen\u00e7ar a tenir contacte amb l\u2019empresa, el taller o el lloc on realitzar\u00e0s la teva formaci\u00f3.<\/p>\n<h3><strong>3.Hi ha vida m\u00e9s enll\u00e0 de les nostres fronteres<\/strong>.<\/h3>\n<p>\u00bfSabies que la formaci\u00f3 professional \u00e9s el cam\u00ed que escull m\u00e9s del 50% de la poblaci\u00f3 activa europea?. A molts pa\u00efsos europeus, <strong>la formaci\u00f3 professional gaudeix de millor prestigi i consideraci\u00f3 a l\u2019hora de trobar feina<\/strong>, una titulaci\u00f3 oficial en aquest camp \u00e9s, sens dubte, una porta oberta al m\u00f3n.<\/p>\n<h3><strong>4.Inserci\u00f3 laboral<\/strong>.<\/h3>\n<p>Les ofertes de feina per a titulats, expressament en <strong>formaci\u00f3 professional, s\u00f3n de m\u00e9s del 20% al nostre pa\u00eds segons l\u2019\u00faltim informe del Ministeri de treball<\/strong>, mentre que els titulats en prou feines arriben a aquesta xifra.<\/p>\n<h3><strong>5.Continuaci\u00f3 dels estudis<\/strong>.<\/h3>\n<p>Despr\u00e9s del Grau Mitj\u00e0 pots accedir, de manera directa, al Grau Superior. Una formaci\u00f3 tamb\u00e9 de car\u00e0cter t\u00e8cnic que et permet especialitzar-te en el teu camp i accedir a millors posicions laborals, <strong>sense oblidar que despr\u00e9s podries incl\u00fas accedir a la universitat.<\/strong><\/p>\n<p>Si vols m\u00e9s informaci\u00f3 no dubtis a posar-te en contacte amb nosaltres i podr\u00e0s venir a Monlau a con\u00e8ixer la nostra oferta en <a href=\"https:\/\/www.monlau.com\/estudis-professionals\/\">Grau Mitj\u00e0<\/a> .<\/p>\n<h4>Joan Segarra<\/h4>\n<p>Director del Centre<\/p>\n","protected":false},"excerpt":{"rendered":"<p>S\u2019acaba l\u2019ESO i molts de vosaltres us plantegeu cap a on encaminar la vostra traject\u00f2ria acad\u00e8mica. Avui us apropem una mica m\u00e9s la formaci\u00f3 professional de Grau Mitj\u00e0. Aqu\u00ed us expliquem 5 raons per acabar de prendre la decisi\u00f3, que no s\u00f3n tan conegudes. &nbsp; 1.Una enorme varietat d\u2019oferta de formacions. La formaci\u00f3 professional ha [&hellip;]<\/p>\n","protected":false},"author":1,"featured_media":3248,"comment_status":"closed","ping_status":"closed","sticky":false,"template":"","format":"standard","meta":{"footnotes":""},"categories":[252,256,255,258],"tags":[262,263],"class_list":["post-6063","post","type-post","status-publish","format-standard","has-post-thumbnail","hentry","category-automocio","category-empresa-i-marqueting","category-informatica","category-monlau","tag-futur","tag-grau-mitja"],"yoast_head":"<!-- This site is optimized with the Yoast SEO plugin v27.2 - https:\/\/yoast.com\/product\/yoast-seo-wordpress\/ -->\n<title>5 raons per estudiar un cicle formatiu de Grau Mitj\u00e0 - Formaci\u00f3n profesional<\/title>\n<meta name=\"robots\" content=\"index, follow, max-snippet:-1, max-image-preview:large, max-video-preview:-1\" \/>\n<link rel=\"canonical\" href=\"https:\/\/www.monlau.com\/fp\/ca\/2019\/04\/24\/5-raons-per-estudiar-un-cicle-formatiu-de-grau-mitja\/\" \/>\n<meta property=\"og:locale\" content=\"ca_ES\" \/>\n<meta property=\"og:type\" content=\"article\" \/>\n<meta property=\"og:title\" content=\"5 raons per estudiar un cicle formatiu de Grau Mitj\u00e0 - Formaci\u00f3n profesional\" \/>\n<meta property=\"og:description\" content=\"S\u2019acaba l\u2019ESO i molts de vosaltres us plantegeu cap a on encaminar la vostra traject\u00f2ria acad\u00e8mica. Avui us apropem una mica m\u00e9s la formaci\u00f3 professional de Grau Mitj\u00e0. Aqu\u00ed us expliquem 5 raons per acabar de prendre la decisi\u00f3, que no s\u00f3n tan conegudes. &nbsp; 1.Una enorme varietat d\u2019oferta de formacions. La formaci\u00f3 professional ha [&hellip;]\" \/>\n<meta property=\"og:url\" content=\"https:\/\/www.monlau.com\/fp\/ca\/2019\/04\/24\/5-raons-per-estudiar-un-cicle-formatiu-de-grau-mitja\/\" \/>\n<meta property=\"og:site_name\" content=\"Formaci\u00f3n profesional\" \/>\n<meta property=\"article:published_time\" content=\"2019-04-23T22:00:00+00:00\" \/>\n<meta property=\"article:modified_time\" content=\"2026-03-10T09:03:35+00:00\" \/>\n<meta property=\"og:image\" content=\"https:\/\/www.monlau.com\/app\/uploads\/sites\/3\/2026\/03\/SAGRERA-1010-min-scaled.jpg\" \/>\n\t<meta property=\"og:image:width\" content=\"2560\" \/>\n\t<meta property=\"og:image:height\" content=\"1707\" \/>\n\t<meta property=\"og:image:type\" content=\"image\/jpeg\" \/>\n<meta name=\"author\" content=\"adsmurai\" \/>\n<meta name=\"twitter:card\" content=\"summary_large_image\" \/>\n<meta name=\"twitter:label1\" content=\"Escrit per\" \/>\n\t<meta name=\"twitter:data1\" content=\"adsmurai\" \/>\n\t<meta name=\"twitter:label2\" content=\"Temps estimat de lectura\" \/>\n\t<meta name=\"twitter:data2\" content=\"2 minuts\" \/>\n<script type=\"application\/ld+json\" class=\"yoast-schema-graph\">{\"@context\":\"https:\/\/schema.org\",\"@graph\":[{\"@type\":\"Article\",\"@id\":\"https:\/\/www.monlau.com\/fp\/ca\/2019\/04\/24\/5-raons-per-estudiar-un-cicle-formatiu-de-grau-mitja\/#article\",\"isPartOf\":{\"@id\":\"https:\/\/www.monlau.com\/fp\/ca\/2019\/04\/24\/5-raons-per-estudiar-un-cicle-formatiu-de-grau-mitja\/\"},\"author\":{\"name\":\"adsmurai\",\"@id\":\"https:\/\/www.monlau.com\/fp\/ca\/#\/schema\/person\/419cfdf054323e24e0a2ef1d8597f051\"},\"headline\":\"5 raons per estudiar un cicle formatiu de Grau Mitj\u00e0\",\"datePublished\":\"2019-04-23T22:00:00+00:00\",\"dateModified\":\"2026-03-10T09:03:35+00:00\",\"mainEntityOfPage\":{\"@id\":\"https:\/\/www.monlau.com\/fp\/ca\/2019\/04\/24\/5-raons-per-estudiar-un-cicle-formatiu-de-grau-mitja\/\"},\"wordCount\":373,\"publisher\":{\"@id\":\"https:\/\/www.monlau.com\/fp\/ca\/#organization\"},\"image\":{\"@id\":\"https:\/\/www.monlau.com\/fp\/ca\/2019\/04\/24\/5-raons-per-estudiar-un-cicle-formatiu-de-grau-mitja\/#primaryimage\"},\"thumbnailUrl\":\"https:\/\/www.monlau.com\/app\/uploads\/sites\/3\/2026\/03\/SAGRERA-1010-min-scaled.jpg\",\"keywords\":[\"Futur\",\"Grau Mitj\u00e0\"],\"articleSection\":[\"Automoci\u00f3\",\"Empresa i M\u00e0rqueting\",\"Inform\u00e0tica\",\"Monlau\"],\"inLanguage\":\"ca\"},{\"@type\":\"WebPage\",\"@id\":\"https:\/\/www.monlau.com\/fp\/ca\/2019\/04\/24\/5-raons-per-estudiar-un-cicle-formatiu-de-grau-mitja\/\",\"url\":\"https:\/\/www.monlau.com\/fp\/ca\/2019\/04\/24\/5-raons-per-estudiar-un-cicle-formatiu-de-grau-mitja\/\",\"name\":\"5 raons per estudiar un cicle formatiu de Grau Mitj\u00e0 - Formaci\u00f3n profesional\",\"isPartOf\":{\"@id\":\"https:\/\/www.monlau.com\/fp\/ca\/#website\"},\"primaryImageOfPage\":{\"@id\":\"https:\/\/www.monlau.com\/fp\/ca\/2019\/04\/24\/5-raons-per-estudiar-un-cicle-formatiu-de-grau-mitja\/#primaryimage\"},\"image\":{\"@id\":\"https:\/\/www.monlau.com\/fp\/ca\/2019\/04\/24\/5-raons-per-estudiar-un-cicle-formatiu-de-grau-mitja\/#primaryimage\"},\"thumbnailUrl\":\"https:\/\/www.monlau.com\/app\/uploads\/sites\/3\/2026\/03\/SAGRERA-1010-min-scaled.jpg\",\"datePublished\":\"2019-04-23T22:00:00+00:00\",\"dateModified\":\"2026-03-10T09:03:35+00:00\",\"breadcrumb\":{\"@id\":\"https:\/\/www.monlau.com\/fp\/ca\/2019\/04\/24\/5-raons-per-estudiar-un-cicle-formatiu-de-grau-mitja\/#breadcrumb\"},\"inLanguage\":\"ca\",\"potentialAction\":[{\"@type\":\"ReadAction\",\"target\":[\"https:\/\/www.monlau.com\/fp\/ca\/2019\/04\/24\/5-raons-per-estudiar-un-cicle-formatiu-de-grau-mitja\/\"]}]},{\"@type\":\"ImageObject\",\"inLanguage\":\"ca\",\"@id\":\"https:\/\/www.monlau.com\/fp\/ca\/2019\/04\/24\/5-raons-per-estudiar-un-cicle-formatiu-de-grau-mitja\/#primaryimage\",\"url\":\"https:\/\/www.monlau.com\/app\/uploads\/sites\/3\/2026\/03\/SAGRERA-1010-min-scaled.jpg\",\"contentUrl\":\"https:\/\/www.monlau.com\/app\/uploads\/sites\/3\/2026\/03\/SAGRERA-1010-min-scaled.jpg\",\"width\":2560,\"height\":1707},{\"@type\":\"BreadcrumbList\",\"@id\":\"https:\/\/www.monlau.com\/fp\/ca\/2019\/04\/24\/5-raons-per-estudiar-un-cicle-formatiu-de-grau-mitja\/#breadcrumb\",\"itemListElement\":[{\"@type\":\"ListItem\",\"position\":1,\"name\":\"Portada\",\"item\":\"https:\/\/www.monlau.com\/fp\/ca\/inici\/\"},{\"@type\":\"ListItem\",\"position\":2,\"name\":\"5 raons per estudiar un cicle formatiu de Grau Mitj\u00e0\"}]},{\"@type\":\"WebSite\",\"@id\":\"https:\/\/www.monlau.com\/fp\/ca\/#website\",\"url\":\"https:\/\/www.monlau.com\/fp\/ca\/\",\"name\":\"Formaci\u00f3n profesional\",\"description\":\"Monlau\",\"publisher\":{\"@id\":\"https:\/\/www.monlau.com\/fp\/ca\/#organization\"},\"potentialAction\":[{\"@type\":\"SearchAction\",\"target\":{\"@type\":\"EntryPoint\",\"urlTemplate\":\"https:\/\/www.monlau.com\/fp\/ca\/?s={search_term_string}\"},\"query-input\":{\"@type\":\"PropertyValueSpecification\",\"valueRequired\":true,\"valueName\":\"search_term_string\"}}],\"inLanguage\":\"ca\"},{\"@type\":\"Organization\",\"@id\":\"https:\/\/www.monlau.com\/fp\/ca\/#organization\",\"name\":\"Formaci\u00f3n profesional\",\"url\":\"https:\/\/www.monlau.com\/fp\/ca\/\",\"logo\":{\"@type\":\"ImageObject\",\"inLanguage\":\"ca\",\"@id\":\"https:\/\/www.monlau.com\/fp\/ca\/#\/schema\/logo\/image\/\",\"url\":\"https:\/\/www.monlau.com\/app\/uploads\/sites\/3\/2026\/01\/fp.png\",\"contentUrl\":\"https:\/\/www.monlau.com\/app\/uploads\/sites\/3\/2026\/01\/fp.png\",\"width\":1024,\"height\":878,\"caption\":\"Formaci\u00f3n profesional\"},\"image\":{\"@id\":\"https:\/\/www.monlau.com\/fp\/ca\/#\/schema\/logo\/image\/\"}},{\"@type\":\"Person\",\"@id\":\"https:\/\/www.monlau.com\/fp\/ca\/#\/schema\/person\/419cfdf054323e24e0a2ef1d8597f051\",\"name\":\"adsmurai\",\"image\":{\"@type\":\"ImageObject\",\"inLanguage\":\"ca\",\"@id\":\"https:\/\/secure.gravatar.com\/avatar\/0748788578f91786454454fa3b4c295644edb991ad6caadc70b41d26790d38fc?s=96&d=mm&r=g\",\"url\":\"https:\/\/secure.gravatar.com\/avatar\/0748788578f91786454454fa3b4c295644edb991ad6caadc70b41d26790d38fc?s=96&d=mm&r=g\",\"contentUrl\":\"https:\/\/secure.gravatar.com\/avatar\/0748788578f91786454454fa3b4c295644edb991ad6caadc70b41d26790d38fc?s=96&d=mm&r=g\",\"caption\":\"adsmurai\"},\"sameAs\":[\"https:\/\/www.monlau.com\"],\"url\":\"https:\/\/www.monlau.com\/fp\/ca\/author\/adsmurai\/\"}]}<\/script>\n<!-- \/ Yoast SEO plugin. -->","yoast_head_json":{"title":"5 raons per estudiar un cicle formatiu de Grau Mitj\u00e0 - Formaci\u00f3n profesional","robots":{"index":"index","follow":"follow","max-snippet":"max-snippet:-1","max-image-preview":"max-image-preview:large","max-video-preview":"max-video-preview:-1"},"canonical":"https:\/\/www.monlau.com\/fp\/ca\/2019\/04\/24\/5-raons-per-estudiar-un-cicle-formatiu-de-grau-mitja\/","og_locale":"ca_ES","og_type":"article","og_title":"5 raons per estudiar un cicle formatiu de Grau Mitj\u00e0 - Formaci\u00f3n profesional","og_description":"S\u2019acaba l\u2019ESO i molts de vosaltres us plantegeu cap a on encaminar la vostra traject\u00f2ria acad\u00e8mica. Avui us apropem una mica m\u00e9s la formaci\u00f3 professional de Grau Mitj\u00e0. Aqu\u00ed us expliquem 5 raons per acabar de prendre la decisi\u00f3, que no s\u00f3n tan conegudes. &nbsp; 1.Una enorme varietat d\u2019oferta de formacions. La formaci\u00f3 professional ha [&hellip;]","og_url":"https:\/\/www.monlau.com\/fp\/ca\/2019\/04\/24\/5-raons-per-estudiar-un-cicle-formatiu-de-grau-mitja\/","og_site_name":"Formaci\u00f3n profesional","article_published_time":"2019-04-23T22:00:00+00:00","article_modified_time":"2026-03-10T09:03:35+00:00","og_image":[{"width":2560,"height":1707,"url":"https:\/\/www.monlau.com\/app\/uploads\/sites\/3\/2026\/03\/SAGRERA-1010-min-scaled.jpg","type":"image\/jpeg"}],"author":"adsmurai","twitter_card":"summary_large_image","twitter_misc":{"Escrit per":"adsmurai","Temps estimat de lectura":"2 minuts"},"schema":{"@context":"https:\/\/schema.org","@graph":[{"@type":"Article","@id":"https:\/\/www.monlau.com\/fp\/ca\/2019\/04\/24\/5-raons-per-estudiar-un-cicle-formatiu-de-grau-mitja\/#article","isPartOf":{"@id":"https:\/\/www.monlau.com\/fp\/ca\/2019\/04\/24\/5-raons-per-estudiar-un-cicle-formatiu-de-grau-mitja\/"},"author":{"name":"adsmurai","@id":"https:\/\/www.monlau.com\/fp\/ca\/#\/schema\/person\/419cfdf054323e24e0a2ef1d8597f051"},"headline":"5 raons per estudiar un cicle formatiu de Grau Mitj\u00e0","datePublished":"2019-04-23T22:00:00+00:00","dateModified":"2026-03-10T09:03:35+00:00","mainEntityOfPage":{"@id":"https:\/\/www.monlau.com\/fp\/ca\/2019\/04\/24\/5-raons-per-estudiar-un-cicle-formatiu-de-grau-mitja\/"},"wordCount":373,"publisher":{"@id":"https:\/\/www.monlau.com\/fp\/ca\/#organization"},"image":{"@id":"https:\/\/www.monlau.com\/fp\/ca\/2019\/04\/24\/5-raons-per-estudiar-un-cicle-formatiu-de-grau-mitja\/#primaryimage"},"thumbnailUrl":"https:\/\/www.monlau.com\/app\/uploads\/sites\/3\/2026\/03\/SAGRERA-1010-min-scaled.jpg","keywords":["Futur","Grau Mitj\u00e0"],"articleSection":["Automoci\u00f3","Empresa i M\u00e0rqueting","Inform\u00e0tica","Monlau"],"inLanguage":"ca"},{"@type":"WebPage","@id":"https:\/\/www.monlau.com\/fp\/ca\/2019\/04\/24\/5-raons-per-estudiar-un-cicle-formatiu-de-grau-mitja\/","url":"https:\/\/www.monlau.com\/fp\/ca\/2019\/04\/24\/5-raons-per-estudiar-un-cicle-formatiu-de-grau-mitja\/","name":"5 raons per estudiar un cicle formatiu de Grau Mitj\u00e0 - Formaci\u00f3n profesional","isPartOf":{"@id":"https:\/\/www.monlau.com\/fp\/ca\/#website"},"primaryImageOfPage":{"@id":"https:\/\/www.monlau.com\/fp\/ca\/2019\/04\/24\/5-raons-per-estudiar-un-cicle-formatiu-de-grau-mitja\/#primaryimage"},"image":{"@id":"https:\/\/www.monlau.com\/fp\/ca\/2019\/04\/24\/5-raons-per-estudiar-un-cicle-formatiu-de-grau-mitja\/#primaryimage"},"thumbnailUrl":"https:\/\/www.monlau.com\/app\/uploads\/sites\/3\/2026\/03\/SAGRERA-1010-min-scaled.jpg","datePublished":"2019-04-23T22:00:00+00:00","dateModified":"2026-03-10T09:03:35+00:00","breadcrumb":{"@id":"https:\/\/www.monlau.com\/fp\/ca\/2019\/04\/24\/5-raons-per-estudiar-un-cicle-formatiu-de-grau-mitja\/#breadcrumb"},"inLanguage":"ca","potentialAction":[{"@type":"ReadAction","target":["https:\/\/www.monlau.com\/fp\/ca\/2019\/04\/24\/5-raons-per-estudiar-un-cicle-formatiu-de-grau-mitja\/"]}]},{"@type":"ImageObject","inLanguage":"ca","@id":"https:\/\/www.monlau.com\/fp\/ca\/2019\/04\/24\/5-raons-per-estudiar-un-cicle-formatiu-de-grau-mitja\/#primaryimage","url":"https:\/\/www.monlau.com\/app\/uploads\/sites\/3\/2026\/03\/SAGRERA-1010-min-scaled.jpg","contentUrl":"https:\/\/www.monlau.com\/app\/uploads\/sites\/3\/2026\/03\/SAGRERA-1010-min-scaled.jpg","width":2560,"height":1707},{"@type":"BreadcrumbList","@id":"https:\/\/www.monlau.com\/fp\/ca\/2019\/04\/24\/5-raons-per-estudiar-un-cicle-formatiu-de-grau-mitja\/#breadcrumb","itemListElement":[{"@type":"ListItem","position":1,"name":"Portada","item":"https:\/\/www.monlau.com\/fp\/ca\/inici\/"},{"@type":"ListItem","position":2,"name":"5 raons per estudiar un cicle formatiu de Grau Mitj\u00e0"}]},{"@type":"WebSite","@id":"https:\/\/www.monlau.com\/fp\/ca\/#website","url":"https:\/\/www.monlau.com\/fp\/ca\/","name":"Formaci\u00f3n profesional","description":"Monlau","publisher":{"@id":"https:\/\/www.monlau.com\/fp\/ca\/#organization"},"potentialAction":[{"@type":"SearchAction","target":{"@type":"EntryPoint","urlTemplate":"https:\/\/www.monlau.com\/fp\/ca\/?s={search_term_string}"},"query-input":{"@type":"PropertyValueSpecification","valueRequired":true,"valueName":"search_term_string"}}],"inLanguage":"ca"},{"@type":"Organization","@id":"https:\/\/www.monlau.com\/fp\/ca\/#organization","name":"Formaci\u00f3n profesional","url":"https:\/\/www.monlau.com\/fp\/ca\/","logo":{"@type":"ImageObject","inLanguage":"ca","@id":"https:\/\/www.monlau.com\/fp\/ca\/#\/schema\/logo\/image\/","url":"https:\/\/www.monlau.com\/app\/uploads\/sites\/3\/2026\/01\/fp.png","contentUrl":"https:\/\/www.monlau.com\/app\/uploads\/sites\/3\/2026\/01\/fp.png","width":1024,"height":878,"caption":"Formaci\u00f3n profesional"},"image":{"@id":"https:\/\/www.monlau.com\/fp\/ca\/#\/schema\/logo\/image\/"}},{"@type":"Person","@id":"https:\/\/www.monlau.com\/fp\/ca\/#\/schema\/person\/419cfdf054323e24e0a2ef1d8597f051","name":"adsmurai","image":{"@type":"ImageObject","inLanguage":"ca","@id":"https:\/\/secure.gravatar.com\/avatar\/0748788578f91786454454fa3b4c295644edb991ad6caadc70b41d26790d38fc?s=96&d=mm&r=g","url":"https:\/\/secure.gravatar.com\/avatar\/0748788578f91786454454fa3b4c295644edb991ad6caadc70b41d26790d38fc?s=96&d=mm&r=g","contentUrl":"https:\/\/secure.gravatar.com\/avatar\/0748788578f91786454454fa3b4c295644edb991ad6caadc70b41d26790d38fc?s=96&d=mm&r=g","caption":"adsmurai"},"sameAs":["https:\/\/www.monlau.com"],"url":"https:\/\/www.monlau.com\/fp\/ca\/author\/adsmurai\/"}]}},"_links":{"self":[{"href":"https:\/\/www.monlau.com\/fp\/ca\/wp-json\/wp\/v2\/posts\/6063","targetHints":{"allow":["GET"]}}],"collection":[{"href":"https:\/\/www.monlau.com\/fp\/ca\/wp-json\/wp\/v2\/posts"}],"about":[{"href":"https:\/\/www.monlau.com\/fp\/ca\/wp-json\/wp\/v2\/types\/post"}],"author":[{"embeddable":true,"href":"https:\/\/www.monlau.com\/fp\/ca\/wp-json\/wp\/v2\/users\/1"}],"replies":[{"embeddable":true,"href":"https:\/\/www.monlau.com\/fp\/ca\/wp-json\/wp\/v2\/comments?post=6063"}],"version-history":[{"count":1,"href":"https:\/\/www.monlau.com\/fp\/ca\/wp-json\/wp\/v2\/posts\/6063\/revisions"}],"predecessor-version":[{"id":6512,"href":"https:\/\/www.monlau.com\/fp\/ca\/wp-json\/wp\/v2\/posts\/6063\/revisions\/6512"}],"wp:featuredmedia":[{"embeddable":true,"href":"https:\/\/www.monlau.com\/fp\/ca\/wp-json\/wp\/v2\/media\/3248"}],"wp:attachment":[{"href":"https:\/\/www.monlau.com\/fp\/ca\/wp-json\/wp\/v2\/media?parent=6063"}],"wp:term":[{"taxonomy":"category","embeddable":true,"href":"https:\/\/www.monlau.com\/fp\/ca\/wp-json\/wp\/v2\/categories?post=6063"},{"taxonomy":"post_tag","embeddable":true,"href":"https:\/\/www.monlau.com\/fp\/ca\/wp-json\/wp\/v2\/tags?post=6063"}],"curies":[{"name":"wp","href":"https:\/\/api.w.org\/{rel}","templated":true}]}}