{"id":6060,"date":"2019-03-08T00:00:00","date_gmt":"2019-03-07T23:00:00","guid":{"rendered":"https:\/\/www.monlau.com\/formacion-profesional\/8m-dia-internacional-dona-alumnes-automocio\/"},"modified":"2019-03-08T00:00:00","modified_gmt":"2019-03-07T23:00:00","slug":"8m-dia-internacional-dona-alumnes-automocio","status":"publish","type":"post","link":"https:\/\/www.monlau.com\/fp\/ca\/2019\/03\/08\/8m-dia-internacional-dona-alumnes-automocio\/","title":{"rendered":"#8M: Celebrem el Dia Internacional de la Dona donant veu a les nostres alumnes de l\u2019\u00e0rea d\u2019Automoci\u00f3"},"content":{"rendered":"<p>Estan conven\u00e7udes de la seva elecci\u00f3. Elles van escollir estudiar mec\u00e0nica i no dubten en recomanar-ho a altres noies: \u201c<em>Endavant: no tingueu por<\/em>\u201d. <strong>Per commemorar el Dia Internacional de la Dona, questes quatre estudiants de primer del <u><a href=\"https:\/\/www.monlau.com\/estudis-professionals\/project\/cicle-de-grau-superior-dautomocio\/?lang=ca\">Cicle Formatiu de Grau Superior d\u2019Automoci\u00f3<\/a><\/u> parlen de la seva estada al centre i dels estereotips que encara es troben<\/strong>, principalment, en el m\u00f3n laboral.<\/p>\n<p>Estan disposades a tallar amb els estereotips i ho saben de primera m\u00e0: \u201c<em>a l\u2019hora de treballar es el mateix un home que una dona, som iguals, agafem les eines igual<\/em>\u201d, i afegeixen: \u201c<em>i sin\u00f3 busquem altres maneres de fer-ho<\/em>\u201d. Tot i aix\u00ed, esclaten amb un S\u00ed rotund i al un\u00edson quan els hi preguntem sobre l\u2019exist\u00e8ncia d\u2019estereotips en el m\u00f3n de la mec\u00e0nica \u201c<em>depenent dels tallers<\/em>\u201d i \u201c <em>dels clients<\/em>\u201d, declaren amb pesar.<\/p>\n<p>Per\u00f2 tot aix\u00f2 queda en un segon pla. Tenen ganes de \u201c<em>demostrar<\/em>\u201d que la mec\u00e0nica no \u00e9s un m\u00f3n exclusivament d\u2019homes i animem a les noies a fer-ho. \u201c<em>Encara que siguis la \u00fanica noia, tu tamb\u00e9 ho pots fer<\/em>\u201d.<\/p>\n<p>Encara s\u00f3n poques les noies que opten per estudiar <u><a href=\"https:\/\/www.monlau.com\/estudis-professionals\/area-automocio\/?lang=ca\">cicles formatius d\u2019automoci\u00f3<\/a><\/u>, per\u00f2 testimonis com els de la Gemma Esquerra, l\u2019Ariadna L\u00f3pez, l\u2019Alicia Roca i la Maria Pijuan, <strong>fan de Monlau, un projecte educatiu per als reptes del futur!<\/strong><\/p>\n<p>Un s\u00ed rotund: #tallemambelsEstereotips #EmpoweredWomen<\/p>\n<p><iframe src=\"https:\/\/www.youtube.com\/embed\/aIPMXuhMSm0\" width=\"560\" height=\"315\" frameborder=\"0\" allowfullscreen=\"allowfullscreen\"><\/iframe><\/p>\n","protected":false},"excerpt":{"rendered":"<p>Estan conven\u00e7udes de la seva elecci\u00f3. Elles van escollir estudiar mec\u00e0nica i no dubten en recomanar-ho a altres noies: \u201cEndavant: no tingueu por\u201d. Per commemorar el Dia Internacional de la Dona, questes quatre estudiants de primer del Cicle Formatiu de Grau Superior d\u2019Automoci\u00f3 parlen de la seva estada al centre i dels estereotips que encara [&hellip;]<\/p>\n","protected":false},"author":1,"featured_media":3240,"comment_status":"closed","ping_status":"closed","sticky":false,"template":"","format":"standard","meta":{"footnotes":""},"categories":[252,258],"tags":[259,260,261],"class_list":["post-6060","post","type-post","status-publish","format-standard","has-post-thumbnail","hentry","category-automocio","category-monlau","tag-8-de-marc","tag-dia-internacional-de-la-dona","tag-igualtat"],"yoast_head":"<!-- This site is optimized with the Yoast SEO plugin v27.2 - https:\/\/yoast.com\/product\/yoast-seo-wordpress\/ -->\n<title>#8M: Celebrem el Dia Internacional de la Dona donant veu a les nostres alumnes de l\u2019\u00e0rea d\u2019Automoci\u00f3 - Formaci\u00f3n profesional<\/title>\n<meta name=\"robots\" content=\"index, follow, max-snippet:-1, max-image-preview:large, max-video-preview:-1\" \/>\n<link rel=\"canonical\" href=\"https:\/\/www.monlau.com\/fp\/ca\/2019\/03\/08\/8m-dia-internacional-dona-alumnes-automocio\/\" \/>\n<meta property=\"og:locale\" content=\"ca_ES\" \/>\n<meta property=\"og:type\" content=\"article\" \/>\n<meta property=\"og:title\" content=\"#8M: Celebrem el Dia Internacional de la Dona donant veu a les nostres alumnes de l\u2019\u00e0rea d\u2019Automoci\u00f3 - Formaci\u00f3n profesional\" \/>\n<meta property=\"og:description\" content=\"Estan conven\u00e7udes de la seva elecci\u00f3. Elles van escollir estudiar mec\u00e0nica i no dubten en recomanar-ho a altres noies: \u201cEndavant: no tingueu por\u201d. Per commemorar el Dia Internacional de la Dona, questes quatre estudiants de primer del Cicle Formatiu de Grau Superior d\u2019Automoci\u00f3 parlen de la seva estada al centre i dels estereotips que encara [&hellip;]\" \/>\n<meta property=\"og:url\" content=\"https:\/\/www.monlau.com\/fp\/ca\/2019\/03\/08\/8m-dia-internacional-dona-alumnes-automocio\/\" \/>\n<meta property=\"og:site_name\" content=\"Formaci\u00f3n profesional\" \/>\n<meta property=\"article:published_time\" content=\"2019-03-07T23:00:00+00:00\" \/>\n<meta property=\"og:image\" content=\"https:\/\/www.monlau.com\/app\/uploads\/sites\/3\/2026\/03\/8demarc-diadeladona-1.png\" \/>\n\t<meta property=\"og:image:width\" content=\"1000\" \/>\n\t<meta property=\"og:image:height\" content=\"563\" \/>\n\t<meta property=\"og:image:type\" content=\"image\/png\" \/>\n<meta name=\"author\" content=\"adsmurai\" \/>\n<meta name=\"twitter:card\" content=\"summary_large_image\" \/>\n<meta name=\"twitter:label1\" content=\"Escrit per\" \/>\n\t<meta name=\"twitter:data1\" content=\"adsmurai\" \/>\n\t<meta name=\"twitter:label2\" content=\"Temps estimat de lectura\" \/>\n\t<meta name=\"twitter:data2\" content=\"1 minut\" \/>\n<script type=\"application\/ld+json\" class=\"yoast-schema-graph\">{\"@context\":\"https:\/\/schema.org\",\"@graph\":[{\"@type\":\"Article\",\"@id\":\"https:\/\/www.monlau.com\/fp\/ca\/2019\/03\/08\/8m-dia-internacional-dona-alumnes-automocio\/#article\",\"isPartOf\":{\"@id\":\"https:\/\/www.monlau.com\/fp\/ca\/2019\/03\/08\/8m-dia-internacional-dona-alumnes-automocio\/\"},\"author\":{\"name\":\"adsmurai\",\"@id\":\"https:\/\/www.monlau.com\/fp\/ca\/#\/schema\/person\/419cfdf054323e24e0a2ef1d8597f051\"},\"headline\":\"#8M: Celebrem el Dia Internacional de la Dona donant veu a les nostres alumnes de l\u2019\u00e0rea d\u2019Automoci\u00f3\",\"datePublished\":\"2019-03-07T23:00:00+00:00\",\"mainEntityOfPage\":{\"@id\":\"https:\/\/www.monlau.com\/fp\/ca\/2019\/03\/08\/8m-dia-internacional-dona-alumnes-automocio\/\"},\"wordCount\":256,\"publisher\":{\"@id\":\"https:\/\/www.monlau.com\/fp\/ca\/#organization\"},\"image\":{\"@id\":\"https:\/\/www.monlau.com\/fp\/ca\/2019\/03\/08\/8m-dia-internacional-dona-alumnes-automocio\/#primaryimage\"},\"thumbnailUrl\":\"https:\/\/www.monlau.com\/app\/uploads\/sites\/3\/2026\/03\/8demarc-diadeladona-1.png\",\"keywords\":[\"8 de mar\u00e7\",\"Dia Internacional de la Dona\",\"igualtat\"],\"articleSection\":[\"Automoci\u00f3\",\"Monlau\"],\"inLanguage\":\"ca\"},{\"@type\":\"WebPage\",\"@id\":\"https:\/\/www.monlau.com\/fp\/ca\/2019\/03\/08\/8m-dia-internacional-dona-alumnes-automocio\/\",\"url\":\"https:\/\/www.monlau.com\/fp\/ca\/2019\/03\/08\/8m-dia-internacional-dona-alumnes-automocio\/\",\"name\":\"#8M: Celebrem el Dia Internacional de la Dona donant veu a les nostres alumnes de l\u2019\u00e0rea d\u2019Automoci\u00f3 - Formaci\u00f3n profesional\",\"isPartOf\":{\"@id\":\"https:\/\/www.monlau.com\/fp\/ca\/#website\"},\"primaryImageOfPage\":{\"@id\":\"https:\/\/www.monlau.com\/fp\/ca\/2019\/03\/08\/8m-dia-internacional-dona-alumnes-automocio\/#primaryimage\"},\"image\":{\"@id\":\"https:\/\/www.monlau.com\/fp\/ca\/2019\/03\/08\/8m-dia-internacional-dona-alumnes-automocio\/#primaryimage\"},\"thumbnailUrl\":\"https:\/\/www.monlau.com\/app\/uploads\/sites\/3\/2026\/03\/8demarc-diadeladona-1.png\",\"datePublished\":\"2019-03-07T23:00:00+00:00\",\"breadcrumb\":{\"@id\":\"https:\/\/www.monlau.com\/fp\/ca\/2019\/03\/08\/8m-dia-internacional-dona-alumnes-automocio\/#breadcrumb\"},\"inLanguage\":\"ca\",\"potentialAction\":[{\"@type\":\"ReadAction\",\"target\":[\"https:\/\/www.monlau.com\/fp\/ca\/2019\/03\/08\/8m-dia-internacional-dona-alumnes-automocio\/\"]}]},{\"@type\":\"ImageObject\",\"inLanguage\":\"ca\",\"@id\":\"https:\/\/www.monlau.com\/fp\/ca\/2019\/03\/08\/8m-dia-internacional-dona-alumnes-automocio\/#primaryimage\",\"url\":\"https:\/\/www.monlau.com\/app\/uploads\/sites\/3\/2026\/03\/8demarc-diadeladona-1.png\",\"contentUrl\":\"https:\/\/www.monlau.com\/app\/uploads\/sites\/3\/2026\/03\/8demarc-diadeladona-1.png\",\"width\":1000,\"height\":563},{\"@type\":\"BreadcrumbList\",\"@id\":\"https:\/\/www.monlau.com\/fp\/ca\/2019\/03\/08\/8m-dia-internacional-dona-alumnes-automocio\/#breadcrumb\",\"itemListElement\":[{\"@type\":\"ListItem\",\"position\":1,\"name\":\"Portada\",\"item\":\"https:\/\/www.monlau.com\/fp\/ca\/inici\/\"},{\"@type\":\"ListItem\",\"position\":2,\"name\":\"#8M: Celebrem el Dia Internacional de la Dona donant veu a les nostres alumnes de l\u2019\u00e0rea d\u2019Automoci\u00f3\"}]},{\"@type\":\"WebSite\",\"@id\":\"https:\/\/www.monlau.com\/fp\/ca\/#website\",\"url\":\"https:\/\/www.monlau.com\/fp\/ca\/\",\"name\":\"Formaci\u00f3n profesional\",\"description\":\"Monlau\",\"publisher\":{\"@id\":\"https:\/\/www.monlau.com\/fp\/ca\/#organization\"},\"potentialAction\":[{\"@type\":\"SearchAction\",\"target\":{\"@type\":\"EntryPoint\",\"urlTemplate\":\"https:\/\/www.monlau.com\/fp\/ca\/?s={search_term_string}\"},\"query-input\":{\"@type\":\"PropertyValueSpecification\",\"valueRequired\":true,\"valueName\":\"search_term_string\"}}],\"inLanguage\":\"ca\"},{\"@type\":\"Organization\",\"@id\":\"https:\/\/www.monlau.com\/fp\/ca\/#organization\",\"name\":\"Formaci\u00f3n profesional\",\"url\":\"https:\/\/www.monlau.com\/fp\/ca\/\",\"logo\":{\"@type\":\"ImageObject\",\"inLanguage\":\"ca\",\"@id\":\"https:\/\/www.monlau.com\/fp\/ca\/#\/schema\/logo\/image\/\",\"url\":\"https:\/\/www.monlau.com\/app\/uploads\/sites\/3\/2026\/01\/fp.png\",\"contentUrl\":\"https:\/\/www.monlau.com\/app\/uploads\/sites\/3\/2026\/01\/fp.png\",\"width\":1024,\"height\":878,\"caption\":\"Formaci\u00f3n profesional\"},\"image\":{\"@id\":\"https:\/\/www.monlau.com\/fp\/ca\/#\/schema\/logo\/image\/\"}},{\"@type\":\"Person\",\"@id\":\"https:\/\/www.monlau.com\/fp\/ca\/#\/schema\/person\/419cfdf054323e24e0a2ef1d8597f051\",\"name\":\"adsmurai\",\"image\":{\"@type\":\"ImageObject\",\"inLanguage\":\"ca\",\"@id\":\"https:\/\/secure.gravatar.com\/avatar\/0748788578f91786454454fa3b4c295644edb991ad6caadc70b41d26790d38fc?s=96&d=mm&r=g\",\"url\":\"https:\/\/secure.gravatar.com\/avatar\/0748788578f91786454454fa3b4c295644edb991ad6caadc70b41d26790d38fc?s=96&d=mm&r=g\",\"contentUrl\":\"https:\/\/secure.gravatar.com\/avatar\/0748788578f91786454454fa3b4c295644edb991ad6caadc70b41d26790d38fc?s=96&d=mm&r=g\",\"caption\":\"adsmurai\"},\"sameAs\":[\"https:\/\/www.monlau.com\"],\"url\":\"https:\/\/www.monlau.com\/fp\/ca\/author\/adsmurai\/\"}]}<\/script>\n<!-- \/ Yoast SEO plugin. -->","yoast_head_json":{"title":"#8M: Celebrem el Dia Internacional de la Dona donant veu a les nostres alumnes de l\u2019\u00e0rea d\u2019Automoci\u00f3 - Formaci\u00f3n profesional","robots":{"index":"index","follow":"follow","max-snippet":"max-snippet:-1","max-image-preview":"max-image-preview:large","max-video-preview":"max-video-preview:-1"},"canonical":"https:\/\/www.monlau.com\/fp\/ca\/2019\/03\/08\/8m-dia-internacional-dona-alumnes-automocio\/","og_locale":"ca_ES","og_type":"article","og_title":"#8M: Celebrem el Dia Internacional de la Dona donant veu a les nostres alumnes de l\u2019\u00e0rea d\u2019Automoci\u00f3 - Formaci\u00f3n profesional","og_description":"Estan conven\u00e7udes de la seva elecci\u00f3. Elles van escollir estudiar mec\u00e0nica i no dubten en recomanar-ho a altres noies: \u201cEndavant: no tingueu por\u201d. Per commemorar el Dia Internacional de la Dona, questes quatre estudiants de primer del Cicle Formatiu de Grau Superior d\u2019Automoci\u00f3 parlen de la seva estada al centre i dels estereotips que encara [&hellip;]","og_url":"https:\/\/www.monlau.com\/fp\/ca\/2019\/03\/08\/8m-dia-internacional-dona-alumnes-automocio\/","og_site_name":"Formaci\u00f3n profesional","article_published_time":"2019-03-07T23:00:00+00:00","og_image":[{"width":1000,"height":563,"url":"https:\/\/www.monlau.com\/app\/uploads\/sites\/3\/2026\/03\/8demarc-diadeladona-1.png","type":"image\/png"}],"author":"adsmurai","twitter_card":"summary_large_image","twitter_misc":{"Escrit per":"adsmurai","Temps estimat de lectura":"1 minut"},"schema":{"@context":"https:\/\/schema.org","@graph":[{"@type":"Article","@id":"https:\/\/www.monlau.com\/fp\/ca\/2019\/03\/08\/8m-dia-internacional-dona-alumnes-automocio\/#article","isPartOf":{"@id":"https:\/\/www.monlau.com\/fp\/ca\/2019\/03\/08\/8m-dia-internacional-dona-alumnes-automocio\/"},"author":{"name":"adsmurai","@id":"https:\/\/www.monlau.com\/fp\/ca\/#\/schema\/person\/419cfdf054323e24e0a2ef1d8597f051"},"headline":"#8M: Celebrem el Dia Internacional de la Dona donant veu a les nostres alumnes de l\u2019\u00e0rea d\u2019Automoci\u00f3","datePublished":"2019-03-07T23:00:00+00:00","mainEntityOfPage":{"@id":"https:\/\/www.monlau.com\/fp\/ca\/2019\/03\/08\/8m-dia-internacional-dona-alumnes-automocio\/"},"wordCount":256,"publisher":{"@id":"https:\/\/www.monlau.com\/fp\/ca\/#organization"},"image":{"@id":"https:\/\/www.monlau.com\/fp\/ca\/2019\/03\/08\/8m-dia-internacional-dona-alumnes-automocio\/#primaryimage"},"thumbnailUrl":"https:\/\/www.monlau.com\/app\/uploads\/sites\/3\/2026\/03\/8demarc-diadeladona-1.png","keywords":["8 de mar\u00e7","Dia Internacional de la Dona","igualtat"],"articleSection":["Automoci\u00f3","Monlau"],"inLanguage":"ca"},{"@type":"WebPage","@id":"https:\/\/www.monlau.com\/fp\/ca\/2019\/03\/08\/8m-dia-internacional-dona-alumnes-automocio\/","url":"https:\/\/www.monlau.com\/fp\/ca\/2019\/03\/08\/8m-dia-internacional-dona-alumnes-automocio\/","name":"#8M: Celebrem el Dia Internacional de la Dona donant veu a les nostres alumnes de l\u2019\u00e0rea d\u2019Automoci\u00f3 - Formaci\u00f3n profesional","isPartOf":{"@id":"https:\/\/www.monlau.com\/fp\/ca\/#website"},"primaryImageOfPage":{"@id":"https:\/\/www.monlau.com\/fp\/ca\/2019\/03\/08\/8m-dia-internacional-dona-alumnes-automocio\/#primaryimage"},"image":{"@id":"https:\/\/www.monlau.com\/fp\/ca\/2019\/03\/08\/8m-dia-internacional-dona-alumnes-automocio\/#primaryimage"},"thumbnailUrl":"https:\/\/www.monlau.com\/app\/uploads\/sites\/3\/2026\/03\/8demarc-diadeladona-1.png","datePublished":"2019-03-07T23:00:00+00:00","breadcrumb":{"@id":"https:\/\/www.monlau.com\/fp\/ca\/2019\/03\/08\/8m-dia-internacional-dona-alumnes-automocio\/#breadcrumb"},"inLanguage":"ca","potentialAction":[{"@type":"ReadAction","target":["https:\/\/www.monlau.com\/fp\/ca\/2019\/03\/08\/8m-dia-internacional-dona-alumnes-automocio\/"]}]},{"@type":"ImageObject","inLanguage":"ca","@id":"https:\/\/www.monlau.com\/fp\/ca\/2019\/03\/08\/8m-dia-internacional-dona-alumnes-automocio\/#primaryimage","url":"https:\/\/www.monlau.com\/app\/uploads\/sites\/3\/2026\/03\/8demarc-diadeladona-1.png","contentUrl":"https:\/\/www.monlau.com\/app\/uploads\/sites\/3\/2026\/03\/8demarc-diadeladona-1.png","width":1000,"height":563},{"@type":"BreadcrumbList","@id":"https:\/\/www.monlau.com\/fp\/ca\/2019\/03\/08\/8m-dia-internacional-dona-alumnes-automocio\/#breadcrumb","itemListElement":[{"@type":"ListItem","position":1,"name":"Portada","item":"https:\/\/www.monlau.com\/fp\/ca\/inici\/"},{"@type":"ListItem","position":2,"name":"#8M: Celebrem el Dia Internacional de la Dona donant veu a les nostres alumnes de l\u2019\u00e0rea d\u2019Automoci\u00f3"}]},{"@type":"WebSite","@id":"https:\/\/www.monlau.com\/fp\/ca\/#website","url":"https:\/\/www.monlau.com\/fp\/ca\/","name":"Formaci\u00f3n profesional","description":"Monlau","publisher":{"@id":"https:\/\/www.monlau.com\/fp\/ca\/#organization"},"potentialAction":[{"@type":"SearchAction","target":{"@type":"EntryPoint","urlTemplate":"https:\/\/www.monlau.com\/fp\/ca\/?s={search_term_string}"},"query-input":{"@type":"PropertyValueSpecification","valueRequired":true,"valueName":"search_term_string"}}],"inLanguage":"ca"},{"@type":"Organization","@id":"https:\/\/www.monlau.com\/fp\/ca\/#organization","name":"Formaci\u00f3n profesional","url":"https:\/\/www.monlau.com\/fp\/ca\/","logo":{"@type":"ImageObject","inLanguage":"ca","@id":"https:\/\/www.monlau.com\/fp\/ca\/#\/schema\/logo\/image\/","url":"https:\/\/www.monlau.com\/app\/uploads\/sites\/3\/2026\/01\/fp.png","contentUrl":"https:\/\/www.monlau.com\/app\/uploads\/sites\/3\/2026\/01\/fp.png","width":1024,"height":878,"caption":"Formaci\u00f3n profesional"},"image":{"@id":"https:\/\/www.monlau.com\/fp\/ca\/#\/schema\/logo\/image\/"}},{"@type":"Person","@id":"https:\/\/www.monlau.com\/fp\/ca\/#\/schema\/person\/419cfdf054323e24e0a2ef1d8597f051","name":"adsmurai","image":{"@type":"ImageObject","inLanguage":"ca","@id":"https:\/\/secure.gravatar.com\/avatar\/0748788578f91786454454fa3b4c295644edb991ad6caadc70b41d26790d38fc?s=96&d=mm&r=g","url":"https:\/\/secure.gravatar.com\/avatar\/0748788578f91786454454fa3b4c295644edb991ad6caadc70b41d26790d38fc?s=96&d=mm&r=g","contentUrl":"https:\/\/secure.gravatar.com\/avatar\/0748788578f91786454454fa3b4c295644edb991ad6caadc70b41d26790d38fc?s=96&d=mm&r=g","caption":"adsmurai"},"sameAs":["https:\/\/www.monlau.com"],"url":"https:\/\/www.monlau.com\/fp\/ca\/author\/adsmurai\/"}]}},"_links":{"self":[{"href":"https:\/\/www.monlau.com\/fp\/ca\/wp-json\/wp\/v2\/posts\/6060","targetHints":{"allow":["GET"]}}],"collection":[{"href":"https:\/\/www.monlau.com\/fp\/ca\/wp-json\/wp\/v2\/posts"}],"about":[{"href":"https:\/\/www.monlau.com\/fp\/ca\/wp-json\/wp\/v2\/types\/post"}],"author":[{"embeddable":true,"href":"https:\/\/www.monlau.com\/fp\/ca\/wp-json\/wp\/v2\/users\/1"}],"replies":[{"embeddable":true,"href":"https:\/\/www.monlau.com\/fp\/ca\/wp-json\/wp\/v2\/comments?post=6060"}],"version-history":[{"count":0,"href":"https:\/\/www.monlau.com\/fp\/ca\/wp-json\/wp\/v2\/posts\/6060\/revisions"}],"wp:featuredmedia":[{"embeddable":true,"href":"https:\/\/www.monlau.com\/fp\/ca\/wp-json\/wp\/v2\/media\/3240"}],"wp:attachment":[{"href":"https:\/\/www.monlau.com\/fp\/ca\/wp-json\/wp\/v2\/media?parent=6060"}],"wp:term":[{"taxonomy":"category","embeddable":true,"href":"https:\/\/www.monlau.com\/fp\/ca\/wp-json\/wp\/v2\/categories?post=6060"},{"taxonomy":"post_tag","embeddable":true,"href":"https:\/\/www.monlau.com\/fp\/ca\/wp-json\/wp\/v2\/tags?post=6060"}],"curies":[{"name":"wp","href":"https:\/\/api.w.org\/{rel}","templated":true}]}}