{"id":6058,"date":"2019-01-28T00:00:00","date_gmt":"2019-01-27T23:00:00","guid":{"rendered":"https:\/\/www.monlau.com\/formacion-profesional\/un-cv-integral-de-competencies-per-les-professions-del-futur\/"},"modified":"2026-03-10T10:03:36","modified_gmt":"2026-03-10T09:03:36","slug":"un-cv-integral-de-competencies-per-les-professions-del-futur","status":"publish","type":"post","link":"https:\/\/www.monlau.com\/fp\/ca\/2019\/01\/28\/un-cv-integral-de-competencies-per-les-professions-del-futur\/","title":{"rendered":"Un CV integral de compet\u00e8ncies per les professions del futur"},"content":{"rendered":"<p>Quan en Mark Zuckenberg va fundar Facebook, la seva intenci\u00f3 era crear una senzilla orla electr\u00f2nica. Avui en dia s\u2019ha convertit, pol\u00e8miques apart, en una de les principals xarxes socials. Casualitat? O va entendre la necessitat i va saber aprofitar-la canviant el model d\u2019all\u00f2 que havia creat? Si volem que els nostres joves surtin preparats per al nou m\u00f3n que ens envolta i que canvia r\u00e0pidament, han d\u2019aprendre a entendre i saber llegir quines s\u00f3n realment les necessitats dels consumidors del segle XXI.<\/p>\n<p>Per aconseguir-ho, no hi ha altre opci\u00f3 que adaptar el sistema educatiu a una nova realitat. Hem de preparar als nois i noies per feines que encara no existeixen, per utilitzar tecnologies que no s\u2019han inventat, i per resoldre problemes que encara no han sorgit.<\/p>\n<p>Quan el m\u00f3n que t\u2019envolta canvia tan r\u00e0pidament, has d\u2019induir els joves a tenir una gran capacitat d\u2019adaptaci\u00f3 i flexibilitat envers les noves necessitats del mercat laboral. Per tot plegat a Monlau treballem per construir un projecte curricular ple d\u2019aquelles habilitats necess\u00e0ries perqu\u00e8 l\u2019alumne destaqui dins d\u2019un entorn altament competitiu i din\u00e0mic, on els continguts donen pas a les compet\u00e8ncies i la teoria als casos pr\u00e0ctics i reals. Les capacitats creatives, anal\u00edtiques, tecnol\u00f2giques, comunicatives i socials es converteixen en eines poderoses i eixos transformadors d\u2019un present tan intens, fuga\u00e7 i complex que permetin als nostres estudiants no nom\u00e9s predir el futur, si no transformar-lo.<\/p>\n<h4>David Casanellas<\/h4>\n<p>Cap de l\u2019\u00e0rea d\u2019Empresa i M\u00e0rqueting<\/p>\n","protected":false},"excerpt":{"rendered":"<p>Quan en Mark Zuckenberg va fundar Facebook, la seva intenci\u00f3 era crear una senzilla orla electr\u00f2nica. Avui en dia s\u2019ha convertit, pol\u00e8miques apart, en una de les principals xarxes socials. Casualitat? O va entendre la necessitat i va saber aprofitar-la canviant el model d\u2019all\u00f2 que havia creat? Si volem que els nostres joves surtin preparats [&hellip;]<\/p>\n","protected":false},"author":2,"featured_media":6059,"comment_status":"closed","ping_status":"closed","sticky":false,"template":"","format":"standard","meta":{"footnotes":""},"categories":[256],"tags":[],"class_list":["post-6058","post","type-post","status-publish","format-standard","has-post-thumbnail","hentry","category-empresa-i-marqueting"],"yoast_head":"<!-- This site is optimized with the Yoast SEO plugin v27.2 - https:\/\/yoast.com\/product\/yoast-seo-wordpress\/ -->\n<title>Un CV integral de compet\u00e8ncies per les professions del futur - Formaci\u00f3n profesional<\/title>\n<meta name=\"robots\" content=\"index, follow, max-snippet:-1, max-image-preview:large, max-video-preview:-1\" \/>\n<link rel=\"canonical\" href=\"https:\/\/www.monlau.com\/fp\/ca\/2019\/01\/28\/un-cv-integral-de-competencies-per-les-professions-del-futur\/\" \/>\n<meta property=\"og:locale\" content=\"ca_ES\" \/>\n<meta property=\"og:type\" content=\"article\" \/>\n<meta property=\"og:title\" content=\"Un CV integral de compet\u00e8ncies per les professions del futur - Formaci\u00f3n profesional\" \/>\n<meta property=\"og:description\" content=\"Quan en Mark Zuckenberg va fundar Facebook, la seva intenci\u00f3 era crear una senzilla orla electr\u00f2nica. Avui en dia s\u2019ha convertit, pol\u00e8miques apart, en una de les principals xarxes socials. Casualitat? O va entendre la necessitat i va saber aprofitar-la canviant el model d\u2019all\u00f2 que havia creat? Si volem que els nostres joves surtin preparats [&hellip;]\" \/>\n<meta property=\"og:url\" content=\"https:\/\/www.monlau.com\/fp\/ca\/2019\/01\/28\/un-cv-integral-de-competencies-per-les-professions-del-futur\/\" \/>\n<meta property=\"og:site_name\" content=\"Formaci\u00f3n profesional\" \/>\n<meta property=\"article:published_time\" content=\"2019-01-27T23:00:00+00:00\" \/>\n<meta property=\"article:modified_time\" content=\"2026-03-10T09:03:36+00:00\" \/>\n<meta property=\"og:image\" content=\"https:\/\/www.monlau.com\/app\/uploads\/sites\/3\/2026\/02\/SAGRERA-1220.jpg\" \/>\n\t<meta property=\"og:image:width\" content=\"1536\" \/>\n\t<meta property=\"og:image:height\" content=\"1024\" \/>\n\t<meta property=\"og:image:type\" content=\"image\/jpeg\" \/>\n<meta name=\"author\" content=\"monlauuser\" \/>\n<meta name=\"twitter:card\" content=\"summary_large_image\" \/>\n<meta name=\"twitter:label1\" content=\"Escrit per\" \/>\n\t<meta name=\"twitter:data1\" content=\"monlauuser\" \/>\n\t<meta name=\"twitter:label2\" content=\"Temps estimat de lectura\" \/>\n\t<meta name=\"twitter:data2\" content=\"1 minut\" \/>\n<script type=\"application\/ld+json\" class=\"yoast-schema-graph\">{\"@context\":\"https:\/\/schema.org\",\"@graph\":[{\"@type\":\"Article\",\"@id\":\"https:\/\/www.monlau.com\/fp\/ca\/2019\/01\/28\/un-cv-integral-de-competencies-per-les-professions-del-futur\/#article\",\"isPartOf\":{\"@id\":\"https:\/\/www.monlau.com\/fp\/ca\/2019\/01\/28\/un-cv-integral-de-competencies-per-les-professions-del-futur\/\"},\"author\":{\"name\":\"monlauuser\",\"@id\":\"https:\/\/www.monlau.com\/fp\/ca\/#\/schema\/person\/419630ffac9ae08417c894a53e55910c\"},\"headline\":\"Un CV integral de compet\u00e8ncies per les professions del futur\",\"datePublished\":\"2019-01-27T23:00:00+00:00\",\"dateModified\":\"2026-03-10T09:03:36+00:00\",\"mainEntityOfPage\":{\"@id\":\"https:\/\/www.monlau.com\/fp\/ca\/2019\/01\/28\/un-cv-integral-de-competencies-per-les-professions-del-futur\/\"},\"wordCount\":279,\"publisher\":{\"@id\":\"https:\/\/www.monlau.com\/fp\/ca\/#organization\"},\"image\":{\"@id\":\"https:\/\/www.monlau.com\/fp\/ca\/2019\/01\/28\/un-cv-integral-de-competencies-per-les-professions-del-futur\/#primaryimage\"},\"thumbnailUrl\":\"https:\/\/www.monlau.com\/app\/uploads\/sites\/3\/2026\/02\/SAGRERA-1220.jpg\",\"articleSection\":[\"Empresa i M\u00e0rqueting\"],\"inLanguage\":\"ca\"},{\"@type\":\"WebPage\",\"@id\":\"https:\/\/www.monlau.com\/fp\/ca\/2019\/01\/28\/un-cv-integral-de-competencies-per-les-professions-del-futur\/\",\"url\":\"https:\/\/www.monlau.com\/fp\/ca\/2019\/01\/28\/un-cv-integral-de-competencies-per-les-professions-del-futur\/\",\"name\":\"Un CV integral de compet\u00e8ncies per les professions del futur - Formaci\u00f3n profesional\",\"isPartOf\":{\"@id\":\"https:\/\/www.monlau.com\/fp\/ca\/#website\"},\"primaryImageOfPage\":{\"@id\":\"https:\/\/www.monlau.com\/fp\/ca\/2019\/01\/28\/un-cv-integral-de-competencies-per-les-professions-del-futur\/#primaryimage\"},\"image\":{\"@id\":\"https:\/\/www.monlau.com\/fp\/ca\/2019\/01\/28\/un-cv-integral-de-competencies-per-les-professions-del-futur\/#primaryimage\"},\"thumbnailUrl\":\"https:\/\/www.monlau.com\/app\/uploads\/sites\/3\/2026\/02\/SAGRERA-1220.jpg\",\"datePublished\":\"2019-01-27T23:00:00+00:00\",\"dateModified\":\"2026-03-10T09:03:36+00:00\",\"breadcrumb\":{\"@id\":\"https:\/\/www.monlau.com\/fp\/ca\/2019\/01\/28\/un-cv-integral-de-competencies-per-les-professions-del-futur\/#breadcrumb\"},\"inLanguage\":\"ca\",\"potentialAction\":[{\"@type\":\"ReadAction\",\"target\":[\"https:\/\/www.monlau.com\/fp\/ca\/2019\/01\/28\/un-cv-integral-de-competencies-per-les-professions-del-futur\/\"]}]},{\"@type\":\"ImageObject\",\"inLanguage\":\"ca\",\"@id\":\"https:\/\/www.monlau.com\/fp\/ca\/2019\/01\/28\/un-cv-integral-de-competencies-per-les-professions-del-futur\/#primaryimage\",\"url\":\"https:\/\/www.monlau.com\/app\/uploads\/sites\/3\/2026\/02\/SAGRERA-1220.jpg\",\"contentUrl\":\"https:\/\/www.monlau.com\/app\/uploads\/sites\/3\/2026\/02\/SAGRERA-1220.jpg\",\"width\":1536,\"height\":1024},{\"@type\":\"BreadcrumbList\",\"@id\":\"https:\/\/www.monlau.com\/fp\/ca\/2019\/01\/28\/un-cv-integral-de-competencies-per-les-professions-del-futur\/#breadcrumb\",\"itemListElement\":[{\"@type\":\"ListItem\",\"position\":1,\"name\":\"Portada\",\"item\":\"https:\/\/www.monlau.com\/fp\/ca\/inici\/\"},{\"@type\":\"ListItem\",\"position\":2,\"name\":\"Un CV integral de compet\u00e8ncies per les professions del futur\"}]},{\"@type\":\"WebSite\",\"@id\":\"https:\/\/www.monlau.com\/fp\/ca\/#website\",\"url\":\"https:\/\/www.monlau.com\/fp\/ca\/\",\"name\":\"Formaci\u00f3n profesional\",\"description\":\"Monlau\",\"publisher\":{\"@id\":\"https:\/\/www.monlau.com\/fp\/ca\/#organization\"},\"potentialAction\":[{\"@type\":\"SearchAction\",\"target\":{\"@type\":\"EntryPoint\",\"urlTemplate\":\"https:\/\/www.monlau.com\/fp\/ca\/?s={search_term_string}\"},\"query-input\":{\"@type\":\"PropertyValueSpecification\",\"valueRequired\":true,\"valueName\":\"search_term_string\"}}],\"inLanguage\":\"ca\"},{\"@type\":\"Organization\",\"@id\":\"https:\/\/www.monlau.com\/fp\/ca\/#organization\",\"name\":\"Formaci\u00f3n profesional\",\"url\":\"https:\/\/www.monlau.com\/fp\/ca\/\",\"logo\":{\"@type\":\"ImageObject\",\"inLanguage\":\"ca\",\"@id\":\"https:\/\/www.monlau.com\/fp\/ca\/#\/schema\/logo\/image\/\",\"url\":\"https:\/\/www.monlau.com\/app\/uploads\/sites\/3\/2026\/01\/fp.png\",\"contentUrl\":\"https:\/\/www.monlau.com\/app\/uploads\/sites\/3\/2026\/01\/fp.png\",\"width\":1024,\"height\":878,\"caption\":\"Formaci\u00f3n profesional\"},\"image\":{\"@id\":\"https:\/\/www.monlau.com\/fp\/ca\/#\/schema\/logo\/image\/\"}},{\"@type\":\"Person\",\"@id\":\"https:\/\/www.monlau.com\/fp\/ca\/#\/schema\/person\/419630ffac9ae08417c894a53e55910c\",\"name\":\"monlauuser\",\"image\":{\"@type\":\"ImageObject\",\"inLanguage\":\"ca\",\"@id\":\"https:\/\/secure.gravatar.com\/avatar\/ab9c6e5fc6872da09790b5919f6edfdffde75802c06338ac68a484f8e7813f81?s=96&d=mm&r=g\",\"url\":\"https:\/\/secure.gravatar.com\/avatar\/ab9c6e5fc6872da09790b5919f6edfdffde75802c06338ac68a484f8e7813f81?s=96&d=mm&r=g\",\"contentUrl\":\"https:\/\/secure.gravatar.com\/avatar\/ab9c6e5fc6872da09790b5919f6edfdffde75802c06338ac68a484f8e7813f81?s=96&d=mm&r=g\",\"caption\":\"monlauuser\"},\"url\":\"https:\/\/www.monlau.com\/fp\/ca\/author\/monlauuser\/\"}]}<\/script>\n<!-- \/ Yoast SEO plugin. -->","yoast_head_json":{"title":"Un CV integral de compet\u00e8ncies per les professions del futur - Formaci\u00f3n profesional","robots":{"index":"index","follow":"follow","max-snippet":"max-snippet:-1","max-image-preview":"max-image-preview:large","max-video-preview":"max-video-preview:-1"},"canonical":"https:\/\/www.monlau.com\/fp\/ca\/2019\/01\/28\/un-cv-integral-de-competencies-per-les-professions-del-futur\/","og_locale":"ca_ES","og_type":"article","og_title":"Un CV integral de compet\u00e8ncies per les professions del futur - Formaci\u00f3n profesional","og_description":"Quan en Mark Zuckenberg va fundar Facebook, la seva intenci\u00f3 era crear una senzilla orla electr\u00f2nica. Avui en dia s\u2019ha convertit, pol\u00e8miques apart, en una de les principals xarxes socials. Casualitat? O va entendre la necessitat i va saber aprofitar-la canviant el model d\u2019all\u00f2 que havia creat? Si volem que els nostres joves surtin preparats [&hellip;]","og_url":"https:\/\/www.monlau.com\/fp\/ca\/2019\/01\/28\/un-cv-integral-de-competencies-per-les-professions-del-futur\/","og_site_name":"Formaci\u00f3n profesional","article_published_time":"2019-01-27T23:00:00+00:00","article_modified_time":"2026-03-10T09:03:36+00:00","og_image":[{"width":1536,"height":1024,"url":"https:\/\/www.monlau.com\/app\/uploads\/sites\/3\/2026\/02\/SAGRERA-1220.jpg","type":"image\/jpeg"}],"author":"monlauuser","twitter_card":"summary_large_image","twitter_misc":{"Escrit per":"monlauuser","Temps estimat de lectura":"1 minut"},"schema":{"@context":"https:\/\/schema.org","@graph":[{"@type":"Article","@id":"https:\/\/www.monlau.com\/fp\/ca\/2019\/01\/28\/un-cv-integral-de-competencies-per-les-professions-del-futur\/#article","isPartOf":{"@id":"https:\/\/www.monlau.com\/fp\/ca\/2019\/01\/28\/un-cv-integral-de-competencies-per-les-professions-del-futur\/"},"author":{"name":"monlauuser","@id":"https:\/\/www.monlau.com\/fp\/ca\/#\/schema\/person\/419630ffac9ae08417c894a53e55910c"},"headline":"Un CV integral de compet\u00e8ncies per les professions del futur","datePublished":"2019-01-27T23:00:00+00:00","dateModified":"2026-03-10T09:03:36+00:00","mainEntityOfPage":{"@id":"https:\/\/www.monlau.com\/fp\/ca\/2019\/01\/28\/un-cv-integral-de-competencies-per-les-professions-del-futur\/"},"wordCount":279,"publisher":{"@id":"https:\/\/www.monlau.com\/fp\/ca\/#organization"},"image":{"@id":"https:\/\/www.monlau.com\/fp\/ca\/2019\/01\/28\/un-cv-integral-de-competencies-per-les-professions-del-futur\/#primaryimage"},"thumbnailUrl":"https:\/\/www.monlau.com\/app\/uploads\/sites\/3\/2026\/02\/SAGRERA-1220.jpg","articleSection":["Empresa i M\u00e0rqueting"],"inLanguage":"ca"},{"@type":"WebPage","@id":"https:\/\/www.monlau.com\/fp\/ca\/2019\/01\/28\/un-cv-integral-de-competencies-per-les-professions-del-futur\/","url":"https:\/\/www.monlau.com\/fp\/ca\/2019\/01\/28\/un-cv-integral-de-competencies-per-les-professions-del-futur\/","name":"Un CV integral de compet\u00e8ncies per les professions del futur - Formaci\u00f3n profesional","isPartOf":{"@id":"https:\/\/www.monlau.com\/fp\/ca\/#website"},"primaryImageOfPage":{"@id":"https:\/\/www.monlau.com\/fp\/ca\/2019\/01\/28\/un-cv-integral-de-competencies-per-les-professions-del-futur\/#primaryimage"},"image":{"@id":"https:\/\/www.monlau.com\/fp\/ca\/2019\/01\/28\/un-cv-integral-de-competencies-per-les-professions-del-futur\/#primaryimage"},"thumbnailUrl":"https:\/\/www.monlau.com\/app\/uploads\/sites\/3\/2026\/02\/SAGRERA-1220.jpg","datePublished":"2019-01-27T23:00:00+00:00","dateModified":"2026-03-10T09:03:36+00:00","breadcrumb":{"@id":"https:\/\/www.monlau.com\/fp\/ca\/2019\/01\/28\/un-cv-integral-de-competencies-per-les-professions-del-futur\/#breadcrumb"},"inLanguage":"ca","potentialAction":[{"@type":"ReadAction","target":["https:\/\/www.monlau.com\/fp\/ca\/2019\/01\/28\/un-cv-integral-de-competencies-per-les-professions-del-futur\/"]}]},{"@type":"ImageObject","inLanguage":"ca","@id":"https:\/\/www.monlau.com\/fp\/ca\/2019\/01\/28\/un-cv-integral-de-competencies-per-les-professions-del-futur\/#primaryimage","url":"https:\/\/www.monlau.com\/app\/uploads\/sites\/3\/2026\/02\/SAGRERA-1220.jpg","contentUrl":"https:\/\/www.monlau.com\/app\/uploads\/sites\/3\/2026\/02\/SAGRERA-1220.jpg","width":1536,"height":1024},{"@type":"BreadcrumbList","@id":"https:\/\/www.monlau.com\/fp\/ca\/2019\/01\/28\/un-cv-integral-de-competencies-per-les-professions-del-futur\/#breadcrumb","itemListElement":[{"@type":"ListItem","position":1,"name":"Portada","item":"https:\/\/www.monlau.com\/fp\/ca\/inici\/"},{"@type":"ListItem","position":2,"name":"Un CV integral de compet\u00e8ncies per les professions del futur"}]},{"@type":"WebSite","@id":"https:\/\/www.monlau.com\/fp\/ca\/#website","url":"https:\/\/www.monlau.com\/fp\/ca\/","name":"Formaci\u00f3n profesional","description":"Monlau","publisher":{"@id":"https:\/\/www.monlau.com\/fp\/ca\/#organization"},"potentialAction":[{"@type":"SearchAction","target":{"@type":"EntryPoint","urlTemplate":"https:\/\/www.monlau.com\/fp\/ca\/?s={search_term_string}"},"query-input":{"@type":"PropertyValueSpecification","valueRequired":true,"valueName":"search_term_string"}}],"inLanguage":"ca"},{"@type":"Organization","@id":"https:\/\/www.monlau.com\/fp\/ca\/#organization","name":"Formaci\u00f3n profesional","url":"https:\/\/www.monlau.com\/fp\/ca\/","logo":{"@type":"ImageObject","inLanguage":"ca","@id":"https:\/\/www.monlau.com\/fp\/ca\/#\/schema\/logo\/image\/","url":"https:\/\/www.monlau.com\/app\/uploads\/sites\/3\/2026\/01\/fp.png","contentUrl":"https:\/\/www.monlau.com\/app\/uploads\/sites\/3\/2026\/01\/fp.png","width":1024,"height":878,"caption":"Formaci\u00f3n profesional"},"image":{"@id":"https:\/\/www.monlau.com\/fp\/ca\/#\/schema\/logo\/image\/"}},{"@type":"Person","@id":"https:\/\/www.monlau.com\/fp\/ca\/#\/schema\/person\/419630ffac9ae08417c894a53e55910c","name":"monlauuser","image":{"@type":"ImageObject","inLanguage":"ca","@id":"https:\/\/secure.gravatar.com\/avatar\/ab9c6e5fc6872da09790b5919f6edfdffde75802c06338ac68a484f8e7813f81?s=96&d=mm&r=g","url":"https:\/\/secure.gravatar.com\/avatar\/ab9c6e5fc6872da09790b5919f6edfdffde75802c06338ac68a484f8e7813f81?s=96&d=mm&r=g","contentUrl":"https:\/\/secure.gravatar.com\/avatar\/ab9c6e5fc6872da09790b5919f6edfdffde75802c06338ac68a484f8e7813f81?s=96&d=mm&r=g","caption":"monlauuser"},"url":"https:\/\/www.monlau.com\/fp\/ca\/author\/monlauuser\/"}]}},"_links":{"self":[{"href":"https:\/\/www.monlau.com\/fp\/ca\/wp-json\/wp\/v2\/posts\/6058","targetHints":{"allow":["GET"]}}],"collection":[{"href":"https:\/\/www.monlau.com\/fp\/ca\/wp-json\/wp\/v2\/posts"}],"about":[{"href":"https:\/\/www.monlau.com\/fp\/ca\/wp-json\/wp\/v2\/types\/post"}],"author":[{"embeddable":true,"href":"https:\/\/www.monlau.com\/fp\/ca\/wp-json\/wp\/v2\/users\/2"}],"replies":[{"embeddable":true,"href":"https:\/\/www.monlau.com\/fp\/ca\/wp-json\/wp\/v2\/comments?post=6058"}],"version-history":[{"count":1,"href":"https:\/\/www.monlau.com\/fp\/ca\/wp-json\/wp\/v2\/posts\/6058\/revisions"}],"predecessor-version":[{"id":6531,"href":"https:\/\/www.monlau.com\/fp\/ca\/wp-json\/wp\/v2\/posts\/6058\/revisions\/6531"}],"wp:featuredmedia":[{"embeddable":true,"href":"https:\/\/www.monlau.com\/fp\/ca\/wp-json\/wp\/v2\/media\/6059"}],"wp:attachment":[{"href":"https:\/\/www.monlau.com\/fp\/ca\/wp-json\/wp\/v2\/media?parent=6058"}],"wp:term":[{"taxonomy":"category","embeddable":true,"href":"https:\/\/www.monlau.com\/fp\/ca\/wp-json\/wp\/v2\/categories?post=6058"},{"taxonomy":"post_tag","embeddable":true,"href":"https:\/\/www.monlau.com\/fp\/ca\/wp-json\/wp\/v2\/tags?post=6058"}],"curies":[{"name":"wp","href":"https:\/\/api.w.org\/{rel}","templated":true}]}}