{"id":6053,"date":"2019-01-28T00:00:00","date_gmt":"2019-01-27T23:00:00","guid":{"rendered":"https:\/\/www.monlau.com\/formacion-profesional\/formacio-per-al-treball\/"},"modified":"2026-03-10T10:03:36","modified_gmt":"2026-03-10T09:03:36","slug":"formacio-per-al-treball","status":"publish","type":"post","link":"https:\/\/www.monlau.com\/fp\/ca\/2019\/01\/28\/formacio-per-al-treball\/","title":{"rendered":"Formaci\u00f3 pera al treball"},"content":{"rendered":"<h4 style=\"text-align: center;\"><em>El 80% de l&#8217;alumnat aconsegueix un contracte laboral en finalitzar els estudis<\/em><\/h4>\n<p>\u00a0<\/p>\n<p>Monlau Estudis Professionals ha concl\u00f2s la primera edici\u00f3 del postgrau d&#8217;Assessor Comercial d&#8217;Automoci\u00f3 en col\u00b7laboraci\u00f3 amb els principals grups concessionaris ubicats a Barcelona amb la <strong>incorporaci\u00f3 del m\u00e9s del 80% de l&#8217;alumnat en les empreses amb un contracte laboral.<\/strong><\/p>\n<p>La formaci\u00f3 neix per la demanda de grups d&#8217;automoci\u00f3 com Quadis, Moventia, PSA Retail o BMW Barcelona Premium que necessiten professionals de l&#8217;\u00e0mbit comercial amb formaci\u00f3 espec\u00edfica en el sector.<\/p>\n<p>Monlau, com a referent en els estudis professionals en l&#8217;\u00e0rea, ha dissenyat un postgrau per a alumnes amb titulaci\u00f3 de Cicle de Superior que inclou a l&#8217;empresa des del primer moment. \u00c9s a dir, <strong>classes magistrals impartides per professionals referents en el sector automobil\u00edstic, assegurances i gestoria, visites a les seves instal\u00b7lacions i, finalment, estades a l&#8217;empresa per formar part dels equips comercials<\/strong>. Tot aix\u00f2, amb l&#8217;objectiu de donar una resposta s\u00f2lida a la demanda d&#8217;un nou perfil de comercial.<\/p>\n<p>Les compet\u00e8ncies del mercat de vendes d&#8217;autom\u00f2bils van m\u00e9s enll\u00e0 del cl\u00e0ssic venedor. El sector demana persones amb habilitats en m\u00e0rqueting digital, t\u00e8cniques de venda i sobretot amb un ampli coneixement de les tend\u00e8ncies i \u00faltimes novetats d&#8217;un sector, que est\u00e0 vivint una gran transformaci\u00f3 amb l&#8217;arribada de noves tecnologies (vehicle el\u00e8ctric, aut\u00f2nom, etc. ).<\/p>\n","protected":false},"excerpt":{"rendered":"<p>El 80% de l&#8217;alumnat aconsegueix un contracte laboral en finalitzar els estudis \u00a0 Monlau Estudis Professionals ha concl\u00f2s la primera edici\u00f3 del postgrau d&#8217;Assessor Comercial d&#8217;Automoci\u00f3 en col\u00b7laboraci\u00f3 amb els principals grups concessionaris ubicats a Barcelona amb la incorporaci\u00f3 del m\u00e9s del 80% de l&#8217;alumnat en les empreses amb un contracte laboral. La formaci\u00f3 neix [&hellip;]<\/p>\n","protected":false},"author":2,"featured_media":6054,"comment_status":"closed","ping_status":"closed","sticky":false,"template":"","format":"standard","meta":{"footnotes":""},"categories":[257],"tags":[],"class_list":["post-6053","post","type-post","status-publish","format-standard","has-post-thumbnail","hentry","category-postgrau"],"yoast_head":"<!-- This site is optimized with the Yoast SEO plugin v27.2 - https:\/\/yoast.com\/product\/yoast-seo-wordpress\/ -->\n<title>Formaci\u00f3 pera al treball - Formaci\u00f3n profesional<\/title>\n<meta name=\"robots\" content=\"index, follow, max-snippet:-1, max-image-preview:large, max-video-preview:-1\" \/>\n<link rel=\"canonical\" href=\"https:\/\/www.monlau.com\/fp\/ca\/2019\/01\/28\/formacio-per-al-treball\/\" \/>\n<meta property=\"og:locale\" content=\"ca_ES\" \/>\n<meta property=\"og:type\" content=\"article\" \/>\n<meta property=\"og:title\" content=\"Formaci\u00f3 pera al treball - Formaci\u00f3n profesional\" \/>\n<meta property=\"og:description\" content=\"El 80% de l&#8217;alumnat aconsegueix un contracte laboral en finalitzar els estudis \u00a0 Monlau Estudis Professionals ha concl\u00f2s la primera edici\u00f3 del postgrau d&#8217;Assessor Comercial d&#8217;Automoci\u00f3 en col\u00b7laboraci\u00f3 amb els principals grups concessionaris ubicats a Barcelona amb la incorporaci\u00f3 del m\u00e9s del 80% de l&#8217;alumnat en les empreses amb un contracte laboral. La formaci\u00f3 neix [&hellip;]\" \/>\n<meta property=\"og:url\" content=\"https:\/\/www.monlau.com\/fp\/ca\/2019\/01\/28\/formacio-per-al-treball\/\" \/>\n<meta property=\"og:site_name\" content=\"Formaci\u00f3n profesional\" \/>\n<meta property=\"article:published_time\" content=\"2019-01-27T23:00:00+00:00\" \/>\n<meta property=\"article:modified_time\" content=\"2026-03-10T09:03:36+00:00\" \/>\n<meta property=\"og:image\" content=\"https:\/\/www.monlau.com\/app\/uploads\/sites\/3\/2026\/02\/asesor-comercial.jpg\" \/>\n\t<meta property=\"og:image:width\" content=\"1642\" \/>\n\t<meta property=\"og:image:height\" content=\"1094\" \/>\n\t<meta property=\"og:image:type\" content=\"image\/jpeg\" \/>\n<meta name=\"author\" content=\"monlauuser\" \/>\n<meta name=\"twitter:card\" content=\"summary_large_image\" \/>\n<meta name=\"twitter:label1\" content=\"Escrit per\" \/>\n\t<meta name=\"twitter:data1\" content=\"monlauuser\" \/>\n\t<meta name=\"twitter:label2\" content=\"Temps estimat de lectura\" \/>\n\t<meta name=\"twitter:data2\" content=\"1 minut\" \/>\n<script type=\"application\/ld+json\" class=\"yoast-schema-graph\">{\"@context\":\"https:\/\/schema.org\",\"@graph\":[{\"@type\":\"Article\",\"@id\":\"https:\/\/www.monlau.com\/fp\/ca\/2019\/01\/28\/formacio-per-al-treball\/#article\",\"isPartOf\":{\"@id\":\"https:\/\/www.monlau.com\/fp\/ca\/2019\/01\/28\/formacio-per-al-treball\/\"},\"author\":{\"name\":\"monlauuser\",\"@id\":\"https:\/\/www.monlau.com\/fp\/ca\/#\/schema\/person\/419630ffac9ae08417c894a53e55910c\"},\"headline\":\"Formaci\u00f3 pera al treball\",\"datePublished\":\"2019-01-27T23:00:00+00:00\",\"dateModified\":\"2026-03-10T09:03:36+00:00\",\"mainEntityOfPage\":{\"@id\":\"https:\/\/www.monlau.com\/fp\/ca\/2019\/01\/28\/formacio-per-al-treball\/\"},\"wordCount\":247,\"publisher\":{\"@id\":\"https:\/\/www.monlau.com\/fp\/ca\/#organization\"},\"image\":{\"@id\":\"https:\/\/www.monlau.com\/fp\/ca\/2019\/01\/28\/formacio-per-al-treball\/#primaryimage\"},\"thumbnailUrl\":\"https:\/\/www.monlau.com\/app\/uploads\/sites\/3\/2026\/02\/asesor-comercial.jpg\",\"articleSection\":[\"Postgrau\"],\"inLanguage\":\"ca\"},{\"@type\":\"WebPage\",\"@id\":\"https:\/\/www.monlau.com\/fp\/ca\/2019\/01\/28\/formacio-per-al-treball\/\",\"url\":\"https:\/\/www.monlau.com\/fp\/ca\/2019\/01\/28\/formacio-per-al-treball\/\",\"name\":\"Formaci\u00f3 pera al treball - Formaci\u00f3n profesional\",\"isPartOf\":{\"@id\":\"https:\/\/www.monlau.com\/fp\/ca\/#website\"},\"primaryImageOfPage\":{\"@id\":\"https:\/\/www.monlau.com\/fp\/ca\/2019\/01\/28\/formacio-per-al-treball\/#primaryimage\"},\"image\":{\"@id\":\"https:\/\/www.monlau.com\/fp\/ca\/2019\/01\/28\/formacio-per-al-treball\/#primaryimage\"},\"thumbnailUrl\":\"https:\/\/www.monlau.com\/app\/uploads\/sites\/3\/2026\/02\/asesor-comercial.jpg\",\"datePublished\":\"2019-01-27T23:00:00+00:00\",\"dateModified\":\"2026-03-10T09:03:36+00:00\",\"breadcrumb\":{\"@id\":\"https:\/\/www.monlau.com\/fp\/ca\/2019\/01\/28\/formacio-per-al-treball\/#breadcrumb\"},\"inLanguage\":\"ca\",\"potentialAction\":[{\"@type\":\"ReadAction\",\"target\":[\"https:\/\/www.monlau.com\/fp\/ca\/2019\/01\/28\/formacio-per-al-treball\/\"]}]},{\"@type\":\"ImageObject\",\"inLanguage\":\"ca\",\"@id\":\"https:\/\/www.monlau.com\/fp\/ca\/2019\/01\/28\/formacio-per-al-treball\/#primaryimage\",\"url\":\"https:\/\/www.monlau.com\/app\/uploads\/sites\/3\/2026\/02\/asesor-comercial.jpg\",\"contentUrl\":\"https:\/\/www.monlau.com\/app\/uploads\/sites\/3\/2026\/02\/asesor-comercial.jpg\",\"width\":1642,\"height\":1094},{\"@type\":\"BreadcrumbList\",\"@id\":\"https:\/\/www.monlau.com\/fp\/ca\/2019\/01\/28\/formacio-per-al-treball\/#breadcrumb\",\"itemListElement\":[{\"@type\":\"ListItem\",\"position\":1,\"name\":\"Portada\",\"item\":\"https:\/\/www.monlau.com\/fp\/ca\/inici\/\"},{\"@type\":\"ListItem\",\"position\":2,\"name\":\"Formaci\u00f3 pera al treball\"}]},{\"@type\":\"WebSite\",\"@id\":\"https:\/\/www.monlau.com\/fp\/ca\/#website\",\"url\":\"https:\/\/www.monlau.com\/fp\/ca\/\",\"name\":\"Formaci\u00f3n profesional\",\"description\":\"Monlau\",\"publisher\":{\"@id\":\"https:\/\/www.monlau.com\/fp\/ca\/#organization\"},\"potentialAction\":[{\"@type\":\"SearchAction\",\"target\":{\"@type\":\"EntryPoint\",\"urlTemplate\":\"https:\/\/www.monlau.com\/fp\/ca\/?s={search_term_string}\"},\"query-input\":{\"@type\":\"PropertyValueSpecification\",\"valueRequired\":true,\"valueName\":\"search_term_string\"}}],\"inLanguage\":\"ca\"},{\"@type\":\"Organization\",\"@id\":\"https:\/\/www.monlau.com\/fp\/ca\/#organization\",\"name\":\"Formaci\u00f3n profesional\",\"url\":\"https:\/\/www.monlau.com\/fp\/ca\/\",\"logo\":{\"@type\":\"ImageObject\",\"inLanguage\":\"ca\",\"@id\":\"https:\/\/www.monlau.com\/fp\/ca\/#\/schema\/logo\/image\/\",\"url\":\"https:\/\/www.monlau.com\/app\/uploads\/sites\/3\/2026\/01\/fp.png\",\"contentUrl\":\"https:\/\/www.monlau.com\/app\/uploads\/sites\/3\/2026\/01\/fp.png\",\"width\":1024,\"height\":878,\"caption\":\"Formaci\u00f3n profesional\"},\"image\":{\"@id\":\"https:\/\/www.monlau.com\/fp\/ca\/#\/schema\/logo\/image\/\"}},{\"@type\":\"Person\",\"@id\":\"https:\/\/www.monlau.com\/fp\/ca\/#\/schema\/person\/419630ffac9ae08417c894a53e55910c\",\"name\":\"monlauuser\",\"image\":{\"@type\":\"ImageObject\",\"inLanguage\":\"ca\",\"@id\":\"https:\/\/secure.gravatar.com\/avatar\/ab9c6e5fc6872da09790b5919f6edfdffde75802c06338ac68a484f8e7813f81?s=96&d=mm&r=g\",\"url\":\"https:\/\/secure.gravatar.com\/avatar\/ab9c6e5fc6872da09790b5919f6edfdffde75802c06338ac68a484f8e7813f81?s=96&d=mm&r=g\",\"contentUrl\":\"https:\/\/secure.gravatar.com\/avatar\/ab9c6e5fc6872da09790b5919f6edfdffde75802c06338ac68a484f8e7813f81?s=96&d=mm&r=g\",\"caption\":\"monlauuser\"},\"url\":\"https:\/\/www.monlau.com\/fp\/ca\/author\/monlauuser\/\"}]}<\/script>\n<!-- \/ Yoast SEO plugin. -->","yoast_head_json":{"title":"Formaci\u00f3 pera al treball - Formaci\u00f3n profesional","robots":{"index":"index","follow":"follow","max-snippet":"max-snippet:-1","max-image-preview":"max-image-preview:large","max-video-preview":"max-video-preview:-1"},"canonical":"https:\/\/www.monlau.com\/fp\/ca\/2019\/01\/28\/formacio-per-al-treball\/","og_locale":"ca_ES","og_type":"article","og_title":"Formaci\u00f3 pera al treball - Formaci\u00f3n profesional","og_description":"El 80% de l&#8217;alumnat aconsegueix un contracte laboral en finalitzar els estudis \u00a0 Monlau Estudis Professionals ha concl\u00f2s la primera edici\u00f3 del postgrau d&#8217;Assessor Comercial d&#8217;Automoci\u00f3 en col\u00b7laboraci\u00f3 amb els principals grups concessionaris ubicats a Barcelona amb la incorporaci\u00f3 del m\u00e9s del 80% de l&#8217;alumnat en les empreses amb un contracte laboral. La formaci\u00f3 neix [&hellip;]","og_url":"https:\/\/www.monlau.com\/fp\/ca\/2019\/01\/28\/formacio-per-al-treball\/","og_site_name":"Formaci\u00f3n profesional","article_published_time":"2019-01-27T23:00:00+00:00","article_modified_time":"2026-03-10T09:03:36+00:00","og_image":[{"width":1642,"height":1094,"url":"https:\/\/www.monlau.com\/app\/uploads\/sites\/3\/2026\/02\/asesor-comercial.jpg","type":"image\/jpeg"}],"author":"monlauuser","twitter_card":"summary_large_image","twitter_misc":{"Escrit per":"monlauuser","Temps estimat de lectura":"1 minut"},"schema":{"@context":"https:\/\/schema.org","@graph":[{"@type":"Article","@id":"https:\/\/www.monlau.com\/fp\/ca\/2019\/01\/28\/formacio-per-al-treball\/#article","isPartOf":{"@id":"https:\/\/www.monlau.com\/fp\/ca\/2019\/01\/28\/formacio-per-al-treball\/"},"author":{"name":"monlauuser","@id":"https:\/\/www.monlau.com\/fp\/ca\/#\/schema\/person\/419630ffac9ae08417c894a53e55910c"},"headline":"Formaci\u00f3 pera al treball","datePublished":"2019-01-27T23:00:00+00:00","dateModified":"2026-03-10T09:03:36+00:00","mainEntityOfPage":{"@id":"https:\/\/www.monlau.com\/fp\/ca\/2019\/01\/28\/formacio-per-al-treball\/"},"wordCount":247,"publisher":{"@id":"https:\/\/www.monlau.com\/fp\/ca\/#organization"},"image":{"@id":"https:\/\/www.monlau.com\/fp\/ca\/2019\/01\/28\/formacio-per-al-treball\/#primaryimage"},"thumbnailUrl":"https:\/\/www.monlau.com\/app\/uploads\/sites\/3\/2026\/02\/asesor-comercial.jpg","articleSection":["Postgrau"],"inLanguage":"ca"},{"@type":"WebPage","@id":"https:\/\/www.monlau.com\/fp\/ca\/2019\/01\/28\/formacio-per-al-treball\/","url":"https:\/\/www.monlau.com\/fp\/ca\/2019\/01\/28\/formacio-per-al-treball\/","name":"Formaci\u00f3 pera al treball - Formaci\u00f3n profesional","isPartOf":{"@id":"https:\/\/www.monlau.com\/fp\/ca\/#website"},"primaryImageOfPage":{"@id":"https:\/\/www.monlau.com\/fp\/ca\/2019\/01\/28\/formacio-per-al-treball\/#primaryimage"},"image":{"@id":"https:\/\/www.monlau.com\/fp\/ca\/2019\/01\/28\/formacio-per-al-treball\/#primaryimage"},"thumbnailUrl":"https:\/\/www.monlau.com\/app\/uploads\/sites\/3\/2026\/02\/asesor-comercial.jpg","datePublished":"2019-01-27T23:00:00+00:00","dateModified":"2026-03-10T09:03:36+00:00","breadcrumb":{"@id":"https:\/\/www.monlau.com\/fp\/ca\/2019\/01\/28\/formacio-per-al-treball\/#breadcrumb"},"inLanguage":"ca","potentialAction":[{"@type":"ReadAction","target":["https:\/\/www.monlau.com\/fp\/ca\/2019\/01\/28\/formacio-per-al-treball\/"]}]},{"@type":"ImageObject","inLanguage":"ca","@id":"https:\/\/www.monlau.com\/fp\/ca\/2019\/01\/28\/formacio-per-al-treball\/#primaryimage","url":"https:\/\/www.monlau.com\/app\/uploads\/sites\/3\/2026\/02\/asesor-comercial.jpg","contentUrl":"https:\/\/www.monlau.com\/app\/uploads\/sites\/3\/2026\/02\/asesor-comercial.jpg","width":1642,"height":1094},{"@type":"BreadcrumbList","@id":"https:\/\/www.monlau.com\/fp\/ca\/2019\/01\/28\/formacio-per-al-treball\/#breadcrumb","itemListElement":[{"@type":"ListItem","position":1,"name":"Portada","item":"https:\/\/www.monlau.com\/fp\/ca\/inici\/"},{"@type":"ListItem","position":2,"name":"Formaci\u00f3 pera al treball"}]},{"@type":"WebSite","@id":"https:\/\/www.monlau.com\/fp\/ca\/#website","url":"https:\/\/www.monlau.com\/fp\/ca\/","name":"Formaci\u00f3n profesional","description":"Monlau","publisher":{"@id":"https:\/\/www.monlau.com\/fp\/ca\/#organization"},"potentialAction":[{"@type":"SearchAction","target":{"@type":"EntryPoint","urlTemplate":"https:\/\/www.monlau.com\/fp\/ca\/?s={search_term_string}"},"query-input":{"@type":"PropertyValueSpecification","valueRequired":true,"valueName":"search_term_string"}}],"inLanguage":"ca"},{"@type":"Organization","@id":"https:\/\/www.monlau.com\/fp\/ca\/#organization","name":"Formaci\u00f3n profesional","url":"https:\/\/www.monlau.com\/fp\/ca\/","logo":{"@type":"ImageObject","inLanguage":"ca","@id":"https:\/\/www.monlau.com\/fp\/ca\/#\/schema\/logo\/image\/","url":"https:\/\/www.monlau.com\/app\/uploads\/sites\/3\/2026\/01\/fp.png","contentUrl":"https:\/\/www.monlau.com\/app\/uploads\/sites\/3\/2026\/01\/fp.png","width":1024,"height":878,"caption":"Formaci\u00f3n profesional"},"image":{"@id":"https:\/\/www.monlau.com\/fp\/ca\/#\/schema\/logo\/image\/"}},{"@type":"Person","@id":"https:\/\/www.monlau.com\/fp\/ca\/#\/schema\/person\/419630ffac9ae08417c894a53e55910c","name":"monlauuser","image":{"@type":"ImageObject","inLanguage":"ca","@id":"https:\/\/secure.gravatar.com\/avatar\/ab9c6e5fc6872da09790b5919f6edfdffde75802c06338ac68a484f8e7813f81?s=96&d=mm&r=g","url":"https:\/\/secure.gravatar.com\/avatar\/ab9c6e5fc6872da09790b5919f6edfdffde75802c06338ac68a484f8e7813f81?s=96&d=mm&r=g","contentUrl":"https:\/\/secure.gravatar.com\/avatar\/ab9c6e5fc6872da09790b5919f6edfdffde75802c06338ac68a484f8e7813f81?s=96&d=mm&r=g","caption":"monlauuser"},"url":"https:\/\/www.monlau.com\/fp\/ca\/author\/monlauuser\/"}]}},"_links":{"self":[{"href":"https:\/\/www.monlau.com\/fp\/ca\/wp-json\/wp\/v2\/posts\/6053","targetHints":{"allow":["GET"]}}],"collection":[{"href":"https:\/\/www.monlau.com\/fp\/ca\/wp-json\/wp\/v2\/posts"}],"about":[{"href":"https:\/\/www.monlau.com\/fp\/ca\/wp-json\/wp\/v2\/types\/post"}],"author":[{"embeddable":true,"href":"https:\/\/www.monlau.com\/fp\/ca\/wp-json\/wp\/v2\/users\/2"}],"replies":[{"embeddable":true,"href":"https:\/\/www.monlau.com\/fp\/ca\/wp-json\/wp\/v2\/comments?post=6053"}],"version-history":[{"count":1,"href":"https:\/\/www.monlau.com\/fp\/ca\/wp-json\/wp\/v2\/posts\/6053\/revisions"}],"predecessor-version":[{"id":6529,"href":"https:\/\/www.monlau.com\/fp\/ca\/wp-json\/wp\/v2\/posts\/6053\/revisions\/6529"}],"wp:featuredmedia":[{"embeddable":true,"href":"https:\/\/www.monlau.com\/fp\/ca\/wp-json\/wp\/v2\/media\/6054"}],"wp:attachment":[{"href":"https:\/\/www.monlau.com\/fp\/ca\/wp-json\/wp\/v2\/media?parent=6053"}],"wp:term":[{"taxonomy":"category","embeddable":true,"href":"https:\/\/www.monlau.com\/fp\/ca\/wp-json\/wp\/v2\/categories?post=6053"},{"taxonomy":"post_tag","embeddable":true,"href":"https:\/\/www.monlau.com\/fp\/ca\/wp-json\/wp\/v2\/tags?post=6053"}],"curies":[{"name":"wp","href":"https:\/\/api.w.org\/{rel}","templated":true}]}}