{"id":6051,"date":"2019-01-28T00:00:00","date_gmt":"2019-01-27T23:00:00","guid":{"rendered":"https:\/\/www.monlau.com\/formacion-profesional\/la-orientacio-academica-construint-junts-el-nostre-cami\/"},"modified":"2026-03-10T10:03:36","modified_gmt":"2026-03-10T09:03:36","slug":"la-orientacio-academica-construint-junts-el-nostre-cami","status":"publish","type":"post","link":"https:\/\/www.monlau.com\/fp\/ca\/2019\/01\/28\/la-orientacio-academica-construint-junts-el-nostre-cami\/","title":{"rendered":"La orientaci\u00f3 acad\u00e8mica: construint junts el nostre cam\u00ed"},"content":{"rendered":"<p>Quan diem que estem orientats volem transmetre que sabem on anem. Per poder tenir orientaci\u00f3 hem de con\u00e8ixer on som, on volem anar i quins camins o alternatives tenim per construir el nostre trajecte.<\/p>\n<p>Ara b\u00e9, no \u00e9s solament una acumulaci\u00f3 de dades, ha de tenir sentiment. L\u2019orientador ha de con\u00e8ixer i sentir all\u00f2 que l\u2019alumne\/a sent, pot i vol.<\/p>\n<p>La nostra escola rep els alumnes a primer d\u2019ESO, primer de Batxillerat i primers de Cicles Formatius. El nostre primer objectiu \u00e9s i ha de ser plantar la llavor de l\u2019ambici\u00f3 per la formaci\u00f3 en ells mateixos, amb les peculiaritats de cada edat. Sense motivaci\u00f3 ni passi\u00f3 no ens movem.<\/p>\n<p>Podr\u00edem disposar de la figura de l\u2019orientador per\u00f2 ambicionem aconseguir que tots els membres de l\u2019equip docent coneguin totes les possibilitats, dins i fora del nostre centre, i per aix\u00f2 aprofitem la llarga experi\u00e8ncia que tenim en empatitzar amb els alumnes des de la funci\u00f3 tutorial i el paraig\u00fces de les 11 c\u2019s.<\/p>\n<p>Con\u00e8ixer les inquietuds de l\u2019alumne\/a permet elaborar amb ell un itinerari que el porti des de l\u2019inici de la seva formaci\u00f3 amb nosaltres fins a desenvolupar al m\u00e0xim les seves possibilitats i confeccionar un curr\u00edculum que asseguri la seva inserci\u00f3 laboral amb \u00e8xit.<\/p>\n<p>La funci\u00f3 de la instituci\u00f3 escolar ha de ser formar intel\u00b7lectualment, personalment i laboralment a tots els alumnes i promocionar-los fins el seg\u00fcent estadi (lloc de treball, universitat, cicle formatiu,&#8230;.).<\/p>\n<p>Per aix\u00f2 disposem d\u2019un Pla d\u2019Orientaci\u00f3 que coneix tot l\u2019equip docent i no docent i aix\u00ed tots podem incidir sempre en la import\u00e0ncia de tenir objectius i de construir el nostre propi cam\u00ed.<\/p>\n<h4>Joan Segarra<\/h4>\n<p>Director Monlau Sagrera<\/p>\n","protected":false},"excerpt":{"rendered":"<p>Quan diem que estem orientats volem transmetre que sabem on anem. Per poder tenir orientaci\u00f3 hem de con\u00e8ixer on som, on volem anar i quins camins o alternatives tenim per construir el nostre trajecte. Ara b\u00e9, no \u00e9s solament una acumulaci\u00f3 de dades, ha de tenir sentiment. L\u2019orientador ha de con\u00e8ixer i sentir all\u00f2 que [&hellip;]<\/p>\n","protected":false},"author":2,"featured_media":6052,"comment_status":"closed","ping_status":"closed","sticky":false,"template":"","format":"standard","meta":{"footnotes":""},"categories":[252,256,253,254,255],"tags":[],"class_list":["post-6051","post","type-post","status-publish","format-standard","has-post-thumbnail","hentry","category-automocio","category-empresa-i-marqueting","category-fp-dual","category-hoteleria-i-turisme","category-informatica"],"yoast_head":"<!-- This site is optimized with the Yoast SEO plugin v27.2 - https:\/\/yoast.com\/product\/yoast-seo-wordpress\/ -->\n<title>La orientaci\u00f3 acad\u00e8mica: construint junts el nostre cam\u00ed - Formaci\u00f3n profesional<\/title>\n<meta name=\"robots\" content=\"index, follow, max-snippet:-1, max-image-preview:large, max-video-preview:-1\" \/>\n<link rel=\"canonical\" href=\"https:\/\/www.monlau.com\/fp\/ca\/2019\/01\/28\/la-orientacio-academica-construint-junts-el-nostre-cami\/\" \/>\n<meta property=\"og:locale\" content=\"ca_ES\" \/>\n<meta property=\"og:type\" content=\"article\" \/>\n<meta property=\"og:title\" content=\"La orientaci\u00f3 acad\u00e8mica: construint junts el nostre cam\u00ed - Formaci\u00f3n profesional\" \/>\n<meta property=\"og:description\" content=\"Quan diem que estem orientats volem transmetre que sabem on anem. Per poder tenir orientaci\u00f3 hem de con\u00e8ixer on som, on volem anar i quins camins o alternatives tenim per construir el nostre trajecte. Ara b\u00e9, no \u00e9s solament una acumulaci\u00f3 de dades, ha de tenir sentiment. L\u2019orientador ha de con\u00e8ixer i sentir all\u00f2 que [&hellip;]\" \/>\n<meta property=\"og:url\" content=\"https:\/\/www.monlau.com\/fp\/ca\/2019\/01\/28\/la-orientacio-academica-construint-junts-el-nostre-cami\/\" \/>\n<meta property=\"og:site_name\" content=\"Formaci\u00f3n profesional\" \/>\n<meta property=\"article:published_time\" content=\"2019-01-27T23:00:00+00:00\" \/>\n<meta property=\"article:modified_time\" content=\"2026-03-10T09:03:36+00:00\" \/>\n<meta property=\"og:image\" content=\"https:\/\/www.monlau.com\/app\/uploads\/sites\/3\/2026\/02\/orientacio-1.jpg\" \/>\n\t<meta property=\"og:image:width\" content=\"1536\" \/>\n\t<meta property=\"og:image:height\" content=\"1024\" \/>\n\t<meta property=\"og:image:type\" content=\"image\/jpeg\" \/>\n<meta name=\"author\" content=\"monlauuser\" \/>\n<meta name=\"twitter:card\" content=\"summary_large_image\" \/>\n<meta name=\"twitter:label1\" content=\"Escrit per\" \/>\n\t<meta name=\"twitter:data1\" content=\"monlauuser\" \/>\n\t<meta name=\"twitter:label2\" content=\"Temps estimat de lectura\" \/>\n\t<meta name=\"twitter:data2\" content=\"1 minut\" \/>\n<script type=\"application\/ld+json\" class=\"yoast-schema-graph\">{\"@context\":\"https:\/\/schema.org\",\"@graph\":[{\"@type\":\"Article\",\"@id\":\"https:\/\/www.monlau.com\/fp\/ca\/2019\/01\/28\/la-orientacio-academica-construint-junts-el-nostre-cami\/#article\",\"isPartOf\":{\"@id\":\"https:\/\/www.monlau.com\/fp\/ca\/2019\/01\/28\/la-orientacio-academica-construint-junts-el-nostre-cami\/\"},\"author\":{\"name\":\"monlauuser\",\"@id\":\"https:\/\/www.monlau.com\/fp\/ca\/#\/schema\/person\/419630ffac9ae08417c894a53e55910c\"},\"headline\":\"La orientaci\u00f3 acad\u00e8mica: construint junts el nostre cam\u00ed\",\"datePublished\":\"2019-01-27T23:00:00+00:00\",\"dateModified\":\"2026-03-10T09:03:36+00:00\",\"mainEntityOfPage\":{\"@id\":\"https:\/\/www.monlau.com\/fp\/ca\/2019\/01\/28\/la-orientacio-academica-construint-junts-el-nostre-cami\/\"},\"wordCount\":307,\"publisher\":{\"@id\":\"https:\/\/www.monlau.com\/fp\/ca\/#organization\"},\"image\":{\"@id\":\"https:\/\/www.monlau.com\/fp\/ca\/2019\/01\/28\/la-orientacio-academica-construint-junts-el-nostre-cami\/#primaryimage\"},\"thumbnailUrl\":\"https:\/\/www.monlau.com\/app\/uploads\/sites\/3\/2026\/02\/orientacio-1.jpg\",\"articleSection\":[\"Automoci\u00f3\",\"Empresa i M\u00e0rqueting\",\"FP Dual\",\"Hoteleria i Turisme\",\"Inform\u00e0tica\"],\"inLanguage\":\"ca\"},{\"@type\":\"WebPage\",\"@id\":\"https:\/\/www.monlau.com\/fp\/ca\/2019\/01\/28\/la-orientacio-academica-construint-junts-el-nostre-cami\/\",\"url\":\"https:\/\/www.monlau.com\/fp\/ca\/2019\/01\/28\/la-orientacio-academica-construint-junts-el-nostre-cami\/\",\"name\":\"La orientaci\u00f3 acad\u00e8mica: construint junts el nostre cam\u00ed - Formaci\u00f3n profesional\",\"isPartOf\":{\"@id\":\"https:\/\/www.monlau.com\/fp\/ca\/#website\"},\"primaryImageOfPage\":{\"@id\":\"https:\/\/www.monlau.com\/fp\/ca\/2019\/01\/28\/la-orientacio-academica-construint-junts-el-nostre-cami\/#primaryimage\"},\"image\":{\"@id\":\"https:\/\/www.monlau.com\/fp\/ca\/2019\/01\/28\/la-orientacio-academica-construint-junts-el-nostre-cami\/#primaryimage\"},\"thumbnailUrl\":\"https:\/\/www.monlau.com\/app\/uploads\/sites\/3\/2026\/02\/orientacio-1.jpg\",\"datePublished\":\"2019-01-27T23:00:00+00:00\",\"dateModified\":\"2026-03-10T09:03:36+00:00\",\"breadcrumb\":{\"@id\":\"https:\/\/www.monlau.com\/fp\/ca\/2019\/01\/28\/la-orientacio-academica-construint-junts-el-nostre-cami\/#breadcrumb\"},\"inLanguage\":\"ca\",\"potentialAction\":[{\"@type\":\"ReadAction\",\"target\":[\"https:\/\/www.monlau.com\/fp\/ca\/2019\/01\/28\/la-orientacio-academica-construint-junts-el-nostre-cami\/\"]}]},{\"@type\":\"ImageObject\",\"inLanguage\":\"ca\",\"@id\":\"https:\/\/www.monlau.com\/fp\/ca\/2019\/01\/28\/la-orientacio-academica-construint-junts-el-nostre-cami\/#primaryimage\",\"url\":\"https:\/\/www.monlau.com\/app\/uploads\/sites\/3\/2026\/02\/orientacio-1.jpg\",\"contentUrl\":\"https:\/\/www.monlau.com\/app\/uploads\/sites\/3\/2026\/02\/orientacio-1.jpg\",\"width\":1536,\"height\":1024},{\"@type\":\"BreadcrumbList\",\"@id\":\"https:\/\/www.monlau.com\/fp\/ca\/2019\/01\/28\/la-orientacio-academica-construint-junts-el-nostre-cami\/#breadcrumb\",\"itemListElement\":[{\"@type\":\"ListItem\",\"position\":1,\"name\":\"Portada\",\"item\":\"https:\/\/www.monlau.com\/fp\/ca\/inici\/\"},{\"@type\":\"ListItem\",\"position\":2,\"name\":\"La orientaci\u00f3 acad\u00e8mica: construint junts el nostre cam\u00ed\"}]},{\"@type\":\"WebSite\",\"@id\":\"https:\/\/www.monlau.com\/fp\/ca\/#website\",\"url\":\"https:\/\/www.monlau.com\/fp\/ca\/\",\"name\":\"Formaci\u00f3n profesional\",\"description\":\"Monlau\",\"publisher\":{\"@id\":\"https:\/\/www.monlau.com\/fp\/ca\/#organization\"},\"potentialAction\":[{\"@type\":\"SearchAction\",\"target\":{\"@type\":\"EntryPoint\",\"urlTemplate\":\"https:\/\/www.monlau.com\/fp\/ca\/?s={search_term_string}\"},\"query-input\":{\"@type\":\"PropertyValueSpecification\",\"valueRequired\":true,\"valueName\":\"search_term_string\"}}],\"inLanguage\":\"ca\"},{\"@type\":\"Organization\",\"@id\":\"https:\/\/www.monlau.com\/fp\/ca\/#organization\",\"name\":\"Formaci\u00f3n profesional\",\"url\":\"https:\/\/www.monlau.com\/fp\/ca\/\",\"logo\":{\"@type\":\"ImageObject\",\"inLanguage\":\"ca\",\"@id\":\"https:\/\/www.monlau.com\/fp\/ca\/#\/schema\/logo\/image\/\",\"url\":\"https:\/\/www.monlau.com\/app\/uploads\/sites\/3\/2026\/01\/fp.png\",\"contentUrl\":\"https:\/\/www.monlau.com\/app\/uploads\/sites\/3\/2026\/01\/fp.png\",\"width\":1024,\"height\":878,\"caption\":\"Formaci\u00f3n profesional\"},\"image\":{\"@id\":\"https:\/\/www.monlau.com\/fp\/ca\/#\/schema\/logo\/image\/\"}},{\"@type\":\"Person\",\"@id\":\"https:\/\/www.monlau.com\/fp\/ca\/#\/schema\/person\/419630ffac9ae08417c894a53e55910c\",\"name\":\"monlauuser\",\"image\":{\"@type\":\"ImageObject\",\"inLanguage\":\"ca\",\"@id\":\"https:\/\/secure.gravatar.com\/avatar\/ab9c6e5fc6872da09790b5919f6edfdffde75802c06338ac68a484f8e7813f81?s=96&d=mm&r=g\",\"url\":\"https:\/\/secure.gravatar.com\/avatar\/ab9c6e5fc6872da09790b5919f6edfdffde75802c06338ac68a484f8e7813f81?s=96&d=mm&r=g\",\"contentUrl\":\"https:\/\/secure.gravatar.com\/avatar\/ab9c6e5fc6872da09790b5919f6edfdffde75802c06338ac68a484f8e7813f81?s=96&d=mm&r=g\",\"caption\":\"monlauuser\"},\"url\":\"https:\/\/www.monlau.com\/fp\/ca\/author\/monlauuser\/\"}]}<\/script>\n<!-- \/ Yoast SEO plugin. -->","yoast_head_json":{"title":"La orientaci\u00f3 acad\u00e8mica: construint junts el nostre cam\u00ed - Formaci\u00f3n profesional","robots":{"index":"index","follow":"follow","max-snippet":"max-snippet:-1","max-image-preview":"max-image-preview:large","max-video-preview":"max-video-preview:-1"},"canonical":"https:\/\/www.monlau.com\/fp\/ca\/2019\/01\/28\/la-orientacio-academica-construint-junts-el-nostre-cami\/","og_locale":"ca_ES","og_type":"article","og_title":"La orientaci\u00f3 acad\u00e8mica: construint junts el nostre cam\u00ed - Formaci\u00f3n profesional","og_description":"Quan diem que estem orientats volem transmetre que sabem on anem. Per poder tenir orientaci\u00f3 hem de con\u00e8ixer on som, on volem anar i quins camins o alternatives tenim per construir el nostre trajecte. Ara b\u00e9, no \u00e9s solament una acumulaci\u00f3 de dades, ha de tenir sentiment. L\u2019orientador ha de con\u00e8ixer i sentir all\u00f2 que [&hellip;]","og_url":"https:\/\/www.monlau.com\/fp\/ca\/2019\/01\/28\/la-orientacio-academica-construint-junts-el-nostre-cami\/","og_site_name":"Formaci\u00f3n profesional","article_published_time":"2019-01-27T23:00:00+00:00","article_modified_time":"2026-03-10T09:03:36+00:00","og_image":[{"width":1536,"height":1024,"url":"https:\/\/www.monlau.com\/app\/uploads\/sites\/3\/2026\/02\/orientacio-1.jpg","type":"image\/jpeg"}],"author":"monlauuser","twitter_card":"summary_large_image","twitter_misc":{"Escrit per":"monlauuser","Temps estimat de lectura":"1 minut"},"schema":{"@context":"https:\/\/schema.org","@graph":[{"@type":"Article","@id":"https:\/\/www.monlau.com\/fp\/ca\/2019\/01\/28\/la-orientacio-academica-construint-junts-el-nostre-cami\/#article","isPartOf":{"@id":"https:\/\/www.monlau.com\/fp\/ca\/2019\/01\/28\/la-orientacio-academica-construint-junts-el-nostre-cami\/"},"author":{"name":"monlauuser","@id":"https:\/\/www.monlau.com\/fp\/ca\/#\/schema\/person\/419630ffac9ae08417c894a53e55910c"},"headline":"La orientaci\u00f3 acad\u00e8mica: construint junts el nostre cam\u00ed","datePublished":"2019-01-27T23:00:00+00:00","dateModified":"2026-03-10T09:03:36+00:00","mainEntityOfPage":{"@id":"https:\/\/www.monlau.com\/fp\/ca\/2019\/01\/28\/la-orientacio-academica-construint-junts-el-nostre-cami\/"},"wordCount":307,"publisher":{"@id":"https:\/\/www.monlau.com\/fp\/ca\/#organization"},"image":{"@id":"https:\/\/www.monlau.com\/fp\/ca\/2019\/01\/28\/la-orientacio-academica-construint-junts-el-nostre-cami\/#primaryimage"},"thumbnailUrl":"https:\/\/www.monlau.com\/app\/uploads\/sites\/3\/2026\/02\/orientacio-1.jpg","articleSection":["Automoci\u00f3","Empresa i M\u00e0rqueting","FP Dual","Hoteleria i Turisme","Inform\u00e0tica"],"inLanguage":"ca"},{"@type":"WebPage","@id":"https:\/\/www.monlau.com\/fp\/ca\/2019\/01\/28\/la-orientacio-academica-construint-junts-el-nostre-cami\/","url":"https:\/\/www.monlau.com\/fp\/ca\/2019\/01\/28\/la-orientacio-academica-construint-junts-el-nostre-cami\/","name":"La orientaci\u00f3 acad\u00e8mica: construint junts el nostre cam\u00ed - Formaci\u00f3n profesional","isPartOf":{"@id":"https:\/\/www.monlau.com\/fp\/ca\/#website"},"primaryImageOfPage":{"@id":"https:\/\/www.monlau.com\/fp\/ca\/2019\/01\/28\/la-orientacio-academica-construint-junts-el-nostre-cami\/#primaryimage"},"image":{"@id":"https:\/\/www.monlau.com\/fp\/ca\/2019\/01\/28\/la-orientacio-academica-construint-junts-el-nostre-cami\/#primaryimage"},"thumbnailUrl":"https:\/\/www.monlau.com\/app\/uploads\/sites\/3\/2026\/02\/orientacio-1.jpg","datePublished":"2019-01-27T23:00:00+00:00","dateModified":"2026-03-10T09:03:36+00:00","breadcrumb":{"@id":"https:\/\/www.monlau.com\/fp\/ca\/2019\/01\/28\/la-orientacio-academica-construint-junts-el-nostre-cami\/#breadcrumb"},"inLanguage":"ca","potentialAction":[{"@type":"ReadAction","target":["https:\/\/www.monlau.com\/fp\/ca\/2019\/01\/28\/la-orientacio-academica-construint-junts-el-nostre-cami\/"]}]},{"@type":"ImageObject","inLanguage":"ca","@id":"https:\/\/www.monlau.com\/fp\/ca\/2019\/01\/28\/la-orientacio-academica-construint-junts-el-nostre-cami\/#primaryimage","url":"https:\/\/www.monlau.com\/app\/uploads\/sites\/3\/2026\/02\/orientacio-1.jpg","contentUrl":"https:\/\/www.monlau.com\/app\/uploads\/sites\/3\/2026\/02\/orientacio-1.jpg","width":1536,"height":1024},{"@type":"BreadcrumbList","@id":"https:\/\/www.monlau.com\/fp\/ca\/2019\/01\/28\/la-orientacio-academica-construint-junts-el-nostre-cami\/#breadcrumb","itemListElement":[{"@type":"ListItem","position":1,"name":"Portada","item":"https:\/\/www.monlau.com\/fp\/ca\/inici\/"},{"@type":"ListItem","position":2,"name":"La orientaci\u00f3 acad\u00e8mica: construint junts el nostre cam\u00ed"}]},{"@type":"WebSite","@id":"https:\/\/www.monlau.com\/fp\/ca\/#website","url":"https:\/\/www.monlau.com\/fp\/ca\/","name":"Formaci\u00f3n profesional","description":"Monlau","publisher":{"@id":"https:\/\/www.monlau.com\/fp\/ca\/#organization"},"potentialAction":[{"@type":"SearchAction","target":{"@type":"EntryPoint","urlTemplate":"https:\/\/www.monlau.com\/fp\/ca\/?s={search_term_string}"},"query-input":{"@type":"PropertyValueSpecification","valueRequired":true,"valueName":"search_term_string"}}],"inLanguage":"ca"},{"@type":"Organization","@id":"https:\/\/www.monlau.com\/fp\/ca\/#organization","name":"Formaci\u00f3n profesional","url":"https:\/\/www.monlau.com\/fp\/ca\/","logo":{"@type":"ImageObject","inLanguage":"ca","@id":"https:\/\/www.monlau.com\/fp\/ca\/#\/schema\/logo\/image\/","url":"https:\/\/www.monlau.com\/app\/uploads\/sites\/3\/2026\/01\/fp.png","contentUrl":"https:\/\/www.monlau.com\/app\/uploads\/sites\/3\/2026\/01\/fp.png","width":1024,"height":878,"caption":"Formaci\u00f3n profesional"},"image":{"@id":"https:\/\/www.monlau.com\/fp\/ca\/#\/schema\/logo\/image\/"}},{"@type":"Person","@id":"https:\/\/www.monlau.com\/fp\/ca\/#\/schema\/person\/419630ffac9ae08417c894a53e55910c","name":"monlauuser","image":{"@type":"ImageObject","inLanguage":"ca","@id":"https:\/\/secure.gravatar.com\/avatar\/ab9c6e5fc6872da09790b5919f6edfdffde75802c06338ac68a484f8e7813f81?s=96&d=mm&r=g","url":"https:\/\/secure.gravatar.com\/avatar\/ab9c6e5fc6872da09790b5919f6edfdffde75802c06338ac68a484f8e7813f81?s=96&d=mm&r=g","contentUrl":"https:\/\/secure.gravatar.com\/avatar\/ab9c6e5fc6872da09790b5919f6edfdffde75802c06338ac68a484f8e7813f81?s=96&d=mm&r=g","caption":"monlauuser"},"url":"https:\/\/www.monlau.com\/fp\/ca\/author\/monlauuser\/"}]}},"_links":{"self":[{"href":"https:\/\/www.monlau.com\/fp\/ca\/wp-json\/wp\/v2\/posts\/6051","targetHints":{"allow":["GET"]}}],"collection":[{"href":"https:\/\/www.monlau.com\/fp\/ca\/wp-json\/wp\/v2\/posts"}],"about":[{"href":"https:\/\/www.monlau.com\/fp\/ca\/wp-json\/wp\/v2\/types\/post"}],"author":[{"embeddable":true,"href":"https:\/\/www.monlau.com\/fp\/ca\/wp-json\/wp\/v2\/users\/2"}],"replies":[{"embeddable":true,"href":"https:\/\/www.monlau.com\/fp\/ca\/wp-json\/wp\/v2\/comments?post=6051"}],"version-history":[{"count":1,"href":"https:\/\/www.monlau.com\/fp\/ca\/wp-json\/wp\/v2\/posts\/6051\/revisions"}],"predecessor-version":[{"id":6528,"href":"https:\/\/www.monlau.com\/fp\/ca\/wp-json\/wp\/v2\/posts\/6051\/revisions\/6528"}],"wp:featuredmedia":[{"embeddable":true,"href":"https:\/\/www.monlau.com\/fp\/ca\/wp-json\/wp\/v2\/media\/6052"}],"wp:attachment":[{"href":"https:\/\/www.monlau.com\/fp\/ca\/wp-json\/wp\/v2\/media?parent=6051"}],"wp:term":[{"taxonomy":"category","embeddable":true,"href":"https:\/\/www.monlau.com\/fp\/ca\/wp-json\/wp\/v2\/categories?post=6051"},{"taxonomy":"post_tag","embeddable":true,"href":"https:\/\/www.monlau.com\/fp\/ca\/wp-json\/wp\/v2\/tags?post=6051"}],"curies":[{"name":"wp","href":"https:\/\/api.w.org\/{rel}","templated":true}]}}