{"id":6049,"date":"2019-01-28T00:00:00","date_gmt":"2019-01-27T23:00:00","guid":{"rendered":"https:\/\/www.monlau.com\/formacion-profesional\/una-oferta-integral-en-automocio\/"},"modified":"2026-03-10T10:03:36","modified_gmt":"2026-03-10T09:03:36","slug":"una-oferta-integral-en-automocio","status":"publish","type":"post","link":"https:\/\/www.monlau.com\/fp\/ca\/2019\/01\/28\/una-oferta-integral-en-automocio\/","title":{"rendered":"Una oferta integral en Automoci\u00f3"},"content":{"rendered":"<p>Monlau La Maquinista \u00e9s un centre pensat i ideat per formar professionals de l&#8217;automoci\u00f3 de manera integral i al llarg de la seva vida. Un mai acaba de formar-se, sempre pot tornar a seguir actualitzant, especialitzar-se i con\u00e8ixer noves tecnologies.<\/p>\n<p>\u00a0<\/p>\n<p><strong>Entenem la formaci\u00f3 professional com un cam\u00ed de quatre anys.<\/strong> Una formaci\u00f3 t\u00e8cnica que comen\u00e7a en l&#8217;etapa de Grau Mitj\u00e0 ja sigui en electromec\u00e0nica de cotxes o motos o b\u00e9 en carrosseria per seguir amb una titulaci\u00f3 superior en Automoci\u00f3. Per qu\u00e8 ho pensem aix\u00ed? Molt senzill, a Monlau formem alumnes perqu\u00e8 s&#8217;incorporin al m\u00f3n laboral amb garanties i solv\u00e8ncia del que s&#8217;ha apr\u00e8s; per\u00f2 sobretot perqu\u00e8 perseguim que no es vegin limitats per la seva formaci\u00f3. <strong>Anar m\u00e9s enll\u00e0 del Grau Mitj\u00e0 els permet accedir a ofertes laborals m\u00e9s interessants, amb m\u00e9s responsabilitats, m\u00e9s a prop de la innovaci\u00f3 i, tamb\u00e9, millor remunerades.<\/strong><\/p>\n<p>\u00a0<\/p>\n<p>El Grau Superior ja no \u00e9s nom\u00e9s la porta de sortida. \u00c9s el punt de partida per a comen\u00e7ar una carrera professional o acad\u00e8mica. La tecnologia avan\u00e7a a gran velocitat i hem d&#8217;estar preparats per als reptes del futur. En aquest context s&#8217;emmarca la nostra oferta integral. <strong>Anem m\u00e9s enll\u00e0 de l&#8217;oferta de formaci\u00f3 reglada b\u00e0sica i apostem per una oferta continuada i especialitzada.<\/strong><\/p>\n<p>\u00a0<\/p>\n<p>Estem en contacte permanent amb les empreses i d&#8217;aquesta relaci\u00f3, surten molt bones oportunitats de pr\u00e0ctiques i laborals per al nostre alumnat, de formaci\u00f3 i reciclatge per al nostre professorat i tamb\u00e9 detectem noves necessitats de formaci\u00f3 per al mercat laboral en el sector de l\u2019automoci\u00f3. Aqu\u00ed apareixen els postgraus d&#8217;assessor de servei, del qual ja portem 2 edicions amb un 100% d&#8217;inserci\u00f3 laboral, i el d&#8217;assessor comercial, la novetat d&#8217;aquest curs a Monlau La Maquinista, que ha perm\u00e8s al 80% de l&#8217;alumnat aconseguir un contracte laboral.<\/p>\n<p>\u00a0<\/p>\n<p>Una altra aposta afegida \u00e9s la formaci\u00f3 especialitzada. El curs de vehicles h\u00edbrids i el\u00e8ctrics segueix sent un dels m\u00e9s demandats, no nom\u00e9s pels alumnes de Monlau sin\u00f3 tamb\u00e9 per professionals del sector que van al centre a continuar la seva formaci\u00f3.<\/p>\n<p>\u00a0<\/p>\n<p>No parem! Som un centre de refer\u00e8ncia en automoci\u00f3 i la nostra voluntat es seguir sent-ho i, aix\u00f2 ens obliga a seguir innovat. Per al curs 2018\/19 posem en marxa el Grau Superior d&#8217;Automoci\u00f3 en modalitat online, una oportunitat per a molts per compatibilitzar estudis i treball, i seguirem ampliant i aprofundint el nostre cat\u00e0leg de formaci\u00f3 cont\u00ednua i especialitzada. Sempre atents a qualsevol innovaci\u00f3 per transmetre-la, en temps real, als nostres alumnes.<\/p>\n<h4>Gaspar Busquets<\/h4>\n<p>Director de Monlau La Maquinista<\/p>\n","protected":false},"excerpt":{"rendered":"<p>Monlau La Maquinista \u00e9s un centre pensat i ideat per formar professionals de l&#8217;automoci\u00f3 de manera integral i al llarg de la seva vida. Un mai acaba de formar-se, sempre pot tornar a seguir actualitzant, especialitzar-se i con\u00e8ixer noves tecnologies. \u00a0 Entenem la formaci\u00f3 professional com un cam\u00ed de quatre anys. Una formaci\u00f3 t\u00e8cnica que [&hellip;]<\/p>\n","protected":false},"author":2,"featured_media":6050,"comment_status":"closed","ping_status":"closed","sticky":false,"template":"","format":"standard","meta":{"footnotes":""},"categories":[252],"tags":[],"class_list":["post-6049","post","type-post","status-publish","format-standard","has-post-thumbnail","hentry","category-automocio"],"yoast_head":"<!-- This site is optimized with the Yoast SEO plugin v27.2 - https:\/\/yoast.com\/product\/yoast-seo-wordpress\/ -->\n<title>Una oferta integral en Automoci\u00f3 - Formaci\u00f3n profesional<\/title>\n<meta name=\"robots\" content=\"index, follow, max-snippet:-1, max-image-preview:large, max-video-preview:-1\" \/>\n<link rel=\"canonical\" href=\"https:\/\/www.monlau.com\/fp\/ca\/2019\/01\/28\/una-oferta-integral-en-automocio\/\" \/>\n<meta property=\"og:locale\" content=\"ca_ES\" \/>\n<meta property=\"og:type\" content=\"article\" \/>\n<meta property=\"og:title\" content=\"Una oferta integral en Automoci\u00f3 - Formaci\u00f3n profesional\" \/>\n<meta property=\"og:description\" content=\"Monlau La Maquinista \u00e9s un centre pensat i ideat per formar professionals de l&#8217;automoci\u00f3 de manera integral i al llarg de la seva vida. Un mai acaba de formar-se, sempre pot tornar a seguir actualitzant, especialitzar-se i con\u00e8ixer noves tecnologies. \u00a0 Entenem la formaci\u00f3 professional com un cam\u00ed de quatre anys. Una formaci\u00f3 t\u00e8cnica que [&hellip;]\" \/>\n<meta property=\"og:url\" content=\"https:\/\/www.monlau.com\/fp\/ca\/2019\/01\/28\/una-oferta-integral-en-automocio\/\" \/>\n<meta property=\"og:site_name\" content=\"Formaci\u00f3n profesional\" \/>\n<meta property=\"article:published_time\" content=\"2019-01-27T23:00:00+00:00\" \/>\n<meta property=\"article:modified_time\" content=\"2026-03-10T09:03:36+00:00\" \/>\n<meta property=\"og:image\" content=\"https:\/\/www.monlau.com\/app\/uploads\/sites\/3\/2026\/02\/CARACAS-0390.jpg\" \/>\n\t<meta property=\"og:image:width\" content=\"1339\" \/>\n\t<meta property=\"og:image:height\" content=\"893\" \/>\n\t<meta property=\"og:image:type\" content=\"image\/jpeg\" \/>\n<meta name=\"author\" content=\"monlauuser\" \/>\n<meta name=\"twitter:card\" content=\"summary_large_image\" \/>\n<meta name=\"twitter:label1\" content=\"Escrit per\" \/>\n\t<meta name=\"twitter:data1\" content=\"monlauuser\" \/>\n\t<meta name=\"twitter:label2\" content=\"Temps estimat de lectura\" \/>\n\t<meta name=\"twitter:data2\" content=\"2 minuts\" \/>\n<script type=\"application\/ld+json\" class=\"yoast-schema-graph\">{\"@context\":\"https:\/\/schema.org\",\"@graph\":[{\"@type\":\"Article\",\"@id\":\"https:\/\/www.monlau.com\/fp\/ca\/2019\/01\/28\/una-oferta-integral-en-automocio\/#article\",\"isPartOf\":{\"@id\":\"https:\/\/www.monlau.com\/fp\/ca\/2019\/01\/28\/una-oferta-integral-en-automocio\/\"},\"author\":{\"name\":\"monlauuser\",\"@id\":\"https:\/\/www.monlau.com\/fp\/ca\/#\/schema\/person\/419630ffac9ae08417c894a53e55910c\"},\"headline\":\"Una oferta integral en Automoci\u00f3\",\"datePublished\":\"2019-01-27T23:00:00+00:00\",\"dateModified\":\"2026-03-10T09:03:36+00:00\",\"mainEntityOfPage\":{\"@id\":\"https:\/\/www.monlau.com\/fp\/ca\/2019\/01\/28\/una-oferta-integral-en-automocio\/\"},\"wordCount\":459,\"publisher\":{\"@id\":\"https:\/\/www.monlau.com\/fp\/ca\/#organization\"},\"image\":{\"@id\":\"https:\/\/www.monlau.com\/fp\/ca\/2019\/01\/28\/una-oferta-integral-en-automocio\/#primaryimage\"},\"thumbnailUrl\":\"https:\/\/www.monlau.com\/app\/uploads\/sites\/3\/2026\/02\/CARACAS-0390.jpg\",\"articleSection\":[\"Automoci\u00f3\"],\"inLanguage\":\"ca\"},{\"@type\":\"WebPage\",\"@id\":\"https:\/\/www.monlau.com\/fp\/ca\/2019\/01\/28\/una-oferta-integral-en-automocio\/\",\"url\":\"https:\/\/www.monlau.com\/fp\/ca\/2019\/01\/28\/una-oferta-integral-en-automocio\/\",\"name\":\"Una oferta integral en Automoci\u00f3 - Formaci\u00f3n profesional\",\"isPartOf\":{\"@id\":\"https:\/\/www.monlau.com\/fp\/ca\/#website\"},\"primaryImageOfPage\":{\"@id\":\"https:\/\/www.monlau.com\/fp\/ca\/2019\/01\/28\/una-oferta-integral-en-automocio\/#primaryimage\"},\"image\":{\"@id\":\"https:\/\/www.monlau.com\/fp\/ca\/2019\/01\/28\/una-oferta-integral-en-automocio\/#primaryimage\"},\"thumbnailUrl\":\"https:\/\/www.monlau.com\/app\/uploads\/sites\/3\/2026\/02\/CARACAS-0390.jpg\",\"datePublished\":\"2019-01-27T23:00:00+00:00\",\"dateModified\":\"2026-03-10T09:03:36+00:00\",\"breadcrumb\":{\"@id\":\"https:\/\/www.monlau.com\/fp\/ca\/2019\/01\/28\/una-oferta-integral-en-automocio\/#breadcrumb\"},\"inLanguage\":\"ca\",\"potentialAction\":[{\"@type\":\"ReadAction\",\"target\":[\"https:\/\/www.monlau.com\/fp\/ca\/2019\/01\/28\/una-oferta-integral-en-automocio\/\"]}]},{\"@type\":\"ImageObject\",\"inLanguage\":\"ca\",\"@id\":\"https:\/\/www.monlau.com\/fp\/ca\/2019\/01\/28\/una-oferta-integral-en-automocio\/#primaryimage\",\"url\":\"https:\/\/www.monlau.com\/app\/uploads\/sites\/3\/2026\/02\/CARACAS-0390.jpg\",\"contentUrl\":\"https:\/\/www.monlau.com\/app\/uploads\/sites\/3\/2026\/02\/CARACAS-0390.jpg\",\"width\":1339,\"height\":893},{\"@type\":\"BreadcrumbList\",\"@id\":\"https:\/\/www.monlau.com\/fp\/ca\/2019\/01\/28\/una-oferta-integral-en-automocio\/#breadcrumb\",\"itemListElement\":[{\"@type\":\"ListItem\",\"position\":1,\"name\":\"Portada\",\"item\":\"https:\/\/www.monlau.com\/fp\/ca\/inici\/\"},{\"@type\":\"ListItem\",\"position\":2,\"name\":\"Una oferta integral en Automoci\u00f3\"}]},{\"@type\":\"WebSite\",\"@id\":\"https:\/\/www.monlau.com\/fp\/ca\/#website\",\"url\":\"https:\/\/www.monlau.com\/fp\/ca\/\",\"name\":\"Formaci\u00f3n profesional\",\"description\":\"Monlau\",\"publisher\":{\"@id\":\"https:\/\/www.monlau.com\/fp\/ca\/#organization\"},\"potentialAction\":[{\"@type\":\"SearchAction\",\"target\":{\"@type\":\"EntryPoint\",\"urlTemplate\":\"https:\/\/www.monlau.com\/fp\/ca\/?s={search_term_string}\"},\"query-input\":{\"@type\":\"PropertyValueSpecification\",\"valueRequired\":true,\"valueName\":\"search_term_string\"}}],\"inLanguage\":\"ca\"},{\"@type\":\"Organization\",\"@id\":\"https:\/\/www.monlau.com\/fp\/ca\/#organization\",\"name\":\"Formaci\u00f3n profesional\",\"url\":\"https:\/\/www.monlau.com\/fp\/ca\/\",\"logo\":{\"@type\":\"ImageObject\",\"inLanguage\":\"ca\",\"@id\":\"https:\/\/www.monlau.com\/fp\/ca\/#\/schema\/logo\/image\/\",\"url\":\"https:\/\/www.monlau.com\/app\/uploads\/sites\/3\/2026\/01\/fp.png\",\"contentUrl\":\"https:\/\/www.monlau.com\/app\/uploads\/sites\/3\/2026\/01\/fp.png\",\"width\":1024,\"height\":878,\"caption\":\"Formaci\u00f3n profesional\"},\"image\":{\"@id\":\"https:\/\/www.monlau.com\/fp\/ca\/#\/schema\/logo\/image\/\"}},{\"@type\":\"Person\",\"@id\":\"https:\/\/www.monlau.com\/fp\/ca\/#\/schema\/person\/419630ffac9ae08417c894a53e55910c\",\"name\":\"monlauuser\",\"image\":{\"@type\":\"ImageObject\",\"inLanguage\":\"ca\",\"@id\":\"https:\/\/secure.gravatar.com\/avatar\/ab9c6e5fc6872da09790b5919f6edfdffde75802c06338ac68a484f8e7813f81?s=96&d=mm&r=g\",\"url\":\"https:\/\/secure.gravatar.com\/avatar\/ab9c6e5fc6872da09790b5919f6edfdffde75802c06338ac68a484f8e7813f81?s=96&d=mm&r=g\",\"contentUrl\":\"https:\/\/secure.gravatar.com\/avatar\/ab9c6e5fc6872da09790b5919f6edfdffde75802c06338ac68a484f8e7813f81?s=96&d=mm&r=g\",\"caption\":\"monlauuser\"},\"url\":\"https:\/\/www.monlau.com\/fp\/ca\/author\/monlauuser\/\"}]}<\/script>\n<!-- \/ Yoast SEO plugin. -->","yoast_head_json":{"title":"Una oferta integral en Automoci\u00f3 - Formaci\u00f3n profesional","robots":{"index":"index","follow":"follow","max-snippet":"max-snippet:-1","max-image-preview":"max-image-preview:large","max-video-preview":"max-video-preview:-1"},"canonical":"https:\/\/www.monlau.com\/fp\/ca\/2019\/01\/28\/una-oferta-integral-en-automocio\/","og_locale":"ca_ES","og_type":"article","og_title":"Una oferta integral en Automoci\u00f3 - Formaci\u00f3n profesional","og_description":"Monlau La Maquinista \u00e9s un centre pensat i ideat per formar professionals de l&#8217;automoci\u00f3 de manera integral i al llarg de la seva vida. Un mai acaba de formar-se, sempre pot tornar a seguir actualitzant, especialitzar-se i con\u00e8ixer noves tecnologies. \u00a0 Entenem la formaci\u00f3 professional com un cam\u00ed de quatre anys. Una formaci\u00f3 t\u00e8cnica que [&hellip;]","og_url":"https:\/\/www.monlau.com\/fp\/ca\/2019\/01\/28\/una-oferta-integral-en-automocio\/","og_site_name":"Formaci\u00f3n profesional","article_published_time":"2019-01-27T23:00:00+00:00","article_modified_time":"2026-03-10T09:03:36+00:00","og_image":[{"width":1339,"height":893,"url":"https:\/\/www.monlau.com\/app\/uploads\/sites\/3\/2026\/02\/CARACAS-0390.jpg","type":"image\/jpeg"}],"author":"monlauuser","twitter_card":"summary_large_image","twitter_misc":{"Escrit per":"monlauuser","Temps estimat de lectura":"2 minuts"},"schema":{"@context":"https:\/\/schema.org","@graph":[{"@type":"Article","@id":"https:\/\/www.monlau.com\/fp\/ca\/2019\/01\/28\/una-oferta-integral-en-automocio\/#article","isPartOf":{"@id":"https:\/\/www.monlau.com\/fp\/ca\/2019\/01\/28\/una-oferta-integral-en-automocio\/"},"author":{"name":"monlauuser","@id":"https:\/\/www.monlau.com\/fp\/ca\/#\/schema\/person\/419630ffac9ae08417c894a53e55910c"},"headline":"Una oferta integral en Automoci\u00f3","datePublished":"2019-01-27T23:00:00+00:00","dateModified":"2026-03-10T09:03:36+00:00","mainEntityOfPage":{"@id":"https:\/\/www.monlau.com\/fp\/ca\/2019\/01\/28\/una-oferta-integral-en-automocio\/"},"wordCount":459,"publisher":{"@id":"https:\/\/www.monlau.com\/fp\/ca\/#organization"},"image":{"@id":"https:\/\/www.monlau.com\/fp\/ca\/2019\/01\/28\/una-oferta-integral-en-automocio\/#primaryimage"},"thumbnailUrl":"https:\/\/www.monlau.com\/app\/uploads\/sites\/3\/2026\/02\/CARACAS-0390.jpg","articleSection":["Automoci\u00f3"],"inLanguage":"ca"},{"@type":"WebPage","@id":"https:\/\/www.monlau.com\/fp\/ca\/2019\/01\/28\/una-oferta-integral-en-automocio\/","url":"https:\/\/www.monlau.com\/fp\/ca\/2019\/01\/28\/una-oferta-integral-en-automocio\/","name":"Una oferta integral en Automoci\u00f3 - Formaci\u00f3n profesional","isPartOf":{"@id":"https:\/\/www.monlau.com\/fp\/ca\/#website"},"primaryImageOfPage":{"@id":"https:\/\/www.monlau.com\/fp\/ca\/2019\/01\/28\/una-oferta-integral-en-automocio\/#primaryimage"},"image":{"@id":"https:\/\/www.monlau.com\/fp\/ca\/2019\/01\/28\/una-oferta-integral-en-automocio\/#primaryimage"},"thumbnailUrl":"https:\/\/www.monlau.com\/app\/uploads\/sites\/3\/2026\/02\/CARACAS-0390.jpg","datePublished":"2019-01-27T23:00:00+00:00","dateModified":"2026-03-10T09:03:36+00:00","breadcrumb":{"@id":"https:\/\/www.monlau.com\/fp\/ca\/2019\/01\/28\/una-oferta-integral-en-automocio\/#breadcrumb"},"inLanguage":"ca","potentialAction":[{"@type":"ReadAction","target":["https:\/\/www.monlau.com\/fp\/ca\/2019\/01\/28\/una-oferta-integral-en-automocio\/"]}]},{"@type":"ImageObject","inLanguage":"ca","@id":"https:\/\/www.monlau.com\/fp\/ca\/2019\/01\/28\/una-oferta-integral-en-automocio\/#primaryimage","url":"https:\/\/www.monlau.com\/app\/uploads\/sites\/3\/2026\/02\/CARACAS-0390.jpg","contentUrl":"https:\/\/www.monlau.com\/app\/uploads\/sites\/3\/2026\/02\/CARACAS-0390.jpg","width":1339,"height":893},{"@type":"BreadcrumbList","@id":"https:\/\/www.monlau.com\/fp\/ca\/2019\/01\/28\/una-oferta-integral-en-automocio\/#breadcrumb","itemListElement":[{"@type":"ListItem","position":1,"name":"Portada","item":"https:\/\/www.monlau.com\/fp\/ca\/inici\/"},{"@type":"ListItem","position":2,"name":"Una oferta integral en Automoci\u00f3"}]},{"@type":"WebSite","@id":"https:\/\/www.monlau.com\/fp\/ca\/#website","url":"https:\/\/www.monlau.com\/fp\/ca\/","name":"Formaci\u00f3n profesional","description":"Monlau","publisher":{"@id":"https:\/\/www.monlau.com\/fp\/ca\/#organization"},"potentialAction":[{"@type":"SearchAction","target":{"@type":"EntryPoint","urlTemplate":"https:\/\/www.monlau.com\/fp\/ca\/?s={search_term_string}"},"query-input":{"@type":"PropertyValueSpecification","valueRequired":true,"valueName":"search_term_string"}}],"inLanguage":"ca"},{"@type":"Organization","@id":"https:\/\/www.monlau.com\/fp\/ca\/#organization","name":"Formaci\u00f3n profesional","url":"https:\/\/www.monlau.com\/fp\/ca\/","logo":{"@type":"ImageObject","inLanguage":"ca","@id":"https:\/\/www.monlau.com\/fp\/ca\/#\/schema\/logo\/image\/","url":"https:\/\/www.monlau.com\/app\/uploads\/sites\/3\/2026\/01\/fp.png","contentUrl":"https:\/\/www.monlau.com\/app\/uploads\/sites\/3\/2026\/01\/fp.png","width":1024,"height":878,"caption":"Formaci\u00f3n profesional"},"image":{"@id":"https:\/\/www.monlau.com\/fp\/ca\/#\/schema\/logo\/image\/"}},{"@type":"Person","@id":"https:\/\/www.monlau.com\/fp\/ca\/#\/schema\/person\/419630ffac9ae08417c894a53e55910c","name":"monlauuser","image":{"@type":"ImageObject","inLanguage":"ca","@id":"https:\/\/secure.gravatar.com\/avatar\/ab9c6e5fc6872da09790b5919f6edfdffde75802c06338ac68a484f8e7813f81?s=96&d=mm&r=g","url":"https:\/\/secure.gravatar.com\/avatar\/ab9c6e5fc6872da09790b5919f6edfdffde75802c06338ac68a484f8e7813f81?s=96&d=mm&r=g","contentUrl":"https:\/\/secure.gravatar.com\/avatar\/ab9c6e5fc6872da09790b5919f6edfdffde75802c06338ac68a484f8e7813f81?s=96&d=mm&r=g","caption":"monlauuser"},"url":"https:\/\/www.monlau.com\/fp\/ca\/author\/monlauuser\/"}]}},"_links":{"self":[{"href":"https:\/\/www.monlau.com\/fp\/ca\/wp-json\/wp\/v2\/posts\/6049","targetHints":{"allow":["GET"]}}],"collection":[{"href":"https:\/\/www.monlau.com\/fp\/ca\/wp-json\/wp\/v2\/posts"}],"about":[{"href":"https:\/\/www.monlau.com\/fp\/ca\/wp-json\/wp\/v2\/types\/post"}],"author":[{"embeddable":true,"href":"https:\/\/www.monlau.com\/fp\/ca\/wp-json\/wp\/v2\/users\/2"}],"replies":[{"embeddable":true,"href":"https:\/\/www.monlau.com\/fp\/ca\/wp-json\/wp\/v2\/comments?post=6049"}],"version-history":[{"count":1,"href":"https:\/\/www.monlau.com\/fp\/ca\/wp-json\/wp\/v2\/posts\/6049\/revisions"}],"predecessor-version":[{"id":6527,"href":"https:\/\/www.monlau.com\/fp\/ca\/wp-json\/wp\/v2\/posts\/6049\/revisions\/6527"}],"wp:featuredmedia":[{"embeddable":true,"href":"https:\/\/www.monlau.com\/fp\/ca\/wp-json\/wp\/v2\/media\/6050"}],"wp:attachment":[{"href":"https:\/\/www.monlau.com\/fp\/ca\/wp-json\/wp\/v2\/media?parent=6049"}],"wp:term":[{"taxonomy":"category","embeddable":true,"href":"https:\/\/www.monlau.com\/fp\/ca\/wp-json\/wp\/v2\/categories?post=6049"},{"taxonomy":"post_tag","embeddable":true,"href":"https:\/\/www.monlau.com\/fp\/ca\/wp-json\/wp\/v2\/tags?post=6049"}],"curies":[{"name":"wp","href":"https:\/\/api.w.org\/{rel}","templated":true}]}}