{"id":6045,"date":"2019-01-28T00:00:00","date_gmt":"2019-01-27T23:00:00","guid":{"rendered":"https:\/\/www.monlau.com\/formacion-profesional\/estudis-de-turisme-una-porta-oberta-al-mon\/"},"modified":"2026-03-10T10:03:36","modified_gmt":"2026-03-10T09:03:36","slug":"estudis-de-turisme-una-porta-oberta-al-mon","status":"publish","type":"post","link":"https:\/\/www.monlau.com\/fp\/ca\/2019\/01\/28\/estudis-de-turisme-una-porta-oberta-al-mon\/","title":{"rendered":"Estudis de turisme: una porta oberta al m\u00f3n"},"content":{"rendered":"<p>El turisme representa una de les principals activitats econ\u00f2miques del m\u00f3n. Viatjar ja no \u00e9s un luxe sin\u00f3 que s\u2019ha convertit en una necessitat i en un dret. No hi ha dubte que \u00e9s una activitat cada cop m\u00e9s valorada. De fet, mai he conegut ning\u00fa a qui no li agradi viatjar, con\u00e8ixer, descobrir&#8230; en definitiva, viure experi\u00e8ncies \u00faniques i irrepetibles.<\/p>\n<p>L\u2019activitat tur\u00edstica, certament, viu un moment dol\u00e7. El creixement del sector \u00e9s una realitat i no s\u2019aturar\u00e0. No obstant, el turista \u00e9s cada cop m\u00e9s exigent. Ens estudia i examina constantment i no podem amagar res. La transpar\u00e8ncia, la qualitat i la professionalitat es converteixen en l\u2019\u00fanica manera de, no solament satisfer, sin\u00f3 superar les elevades expectatives dels nous viatgers. Tot l\u2019anterior, unit a un mercat altament competitiu, requereix de professionals ben formats, que donin resposta a les creixents necessitats del mercat laboral. Un mercat totalment globalitzat, ple de grans companyies, nacionals i internacionals, en continua expansi\u00f3 per tot el planeta, que cerquen fonts de talent per poder satisfer les necessitats dels hostes a qualsevol part del m\u00f3n. Curiosament, en les darreres converses amb directius de diferents cadenes hoteleres, un dels temes recurrents ha estat la necessitat de personal ben format per poder cobrir vacants internacionals.<\/p>\n<p>Per tot plegat, el sector tur\u00edstic, motor de la nostra economia, per\u00f2 tamb\u00e9 de la d\u2019altres pa\u00efsos del planeta, es converteix en una porta oberta al m\u00f3n. Un mercat ple d\u2019oportunitats per aquells excel\u00b7lents professionals capa\u00e7os de convertir l\u2019estada de cada client en una experi\u00e8ncia inoblidable.<\/p>\n<h4>David Casanellas<\/h4>\n<p>Cap de l\u2019\u00e0rea d\u2019Hoteleria i Turisme<\/p>\n","protected":false},"excerpt":{"rendered":"<p>El turisme representa una de les principals activitats econ\u00f2miques del m\u00f3n. Viatjar ja no \u00e9s un luxe sin\u00f3 que s\u2019ha convertit en una necessitat i en un dret. No hi ha dubte que \u00e9s una activitat cada cop m\u00e9s valorada. De fet, mai he conegut ning\u00fa a qui no li agradi viatjar, con\u00e8ixer, descobrir&#8230; en [&hellip;]<\/p>\n","protected":false},"author":2,"featured_media":6046,"comment_status":"closed","ping_status":"closed","sticky":false,"template":"","format":"standard","meta":{"footnotes":""},"categories":[254],"tags":[],"class_list":["post-6045","post","type-post","status-publish","format-standard","has-post-thumbnail","hentry","category-hoteleria-i-turisme"],"yoast_head":"<!-- This site is optimized with the Yoast SEO plugin v27.2 - https:\/\/yoast.com\/product\/yoast-seo-wordpress\/ -->\n<title>Estudis de turisme: una porta oberta al m\u00f3n - Formaci\u00f3n profesional<\/title>\n<meta name=\"robots\" content=\"index, follow, max-snippet:-1, max-image-preview:large, max-video-preview:-1\" \/>\n<link rel=\"canonical\" href=\"https:\/\/www.monlau.com\/fp\/ca\/2019\/01\/28\/estudis-de-turisme-una-porta-oberta-al-mon\/\" \/>\n<meta property=\"og:locale\" content=\"ca_ES\" \/>\n<meta property=\"og:type\" content=\"article\" \/>\n<meta property=\"og:title\" content=\"Estudis de turisme: una porta oberta al m\u00f3n - Formaci\u00f3n profesional\" \/>\n<meta property=\"og:description\" content=\"El turisme representa una de les principals activitats econ\u00f2miques del m\u00f3n. Viatjar ja no \u00e9s un luxe sin\u00f3 que s\u2019ha convertit en una necessitat i en un dret. No hi ha dubte que \u00e9s una activitat cada cop m\u00e9s valorada. De fet, mai he conegut ning\u00fa a qui no li agradi viatjar, con\u00e8ixer, descobrir&#8230; en [&hellip;]\" \/>\n<meta property=\"og:url\" content=\"https:\/\/www.monlau.com\/fp\/ca\/2019\/01\/28\/estudis-de-turisme-una-porta-oberta-al-mon\/\" \/>\n<meta property=\"og:site_name\" content=\"Formaci\u00f3n profesional\" \/>\n<meta property=\"article:published_time\" content=\"2019-01-27T23:00:00+00:00\" \/>\n<meta property=\"article:modified_time\" content=\"2026-03-10T09:03:36+00:00\" \/>\n<meta property=\"og:image\" content=\"https:\/\/www.monlau.com\/app\/uploads\/sites\/3\/2026\/02\/SAGRERA-1276.jpg\" \/>\n\t<meta property=\"og:image:width\" content=\"1344\" \/>\n\t<meta property=\"og:image:height\" content=\"896\" \/>\n\t<meta property=\"og:image:type\" content=\"image\/jpeg\" \/>\n<meta name=\"author\" content=\"monlauuser\" \/>\n<meta name=\"twitter:card\" content=\"summary_large_image\" \/>\n<meta name=\"twitter:label1\" content=\"Escrit per\" \/>\n\t<meta name=\"twitter:data1\" content=\"monlauuser\" \/>\n\t<meta name=\"twitter:label2\" content=\"Temps estimat de lectura\" \/>\n\t<meta name=\"twitter:data2\" content=\"1 minut\" \/>\n<script type=\"application\/ld+json\" class=\"yoast-schema-graph\">{\"@context\":\"https:\/\/schema.org\",\"@graph\":[{\"@type\":\"Article\",\"@id\":\"https:\/\/www.monlau.com\/fp\/ca\/2019\/01\/28\/estudis-de-turisme-una-porta-oberta-al-mon\/#article\",\"isPartOf\":{\"@id\":\"https:\/\/www.monlau.com\/fp\/ca\/2019\/01\/28\/estudis-de-turisme-una-porta-oberta-al-mon\/\"},\"author\":{\"name\":\"monlauuser\",\"@id\":\"https:\/\/www.monlau.com\/fp\/ca\/#\/schema\/person\/419630ffac9ae08417c894a53e55910c\"},\"headline\":\"Estudis de turisme: una porta oberta al m\u00f3n\",\"datePublished\":\"2019-01-27T23:00:00+00:00\",\"dateModified\":\"2026-03-10T09:03:36+00:00\",\"mainEntityOfPage\":{\"@id\":\"https:\/\/www.monlau.com\/fp\/ca\/2019\/01\/28\/estudis-de-turisme-una-porta-oberta-al-mon\/\"},\"wordCount\":295,\"publisher\":{\"@id\":\"https:\/\/www.monlau.com\/fp\/ca\/#organization\"},\"image\":{\"@id\":\"https:\/\/www.monlau.com\/fp\/ca\/2019\/01\/28\/estudis-de-turisme-una-porta-oberta-al-mon\/#primaryimage\"},\"thumbnailUrl\":\"https:\/\/www.monlau.com\/app\/uploads\/sites\/3\/2026\/02\/SAGRERA-1276.jpg\",\"articleSection\":[\"Hoteleria i Turisme\"],\"inLanguage\":\"ca\"},{\"@type\":\"WebPage\",\"@id\":\"https:\/\/www.monlau.com\/fp\/ca\/2019\/01\/28\/estudis-de-turisme-una-porta-oberta-al-mon\/\",\"url\":\"https:\/\/www.monlau.com\/fp\/ca\/2019\/01\/28\/estudis-de-turisme-una-porta-oberta-al-mon\/\",\"name\":\"Estudis de turisme: una porta oberta al m\u00f3n - Formaci\u00f3n profesional\",\"isPartOf\":{\"@id\":\"https:\/\/www.monlau.com\/fp\/ca\/#website\"},\"primaryImageOfPage\":{\"@id\":\"https:\/\/www.monlau.com\/fp\/ca\/2019\/01\/28\/estudis-de-turisme-una-porta-oberta-al-mon\/#primaryimage\"},\"image\":{\"@id\":\"https:\/\/www.monlau.com\/fp\/ca\/2019\/01\/28\/estudis-de-turisme-una-porta-oberta-al-mon\/#primaryimage\"},\"thumbnailUrl\":\"https:\/\/www.monlau.com\/app\/uploads\/sites\/3\/2026\/02\/SAGRERA-1276.jpg\",\"datePublished\":\"2019-01-27T23:00:00+00:00\",\"dateModified\":\"2026-03-10T09:03:36+00:00\",\"breadcrumb\":{\"@id\":\"https:\/\/www.monlau.com\/fp\/ca\/2019\/01\/28\/estudis-de-turisme-una-porta-oberta-al-mon\/#breadcrumb\"},\"inLanguage\":\"ca\",\"potentialAction\":[{\"@type\":\"ReadAction\",\"target\":[\"https:\/\/www.monlau.com\/fp\/ca\/2019\/01\/28\/estudis-de-turisme-una-porta-oberta-al-mon\/\"]}]},{\"@type\":\"ImageObject\",\"inLanguage\":\"ca\",\"@id\":\"https:\/\/www.monlau.com\/fp\/ca\/2019\/01\/28\/estudis-de-turisme-una-porta-oberta-al-mon\/#primaryimage\",\"url\":\"https:\/\/www.monlau.com\/app\/uploads\/sites\/3\/2026\/02\/SAGRERA-1276.jpg\",\"contentUrl\":\"https:\/\/www.monlau.com\/app\/uploads\/sites\/3\/2026\/02\/SAGRERA-1276.jpg\",\"width\":1344,\"height\":896},{\"@type\":\"BreadcrumbList\",\"@id\":\"https:\/\/www.monlau.com\/fp\/ca\/2019\/01\/28\/estudis-de-turisme-una-porta-oberta-al-mon\/#breadcrumb\",\"itemListElement\":[{\"@type\":\"ListItem\",\"position\":1,\"name\":\"Portada\",\"item\":\"https:\/\/www.monlau.com\/fp\/ca\/inici\/\"},{\"@type\":\"ListItem\",\"position\":2,\"name\":\"Estudis de turisme: una porta oberta al m\u00f3n\"}]},{\"@type\":\"WebSite\",\"@id\":\"https:\/\/www.monlau.com\/fp\/ca\/#website\",\"url\":\"https:\/\/www.monlau.com\/fp\/ca\/\",\"name\":\"Formaci\u00f3n profesional\",\"description\":\"Monlau\",\"publisher\":{\"@id\":\"https:\/\/www.monlau.com\/fp\/ca\/#organization\"},\"potentialAction\":[{\"@type\":\"SearchAction\",\"target\":{\"@type\":\"EntryPoint\",\"urlTemplate\":\"https:\/\/www.monlau.com\/fp\/ca\/?s={search_term_string}\"},\"query-input\":{\"@type\":\"PropertyValueSpecification\",\"valueRequired\":true,\"valueName\":\"search_term_string\"}}],\"inLanguage\":\"ca\"},{\"@type\":\"Organization\",\"@id\":\"https:\/\/www.monlau.com\/fp\/ca\/#organization\",\"name\":\"Formaci\u00f3n profesional\",\"url\":\"https:\/\/www.monlau.com\/fp\/ca\/\",\"logo\":{\"@type\":\"ImageObject\",\"inLanguage\":\"ca\",\"@id\":\"https:\/\/www.monlau.com\/fp\/ca\/#\/schema\/logo\/image\/\",\"url\":\"https:\/\/www.monlau.com\/app\/uploads\/sites\/3\/2026\/01\/fp.png\",\"contentUrl\":\"https:\/\/www.monlau.com\/app\/uploads\/sites\/3\/2026\/01\/fp.png\",\"width\":1024,\"height\":878,\"caption\":\"Formaci\u00f3n profesional\"},\"image\":{\"@id\":\"https:\/\/www.monlau.com\/fp\/ca\/#\/schema\/logo\/image\/\"}},{\"@type\":\"Person\",\"@id\":\"https:\/\/www.monlau.com\/fp\/ca\/#\/schema\/person\/419630ffac9ae08417c894a53e55910c\",\"name\":\"monlauuser\",\"image\":{\"@type\":\"ImageObject\",\"inLanguage\":\"ca\",\"@id\":\"https:\/\/secure.gravatar.com\/avatar\/ab9c6e5fc6872da09790b5919f6edfdffde75802c06338ac68a484f8e7813f81?s=96&d=mm&r=g\",\"url\":\"https:\/\/secure.gravatar.com\/avatar\/ab9c6e5fc6872da09790b5919f6edfdffde75802c06338ac68a484f8e7813f81?s=96&d=mm&r=g\",\"contentUrl\":\"https:\/\/secure.gravatar.com\/avatar\/ab9c6e5fc6872da09790b5919f6edfdffde75802c06338ac68a484f8e7813f81?s=96&d=mm&r=g\",\"caption\":\"monlauuser\"},\"url\":\"https:\/\/www.monlau.com\/fp\/ca\/author\/monlauuser\/\"}]}<\/script>\n<!-- \/ Yoast SEO plugin. -->","yoast_head_json":{"title":"Estudis de turisme: una porta oberta al m\u00f3n - Formaci\u00f3n profesional","robots":{"index":"index","follow":"follow","max-snippet":"max-snippet:-1","max-image-preview":"max-image-preview:large","max-video-preview":"max-video-preview:-1"},"canonical":"https:\/\/www.monlau.com\/fp\/ca\/2019\/01\/28\/estudis-de-turisme-una-porta-oberta-al-mon\/","og_locale":"ca_ES","og_type":"article","og_title":"Estudis de turisme: una porta oberta al m\u00f3n - Formaci\u00f3n profesional","og_description":"El turisme representa una de les principals activitats econ\u00f2miques del m\u00f3n. Viatjar ja no \u00e9s un luxe sin\u00f3 que s\u2019ha convertit en una necessitat i en un dret. No hi ha dubte que \u00e9s una activitat cada cop m\u00e9s valorada. De fet, mai he conegut ning\u00fa a qui no li agradi viatjar, con\u00e8ixer, descobrir&#8230; en [&hellip;]","og_url":"https:\/\/www.monlau.com\/fp\/ca\/2019\/01\/28\/estudis-de-turisme-una-porta-oberta-al-mon\/","og_site_name":"Formaci\u00f3n profesional","article_published_time":"2019-01-27T23:00:00+00:00","article_modified_time":"2026-03-10T09:03:36+00:00","og_image":[{"width":1344,"height":896,"url":"https:\/\/www.monlau.com\/app\/uploads\/sites\/3\/2026\/02\/SAGRERA-1276.jpg","type":"image\/jpeg"}],"author":"monlauuser","twitter_card":"summary_large_image","twitter_misc":{"Escrit per":"monlauuser","Temps estimat de lectura":"1 minut"},"schema":{"@context":"https:\/\/schema.org","@graph":[{"@type":"Article","@id":"https:\/\/www.monlau.com\/fp\/ca\/2019\/01\/28\/estudis-de-turisme-una-porta-oberta-al-mon\/#article","isPartOf":{"@id":"https:\/\/www.monlau.com\/fp\/ca\/2019\/01\/28\/estudis-de-turisme-una-porta-oberta-al-mon\/"},"author":{"name":"monlauuser","@id":"https:\/\/www.monlau.com\/fp\/ca\/#\/schema\/person\/419630ffac9ae08417c894a53e55910c"},"headline":"Estudis de turisme: una porta oberta al m\u00f3n","datePublished":"2019-01-27T23:00:00+00:00","dateModified":"2026-03-10T09:03:36+00:00","mainEntityOfPage":{"@id":"https:\/\/www.monlau.com\/fp\/ca\/2019\/01\/28\/estudis-de-turisme-una-porta-oberta-al-mon\/"},"wordCount":295,"publisher":{"@id":"https:\/\/www.monlau.com\/fp\/ca\/#organization"},"image":{"@id":"https:\/\/www.monlau.com\/fp\/ca\/2019\/01\/28\/estudis-de-turisme-una-porta-oberta-al-mon\/#primaryimage"},"thumbnailUrl":"https:\/\/www.monlau.com\/app\/uploads\/sites\/3\/2026\/02\/SAGRERA-1276.jpg","articleSection":["Hoteleria i Turisme"],"inLanguage":"ca"},{"@type":"WebPage","@id":"https:\/\/www.monlau.com\/fp\/ca\/2019\/01\/28\/estudis-de-turisme-una-porta-oberta-al-mon\/","url":"https:\/\/www.monlau.com\/fp\/ca\/2019\/01\/28\/estudis-de-turisme-una-porta-oberta-al-mon\/","name":"Estudis de turisme: una porta oberta al m\u00f3n - Formaci\u00f3n profesional","isPartOf":{"@id":"https:\/\/www.monlau.com\/fp\/ca\/#website"},"primaryImageOfPage":{"@id":"https:\/\/www.monlau.com\/fp\/ca\/2019\/01\/28\/estudis-de-turisme-una-porta-oberta-al-mon\/#primaryimage"},"image":{"@id":"https:\/\/www.monlau.com\/fp\/ca\/2019\/01\/28\/estudis-de-turisme-una-porta-oberta-al-mon\/#primaryimage"},"thumbnailUrl":"https:\/\/www.monlau.com\/app\/uploads\/sites\/3\/2026\/02\/SAGRERA-1276.jpg","datePublished":"2019-01-27T23:00:00+00:00","dateModified":"2026-03-10T09:03:36+00:00","breadcrumb":{"@id":"https:\/\/www.monlau.com\/fp\/ca\/2019\/01\/28\/estudis-de-turisme-una-porta-oberta-al-mon\/#breadcrumb"},"inLanguage":"ca","potentialAction":[{"@type":"ReadAction","target":["https:\/\/www.monlau.com\/fp\/ca\/2019\/01\/28\/estudis-de-turisme-una-porta-oberta-al-mon\/"]}]},{"@type":"ImageObject","inLanguage":"ca","@id":"https:\/\/www.monlau.com\/fp\/ca\/2019\/01\/28\/estudis-de-turisme-una-porta-oberta-al-mon\/#primaryimage","url":"https:\/\/www.monlau.com\/app\/uploads\/sites\/3\/2026\/02\/SAGRERA-1276.jpg","contentUrl":"https:\/\/www.monlau.com\/app\/uploads\/sites\/3\/2026\/02\/SAGRERA-1276.jpg","width":1344,"height":896},{"@type":"BreadcrumbList","@id":"https:\/\/www.monlau.com\/fp\/ca\/2019\/01\/28\/estudis-de-turisme-una-porta-oberta-al-mon\/#breadcrumb","itemListElement":[{"@type":"ListItem","position":1,"name":"Portada","item":"https:\/\/www.monlau.com\/fp\/ca\/inici\/"},{"@type":"ListItem","position":2,"name":"Estudis de turisme: una porta oberta al m\u00f3n"}]},{"@type":"WebSite","@id":"https:\/\/www.monlau.com\/fp\/ca\/#website","url":"https:\/\/www.monlau.com\/fp\/ca\/","name":"Formaci\u00f3n profesional","description":"Monlau","publisher":{"@id":"https:\/\/www.monlau.com\/fp\/ca\/#organization"},"potentialAction":[{"@type":"SearchAction","target":{"@type":"EntryPoint","urlTemplate":"https:\/\/www.monlau.com\/fp\/ca\/?s={search_term_string}"},"query-input":{"@type":"PropertyValueSpecification","valueRequired":true,"valueName":"search_term_string"}}],"inLanguage":"ca"},{"@type":"Organization","@id":"https:\/\/www.monlau.com\/fp\/ca\/#organization","name":"Formaci\u00f3n profesional","url":"https:\/\/www.monlau.com\/fp\/ca\/","logo":{"@type":"ImageObject","inLanguage":"ca","@id":"https:\/\/www.monlau.com\/fp\/ca\/#\/schema\/logo\/image\/","url":"https:\/\/www.monlau.com\/app\/uploads\/sites\/3\/2026\/01\/fp.png","contentUrl":"https:\/\/www.monlau.com\/app\/uploads\/sites\/3\/2026\/01\/fp.png","width":1024,"height":878,"caption":"Formaci\u00f3n profesional"},"image":{"@id":"https:\/\/www.monlau.com\/fp\/ca\/#\/schema\/logo\/image\/"}},{"@type":"Person","@id":"https:\/\/www.monlau.com\/fp\/ca\/#\/schema\/person\/419630ffac9ae08417c894a53e55910c","name":"monlauuser","image":{"@type":"ImageObject","inLanguage":"ca","@id":"https:\/\/secure.gravatar.com\/avatar\/ab9c6e5fc6872da09790b5919f6edfdffde75802c06338ac68a484f8e7813f81?s=96&d=mm&r=g","url":"https:\/\/secure.gravatar.com\/avatar\/ab9c6e5fc6872da09790b5919f6edfdffde75802c06338ac68a484f8e7813f81?s=96&d=mm&r=g","contentUrl":"https:\/\/secure.gravatar.com\/avatar\/ab9c6e5fc6872da09790b5919f6edfdffde75802c06338ac68a484f8e7813f81?s=96&d=mm&r=g","caption":"monlauuser"},"url":"https:\/\/www.monlau.com\/fp\/ca\/author\/monlauuser\/"}]}},"_links":{"self":[{"href":"https:\/\/www.monlau.com\/fp\/ca\/wp-json\/wp\/v2\/posts\/6045","targetHints":{"allow":["GET"]}}],"collection":[{"href":"https:\/\/www.monlau.com\/fp\/ca\/wp-json\/wp\/v2\/posts"}],"about":[{"href":"https:\/\/www.monlau.com\/fp\/ca\/wp-json\/wp\/v2\/types\/post"}],"author":[{"embeddable":true,"href":"https:\/\/www.monlau.com\/fp\/ca\/wp-json\/wp\/v2\/users\/2"}],"replies":[{"embeddable":true,"href":"https:\/\/www.monlau.com\/fp\/ca\/wp-json\/wp\/v2\/comments?post=6045"}],"version-history":[{"count":1,"href":"https:\/\/www.monlau.com\/fp\/ca\/wp-json\/wp\/v2\/posts\/6045\/revisions"}],"predecessor-version":[{"id":6525,"href":"https:\/\/www.monlau.com\/fp\/ca\/wp-json\/wp\/v2\/posts\/6045\/revisions\/6525"}],"wp:featuredmedia":[{"embeddable":true,"href":"https:\/\/www.monlau.com\/fp\/ca\/wp-json\/wp\/v2\/media\/6046"}],"wp:attachment":[{"href":"https:\/\/www.monlau.com\/fp\/ca\/wp-json\/wp\/v2\/media?parent=6045"}],"wp:term":[{"taxonomy":"category","embeddable":true,"href":"https:\/\/www.monlau.com\/fp\/ca\/wp-json\/wp\/v2\/categories?post=6045"},{"taxonomy":"post_tag","embeddable":true,"href":"https:\/\/www.monlau.com\/fp\/ca\/wp-json\/wp\/v2\/tags?post=6045"}],"curies":[{"name":"wp","href":"https:\/\/api.w.org\/{rel}","templated":true}]}}