{"id":6043,"date":"2019-01-28T00:00:00","date_gmt":"2019-01-27T23:00:00","guid":{"rendered":"https:\/\/www.monlau.com\/formacion-profesional\/projectes-la-guinda-dels-estudis-d-automocio\/"},"modified":"2026-03-10T10:03:36","modified_gmt":"2026-03-10T09:03:36","slug":"projectes-la-guinda-dels-estudis-d-automocio","status":"publish","type":"post","link":"https:\/\/www.monlau.com\/fp\/ca\/2019\/01\/28\/projectes-la-guinda-dels-estudis-d-automocio\/","title":{"rendered":"#Projectes. La guinda dels estudis d&#8217;Automoci\u00f3"},"content":{"rendered":"<p>La Formaci\u00f3 Professional ofereix a l&#8217;alumnat entrar en una fase de la seva vida estudiantil. Ara s\u00ed, per primera vegada ha escollit uns estudis que realment li agraden i li apassionen.<\/p>\n<p>Aix\u00ed doncs, en Monlau, quan s\u00f3n al final del Grau Superior d&#8217;Automoci\u00f3 els proposem emprendre una AVENTURA: poder desenvolupar un projecte en el qual investigaran, dissenyaran, innovaran i construiran un vehicle el\u00e8ctric, gaireb\u00e9 des de zero.<\/p>\n<p>Cada any participem en dos cert\u00e0mens: Smart Moto Challenge (motocicleta el\u00e8ctrica) i Electrocat (Cuadriciclo el\u00e8ctric). Per dur-los a terme vam crear dos equips d&#8217;estudiants i amb un equip de professors al capdavant els donem carta blanca per emprendre un cam\u00ed que finalitzar\u00e0 amb un nou vehicle.<\/p>\n<p><strong>Del no-res al tot<\/strong><\/p>\n<p>La llibertat d&#8217;acci\u00f3 dels alumnes ens fa viure experi\u00e8ncies incre\u00efbles. Els equips pensen col\u00b7lectivament, generen din\u00e0miques de treball en equip i es solidaritzen els uns amb els altres. Per\u00f2 anem m\u00e9s enll\u00e0. Altres \u00e0rees de formaci\u00f3 de Monlau tamb\u00e9 s&#8217;impliquen en els projectes. Aquest any, hem comptat amb els alumnes d&#8217;inform\u00e0tica dels cicles de ASIX i DAM. Creant sin\u00e8rgies m\u00e9s enll\u00e0 del nostre centre.<\/p>\n<p>Tot aix\u00f2 culmina en el dia de la prova. La pressi\u00f3 es palpa en els equips de Monlau. Professors i alumnes la compartim, per\u00f2 tamb\u00e9 hi ha orgull de treball realitzat, alegria de poder ensenyar el projecte i emoci\u00f3 per competir amb altres centres i universitats.<\/p>\n<p>Ja que aquest dia als alumnes no nom\u00e9s es preocupen del seu projecte, ara parlo des de l&#8217;experi\u00e8ncia d&#8217;anys anteriors, sin\u00f3 que ajuden a altres equips amb els problemes que els sorgeixen. Una cosa per la qual cosa, sense tenir en compte la resta, sentir-se orgull\u00f3s, un grup d&#8217;alumnes als que el que els preocupa no \u00e9s tan sols guanyar si no fer de la competici\u00f3 una mica m\u00e9s gran en la que tots els equips, despr\u00e9s de l&#8217;esfor\u00e7 que han realitzat durant tot el curs, puguin mostrar els seus projectes i gaudir d&#8217;aquests dies.<\/p>\n<h4><em>Jose Lu\u00eds Sanchez, Oscar Gir\u00f3n, Sergio L\u00f3pez, Antonio Iturriaga, Miguel \u00c1ngel Nu\u00f1o y Manuel Moreno<\/em><\/h4>\n<p><em>Equipo de Coordinadores del \u00c1rea de Automoci\u00f3n <\/em><\/p>\n","protected":false},"excerpt":{"rendered":"<p>La Formaci\u00f3 Professional ofereix a l&#8217;alumnat entrar en una fase de la seva vida estudiantil. Ara s\u00ed, per primera vegada ha escollit uns estudis que realment li agraden i li apassionen. Aix\u00ed doncs, en Monlau, quan s\u00f3n al final del Grau Superior d&#8217;Automoci\u00f3 els proposem emprendre una AVENTURA: poder desenvolupar un projecte en el qual [&hellip;]<\/p>\n","protected":false},"author":2,"featured_media":6044,"comment_status":"closed","ping_status":"closed","sticky":false,"template":"","format":"standard","meta":{"footnotes":""},"categories":[252],"tags":[],"class_list":["post-6043","post","type-post","status-publish","format-standard","has-post-thumbnail","hentry","category-automocio"],"yoast_head":"<!-- This site is optimized with the Yoast SEO plugin v27.2 - https:\/\/yoast.com\/product\/yoast-seo-wordpress\/ -->\n<title>#Projectes. La guinda dels estudis d&#039;Automoci\u00f3 - Formaci\u00f3n profesional<\/title>\n<meta name=\"robots\" content=\"index, follow, max-snippet:-1, max-image-preview:large, max-video-preview:-1\" \/>\n<link rel=\"canonical\" href=\"https:\/\/www.monlau.com\/fp\/ca\/2019\/01\/28\/projectes-la-guinda-dels-estudis-d-automocio\/\" \/>\n<meta property=\"og:locale\" content=\"ca_ES\" \/>\n<meta property=\"og:type\" content=\"article\" \/>\n<meta property=\"og:title\" content=\"#Projectes. La guinda dels estudis d&#039;Automoci\u00f3 - Formaci\u00f3n profesional\" \/>\n<meta property=\"og:description\" content=\"La Formaci\u00f3 Professional ofereix a l&#8217;alumnat entrar en una fase de la seva vida estudiantil. Ara s\u00ed, per primera vegada ha escollit uns estudis que realment li agraden i li apassionen. Aix\u00ed doncs, en Monlau, quan s\u00f3n al final del Grau Superior d&#8217;Automoci\u00f3 els proposem emprendre una AVENTURA: poder desenvolupar un projecte en el qual [&hellip;]\" \/>\n<meta property=\"og:url\" content=\"https:\/\/www.monlau.com\/fp\/ca\/2019\/01\/28\/projectes-la-guinda-dels-estudis-d-automocio\/\" \/>\n<meta property=\"og:site_name\" content=\"Formaci\u00f3n profesional\" \/>\n<meta property=\"article:published_time\" content=\"2019-01-27T23:00:00+00:00\" \/>\n<meta property=\"article:modified_time\" content=\"2026-03-10T09:03:36+00:00\" \/>\n<meta property=\"og:image\" content=\"https:\/\/www.monlau.com\/app\/uploads\/sites\/3\/2026\/02\/articulo-proyectos.jpeg\" \/>\n\t<meta property=\"og:image:width\" content=\"1600\" \/>\n\t<meta property=\"og:image:height\" content=\"1066\" \/>\n\t<meta property=\"og:image:type\" content=\"image\/jpeg\" \/>\n<meta name=\"author\" content=\"monlauuser\" \/>\n<meta name=\"twitter:card\" content=\"summary_large_image\" \/>\n<meta name=\"twitter:label1\" content=\"Escrit per\" \/>\n\t<meta name=\"twitter:data1\" content=\"monlauuser\" \/>\n\t<meta name=\"twitter:label2\" content=\"Temps estimat de lectura\" \/>\n\t<meta name=\"twitter:data2\" content=\"2 minuts\" \/>\n<script type=\"application\/ld+json\" class=\"yoast-schema-graph\">{\"@context\":\"https:\/\/schema.org\",\"@graph\":[{\"@type\":\"Article\",\"@id\":\"https:\/\/www.monlau.com\/fp\/ca\/2019\/01\/28\/projectes-la-guinda-dels-estudis-d-automocio\/#article\",\"isPartOf\":{\"@id\":\"https:\/\/www.monlau.com\/fp\/ca\/2019\/01\/28\/projectes-la-guinda-dels-estudis-d-automocio\/\"},\"author\":{\"name\":\"monlauuser\",\"@id\":\"https:\/\/www.monlau.com\/fp\/ca\/#\/schema\/person\/419630ffac9ae08417c894a53e55910c\"},\"headline\":\"#Projectes. La guinda dels estudis d&#8217;Automoci\u00f3\",\"datePublished\":\"2019-01-27T23:00:00+00:00\",\"dateModified\":\"2026-03-10T09:03:36+00:00\",\"mainEntityOfPage\":{\"@id\":\"https:\/\/www.monlau.com\/fp\/ca\/2019\/01\/28\/projectes-la-guinda-dels-estudis-d-automocio\/\"},\"wordCount\":385,\"publisher\":{\"@id\":\"https:\/\/www.monlau.com\/fp\/ca\/#organization\"},\"image\":{\"@id\":\"https:\/\/www.monlau.com\/fp\/ca\/2019\/01\/28\/projectes-la-guinda-dels-estudis-d-automocio\/#primaryimage\"},\"thumbnailUrl\":\"https:\/\/www.monlau.com\/app\/uploads\/sites\/3\/2026\/02\/articulo-proyectos.jpeg\",\"articleSection\":[\"Automoci\u00f3\"],\"inLanguage\":\"ca\"},{\"@type\":\"WebPage\",\"@id\":\"https:\/\/www.monlau.com\/fp\/ca\/2019\/01\/28\/projectes-la-guinda-dels-estudis-d-automocio\/\",\"url\":\"https:\/\/www.monlau.com\/fp\/ca\/2019\/01\/28\/projectes-la-guinda-dels-estudis-d-automocio\/\",\"name\":\"#Projectes. La guinda dels estudis d'Automoci\u00f3 - Formaci\u00f3n profesional\",\"isPartOf\":{\"@id\":\"https:\/\/www.monlau.com\/fp\/ca\/#website\"},\"primaryImageOfPage\":{\"@id\":\"https:\/\/www.monlau.com\/fp\/ca\/2019\/01\/28\/projectes-la-guinda-dels-estudis-d-automocio\/#primaryimage\"},\"image\":{\"@id\":\"https:\/\/www.monlau.com\/fp\/ca\/2019\/01\/28\/projectes-la-guinda-dels-estudis-d-automocio\/#primaryimage\"},\"thumbnailUrl\":\"https:\/\/www.monlau.com\/app\/uploads\/sites\/3\/2026\/02\/articulo-proyectos.jpeg\",\"datePublished\":\"2019-01-27T23:00:00+00:00\",\"dateModified\":\"2026-03-10T09:03:36+00:00\",\"breadcrumb\":{\"@id\":\"https:\/\/www.monlau.com\/fp\/ca\/2019\/01\/28\/projectes-la-guinda-dels-estudis-d-automocio\/#breadcrumb\"},\"inLanguage\":\"ca\",\"potentialAction\":[{\"@type\":\"ReadAction\",\"target\":[\"https:\/\/www.monlau.com\/fp\/ca\/2019\/01\/28\/projectes-la-guinda-dels-estudis-d-automocio\/\"]}]},{\"@type\":\"ImageObject\",\"inLanguage\":\"ca\",\"@id\":\"https:\/\/www.monlau.com\/fp\/ca\/2019\/01\/28\/projectes-la-guinda-dels-estudis-d-automocio\/#primaryimage\",\"url\":\"https:\/\/www.monlau.com\/app\/uploads\/sites\/3\/2026\/02\/articulo-proyectos.jpeg\",\"contentUrl\":\"https:\/\/www.monlau.com\/app\/uploads\/sites\/3\/2026\/02\/articulo-proyectos.jpeg\",\"width\":1600,\"height\":1066},{\"@type\":\"BreadcrumbList\",\"@id\":\"https:\/\/www.monlau.com\/fp\/ca\/2019\/01\/28\/projectes-la-guinda-dels-estudis-d-automocio\/#breadcrumb\",\"itemListElement\":[{\"@type\":\"ListItem\",\"position\":1,\"name\":\"Portada\",\"item\":\"https:\/\/www.monlau.com\/fp\/ca\/inici\/\"},{\"@type\":\"ListItem\",\"position\":2,\"name\":\"#Projectes. La guinda dels estudis d&#8217;Automoci\u00f3\"}]},{\"@type\":\"WebSite\",\"@id\":\"https:\/\/www.monlau.com\/fp\/ca\/#website\",\"url\":\"https:\/\/www.monlau.com\/fp\/ca\/\",\"name\":\"Formaci\u00f3n profesional\",\"description\":\"Monlau\",\"publisher\":{\"@id\":\"https:\/\/www.monlau.com\/fp\/ca\/#organization\"},\"potentialAction\":[{\"@type\":\"SearchAction\",\"target\":{\"@type\":\"EntryPoint\",\"urlTemplate\":\"https:\/\/www.monlau.com\/fp\/ca\/?s={search_term_string}\"},\"query-input\":{\"@type\":\"PropertyValueSpecification\",\"valueRequired\":true,\"valueName\":\"search_term_string\"}}],\"inLanguage\":\"ca\"},{\"@type\":\"Organization\",\"@id\":\"https:\/\/www.monlau.com\/fp\/ca\/#organization\",\"name\":\"Formaci\u00f3n profesional\",\"url\":\"https:\/\/www.monlau.com\/fp\/ca\/\",\"logo\":{\"@type\":\"ImageObject\",\"inLanguage\":\"ca\",\"@id\":\"https:\/\/www.monlau.com\/fp\/ca\/#\/schema\/logo\/image\/\",\"url\":\"https:\/\/www.monlau.com\/app\/uploads\/sites\/3\/2026\/01\/fp.png\",\"contentUrl\":\"https:\/\/www.monlau.com\/app\/uploads\/sites\/3\/2026\/01\/fp.png\",\"width\":1024,\"height\":878,\"caption\":\"Formaci\u00f3n profesional\"},\"image\":{\"@id\":\"https:\/\/www.monlau.com\/fp\/ca\/#\/schema\/logo\/image\/\"}},{\"@type\":\"Person\",\"@id\":\"https:\/\/www.monlau.com\/fp\/ca\/#\/schema\/person\/419630ffac9ae08417c894a53e55910c\",\"name\":\"monlauuser\",\"image\":{\"@type\":\"ImageObject\",\"inLanguage\":\"ca\",\"@id\":\"https:\/\/secure.gravatar.com\/avatar\/ab9c6e5fc6872da09790b5919f6edfdffde75802c06338ac68a484f8e7813f81?s=96&d=mm&r=g\",\"url\":\"https:\/\/secure.gravatar.com\/avatar\/ab9c6e5fc6872da09790b5919f6edfdffde75802c06338ac68a484f8e7813f81?s=96&d=mm&r=g\",\"contentUrl\":\"https:\/\/secure.gravatar.com\/avatar\/ab9c6e5fc6872da09790b5919f6edfdffde75802c06338ac68a484f8e7813f81?s=96&d=mm&r=g\",\"caption\":\"monlauuser\"},\"url\":\"https:\/\/www.monlau.com\/fp\/ca\/author\/monlauuser\/\"}]}<\/script>\n<!-- \/ Yoast SEO plugin. -->","yoast_head_json":{"title":"#Projectes. La guinda dels estudis d'Automoci\u00f3 - Formaci\u00f3n profesional","robots":{"index":"index","follow":"follow","max-snippet":"max-snippet:-1","max-image-preview":"max-image-preview:large","max-video-preview":"max-video-preview:-1"},"canonical":"https:\/\/www.monlau.com\/fp\/ca\/2019\/01\/28\/projectes-la-guinda-dels-estudis-d-automocio\/","og_locale":"ca_ES","og_type":"article","og_title":"#Projectes. La guinda dels estudis d'Automoci\u00f3 - Formaci\u00f3n profesional","og_description":"La Formaci\u00f3 Professional ofereix a l&#8217;alumnat entrar en una fase de la seva vida estudiantil. Ara s\u00ed, per primera vegada ha escollit uns estudis que realment li agraden i li apassionen. Aix\u00ed doncs, en Monlau, quan s\u00f3n al final del Grau Superior d&#8217;Automoci\u00f3 els proposem emprendre una AVENTURA: poder desenvolupar un projecte en el qual [&hellip;]","og_url":"https:\/\/www.monlau.com\/fp\/ca\/2019\/01\/28\/projectes-la-guinda-dels-estudis-d-automocio\/","og_site_name":"Formaci\u00f3n profesional","article_published_time":"2019-01-27T23:00:00+00:00","article_modified_time":"2026-03-10T09:03:36+00:00","og_image":[{"width":1600,"height":1066,"url":"https:\/\/www.monlau.com\/app\/uploads\/sites\/3\/2026\/02\/articulo-proyectos.jpeg","type":"image\/jpeg"}],"author":"monlauuser","twitter_card":"summary_large_image","twitter_misc":{"Escrit per":"monlauuser","Temps estimat de lectura":"2 minuts"},"schema":{"@context":"https:\/\/schema.org","@graph":[{"@type":"Article","@id":"https:\/\/www.monlau.com\/fp\/ca\/2019\/01\/28\/projectes-la-guinda-dels-estudis-d-automocio\/#article","isPartOf":{"@id":"https:\/\/www.monlau.com\/fp\/ca\/2019\/01\/28\/projectes-la-guinda-dels-estudis-d-automocio\/"},"author":{"name":"monlauuser","@id":"https:\/\/www.monlau.com\/fp\/ca\/#\/schema\/person\/419630ffac9ae08417c894a53e55910c"},"headline":"#Projectes. La guinda dels estudis d&#8217;Automoci\u00f3","datePublished":"2019-01-27T23:00:00+00:00","dateModified":"2026-03-10T09:03:36+00:00","mainEntityOfPage":{"@id":"https:\/\/www.monlau.com\/fp\/ca\/2019\/01\/28\/projectes-la-guinda-dels-estudis-d-automocio\/"},"wordCount":385,"publisher":{"@id":"https:\/\/www.monlau.com\/fp\/ca\/#organization"},"image":{"@id":"https:\/\/www.monlau.com\/fp\/ca\/2019\/01\/28\/projectes-la-guinda-dels-estudis-d-automocio\/#primaryimage"},"thumbnailUrl":"https:\/\/www.monlau.com\/app\/uploads\/sites\/3\/2026\/02\/articulo-proyectos.jpeg","articleSection":["Automoci\u00f3"],"inLanguage":"ca"},{"@type":"WebPage","@id":"https:\/\/www.monlau.com\/fp\/ca\/2019\/01\/28\/projectes-la-guinda-dels-estudis-d-automocio\/","url":"https:\/\/www.monlau.com\/fp\/ca\/2019\/01\/28\/projectes-la-guinda-dels-estudis-d-automocio\/","name":"#Projectes. La guinda dels estudis d'Automoci\u00f3 - Formaci\u00f3n profesional","isPartOf":{"@id":"https:\/\/www.monlau.com\/fp\/ca\/#website"},"primaryImageOfPage":{"@id":"https:\/\/www.monlau.com\/fp\/ca\/2019\/01\/28\/projectes-la-guinda-dels-estudis-d-automocio\/#primaryimage"},"image":{"@id":"https:\/\/www.monlau.com\/fp\/ca\/2019\/01\/28\/projectes-la-guinda-dels-estudis-d-automocio\/#primaryimage"},"thumbnailUrl":"https:\/\/www.monlau.com\/app\/uploads\/sites\/3\/2026\/02\/articulo-proyectos.jpeg","datePublished":"2019-01-27T23:00:00+00:00","dateModified":"2026-03-10T09:03:36+00:00","breadcrumb":{"@id":"https:\/\/www.monlau.com\/fp\/ca\/2019\/01\/28\/projectes-la-guinda-dels-estudis-d-automocio\/#breadcrumb"},"inLanguage":"ca","potentialAction":[{"@type":"ReadAction","target":["https:\/\/www.monlau.com\/fp\/ca\/2019\/01\/28\/projectes-la-guinda-dels-estudis-d-automocio\/"]}]},{"@type":"ImageObject","inLanguage":"ca","@id":"https:\/\/www.monlau.com\/fp\/ca\/2019\/01\/28\/projectes-la-guinda-dels-estudis-d-automocio\/#primaryimage","url":"https:\/\/www.monlau.com\/app\/uploads\/sites\/3\/2026\/02\/articulo-proyectos.jpeg","contentUrl":"https:\/\/www.monlau.com\/app\/uploads\/sites\/3\/2026\/02\/articulo-proyectos.jpeg","width":1600,"height":1066},{"@type":"BreadcrumbList","@id":"https:\/\/www.monlau.com\/fp\/ca\/2019\/01\/28\/projectes-la-guinda-dels-estudis-d-automocio\/#breadcrumb","itemListElement":[{"@type":"ListItem","position":1,"name":"Portada","item":"https:\/\/www.monlau.com\/fp\/ca\/inici\/"},{"@type":"ListItem","position":2,"name":"#Projectes. La guinda dels estudis d&#8217;Automoci\u00f3"}]},{"@type":"WebSite","@id":"https:\/\/www.monlau.com\/fp\/ca\/#website","url":"https:\/\/www.monlau.com\/fp\/ca\/","name":"Formaci\u00f3n profesional","description":"Monlau","publisher":{"@id":"https:\/\/www.monlau.com\/fp\/ca\/#organization"},"potentialAction":[{"@type":"SearchAction","target":{"@type":"EntryPoint","urlTemplate":"https:\/\/www.monlau.com\/fp\/ca\/?s={search_term_string}"},"query-input":{"@type":"PropertyValueSpecification","valueRequired":true,"valueName":"search_term_string"}}],"inLanguage":"ca"},{"@type":"Organization","@id":"https:\/\/www.monlau.com\/fp\/ca\/#organization","name":"Formaci\u00f3n profesional","url":"https:\/\/www.monlau.com\/fp\/ca\/","logo":{"@type":"ImageObject","inLanguage":"ca","@id":"https:\/\/www.monlau.com\/fp\/ca\/#\/schema\/logo\/image\/","url":"https:\/\/www.monlau.com\/app\/uploads\/sites\/3\/2026\/01\/fp.png","contentUrl":"https:\/\/www.monlau.com\/app\/uploads\/sites\/3\/2026\/01\/fp.png","width":1024,"height":878,"caption":"Formaci\u00f3n profesional"},"image":{"@id":"https:\/\/www.monlau.com\/fp\/ca\/#\/schema\/logo\/image\/"}},{"@type":"Person","@id":"https:\/\/www.monlau.com\/fp\/ca\/#\/schema\/person\/419630ffac9ae08417c894a53e55910c","name":"monlauuser","image":{"@type":"ImageObject","inLanguage":"ca","@id":"https:\/\/secure.gravatar.com\/avatar\/ab9c6e5fc6872da09790b5919f6edfdffde75802c06338ac68a484f8e7813f81?s=96&d=mm&r=g","url":"https:\/\/secure.gravatar.com\/avatar\/ab9c6e5fc6872da09790b5919f6edfdffde75802c06338ac68a484f8e7813f81?s=96&d=mm&r=g","contentUrl":"https:\/\/secure.gravatar.com\/avatar\/ab9c6e5fc6872da09790b5919f6edfdffde75802c06338ac68a484f8e7813f81?s=96&d=mm&r=g","caption":"monlauuser"},"url":"https:\/\/www.monlau.com\/fp\/ca\/author\/monlauuser\/"}]}},"_links":{"self":[{"href":"https:\/\/www.monlau.com\/fp\/ca\/wp-json\/wp\/v2\/posts\/6043","targetHints":{"allow":["GET"]}}],"collection":[{"href":"https:\/\/www.monlau.com\/fp\/ca\/wp-json\/wp\/v2\/posts"}],"about":[{"href":"https:\/\/www.monlau.com\/fp\/ca\/wp-json\/wp\/v2\/types\/post"}],"author":[{"embeddable":true,"href":"https:\/\/www.monlau.com\/fp\/ca\/wp-json\/wp\/v2\/users\/2"}],"replies":[{"embeddable":true,"href":"https:\/\/www.monlau.com\/fp\/ca\/wp-json\/wp\/v2\/comments?post=6043"}],"version-history":[{"count":1,"href":"https:\/\/www.monlau.com\/fp\/ca\/wp-json\/wp\/v2\/posts\/6043\/revisions"}],"predecessor-version":[{"id":6524,"href":"https:\/\/www.monlau.com\/fp\/ca\/wp-json\/wp\/v2\/posts\/6043\/revisions\/6524"}],"wp:featuredmedia":[{"embeddable":true,"href":"https:\/\/www.monlau.com\/fp\/ca\/wp-json\/wp\/v2\/media\/6044"}],"wp:attachment":[{"href":"https:\/\/www.monlau.com\/fp\/ca\/wp-json\/wp\/v2\/media?parent=6043"}],"wp:term":[{"taxonomy":"category","embeddable":true,"href":"https:\/\/www.monlau.com\/fp\/ca\/wp-json\/wp\/v2\/categories?post=6043"},{"taxonomy":"post_tag","embeddable":true,"href":"https:\/\/www.monlau.com\/fp\/ca\/wp-json\/wp\/v2\/tags?post=6043"}],"curies":[{"name":"wp","href":"https:\/\/api.w.org\/{rel}","templated":true}]}}