{"id":2940,"date":"2026-09-01T10:03:35","date_gmt":"2026-09-01T08:03:35","guid":{"rendered":"https:\/\/www.monlau.com\/eso-batxillerat\/?p=2940"},"modified":"2026-09-01T10:37:14","modified_gmt":"2026-09-01T08:37:14","slug":"irene-espriu-viu-una-experiencia-erasmus-a-budapest-sobre-ia-i-aprenentatge-experiencial","status":"publish","type":"post","link":"https:\/\/www.monlau.com\/eso-batxillerat\/2026\/09\/01\/irene-espriu-viu-una-experiencia-erasmus-a-budapest-sobre-ia-i-aprenentatge-experiencial\/","title":{"rendered":"Irene Espriu viu una experi\u00e8ncia Erasmus+ a Budapest sobre IA i aprenentatge experiencial"},"content":{"rendered":"\t\t<div data-elementor-type=\"wp-post\" data-elementor-id=\"2940\" class=\"elementor elementor-2940 elementor-2939\" data-elementor-post-type=\"post\">\n\t\t\t\t<div class=\"elementor-element elementor-element-bb8204c e-flex e-con-boxed e-con e-parent\" data-id=\"bb8204c\" data-element_type=\"container\" data-e-type=\"container\">\n\t\t\t\t\t<div class=\"e-con-inner\">\n\t\t\t\t<div class=\"elementor-element elementor-element-5013cef elementor-widget elementor-widget-text-editor\" data-id=\"5013cef\" data-element_type=\"widget\" data-e-type=\"widget\" data-widget_type=\"text-editor.default\">\n\t\t\t\t\t\t\t\t\t<p class=\"PDq2pG_selectionAnchorContainer\" data-start=\"415\" data-end=\"666\"><strong data-start=\"415\" data-end=\"439\">Erasmus+ a Budapest<\/strong> ha estat la nova experi\u00e8ncia internacional de la docent de Monlau ESOBAT <strong data-start=\"514\" data-end=\"530\"><a href=\"https:\/\/www.linkedin.com\/in\/irene-espriu-6591b327\/\">Irene Espriu<\/a><\/strong>. Aquest estiu, ha participat en una formaci\u00f3 sobre intel\u00b7lig\u00e8ncia artificial, aprenentatge experiencial i noves metodologies educatives. <\/p><p data-start=\"668\" data-end=\"832\">El curs, titulat <em data-start=\"687\" data-end=\"769\">AI-Powered Experiential Learning in Budapest through History, Culture and Nature<\/em>, va ser impartit per Viktor Koch a <strong data-start=\"804\" data-end=\"831\"><a href=\"https:\/\/www.babylon.academy\/\">Babilon Erasmus Academy<\/a><\/strong>.<\/p><p class=\"\" data-start=\"834\" data-end=\"1018\">La formaci\u00f3 va combinar intel\u00b7lig\u00e8ncia artificial, patrimoni, cultura i activitats en diferents espais de la ciutat. Durant uns dies, Budapest es va convertir en una extensi\u00f3 de l&#8217;aula. <\/p><p data-start=\"1020\" data-end=\"1283\">El Castle District, Matthias Church, Fisherman\u2019s Bastion, el Museum of Ethnography, el Museum of Fine Arts, Margaret Island i els ponts sobre el Danubi van ser alguns dels escenaris visitats. En ells, Irene va poder investigar, observar, experimentar i crear. <\/p><p data-start=\"1285\" data-end=\"1580\">M\u00e9s enll\u00e0 de les eines treballades, aquesta experi\u00e8ncia li va permetre reflexionar sobre el paper de la intel\u00b7lig\u00e8ncia artificial en educaci\u00f3. Per a Irene, la IA no ha de substituir el pensament. Al contrari, pot ajudar a crear experi\u00e8ncies d&#8217;aprenentatge m\u00e9s significatives, cr\u00edtiques i humanes.  <\/p>\t\t\t\t\t\t\t\t<\/div>\n\t\t\t\t<div class=\"elementor-element elementor-element-de36365 elementor-widget elementor-widget-heading\" data-id=\"de36365\" data-element_type=\"widget\" data-e-type=\"widget\" data-widget_type=\"heading.default\">\n\t\t\t\t\t<h2 class=\"elementor-heading-title elementor-size-default\">Una experi\u00e8ncia Erasmus+ sobre innovaci\u00f3 educativa<\/h2>\t\t\t\t<\/div>\n\t\t\t\t<div class=\"elementor-element elementor-element-234432f elementor-widget elementor-widget-text-editor\" data-id=\"234432f\" data-element_type=\"widget\" data-e-type=\"widget\" data-widget_type=\"text-editor.default\">\n\t\t\t\t\t\t\t\t\t<p class=\"PDq2pG_selectionAnchorContainer\" data-start=\"1844\" data-end=\"1972\">El curs va mostrar com integrar la intel\u00b7lig\u00e8ncia artificial i les eines digitals en propostes d&#8217;aprenentatge experiencial.<\/p><p data-start=\"1974\" data-end=\"2185\">Durant la formaci\u00f3, els participants van treballar amb recursos com <strong data-start=\"2043\" data-end=\"2101\">ChatGPT, Gemini, Google Lens, Canva, GooseChase o Suno<\/strong>. Totes aquestes eines es van aplicar en contextos reals i vinculats a l&#8217;entorn. <\/p><p data-start=\"2187\" data-end=\"2365\">No obstant aix\u00f2, Irene destaca que l&#8217;aprenentatge m\u00e9s important no va ser descobrir noves eines. El m\u00e9s valu\u00f3s va ser reflexionar sobre <strong data-start=\"2323\" data-end=\"2364\">com i per qu\u00e8 utilitzar-les a l&#8217;aula<\/strong>. <\/p><p data-start=\"2367\" data-end=\"2510\">Aquesta mirada docent \u00e9s clau. Permet usar la intel\u00b7lig\u00e8ncia artificial amb sentit pedag\u00f2gic i evitar que la tecnologia sigui una fi en si mateixa. <\/p>\t\t\t\t\t\t\t\t<\/div>\n\t\t\t\t<div class=\"elementor-element elementor-element-5556f34 elementor-widget elementor-widget-heading\" data-id=\"5556f34\" data-element_type=\"widget\" data-e-type=\"widget\" data-widget_type=\"heading.default\">\n\t\t\t\t\t<h2 class=\"elementor-heading-title elementor-size-default\">Budapest com a extensi\u00f3 de l'aula<\/h2>\t\t\t\t<\/div>\n\t\t\t\t<div class=\"elementor-element elementor-element-9e62238 elementor-widget elementor-widget-text-editor\" data-id=\"9e62238\" data-element_type=\"widget\" data-e-type=\"widget\" data-widget_type=\"text-editor.default\">\n\t\t\t\t\t\t\t\t\t<p class=\"isSelectedEnd\">Un dels elements m\u00e9s enriquidors d&#8217;aquesta experi\u00e8ncia va ser l&#8217;\u00fas de la ciutat com a espai d&#8217;aprenentatge.<\/p><p class=\"isSelectedEnd\">Budapest es va convertir en una aula oberta, on la hist\u00f2ria, la cultura, l&#8217;arquitectura i la naturalesa van servir com a punt de partida per a investigar i generar coneixement. Aquesta metodologia va permetre connectar els continguts amb l&#8217;observaci\u00f3 directa, el treball en equip i la interpretaci\u00f3 de l&#8217;entorn. <\/p><p class=\"isSelectedEnd\">L&#8217;aprenentatge experiencial part precisament d&#8217;aquesta idea: aprendre a partir de l&#8217;experi\u00e8ncia, del contacte amb la realitat i de la reflexi\u00f3 posterior. En aquest cas, cada espai visitat es va transformar en una oportunitat per a formular preguntes, analitzar informaci\u00f3 i crear noves propostes educatives. <\/p><p>D&#8217;aquesta manera, el curs va demostrar com l&#8217;entorn pot convertir-se en un recurs pedag\u00f2gic de gran valor quan es combina amb una mirada docent intencionada i amb eines que amplien les possibilitats d&#8217;exploraci\u00f3.<\/p>\t\t\t\t\t\t\t\t<\/div>\n\t\t\t\t<div class=\"elementor-element elementor-element-b83e6e3 elementor-arrows-position-inside elementor-widget elementor-widget-image-carousel\" data-id=\"b83e6e3\" data-element_type=\"widget\" data-e-type=\"widget\" data-settings=\"{&quot;navigation&quot;:&quot;arrows&quot;,&quot;autoplay&quot;:&quot;yes&quot;,&quot;pause_on_hover&quot;:&quot;yes&quot;,&quot;pause_on_interaction&quot;:&quot;yes&quot;,&quot;autoplay_speed&quot;:5000,&quot;infinite&quot;:&quot;yes&quot;,&quot;speed&quot;:500}\" data-widget_type=\"image-carousel.default\">\n\t\t\t\t\t\t\t<div class=\"elementor-image-carousel-wrapper swiper\" role=\"region\" aria-roledescription=\"carousel\" aria-label=\"Carrusel de im\u00e1genes\" dir=\"ltr\">\n\t\t\t<div class=\"elementor-image-carousel swiper-wrapper\" aria-live=\"off\">\n\t\t\t\t\t\t\t\t<div class=\"swiper-slide\" role=\"group\" aria-roledescription=\"slide\" aria-label=\"1 de 4\"><figure class=\"swiper-slide-inner\"><img decoding=\"async\" class=\"swiper-slide-image\" src=\"https:\/\/www.monlau.com\/app\/uploads\/sites\/2\/2026\/09\/IMG_20260803_115225.jpg\" alt=\"Erasmus+ a Budapest\" \/><\/figure><\/div><div class=\"swiper-slide\" role=\"group\" aria-roledescription=\"slide\" aria-label=\"2 de 4\"><figure class=\"swiper-slide-inner\"><img decoding=\"async\" class=\"swiper-slide-image\" src=\"https:\/\/www.monlau.com\/app\/uploads\/sites\/2\/2026\/09\/IMG_20260803_125629.jpg\" alt=\"Erasmus+ a Budapest\" \/><\/figure><\/div><div class=\"swiper-slide\" role=\"group\" aria-roledescription=\"slide\" aria-label=\"3 de 4\"><figure class=\"swiper-slide-inner\"><img decoding=\"async\" class=\"swiper-slide-image\" src=\"https:\/\/www.monlau.com\/app\/uploads\/sites\/2\/2026\/09\/IMG_20260804_075301.jpg\" alt=\"Erasmus+ a Budapest\" \/><\/figure><\/div><div class=\"swiper-slide\" role=\"group\" aria-roledescription=\"slide\" aria-label=\"4 de 4\"><figure class=\"swiper-slide-inner\"><img decoding=\"async\" class=\"swiper-slide-image\" src=\"https:\/\/www.monlau.com\/app\/uploads\/sites\/2\/2026\/09\/IMG_20260805_120658.jpg\" alt=\"Erasmus+ a Budapest\" \/><\/figure><\/div>\t\t\t<\/div>\n\t\t\t\t\t\t\t\t\t\t\t\t<div class=\"elementor-swiper-button elementor-swiper-button-prev\" role=\"button\" tabindex=\"0\">\n\t\t\t\t\t\t<svg aria-hidden=\"true\" class=\"e-font-icon-svg e-eicon-chevron-left\" viewBox=\"0 0 1000 1000\" xmlns=\"http:\/\/www.w3.org\/2000\/svg\"><path d=\"M646 125C629 125 613 133 604 142L308 442C296 454 292 471 292 487 292 504 296 521 308 533L604 854C617 867 629 875 646 875 663 875 679 871 692 858 704 846 713 829 713 812 713 796 708 779 692 767L438 487 692 225C700 217 708 204 708 187 708 171 704 154 692 142 675 129 663 125 646 125Z\"><\/path><\/svg>\t\t\t\t\t<\/div>\n\t\t\t\t\t<div class=\"elementor-swiper-button elementor-swiper-button-next\" role=\"button\" tabindex=\"0\">\n\t\t\t\t\t\t<svg aria-hidden=\"true\" class=\"e-font-icon-svg e-eicon-chevron-right\" viewBox=\"0 0 1000 1000\" xmlns=\"http:\/\/www.w3.org\/2000\/svg\"><path d=\"M696 533C708 521 713 504 713 487 713 471 708 454 696 446L400 146C388 133 375 125 354 125 338 125 325 129 313 142 300 154 292 171 292 187 292 204 296 221 308 233L563 492 304 771C292 783 288 800 288 817 288 833 296 850 308 863 321 871 338 875 354 875 371 875 388 867 400 854L696 533Z\"><\/path><\/svg>\t\t\t\t\t<\/div>\n\t\t\t\t\n\t\t\t\t\t\t\t\t\t<\/div>\n\t\t\t\t\t\t<\/div>\n\t\t\t\t<div class=\"elementor-element elementor-element-0a3d03a elementor-widget elementor-widget-heading\" data-id=\"0a3d03a\" data-element_type=\"widget\" data-e-type=\"widget\" data-widget_type=\"heading.default\">\n\t\t\t\t\t<h2 class=\"elementor-heading-title elementor-size-default\">Intel\u00b7lig\u00e8ncia artificial a l'aula: m\u00e9s enll\u00e0 de l'eina<\/h2>\t\t\t\t<\/div>\n\t\t\t\t<div class=\"elementor-element elementor-element-5962f2e elementor-widget elementor-widget-text-editor\" data-id=\"5962f2e\" data-element_type=\"widget\" data-e-type=\"widget\" data-widget_type=\"text-editor.default\">\n\t\t\t\t\t\t\t\t\t<p class=\"PDq2pG_selectionAnchorContainer\" data-start=\"2588\" data-end=\"2658\">La intel\u00b7lig\u00e8ncia artificial planteja noves preguntes per a l&#8217;educaci\u00f3.<\/p><p data-start=\"2660\" data-end=\"2838\">Avui, un alumne pot obtenir una resposta, generar un text o crear una imatge en pocs segons. Per aix\u00f2, el repte docent ja no consisteix nom\u00e9s a ensenyar a trobar respostes. <\/p><p data-start=\"2840\" data-end=\"3009\">Cada vegada \u00e9s m\u00e9s important ajudar l&#8217;alumnat a <strong data-start=\"2888\" data-end=\"3008\">formular bones preguntes, contrastar informaci\u00f3, detectar errors i biaixos, argumentar i construir criteri propi<\/strong>.<\/p><p data-start=\"3011\" data-end=\"3120\">En aquest context, el paper del professor no perd import\u00e0ncia. Al contrari, es torna encara m\u00e9s necessari. <\/p><p data-start=\"3122\" data-end=\"3333\">La tecnologia pot facilitar informaci\u00f3 i obrir noves possibilitats creatives. No obstant aix\u00f2, el docent continua sent qui dissenya experi\u00e8ncies significatives, encurioseix i acompanya l&#8217;aprenentatge. <\/p>\t\t\t\t\t\t\t\t<\/div>\n\t\t\t\t<div class=\"elementor-element elementor-element-f5244e0 elementor-widget elementor-widget-heading\" data-id=\"f5244e0\" data-element_type=\"widget\" data-e-type=\"widget\" data-widget_type=\"heading.default\">\n\t\t\t\t\t<h2 class=\"elementor-heading-title elementor-size-default\">Una activitat per a mirar amb m\u00e9s atenci\u00f3<\/h2>\t\t\t\t<\/div>\n\t\t\t\t<div class=\"elementor-element elementor-element-abe2fd0 elementor-widget elementor-widget-text-editor\" data-id=\"abe2fd0\" data-element_type=\"widget\" data-e-type=\"widget\" data-widget_type=\"text-editor.default\">\n\t\t\t\t\t\t\t\t\t<p class=\"isSelectedEnd\">Una de les experi\u00e8ncies m\u00e9s significatives del curs va tenir lloc en el <strong>Museum of Fine Arts<\/strong>, on es va utilitzar l&#8217;eina *GooseChase per a desenvolupar una activitat basada en missions, observaci\u00f3 i imatges modificades amb intel\u00b7lig\u00e8ncia artificial.<\/p><p class=\"isSelectedEnd\">Els participants havien de localitzar obres, observar detalls, comparar imatges, discutir en equip i prendre decisions. En aquest cas, la tecnologia tenia sentit perqu\u00e8 no substitu\u00efa l&#8217;experi\u00e8ncia, sin\u00f3 que ajudava a mirar amb m\u00e9s atenci\u00f3. <\/p><p class=\"isSelectedEnd\">Aquesta activitat resumeix una de les grans idees que Irene Espriu s&#8217;emporta de la formaci\u00f3:<\/p><p class=\"isSelectedEnd\"><strong>experi\u00e8ncia \u2192 curiositat \u2192 pregunta \u2192 recerca \u2192 pensament \u2192 creaci\u00f3<\/strong><\/p><p>La intel\u00b7lig\u00e8ncia artificial pot acompanyar aquest recorregut, enriquir-lo i obrir noves possibilitats. No obstant aix\u00f2, no hauria de substituir el proc\u00e9s d&#8217;observaci\u00f3, reflexi\u00f3 i construcci\u00f3 de significat que forma part de l&#8217;aprenentatge profund. <\/p>\t\t\t\t\t\t\t\t<\/div>\n\t\t\t\t<div class=\"elementor-element elementor-element-d78e1a7 elementor-widget elementor-widget-heading\" data-id=\"d78e1a7\" data-element_type=\"widget\" data-e-type=\"widget\" data-widget_type=\"heading.default\">\n\t\t\t\t\t<h2 class=\"elementor-heading-title elementor-size-default\">Educar en l'era de la intel\u00b7lig\u00e8ncia artificial<\/h2>\t\t\t\t<\/div>\n\t\t\t\t<div class=\"elementor-element elementor-element-f1f935a elementor-widget elementor-widget-text-editor\" data-id=\"f1f935a\" data-element_type=\"widget\" data-e-type=\"widget\" data-widget_type=\"text-editor.default\">\n\t\t\t\t\t\t\t\t\t<p class=\"isSelectedEnd\">L&#8217;experi\u00e8ncia Erasmus+ a Budapest va permetre obrir noves preguntes sobre el futur de l&#8217;educaci\u00f3 i sobre el paper de la intel\u00b7lig\u00e8ncia artificial a l&#8217;aula.<\/p><p class=\"isSelectedEnd\">Educar en l&#8217;era de la IA no significa competir amb all\u00f2 que una m\u00e0quina pot fer. M\u00e9s aviat implica refor\u00e7ar precisament all\u00f2 que ens fa humans:<strong> la curiositat, el criteri, la creativitat, la capacitat de relacionar idees, la comunicaci\u00f3, la col\u00b7laboraci\u00f3 i el pensament cr\u00edtic<\/strong>. <\/p><p class=\"isSelectedEnd\">Aquestes compet\u00e8ncies s\u00f3n essencials perqu\u00e8 l&#8217;alumnat no sigui \u00fanicament consumidor d&#8217;informaci\u00f3, sin\u00f3 protagonista actiu del seu aprenentatge.<\/p><p>Des d&#8217;aquesta perspectiva, la tecnologia pot convertir-se en una aliada quan s&#8217;integra amb sentit, amb objectius clars i amb una mirada educativa centrada en el desenvolupament integral de l&#8217;alumnat.<\/p>\t\t\t\t\t\t\t\t<\/div>\n\t\t\t\t<div class=\"elementor-element elementor-element-92ee01b elementor-widget elementor-widget-heading\" data-id=\"92ee01b\" data-element_type=\"widget\" data-e-type=\"widget\" data-widget_type=\"heading.default\">\n\t\t\t\t\t<h2 class=\"elementor-heading-title elementor-size-default\">Una experi\u00e8ncia internacional amb impacte a l'aula<\/h2>\t\t\t\t<\/div>\n\t\t\t\t<div class=\"elementor-element elementor-element-4eacb47 elementor-widget elementor-widget-text-editor\" data-id=\"4eacb47\" data-element_type=\"widget\" data-e-type=\"widget\" data-widget_type=\"text-editor.default\">\n\t\t\t\t\t\t\t\t\t<p class=\"PDq2pG_selectionAnchorContainer\" data-start=\"3412\" data-end=\"3655\">La participaci\u00f3 d&#8217;<strong data-start=\"3432\" data-end=\"3448\">Irene Espriu<\/strong> en aquesta formaci\u00f3 Erasmus+ refor\u00e7a el comprom\u00eds de Monlau ESOBAT amb la innovaci\u00f3 educativa. Tamb\u00e9 mostra la import\u00e0ncia de la formaci\u00f3 cont\u00ednua del professorat i de les experi\u00e8ncies internacionals. <\/p><p data-start=\"3657\" data-end=\"3795\">Irene torna de Budapest amb eines, recursos i idees aplicables a l&#8217;aula. Per\u00f2, sobretot, torna amb noves preguntes pedag\u00f2giques. <\/p><p data-start=\"3797\" data-end=\"4008\">Educar en l&#8217;era de la intel\u00b7lig\u00e8ncia artificial no consisteix nom\u00e9s a aprendre a utilitzar noves tecnologies. Tamb\u00e9 implica acompanyar a l&#8217;alumnat perqu\u00e8 pensi millor, pregunti millor i construeixi criteri propi. <\/p><p data-start=\"4010\" data-end=\"4056\">Com ella mateixa destaca despr\u00e9s d&#8217;aquesta experi\u00e8ncia:<\/p>\t\t\t\t\t\t\t\t<\/div>\n\t\t\t\t<div class=\"elementor-element elementor-element-e47f671 elementor-blockquote--skin-border elementor-widget elementor-widget-blockquote\" data-id=\"e47f671\" data-element_type=\"widget\" data-e-type=\"widget\" data-widget_type=\"blockquote.default\">\n\t\t\t\t\t\t\t<blockquote class=\"elementor-blockquote\">\n\t\t\t<p class=\"elementor-blockquote__content\">\n\t\t\t\t\u201cPotser educar en l'era de la intel\u00b7lig\u00e8ncia artificial no consistir\u00e0 a competir amb all\u00f2 que una m\u00e0quina pot fer, sin\u00f3 a refor\u00e7ar precisament all\u00f2 que ens fa humans: la curiositat, el criteri, la creativitat, la capacitat de relacionar idees, la comunicaci\u00f3, la col\u00b7laboraci\u00f3 i el pensament cr\u00edtic.\u201d\t\t\t<\/p>\n\t\t\t\t\t<\/blockquote>\n\t\t\t\t\t\t<\/div>\n\t\t\t\t<div class=\"elementor-element elementor-element-f0b9c6a elementor-widget elementor-widget-text-editor\" data-id=\"f0b9c6a\" data-element_type=\"widget\" data-e-type=\"widget\" data-widget_type=\"text-editor.default\">\n\t\t\t\t\t\t\t\t\t<p class=\"isSelectedEnd\">Aquesta \u00e9s una de les reflexions m\u00e9s valuoses que Irene s&#8217;emporta de Budapest. I ara podr\u00e0 traslladar-la a la seva pr\u00e0ctica docent en Monlau ESOBAT. <\/p>\t\t\t\t\t\t\t\t<\/div>\n\t\t\t\t\t<\/div>\n\t\t\t\t<\/div>\n\t\t\t\t<\/div>\n\t\t","protected":false},"excerpt":{"rendered":"<p>Erasmus+ a Budapest ha estat la nova experi\u00e8ncia internacional de la docent de Monlau ESOBAT Irene Espriu. Aquest estiu, ha participat en una formaci\u00f3 sobre intel\u00b7lig\u00e8ncia artificial, aprenentatge experiencial i noves metodologies educatives. El curs, titulat AI-Powered Experiential Learning in Budapest through History, Culture and Nature, va ser impartit per Viktor Koch a Babilon Erasmus [&hellip;]<\/p>\n","protected":false},"author":2,"featured_media":2956,"comment_status":"closed","ping_status":"closed","sticky":false,"template":"","format":"standard","meta":{"footnotes":""},"categories":[263,265],"tags":[268,267,269],"class_list":["post-2940","post","type-post","status-publish","format-standard","has-post-thumbnail","hentry","category-eso-2","category-monlau-2","tag-eso-2","tag-estudiar-2","tag-monlau-2"],"yoast_head":"<!-- This site is optimized with the Yoast SEO Premium plugin v28.3 (Yoast SEO v28.3) - https:\/\/yoast.com\/product\/yoast-seo-premium-wordpress\/ -->\n<title>Erasmus+ a Budapest: experi\u00e8ncia d&#039;Irene Espriu<\/title>\n<meta name=\"description\" content=\"Irene Espriu, docent de Monlau ESOBAT, participa en una experi\u00e8ncia Erasmus+ a Budapest sobre IA educativa i aprenentatge experiencial.\" \/>\n<meta name=\"robots\" content=\"index, follow, max-snippet:-1, max-image-preview:large, max-video-preview:-1\" \/>\n<link rel=\"canonical\" href=\"https:\/\/www.monlau.com\/eso-batxillerat\/2026\/09\/01\/irene-espriu-viu-una-experiencia-erasmus-a-budapest-sobre-ia-i-aprenentatge-experiencial\/\" \/>\n<meta property=\"og:locale\" content=\"ca_ES\" \/>\n<meta property=\"og:type\" content=\"article\" \/>\n<meta property=\"og:title\" content=\"Irene Espriu viu una experi\u00e8ncia Erasmus+ a Budapest sobre IA i aprenentatge experiencial\" \/>\n<meta property=\"og:description\" content=\"Irene Espriu, docent de Monlau ESOBAT, participa en una experi\u00e8ncia Erasmus+ a Budapest sobre IA educativa i aprenentatge experiencial.\" \/>\n<meta property=\"og:url\" content=\"https:\/\/www.monlau.com\/eso-batxillerat\/2026\/09\/01\/irene-espriu-viu-una-experiencia-erasmus-a-budapest-sobre-ia-i-aprenentatge-experiencial\/\" \/>\n<meta property=\"og:site_name\" content=\"Eso Batx\" \/>\n<meta property=\"article:published_time\" content=\"2026-09-01T08:03:35+00:00\" \/>\n<meta property=\"article:modified_time\" content=\"2026-09-01T08:37:14+00:00\" \/>\n<meta property=\"og:image\" content=\"https:\/\/www.monlau.com\/app\/uploads\/sites\/2\/2026\/09\/IMG_20260803_120659.jpg\" \/>\n\t<meta property=\"og:image:width\" content=\"1000\" \/>\n\t<meta property=\"og:image:height\" content=\"750\" \/>\n\t<meta property=\"og:image:type\" content=\"image\/jpeg\" \/>\n<meta name=\"author\" content=\"monlauuser\" \/>\n<meta name=\"twitter:card\" content=\"summary_large_image\" \/>\n<meta name=\"twitter:label1\" content=\"Escrit per\" \/>\n\t<meta name=\"twitter:data1\" content=\"monlauuser\" \/>\n\t<meta name=\"twitter:label2\" content=\"Temps estimat de lectura\" \/>\n\t<meta name=\"twitter:data2\" content=\"6 minuts\" \/>\n<script type=\"application\/ld+json\" class=\"yoast-schema-graph\">{\"@context\":\"https:\\\/\\\/schema.org\",\"@graph\":[{\"@type\":\"Article\",\"@id\":\"https:\\\/\\\/www.monlau.com\\\/eso-batxillerat\\\/2026\\\/09\\\/01\\\/irene-espriu-viu-una-experiencia-erasmus-a-budapest-sobre-ia-i-aprenentatge-experiencial\\\/#article\",\"isPartOf\":{\"@id\":\"https:\\\/\\\/www.monlau.com\\\/eso-batxillerat\\\/2026\\\/09\\\/01\\\/irene-espriu-viu-una-experiencia-erasmus-a-budapest-sobre-ia-i-aprenentatge-experiencial\\\/\"},\"author\":{\"name\":\"monlauuser\",\"@id\":\"https:\\\/\\\/www.monlau.com\\\/eso-batxillerat\\\/#\\\/schema\\\/person\\\/419630ffac9ae08417c894a53e55910c\"},\"headline\":\"Irene Espriu viu una experi\u00e8ncia Erasmus+ a Budapest sobre IA i aprenentatge experiencial\",\"datePublished\":\"2026-09-01T08:03:35+00:00\",\"dateModified\":\"2026-09-01T08:37:14+00:00\",\"mainEntityOfPage\":{\"@id\":\"https:\\\/\\\/www.monlau.com\\\/eso-batxillerat\\\/2026\\\/09\\\/01\\\/irene-espriu-viu-una-experiencia-erasmus-a-budapest-sobre-ia-i-aprenentatge-experiencial\\\/\"},\"wordCount\":1105,\"publisher\":{\"@id\":\"https:\\\/\\\/www.monlau.com\\\/eso-batxillerat\\\/#organization\"},\"image\":{\"@id\":\"https:\\\/\\\/www.monlau.com\\\/eso-batxillerat\\\/2026\\\/09\\\/01\\\/irene-espriu-viu-una-experiencia-erasmus-a-budapest-sobre-ia-i-aprenentatge-experiencial\\\/#primaryimage\"},\"thumbnailUrl\":\"https:\\\/\\\/www.monlau.com\\\/app\\\/uploads\\\/sites\\\/2\\\/2026\\\/09\\\/IMG_20260803_120659.jpg\",\"keywords\":[\"ESO\",\"Estudiar\",\"Monlau\"],\"articleSection\":[\"ESO\",\"Monlau\"],\"inLanguage\":\"ca\"},{\"@type\":\"WebPage\",\"@id\":\"https:\\\/\\\/www.monlau.com\\\/eso-batxillerat\\\/2026\\\/09\\\/01\\\/irene-espriu-viu-una-experiencia-erasmus-a-budapest-sobre-ia-i-aprenentatge-experiencial\\\/\",\"url\":\"https:\\\/\\\/www.monlau.com\\\/eso-batxillerat\\\/2026\\\/09\\\/01\\\/irene-espriu-viu-una-experiencia-erasmus-a-budapest-sobre-ia-i-aprenentatge-experiencial\\\/\",\"name\":\"Erasmus+ a Budapest: experi\u00e8ncia d'Irene Espriu\",\"isPartOf\":{\"@id\":\"https:\\\/\\\/www.monlau.com\\\/eso-batxillerat\\\/#website\"},\"primaryImageOfPage\":{\"@id\":\"https:\\\/\\\/www.monlau.com\\\/eso-batxillerat\\\/2026\\\/09\\\/01\\\/irene-espriu-viu-una-experiencia-erasmus-a-budapest-sobre-ia-i-aprenentatge-experiencial\\\/#primaryimage\"},\"image\":{\"@id\":\"https:\\\/\\\/www.monlau.com\\\/eso-batxillerat\\\/2026\\\/09\\\/01\\\/irene-espriu-viu-una-experiencia-erasmus-a-budapest-sobre-ia-i-aprenentatge-experiencial\\\/#primaryimage\"},\"thumbnailUrl\":\"https:\\\/\\\/www.monlau.com\\\/app\\\/uploads\\\/sites\\\/2\\\/2026\\\/09\\\/IMG_20260803_120659.jpg\",\"datePublished\":\"2026-09-01T08:03:35+00:00\",\"dateModified\":\"2026-09-01T08:37:14+00:00\",\"description\":\"Irene Espriu, docent de Monlau ESOBAT, participa en una experi\u00e8ncia Erasmus+ a Budapest sobre IA educativa i aprenentatge experiencial.\",\"breadcrumb\":{\"@id\":\"https:\\\/\\\/www.monlau.com\\\/eso-batxillerat\\\/2026\\\/09\\\/01\\\/irene-espriu-viu-una-experiencia-erasmus-a-budapest-sobre-ia-i-aprenentatge-experiencial\\\/#breadcrumb\"},\"inLanguage\":\"ca\",\"potentialAction\":[{\"@type\":\"ReadAction\",\"target\":[\"https:\\\/\\\/www.monlau.com\\\/eso-batxillerat\\\/2026\\\/09\\\/01\\\/irene-espriu-viu-una-experiencia-erasmus-a-budapest-sobre-ia-i-aprenentatge-experiencial\\\/\"]}]},{\"@type\":\"ImageObject\",\"inLanguage\":\"ca\",\"@id\":\"https:\\\/\\\/www.monlau.com\\\/eso-batxillerat\\\/2026\\\/09\\\/01\\\/irene-espriu-viu-una-experiencia-erasmus-a-budapest-sobre-ia-i-aprenentatge-experiencial\\\/#primaryimage\",\"url\":\"https:\\\/\\\/www.monlau.com\\\/app\\\/uploads\\\/sites\\\/2\\\/2026\\\/09\\\/IMG_20260803_120659.jpg\",\"contentUrl\":\"https:\\\/\\\/www.monlau.com\\\/app\\\/uploads\\\/sites\\\/2\\\/2026\\\/09\\\/IMG_20260803_120659.jpg\",\"width\":1000,\"height\":750,\"caption\":\"Erasmus+ a Budapest\"},{\"@type\":\"BreadcrumbList\",\"@id\":\"https:\\\/\\\/www.monlau.com\\\/eso-batxillerat\\\/2026\\\/09\\\/01\\\/irene-espriu-viu-una-experiencia-erasmus-a-budapest-sobre-ia-i-aprenentatge-experiencial\\\/#breadcrumb\",\"itemListElement\":[{\"@type\":\"ListItem\",\"position\":1,\"name\":\"Inici\",\"item\":\"https:\\\/\\\/www.monlau.com\\\/eso-batxillerat\\\/\"},{\"@type\":\"ListItem\",\"position\":2,\"name\":\"Irene Espriu viu una experi\u00e8ncia Erasmus+ a Budapest sobre IA i aprenentatge experiencial\"}]},{\"@type\":\"WebSite\",\"@id\":\"https:\\\/\\\/www.monlau.com\\\/eso-batxillerat\\\/#website\",\"url\":\"https:\\\/\\\/www.monlau.com\\\/eso-batxillerat\\\/\",\"name\":\"Eso Batx\",\"description\":\"\",\"publisher\":{\"@id\":\"https:\\\/\\\/www.monlau.com\\\/eso-batxillerat\\\/#organization\"},\"potentialAction\":[{\"@type\":\"SearchAction\",\"target\":{\"@type\":\"EntryPoint\",\"urlTemplate\":\"https:\\\/\\\/www.monlau.com\\\/eso-batxillerat\\\/?s={search_term_string}\"},\"query-input\":{\"@type\":\"PropertyValueSpecification\",\"valueRequired\":true,\"valueName\":\"search_term_string\"}}],\"inLanguage\":\"ca\"},{\"@type\":\"Organization\",\"@id\":\"https:\\\/\\\/www.monlau.com\\\/eso-batxillerat\\\/#organization\",\"name\":\"Eso Batx\",\"url\":\"https:\\\/\\\/www.monlau.com\\\/eso-batxillerat\\\/\",\"logo\":{\"@type\":\"ImageObject\",\"inLanguage\":\"ca\",\"@id\":\"https:\\\/\\\/www.monlau.com\\\/eso-batxillerat\\\/#\\\/schema\\\/logo\\\/image\\\/\",\"url\":\"https:\\\/\\\/www.monlau.com\\\/app\\\/uploads\\\/sites\\\/2\\\/2025\\\/12\\\/logomoneso.png\",\"contentUrl\":\"https:\\\/\\\/www.monlau.com\\\/app\\\/uploads\\\/sites\\\/2\\\/2025\\\/12\\\/logomoneso.png\",\"width\":160,\"height\":160,\"caption\":\"Eso Batx\"},\"image\":{\"@id\":\"https:\\\/\\\/www.monlau.com\\\/eso-batxillerat\\\/#\\\/schema\\\/logo\\\/image\\\/\"}},{\"@type\":\"Person\",\"@id\":\"https:\\\/\\\/www.monlau.com\\\/eso-batxillerat\\\/#\\\/schema\\\/person\\\/419630ffac9ae08417c894a53e55910c\",\"name\":\"monlauuser\",\"image\":{\"@type\":\"ImageObject\",\"inLanguage\":\"ca\",\"@id\":\"https:\\\/\\\/secure.gravatar.com\\\/avatar\\\/ab9c6e5fc6872da09790b5919f6edfdffde75802c06338ac68a484f8e7813f81?s=96&d=mm&r=g\",\"url\":\"https:\\\/\\\/secure.gravatar.com\\\/avatar\\\/ab9c6e5fc6872da09790b5919f6edfdffde75802c06338ac68a484f8e7813f81?s=96&d=mm&r=g\",\"contentUrl\":\"https:\\\/\\\/secure.gravatar.com\\\/avatar\\\/ab9c6e5fc6872da09790b5919f6edfdffde75802c06338ac68a484f8e7813f81?s=96&d=mm&r=g\",\"caption\":\"monlauuser\"},\"url\":\"https:\\\/\\\/www.monlau.com\\\/eso-batxillerat\\\/author\\\/monlauuser\\\/\"}]}<\/script>\n<!-- \/ Yoast SEO Premium plugin. -->","yoast_head_json":{"title":"Erasmus+ a Budapest: experi\u00e8ncia d'Irene Espriu","description":"Irene Espriu, docent de Monlau ESOBAT, participa en una experi\u00e8ncia Erasmus+ a Budapest sobre IA educativa i aprenentatge experiencial.","robots":{"index":"index","follow":"follow","max-snippet":"max-snippet:-1","max-image-preview":"max-image-preview:large","max-video-preview":"max-video-preview:-1"},"canonical":"https:\/\/www.monlau.com\/eso-batxillerat\/2026\/09\/01\/irene-espriu-viu-una-experiencia-erasmus-a-budapest-sobre-ia-i-aprenentatge-experiencial\/","og_locale":"ca_ES","og_type":"article","og_title":"Irene Espriu viu una experi\u00e8ncia Erasmus+ a Budapest sobre IA i aprenentatge experiencial","og_description":"Irene Espriu, docent de Monlau ESOBAT, participa en una experi\u00e8ncia Erasmus+ a Budapest sobre IA educativa i aprenentatge experiencial.","og_url":"https:\/\/www.monlau.com\/eso-batxillerat\/2026\/09\/01\/irene-espriu-viu-una-experiencia-erasmus-a-budapest-sobre-ia-i-aprenentatge-experiencial\/","og_site_name":"Eso Batx","article_published_time":"2026-09-01T08:03:35+00:00","article_modified_time":"2026-09-01T08:37:14+00:00","og_image":[{"width":1000,"height":750,"url":"https:\/\/www.monlau.com\/app\/uploads\/sites\/2\/2026\/09\/IMG_20260803_120659.jpg","type":"image\/jpeg"}],"author":"monlauuser","twitter_card":"summary_large_image","twitter_misc":{"Escrit per":"monlauuser","Temps estimat de lectura":"6 minuts"},"schema":{"@context":"https:\/\/schema.org","@graph":[{"@type":"Article","@id":"https:\/\/www.monlau.com\/eso-batxillerat\/2026\/09\/01\/irene-espriu-viu-una-experiencia-erasmus-a-budapest-sobre-ia-i-aprenentatge-experiencial\/#article","isPartOf":{"@id":"https:\/\/www.monlau.com\/eso-batxillerat\/2026\/09\/01\/irene-espriu-viu-una-experiencia-erasmus-a-budapest-sobre-ia-i-aprenentatge-experiencial\/"},"author":{"name":"monlauuser","@id":"https:\/\/www.monlau.com\/eso-batxillerat\/#\/schema\/person\/419630ffac9ae08417c894a53e55910c"},"headline":"Irene Espriu viu una experi\u00e8ncia Erasmus+ a Budapest sobre IA i aprenentatge experiencial","datePublished":"2026-09-01T08:03:35+00:00","dateModified":"2026-09-01T08:37:14+00:00","mainEntityOfPage":{"@id":"https:\/\/www.monlau.com\/eso-batxillerat\/2026\/09\/01\/irene-espriu-viu-una-experiencia-erasmus-a-budapest-sobre-ia-i-aprenentatge-experiencial\/"},"wordCount":1105,"publisher":{"@id":"https:\/\/www.monlau.com\/eso-batxillerat\/#organization"},"image":{"@id":"https:\/\/www.monlau.com\/eso-batxillerat\/2026\/09\/01\/irene-espriu-viu-una-experiencia-erasmus-a-budapest-sobre-ia-i-aprenentatge-experiencial\/#primaryimage"},"thumbnailUrl":"https:\/\/www.monlau.com\/app\/uploads\/sites\/2\/2026\/09\/IMG_20260803_120659.jpg","keywords":["ESO","Estudiar","Monlau"],"articleSection":["ESO","Monlau"],"inLanguage":"ca"},{"@type":"WebPage","@id":"https:\/\/www.monlau.com\/eso-batxillerat\/2026\/09\/01\/irene-espriu-viu-una-experiencia-erasmus-a-budapest-sobre-ia-i-aprenentatge-experiencial\/","url":"https:\/\/www.monlau.com\/eso-batxillerat\/2026\/09\/01\/irene-espriu-viu-una-experiencia-erasmus-a-budapest-sobre-ia-i-aprenentatge-experiencial\/","name":"Erasmus+ a Budapest: experi\u00e8ncia d'Irene Espriu","isPartOf":{"@id":"https:\/\/www.monlau.com\/eso-batxillerat\/#website"},"primaryImageOfPage":{"@id":"https:\/\/www.monlau.com\/eso-batxillerat\/2026\/09\/01\/irene-espriu-viu-una-experiencia-erasmus-a-budapest-sobre-ia-i-aprenentatge-experiencial\/#primaryimage"},"image":{"@id":"https:\/\/www.monlau.com\/eso-batxillerat\/2026\/09\/01\/irene-espriu-viu-una-experiencia-erasmus-a-budapest-sobre-ia-i-aprenentatge-experiencial\/#primaryimage"},"thumbnailUrl":"https:\/\/www.monlau.com\/app\/uploads\/sites\/2\/2026\/09\/IMG_20260803_120659.jpg","datePublished":"2026-09-01T08:03:35+00:00","dateModified":"2026-09-01T08:37:14+00:00","description":"Irene Espriu, docent de Monlau ESOBAT, participa en una experi\u00e8ncia Erasmus+ a Budapest sobre IA educativa i aprenentatge experiencial.","breadcrumb":{"@id":"https:\/\/www.monlau.com\/eso-batxillerat\/2026\/09\/01\/irene-espriu-viu-una-experiencia-erasmus-a-budapest-sobre-ia-i-aprenentatge-experiencial\/#breadcrumb"},"inLanguage":"ca","potentialAction":[{"@type":"ReadAction","target":["https:\/\/www.monlau.com\/eso-batxillerat\/2026\/09\/01\/irene-espriu-viu-una-experiencia-erasmus-a-budapest-sobre-ia-i-aprenentatge-experiencial\/"]}]},{"@type":"ImageObject","inLanguage":"ca","@id":"https:\/\/www.monlau.com\/eso-batxillerat\/2026\/09\/01\/irene-espriu-viu-una-experiencia-erasmus-a-budapest-sobre-ia-i-aprenentatge-experiencial\/#primaryimage","url":"https:\/\/www.monlau.com\/app\/uploads\/sites\/2\/2026\/09\/IMG_20260803_120659.jpg","contentUrl":"https:\/\/www.monlau.com\/app\/uploads\/sites\/2\/2026\/09\/IMG_20260803_120659.jpg","width":1000,"height":750,"caption":"Erasmus+ a Budapest"},{"@type":"BreadcrumbList","@id":"https:\/\/www.monlau.com\/eso-batxillerat\/2026\/09\/01\/irene-espriu-viu-una-experiencia-erasmus-a-budapest-sobre-ia-i-aprenentatge-experiencial\/#breadcrumb","itemListElement":[{"@type":"ListItem","position":1,"name":"Inici","item":"https:\/\/www.monlau.com\/eso-batxillerat\/"},{"@type":"ListItem","position":2,"name":"Irene Espriu viu una experi\u00e8ncia Erasmus+ a Budapest sobre IA i aprenentatge experiencial"}]},{"@type":"WebSite","@id":"https:\/\/www.monlau.com\/eso-batxillerat\/#website","url":"https:\/\/www.monlau.com\/eso-batxillerat\/","name":"Eso Batx","description":"","publisher":{"@id":"https:\/\/www.monlau.com\/eso-batxillerat\/#organization"},"potentialAction":[{"@type":"SearchAction","target":{"@type":"EntryPoint","urlTemplate":"https:\/\/www.monlau.com\/eso-batxillerat\/?s={search_term_string}"},"query-input":{"@type":"PropertyValueSpecification","valueRequired":true,"valueName":"search_term_string"}}],"inLanguage":"ca"},{"@type":"Organization","@id":"https:\/\/www.monlau.com\/eso-batxillerat\/#organization","name":"Eso Batx","url":"https:\/\/www.monlau.com\/eso-batxillerat\/","logo":{"@type":"ImageObject","inLanguage":"ca","@id":"https:\/\/www.monlau.com\/eso-batxillerat\/#\/schema\/logo\/image\/","url":"https:\/\/www.monlau.com\/app\/uploads\/sites\/2\/2025\/12\/logomoneso.png","contentUrl":"https:\/\/www.monlau.com\/app\/uploads\/sites\/2\/2025\/12\/logomoneso.png","width":160,"height":160,"caption":"Eso Batx"},"image":{"@id":"https:\/\/www.monlau.com\/eso-batxillerat\/#\/schema\/logo\/image\/"}},{"@type":"Person","@id":"https:\/\/www.monlau.com\/eso-batxillerat\/#\/schema\/person\/419630ffac9ae08417c894a53e55910c","name":"monlauuser","image":{"@type":"ImageObject","inLanguage":"ca","@id":"https:\/\/secure.gravatar.com\/avatar\/ab9c6e5fc6872da09790b5919f6edfdffde75802c06338ac68a484f8e7813f81?s=96&d=mm&r=g","url":"https:\/\/secure.gravatar.com\/avatar\/ab9c6e5fc6872da09790b5919f6edfdffde75802c06338ac68a484f8e7813f81?s=96&d=mm&r=g","contentUrl":"https:\/\/secure.gravatar.com\/avatar\/ab9c6e5fc6872da09790b5919f6edfdffde75802c06338ac68a484f8e7813f81?s=96&d=mm&r=g","caption":"monlauuser"},"url":"https:\/\/www.monlau.com\/eso-batxillerat\/author\/monlauuser\/"}]}},"_links":{"self":[{"href":"https:\/\/www.monlau.com\/eso-batxillerat\/wp-json\/wp\/v2\/posts\/2940","targetHints":{"allow":["GET"]}}],"collection":[{"href":"https:\/\/www.monlau.com\/eso-batxillerat\/wp-json\/wp\/v2\/posts"}],"about":[{"href":"https:\/\/www.monlau.com\/eso-batxillerat\/wp-json\/wp\/v2\/types\/post"}],"author":[{"embeddable":true,"href":"https:\/\/www.monlau.com\/eso-batxillerat\/wp-json\/wp\/v2\/users\/2"}],"replies":[{"embeddable":true,"href":"https:\/\/www.monlau.com\/eso-batxillerat\/wp-json\/wp\/v2\/comments?post=2940"}],"version-history":[{"count":5,"href":"https:\/\/www.monlau.com\/eso-batxillerat\/wp-json\/wp\/v2\/posts\/2940\/revisions"}],"predecessor-version":[{"id":2985,"href":"https:\/\/www.monlau.com\/eso-batxillerat\/wp-json\/wp\/v2\/posts\/2940\/revisions\/2985"}],"wp:featuredmedia":[{"embeddable":true,"href":"https:\/\/www.monlau.com\/eso-batxillerat\/wp-json\/wp\/v2\/media\/2956"}],"wp:attachment":[{"href":"https:\/\/www.monlau.com\/eso-batxillerat\/wp-json\/wp\/v2\/media?parent=2940"}],"wp:term":[{"taxonomy":"category","embeddable":true,"href":"https:\/\/www.monlau.com\/eso-batxillerat\/wp-json\/wp\/v2\/categories?post=2940"},{"taxonomy":"post_tag","embeddable":true,"href":"https:\/\/www.monlau.com\/eso-batxillerat\/wp-json\/wp\/v2\/tags?post=2940"}],"curies":[{"name":"wp","href":"https:\/\/api.w.org\/{rel}","templated":true}]}}