{"id":1475,"date":"2026-01-19T00:00:00","date_gmt":"2026-01-18T23:00:00","guid":{"rendered":"https:\/\/www.monlau.com\/eso-batxillerat\/exporecerca-monlau-investigacio-talent-i-comunicacio-en-accio\/"},"modified":"2026-03-24T17:23:11","modified_gmt":"2026-03-24T16:23:11","slug":"exporecerca-monlau-investigacio-talent-i-comunicacio-en-accio","status":"publish","type":"post","link":"https:\/\/www.monlau.com\/eso-batxillerat\/2026\/01\/19\/exporecerca-monlau-investigacio-talent-i-comunicacio-en-accio\/","title":{"rendered":"Exporecerca Monlau: investigaci\u00f3, talent i comunicaci\u00f3 en acci\u00f3"},"content":{"rendered":"<p><span style=\"font-weight: 400;\">L&#8217;<\/span> <b>Exporecerca Monlau<\/b> <span style=\"font-weight: 400;\">\u00e9s una fira de recerca que forma part del proc\u00e9s d&#8217;avaluaci\u00f3 del<\/span> <b>Treball de recerca<\/b> <span style=\"font-weight: 400;\">de l&#8217;alumnat de<\/span> <b>2n de Batxillerat<\/b><span style=\"font-weight: 400;\">. Aquest espai \u00e9s una oportunitat \u00fanica perqu\u00e8 els estudiants presentin, defensin i comparteixin els seus projectes davant de diferents p\u00fablics de la comunitat educativa.<\/span><\/p>\n<p><span style=\"font-weight: 400;\">Durant l&#8217;Exporecerca, l&#8217;alumnat exposa els seus projectes a<\/span> <b>fam\u00edlies, alumnat de 1r de Batxillerat, estudiants de 4t d&#8217;ESO i professorat del centre<\/b><span style=\"font-weight: 400;\">. A m\u00e9s de ser una mostra de recerca, l&#8217;activitat forma part de la <\/span><b>avaluaci\u00f3 oficial del Treball de recerca<\/b> <span style=\"font-weight: 400;\">, amb assist\u00e8ncia obligat\u00f2ria.<\/span><\/p>\n<p><span style=\"font-weight: 400;\">La preparaci\u00f3 de l&#8217;Exporecerca es treballa a les hores de<\/span> <b>Tutoria i ODS<\/b> <span style=\"font-weight: 400;\">, amb l&#8217;acompanyament constant del tutor o tutora del Treball de recerca.<\/span><\/p>\n<p><span style=\"font-weight: 400;\">L&#8217;edici\u00f3 del curs<\/span> <b>2025-2026<\/b> <span style=\"font-weight: 400;\">tindr\u00e0 lloc el<\/span> <b>28 de gener de 2026<\/b> <span style=\"font-weight: 400;\">, en horari de<\/span> <b>15.30 ha 18.00 h<\/b> <span style=\"font-weight: 400;\">, i es desenvolupar\u00e0 al<\/span> <b>primer i segon pis del centre ia l&#8217;aula polivalent.<\/b><\/p>\n<p><span style=\"font-weight: 400;\">Al llarg del dia, l&#8217;alumnat de segon prepara el seu estand, exposa el projecte al p\u00fablic visitant i respon preguntes mentre el professorat observa i avalua les presentacions segons una r\u00fabrica.<\/span><\/p>\n<p><span style=\"font-weight: 400;\">Cada projecte disposa d&#8217;un<\/span> <b>estand propi<\/b> <span style=\"font-weight: 400;\">, organitzat per tem\u00e0tiques, on l&#8217;alumnat presenta la seva feina mitjan\u00e7ant p\u00f2sters, presentacions digitals, v\u00eddeos, codis QR, tr\u00edptics, maquetes o altres materials creatius.<\/span><\/p>\n<p><span style=\"font-weight: 400;\">L&#8217;objectiu \u00e9s crear espais visuals, clars i atractius, que facilitin la comprensi\u00f3 del projecte i fomentin el di\u00e0leg amb els visitants.<\/span><\/p>\n<p><span style=\"font-weight: 400;\">Un dels grans valors de l&#8217;Exporecerca \u00e9s el desenvolupament de la<\/span> <b>compet\u00e8ncia comunicativa<\/b><span style=\"font-weight: 400;\">. L&#8217;alumnat prepara exposicions breus, rigoroses i adaptades als diferents p\u00fablics, aprenent a defensar la investigaci\u00f3 amb seguretat, claredat i iniciativa.<\/span><\/p>\n<p><span style=\"font-weight: 400;\">Aquesta experi\u00e8ncia contribueix de manera decisiva al creixement acad\u00e8mic i personal dels estudiants, tot preparant-los per futurs reptes universitaris i professionals.<\/span><\/p>\n<p><span style=\"font-weight: 400;\">L&#8217;Exporecerca forma part de l&#8217;avaluaci\u00f3 global del TR, juntament amb la mem\u00f2ria escrita, el seguiment tutorial i les exposicions pr\u00e8vies. \u00c9s sens dubte un moment clau on l&#8217;esfor\u00e7 de mesos de treball pren forma i es comparteix amb tota la comunitat educativa. <\/span><\/p>\n","protected":false},"excerpt":{"rendered":"<p>L&#8217; Exporecerca Monlau \u00e9s una fira de recerca que forma part del proc\u00e9s d&#8217;avaluaci\u00f3 del Treball de recerca de l&#8217;alumnat de 2n de Batxillerat. Aquest espai \u00e9s una oportunitat \u00fanica perqu\u00e8 els estudiants presentin, defensin i comparteixin els seus projectes davant de diferents p\u00fablics de la comunitat educativa. Durant l&#8217;Exporecerca, l&#8217;alumnat exposa els seus projectes [&hellip;]<\/p>\n","protected":false},"author":1,"featured_media":1231,"comment_status":"closed","ping_status":"closed","sticky":false,"template":"","format":"standard","meta":{"footnotes":""},"categories":[144,141,210],"tags":[],"class_list":["post-1475","post","type-post","status-publish","format-standard","has-post-thumbnail","hentry","category-batxillerat","category-eso","category-monlau"],"yoast_head":"<!-- This site is optimized with the Yoast SEO plugin v27.2 - https:\/\/yoast.com\/product\/yoast-seo-wordpress\/ -->\n<title>Exporecerca Monlau: investigaci\u00f3, talent i comunicaci\u00f3 en acci\u00f3 - Eso Batx<\/title>\n<meta name=\"description\" content=\"L&#039;Exporecerca Monlau \u00e9s la fira on l&#039;alumnat de Batxillerat presenta i defensa el seu Treball de recerca.\" \/>\n<meta name=\"robots\" content=\"index, follow, max-snippet:-1, max-image-preview:large, max-video-preview:-1\" \/>\n<link rel=\"canonical\" href=\"https:\/\/www.monlau.com\/eso-batxillerat\/2026\/01\/19\/exporecerca-monlau-investigacio-talent-i-comunicacio-en-accio\/\" \/>\n<meta property=\"og:locale\" content=\"ca_ES\" \/>\n<meta property=\"og:type\" content=\"article\" \/>\n<meta property=\"og:title\" content=\"Exporecerca Monlau: investigaci\u00f3, talent i comunicaci\u00f3 en acci\u00f3 - Eso Batx\" \/>\n<meta property=\"og:description\" content=\"L&#039;Exporecerca Monlau \u00e9s la fira on l&#039;alumnat de Batxillerat presenta i defensa el seu Treball de recerca.\" \/>\n<meta property=\"og:url\" content=\"https:\/\/www.monlau.com\/eso-batxillerat\/2026\/01\/19\/exporecerca-monlau-investigacio-talent-i-comunicacio-en-accio\/\" \/>\n<meta property=\"og:site_name\" content=\"Eso Batx\" \/>\n<meta property=\"article:published_time\" content=\"2026-01-18T23:00:00+00:00\" \/>\n<meta property=\"article:modified_time\" content=\"2026-03-24T16:23:11+00:00\" \/>\n<meta property=\"og:image\" content=\"https:\/\/www.monlau.com\/app\/uploads\/sites\/2\/2026\/03\/Post-ESOBAT-en-horizontal-25-26-14.jpg\" \/>\n\t<meta property=\"og:image:width\" content=\"1824\" \/>\n\t<meta property=\"og:image:height\" content=\"1216\" \/>\n\t<meta property=\"og:image:type\" content=\"image\/jpeg\" \/>\n<meta name=\"author\" content=\"adsmurai\" \/>\n<meta name=\"twitter:card\" content=\"summary_large_image\" \/>\n<meta name=\"twitter:label1\" content=\"Escrit per\" \/>\n\t<meta name=\"twitter:data1\" content=\"adsmurai\" \/>\n\t<meta name=\"twitter:label2\" content=\"Temps estimat de lectura\" \/>\n\t<meta name=\"twitter:data2\" content=\"2 minuts\" \/>\n<script type=\"application\/ld+json\" class=\"yoast-schema-graph\">{\"@context\":\"https:\/\/schema.org\",\"@graph\":[{\"@type\":\"Article\",\"@id\":\"https:\/\/www.monlau.com\/eso-batxillerat\/2026\/01\/19\/exporecerca-monlau-investigacio-talent-i-comunicacio-en-accio\/#article\",\"isPartOf\":{\"@id\":\"https:\/\/www.monlau.com\/eso-batxillerat\/2026\/01\/19\/exporecerca-monlau-investigacio-talent-i-comunicacio-en-accio\/\"},\"author\":{\"name\":\"adsmurai\",\"@id\":\"https:\/\/www.monlau.com\/eso-batxillerat\/#\/schema\/person\/419cfdf054323e24e0a2ef1d8597f051\"},\"headline\":\"Exporecerca Monlau: investigaci\u00f3, talent i comunicaci\u00f3 en acci\u00f3\",\"datePublished\":\"2026-01-18T23:00:00+00:00\",\"dateModified\":\"2026-03-24T16:23:11+00:00\",\"mainEntityOfPage\":{\"@id\":\"https:\/\/www.monlau.com\/eso-batxillerat\/2026\/01\/19\/exporecerca-monlau-investigacio-talent-i-comunicacio-en-accio\/\"},\"wordCount\":367,\"publisher\":{\"@id\":\"https:\/\/www.monlau.com\/eso-batxillerat\/#organization\"},\"image\":{\"@id\":\"https:\/\/www.monlau.com\/eso-batxillerat\/2026\/01\/19\/exporecerca-monlau-investigacio-talent-i-comunicacio-en-accio\/#primaryimage\"},\"thumbnailUrl\":\"https:\/\/www.monlau.com\/app\/uploads\/sites\/2\/2026\/03\/Post-ESOBAT-en-horizontal-25-26-14.jpg\",\"articleSection\":[\"Batxillerat\",\"ESO\",\"Monlau\"],\"inLanguage\":\"ca\"},{\"@type\":\"WebPage\",\"@id\":\"https:\/\/www.monlau.com\/eso-batxillerat\/2026\/01\/19\/exporecerca-monlau-investigacio-talent-i-comunicacio-en-accio\/\",\"url\":\"https:\/\/www.monlau.com\/eso-batxillerat\/2026\/01\/19\/exporecerca-monlau-investigacio-talent-i-comunicacio-en-accio\/\",\"name\":\"Exporecerca Monlau: investigaci\u00f3, talent i comunicaci\u00f3 en acci\u00f3 - Eso Batx\",\"isPartOf\":{\"@id\":\"https:\/\/www.monlau.com\/eso-batxillerat\/#website\"},\"primaryImageOfPage\":{\"@id\":\"https:\/\/www.monlau.com\/eso-batxillerat\/2026\/01\/19\/exporecerca-monlau-investigacio-talent-i-comunicacio-en-accio\/#primaryimage\"},\"image\":{\"@id\":\"https:\/\/www.monlau.com\/eso-batxillerat\/2026\/01\/19\/exporecerca-monlau-investigacio-talent-i-comunicacio-en-accio\/#primaryimage\"},\"thumbnailUrl\":\"https:\/\/www.monlau.com\/app\/uploads\/sites\/2\/2026\/03\/Post-ESOBAT-en-horizontal-25-26-14.jpg\",\"datePublished\":\"2026-01-18T23:00:00+00:00\",\"dateModified\":\"2026-03-24T16:23:11+00:00\",\"description\":\"L'Exporecerca Monlau \u00e9s la fira on l'alumnat de Batxillerat presenta i defensa el seu Treball de recerca.\",\"breadcrumb\":{\"@id\":\"https:\/\/www.monlau.com\/eso-batxillerat\/2026\/01\/19\/exporecerca-monlau-investigacio-talent-i-comunicacio-en-accio\/#breadcrumb\"},\"inLanguage\":\"ca\",\"potentialAction\":[{\"@type\":\"ReadAction\",\"target\":[\"https:\/\/www.monlau.com\/eso-batxillerat\/2026\/01\/19\/exporecerca-monlau-investigacio-talent-i-comunicacio-en-accio\/\"]}]},{\"@type\":\"ImageObject\",\"inLanguage\":\"ca\",\"@id\":\"https:\/\/www.monlau.com\/eso-batxillerat\/2026\/01\/19\/exporecerca-monlau-investigacio-talent-i-comunicacio-en-accio\/#primaryimage\",\"url\":\"https:\/\/www.monlau.com\/app\/uploads\/sites\/2\/2026\/03\/Post-ESOBAT-en-horizontal-25-26-14.jpg\",\"contentUrl\":\"https:\/\/www.monlau.com\/app\/uploads\/sites\/2\/2026\/03\/Post-ESOBAT-en-horizontal-25-26-14.jpg\",\"width\":1824,\"height\":1216},{\"@type\":\"BreadcrumbList\",\"@id\":\"https:\/\/www.monlau.com\/eso-batxillerat\/2026\/01\/19\/exporecerca-monlau-investigacio-talent-i-comunicacio-en-accio\/#breadcrumb\",\"itemListElement\":[{\"@type\":\"ListItem\",\"position\":1,\"name\":\"Inici\",\"item\":\"https:\/\/www.monlau.com\/eso-batxillerat\/\"},{\"@type\":\"ListItem\",\"position\":2,\"name\":\"Exporecerca Monlau: investigaci\u00f3, talent i comunicaci\u00f3 en acci\u00f3\"}]},{\"@type\":\"WebSite\",\"@id\":\"https:\/\/www.monlau.com\/eso-batxillerat\/#website\",\"url\":\"https:\/\/www.monlau.com\/eso-batxillerat\/\",\"name\":\"Eso Batx\",\"description\":\"\",\"publisher\":{\"@id\":\"https:\/\/www.monlau.com\/eso-batxillerat\/#organization\"},\"potentialAction\":[{\"@type\":\"SearchAction\",\"target\":{\"@type\":\"EntryPoint\",\"urlTemplate\":\"https:\/\/www.monlau.com\/eso-batxillerat\/?s={search_term_string}\"},\"query-input\":{\"@type\":\"PropertyValueSpecification\",\"valueRequired\":true,\"valueName\":\"search_term_string\"}}],\"inLanguage\":\"ca\"},{\"@type\":\"Organization\",\"@id\":\"https:\/\/www.monlau.com\/eso-batxillerat\/#organization\",\"name\":\"Eso Batx\",\"url\":\"https:\/\/www.monlau.com\/eso-batxillerat\/\",\"logo\":{\"@type\":\"ImageObject\",\"inLanguage\":\"ca\",\"@id\":\"https:\/\/www.monlau.com\/eso-batxillerat\/#\/schema\/logo\/image\/\",\"url\":\"https:\/\/www.monlau.com\/app\/uploads\/sites\/2\/2025\/12\/logomoneso.png\",\"contentUrl\":\"https:\/\/www.monlau.com\/app\/uploads\/sites\/2\/2025\/12\/logomoneso.png\",\"width\":160,\"height\":160,\"caption\":\"Eso Batx\"},\"image\":{\"@id\":\"https:\/\/www.monlau.com\/eso-batxillerat\/#\/schema\/logo\/image\/\"}},{\"@type\":\"Person\",\"@id\":\"https:\/\/www.monlau.com\/eso-batxillerat\/#\/schema\/person\/419cfdf054323e24e0a2ef1d8597f051\",\"name\":\"adsmurai\",\"image\":{\"@type\":\"ImageObject\",\"inLanguage\":\"ca\",\"@id\":\"https:\/\/secure.gravatar.com\/avatar\/0748788578f91786454454fa3b4c295644edb991ad6caadc70b41d26790d38fc?s=96&d=mm&r=g\",\"url\":\"https:\/\/secure.gravatar.com\/avatar\/0748788578f91786454454fa3b4c295644edb991ad6caadc70b41d26790d38fc?s=96&d=mm&r=g\",\"contentUrl\":\"https:\/\/secure.gravatar.com\/avatar\/0748788578f91786454454fa3b4c295644edb991ad6caadc70b41d26790d38fc?s=96&d=mm&r=g\",\"caption\":\"adsmurai\"},\"sameAs\":[\"https:\/\/www.monlau.com\"],\"url\":\"https:\/\/www.monlau.com\/eso-batxillerat\/author\/adsmurai\/\"}]}<\/script>\n<!-- \/ Yoast SEO plugin. -->","yoast_head_json":{"title":"Exporecerca Monlau: investigaci\u00f3, talent i comunicaci\u00f3 en acci\u00f3 - Eso Batx","description":"L'Exporecerca Monlau \u00e9s la fira on l'alumnat de Batxillerat presenta i defensa el seu Treball de recerca.","robots":{"index":"index","follow":"follow","max-snippet":"max-snippet:-1","max-image-preview":"max-image-preview:large","max-video-preview":"max-video-preview:-1"},"canonical":"https:\/\/www.monlau.com\/eso-batxillerat\/2026\/01\/19\/exporecerca-monlau-investigacio-talent-i-comunicacio-en-accio\/","og_locale":"ca_ES","og_type":"article","og_title":"Exporecerca Monlau: investigaci\u00f3, talent i comunicaci\u00f3 en acci\u00f3 - Eso Batx","og_description":"L'Exporecerca Monlau \u00e9s la fira on l'alumnat de Batxillerat presenta i defensa el seu Treball de recerca.","og_url":"https:\/\/www.monlau.com\/eso-batxillerat\/2026\/01\/19\/exporecerca-monlau-investigacio-talent-i-comunicacio-en-accio\/","og_site_name":"Eso Batx","article_published_time":"2026-01-18T23:00:00+00:00","article_modified_time":"2026-03-24T16:23:11+00:00","og_image":[{"width":1824,"height":1216,"url":"https:\/\/www.monlau.com\/app\/uploads\/sites\/2\/2026\/03\/Post-ESOBAT-en-horizontal-25-26-14.jpg","type":"image\/jpeg"}],"author":"adsmurai","twitter_card":"summary_large_image","twitter_misc":{"Escrit per":"adsmurai","Temps estimat de lectura":"2 minuts"},"schema":{"@context":"https:\/\/schema.org","@graph":[{"@type":"Article","@id":"https:\/\/www.monlau.com\/eso-batxillerat\/2026\/01\/19\/exporecerca-monlau-investigacio-talent-i-comunicacio-en-accio\/#article","isPartOf":{"@id":"https:\/\/www.monlau.com\/eso-batxillerat\/2026\/01\/19\/exporecerca-monlau-investigacio-talent-i-comunicacio-en-accio\/"},"author":{"name":"adsmurai","@id":"https:\/\/www.monlau.com\/eso-batxillerat\/#\/schema\/person\/419cfdf054323e24e0a2ef1d8597f051"},"headline":"Exporecerca Monlau: investigaci\u00f3, talent i comunicaci\u00f3 en acci\u00f3","datePublished":"2026-01-18T23:00:00+00:00","dateModified":"2026-03-24T16:23:11+00:00","mainEntityOfPage":{"@id":"https:\/\/www.monlau.com\/eso-batxillerat\/2026\/01\/19\/exporecerca-monlau-investigacio-talent-i-comunicacio-en-accio\/"},"wordCount":367,"publisher":{"@id":"https:\/\/www.monlau.com\/eso-batxillerat\/#organization"},"image":{"@id":"https:\/\/www.monlau.com\/eso-batxillerat\/2026\/01\/19\/exporecerca-monlau-investigacio-talent-i-comunicacio-en-accio\/#primaryimage"},"thumbnailUrl":"https:\/\/www.monlau.com\/app\/uploads\/sites\/2\/2026\/03\/Post-ESOBAT-en-horizontal-25-26-14.jpg","articleSection":["Batxillerat","ESO","Monlau"],"inLanguage":"ca"},{"@type":"WebPage","@id":"https:\/\/www.monlau.com\/eso-batxillerat\/2026\/01\/19\/exporecerca-monlau-investigacio-talent-i-comunicacio-en-accio\/","url":"https:\/\/www.monlau.com\/eso-batxillerat\/2026\/01\/19\/exporecerca-monlau-investigacio-talent-i-comunicacio-en-accio\/","name":"Exporecerca Monlau: investigaci\u00f3, talent i comunicaci\u00f3 en acci\u00f3 - Eso Batx","isPartOf":{"@id":"https:\/\/www.monlau.com\/eso-batxillerat\/#website"},"primaryImageOfPage":{"@id":"https:\/\/www.monlau.com\/eso-batxillerat\/2026\/01\/19\/exporecerca-monlau-investigacio-talent-i-comunicacio-en-accio\/#primaryimage"},"image":{"@id":"https:\/\/www.monlau.com\/eso-batxillerat\/2026\/01\/19\/exporecerca-monlau-investigacio-talent-i-comunicacio-en-accio\/#primaryimage"},"thumbnailUrl":"https:\/\/www.monlau.com\/app\/uploads\/sites\/2\/2026\/03\/Post-ESOBAT-en-horizontal-25-26-14.jpg","datePublished":"2026-01-18T23:00:00+00:00","dateModified":"2026-03-24T16:23:11+00:00","description":"L'Exporecerca Monlau \u00e9s la fira on l'alumnat de Batxillerat presenta i defensa el seu Treball de recerca.","breadcrumb":{"@id":"https:\/\/www.monlau.com\/eso-batxillerat\/2026\/01\/19\/exporecerca-monlau-investigacio-talent-i-comunicacio-en-accio\/#breadcrumb"},"inLanguage":"ca","potentialAction":[{"@type":"ReadAction","target":["https:\/\/www.monlau.com\/eso-batxillerat\/2026\/01\/19\/exporecerca-monlau-investigacio-talent-i-comunicacio-en-accio\/"]}]},{"@type":"ImageObject","inLanguage":"ca","@id":"https:\/\/www.monlau.com\/eso-batxillerat\/2026\/01\/19\/exporecerca-monlau-investigacio-talent-i-comunicacio-en-accio\/#primaryimage","url":"https:\/\/www.monlau.com\/app\/uploads\/sites\/2\/2026\/03\/Post-ESOBAT-en-horizontal-25-26-14.jpg","contentUrl":"https:\/\/www.monlau.com\/app\/uploads\/sites\/2\/2026\/03\/Post-ESOBAT-en-horizontal-25-26-14.jpg","width":1824,"height":1216},{"@type":"BreadcrumbList","@id":"https:\/\/www.monlau.com\/eso-batxillerat\/2026\/01\/19\/exporecerca-monlau-investigacio-talent-i-comunicacio-en-accio\/#breadcrumb","itemListElement":[{"@type":"ListItem","position":1,"name":"Inici","item":"https:\/\/www.monlau.com\/eso-batxillerat\/"},{"@type":"ListItem","position":2,"name":"Exporecerca Monlau: investigaci\u00f3, talent i comunicaci\u00f3 en acci\u00f3"}]},{"@type":"WebSite","@id":"https:\/\/www.monlau.com\/eso-batxillerat\/#website","url":"https:\/\/www.monlau.com\/eso-batxillerat\/","name":"Eso Batx","description":"","publisher":{"@id":"https:\/\/www.monlau.com\/eso-batxillerat\/#organization"},"potentialAction":[{"@type":"SearchAction","target":{"@type":"EntryPoint","urlTemplate":"https:\/\/www.monlau.com\/eso-batxillerat\/?s={search_term_string}"},"query-input":{"@type":"PropertyValueSpecification","valueRequired":true,"valueName":"search_term_string"}}],"inLanguage":"ca"},{"@type":"Organization","@id":"https:\/\/www.monlau.com\/eso-batxillerat\/#organization","name":"Eso Batx","url":"https:\/\/www.monlau.com\/eso-batxillerat\/","logo":{"@type":"ImageObject","inLanguage":"ca","@id":"https:\/\/www.monlau.com\/eso-batxillerat\/#\/schema\/logo\/image\/","url":"https:\/\/www.monlau.com\/app\/uploads\/sites\/2\/2025\/12\/logomoneso.png","contentUrl":"https:\/\/www.monlau.com\/app\/uploads\/sites\/2\/2025\/12\/logomoneso.png","width":160,"height":160,"caption":"Eso Batx"},"image":{"@id":"https:\/\/www.monlau.com\/eso-batxillerat\/#\/schema\/logo\/image\/"}},{"@type":"Person","@id":"https:\/\/www.monlau.com\/eso-batxillerat\/#\/schema\/person\/419cfdf054323e24e0a2ef1d8597f051","name":"adsmurai","image":{"@type":"ImageObject","inLanguage":"ca","@id":"https:\/\/secure.gravatar.com\/avatar\/0748788578f91786454454fa3b4c295644edb991ad6caadc70b41d26790d38fc?s=96&d=mm&r=g","url":"https:\/\/secure.gravatar.com\/avatar\/0748788578f91786454454fa3b4c295644edb991ad6caadc70b41d26790d38fc?s=96&d=mm&r=g","contentUrl":"https:\/\/secure.gravatar.com\/avatar\/0748788578f91786454454fa3b4c295644edb991ad6caadc70b41d26790d38fc?s=96&d=mm&r=g","caption":"adsmurai"},"sameAs":["https:\/\/www.monlau.com"],"url":"https:\/\/www.monlau.com\/eso-batxillerat\/author\/adsmurai\/"}]}},"_links":{"self":[{"href":"https:\/\/www.monlau.com\/eso-batxillerat\/wp-json\/wp\/v2\/posts\/1475","targetHints":{"allow":["GET"]}}],"collection":[{"href":"https:\/\/www.monlau.com\/eso-batxillerat\/wp-json\/wp\/v2\/posts"}],"about":[{"href":"https:\/\/www.monlau.com\/eso-batxillerat\/wp-json\/wp\/v2\/types\/post"}],"author":[{"embeddable":true,"href":"https:\/\/www.monlau.com\/eso-batxillerat\/wp-json\/wp\/v2\/users\/1"}],"replies":[{"embeddable":true,"href":"https:\/\/www.monlau.com\/eso-batxillerat\/wp-json\/wp\/v2\/comments?post=1475"}],"version-history":[{"count":2,"href":"https:\/\/www.monlau.com\/eso-batxillerat\/wp-json\/wp\/v2\/posts\/1475\/revisions"}],"predecessor-version":[{"id":2309,"href":"https:\/\/www.monlau.com\/eso-batxillerat\/wp-json\/wp\/v2\/posts\/1475\/revisions\/2309"}],"wp:featuredmedia":[{"embeddable":true,"href":"https:\/\/www.monlau.com\/eso-batxillerat\/wp-json\/wp\/v2\/media\/1231"}],"wp:attachment":[{"href":"https:\/\/www.monlau.com\/eso-batxillerat\/wp-json\/wp\/v2\/media?parent=1475"}],"wp:term":[{"taxonomy":"category","embeddable":true,"href":"https:\/\/www.monlau.com\/eso-batxillerat\/wp-json\/wp\/v2\/categories?post=1475"},{"taxonomy":"post_tag","embeddable":true,"href":"https:\/\/www.monlau.com\/eso-batxillerat\/wp-json\/wp\/v2\/tags?post=1475"}],"curies":[{"name":"wp","href":"https:\/\/api.w.org\/{rel}","templated":true}]}}