{"id":1460,"date":"2025-09-05T00:00:00","date_gmt":"2025-09-04T22:00:00","guid":{"rendered":"https:\/\/www.monlau.com\/eso-batxillerat\/erasmus-a-croacia-neurociencia-benestar-i-innovacio-educativa\/"},"modified":"2026-03-10T10:53:33","modified_gmt":"2026-03-10T09:53:33","slug":"erasmus-a-croacia-neurociencia-benestar-i-innovacio-educativa","status":"publish","type":"post","link":"https:\/\/www.monlau.com\/eso-batxillerat\/2025\/09\/05\/erasmus-a-croacia-neurociencia-benestar-i-innovacio-educativa\/","title":{"rendered":"Erasmus a Cro\u00e0cia: neuroci\u00e8ncia, benestar i innovaci\u00f3 educativa"},"content":{"rendered":"<p><span style=\"font-weight: 400\">En un entorn educatiu que constantment evoluciona, incorporar noves metodologies i eines innovadores \u00e9s clau per oferir una formaci\u00f3 d&#8217;excel\u00b7l\u00e8ncia. Per aix\u00f2, a Monlau ESO i Batxillerat apostem per la formaci\u00f3 cont\u00ednua del nostre professorat a trav\u00e9s de programes internacionals com Erasmus a Cro\u00e0cia i en altres destinacions europees.<\/span><\/p>\n<p><span style=\"font-weight: 400\">La nostra professora d&#8217;angl\u00e8s, Irene Espriu, ha participat recentment en una mobilitat Erasmus a Cro\u00e0cia, concretament a la ciutat de Split. A m\u00e9s sota el t\u00edtol \u201cNeuroscience, Stress Management and Artificial Intelligence in Education\u201d. Una experi\u00e8ncia \u00fanica que ha combinat creixement professional, benestar personal i connexi\u00f3 amb docents de tot Europa.<\/span><\/p>\n<p><span style=\"font-weight: 400\">Al llarg de la vostra estada, ha pogut aprofundir en tres \u00e0mbits fonamentals per a l&#8217;educaci\u00f3 actual:<\/span><\/p>\n<p><span style=\"font-weight: 400\"> <span data-teams=\"true\">\u2705<\/span> Neuroci\u00e8ncia aplicada: entendre com funciona el cervell per millorar l&#8217;aprenentatge i la mem\u00f2ria.<\/span><\/p>\n<p><span style=\"font-weight: 400\"> <span data-teams=\"true\">\u2705<\/span> Gesti\u00f3 de l&#8217;estr\u00e8s: t\u00e8cniques pr\u00e0ctiques de mindfulness i autocura per aplicar a les aules.<\/span><\/p>\n<p><span style=\"font-weight: 400\"> <span data-teams=\"true\">\u2705<\/span> Intel\u00b7lig\u00e8ncia Artificial: eines digitals que transformen la manera densenyar i personalitzar laprenentatge.<\/span><\/p>\n<p><span style=\"font-weight: 400\">A m\u00e9s de la formaci\u00f3, Irene ha viscut una immersi\u00f3 cultural i personal molt enriquidora gr\u00e0cies a la seva participaci\u00f3 a Erasmus a Cro\u00e0cia, compartint experi\u00e8ncies amb professionals de diverses nacionalitats. Aquest intercanvi ha refor\u00e7at les compet\u00e8ncies ling\u00fc\u00edstiques i interculturals, aix\u00ed com la mirada global sobre l&#8217;educaci\u00f3.<\/span><\/p>\n<p><span style=\"font-weight: 400\">Tot el coneixement adquirit es traslladar\u00e0 al nostre alumnat i al claustre. D&#8217;aquesta manera, construirem entorns m\u00e9s inclusius, saludables i innovadors d&#8217;aprenentatge. Irene es mostra profundament agra\u00efda per aquesta oportunitat i motivada per continuar incorporant aquests recursos a la pr\u00e0ctica docent.<\/span><\/p>\n<p>A Monlau, creiem que invertir en la formaci\u00f3 del professorat a trav\u00e9s de projectes com Erasmus a Cro\u00e0cia \u00e9s invertir en el futur dels nostres alumnes.<\/p>\n","protected":false},"excerpt":{"rendered":"<p>En un entorn educatiu que constantment evoluciona, incorporar noves metodologies i eines innovadores \u00e9s clau per oferir una formaci\u00f3 d&#8217;excel\u00b7l\u00e8ncia. Per aix\u00f2, a Monlau ESO i Batxillerat apostem per la formaci\u00f3 cont\u00ednua del nostre professorat a trav\u00e9s de programes internacionals com Erasmus a Cro\u00e0cia i en altres destinacions europees. La nostra professora d&#8217;angl\u00e8s, Irene Espriu, [&hellip;]<\/p>\n","protected":false},"author":1,"featured_media":1216,"comment_status":"closed","ping_status":"closed","sticky":false,"template":"","format":"standard","meta":{"footnotes":""},"categories":[207,141,210],"tags":[256,257,258,232],"class_list":["post-1460","post","type-post","status-publish","format-standard","has-post-thumbnail","hentry","category-educatiu","category-eso","category-monlau","tag-ciencia","tag-experiencies","tag-experiments","tag-monlau"],"yoast_head":"<!-- This site is optimized with the Yoast SEO plugin v27.2 - https:\/\/yoast.com\/product\/yoast-seo-wordpress\/ -->\n<title>Erasmus a Cro\u00e0cia: neuroci\u00e8ncia, benestar i innovaci\u00f3 educativa - Eso Batx<\/title>\n<meta name=\"robots\" content=\"index, follow, max-snippet:-1, max-image-preview:large, max-video-preview:-1\" \/>\n<link rel=\"canonical\" href=\"https:\/\/www.monlau.com\/eso-batxillerat\/2025\/09\/05\/erasmus-a-croacia-neurociencia-benestar-i-innovacio-educativa\/\" \/>\n<meta property=\"og:locale\" content=\"ca_ES\" \/>\n<meta property=\"og:type\" content=\"article\" \/>\n<meta property=\"og:title\" content=\"Erasmus a Cro\u00e0cia: neuroci\u00e8ncia, benestar i innovaci\u00f3 educativa - Eso Batx\" \/>\n<meta property=\"og:description\" content=\"En un entorn educatiu que constantment evoluciona, incorporar noves metodologies i eines innovadores \u00e9s clau per oferir una formaci\u00f3 d&#8217;excel\u00b7l\u00e8ncia. Per aix\u00f2, a Monlau ESO i Batxillerat apostem per la formaci\u00f3 cont\u00ednua del nostre professorat a trav\u00e9s de programes internacionals com Erasmus a Cro\u00e0cia i en altres destinacions europees. La nostra professora d&#8217;angl\u00e8s, Irene Espriu, [&hellip;]\" \/>\n<meta property=\"og:url\" content=\"https:\/\/www.monlau.com\/eso-batxillerat\/2025\/09\/05\/erasmus-a-croacia-neurociencia-benestar-i-innovacio-educativa\/\" \/>\n<meta property=\"og:site_name\" content=\"Eso Batx\" \/>\n<meta property=\"article:published_time\" content=\"2025-09-04T22:00:00+00:00\" \/>\n<meta property=\"article:modified_time\" content=\"2026-03-10T09:53:33+00:00\" \/>\n<meta property=\"og:image\" content=\"https:\/\/www.monlau.com\/app\/uploads\/sites\/2\/2026\/03\/Erasmus-en-Croacia-neurociencia-bienestar-e-innovacion-educativa.jpg\" \/>\n\t<meta property=\"og:image:width\" content=\"1200\" \/>\n\t<meta property=\"og:image:height\" content=\"800\" \/>\n\t<meta property=\"og:image:type\" content=\"image\/jpeg\" \/>\n<meta name=\"author\" content=\"adsmurai\" \/>\n<meta name=\"twitter:card\" content=\"summary_large_image\" \/>\n<meta name=\"twitter:label1\" content=\"Escrit per\" \/>\n\t<meta name=\"twitter:data1\" content=\"adsmurai\" \/>\n\t<meta name=\"twitter:label2\" content=\"Temps estimat de lectura\" \/>\n\t<meta name=\"twitter:data2\" content=\"1 minut\" \/>\n<script type=\"application\/ld+json\" class=\"yoast-schema-graph\">{\"@context\":\"https:\/\/schema.org\",\"@graph\":[{\"@type\":\"Article\",\"@id\":\"https:\/\/www.monlau.com\/eso-batxillerat\/2025\/09\/05\/erasmus-a-croacia-neurociencia-benestar-i-innovacio-educativa\/#article\",\"isPartOf\":{\"@id\":\"https:\/\/www.monlau.com\/eso-batxillerat\/2025\/09\/05\/erasmus-a-croacia-neurociencia-benestar-i-innovacio-educativa\/\"},\"author\":{\"name\":\"adsmurai\",\"@id\":\"https:\/\/www.monlau.com\/eso-batxillerat\/#\/schema\/person\/419cfdf054323e24e0a2ef1d8597f051\"},\"headline\":\"Erasmus a Cro\u00e0cia: neuroci\u00e8ncia, benestar i innovaci\u00f3 educativa\",\"datePublished\":\"2025-09-04T22:00:00+00:00\",\"dateModified\":\"2026-03-10T09:53:33+00:00\",\"mainEntityOfPage\":{\"@id\":\"https:\/\/www.monlau.com\/eso-batxillerat\/2025\/09\/05\/erasmus-a-croacia-neurociencia-benestar-i-innovacio-educativa\/\"},\"wordCount\":317,\"publisher\":{\"@id\":\"https:\/\/www.monlau.com\/eso-batxillerat\/#organization\"},\"image\":{\"@id\":\"https:\/\/www.monlau.com\/eso-batxillerat\/2025\/09\/05\/erasmus-a-croacia-neurociencia-benestar-i-innovacio-educativa\/#primaryimage\"},\"thumbnailUrl\":\"https:\/\/www.monlau.com\/app\/uploads\/sites\/2\/2026\/03\/Erasmus-en-Croacia-neurociencia-bienestar-e-innovacion-educativa.jpg\",\"keywords\":[\"ci\u00e8ncia\",\"experi\u00e8ncies\",\"experiments\",\"Monlau\"],\"articleSection\":[\"Educatiu\",\"ESO\",\"Monlau\"],\"inLanguage\":\"ca\"},{\"@type\":\"WebPage\",\"@id\":\"https:\/\/www.monlau.com\/eso-batxillerat\/2025\/09\/05\/erasmus-a-croacia-neurociencia-benestar-i-innovacio-educativa\/\",\"url\":\"https:\/\/www.monlau.com\/eso-batxillerat\/2025\/09\/05\/erasmus-a-croacia-neurociencia-benestar-i-innovacio-educativa\/\",\"name\":\"Erasmus a Cro\u00e0cia: neuroci\u00e8ncia, benestar i innovaci\u00f3 educativa - Eso Batx\",\"isPartOf\":{\"@id\":\"https:\/\/www.monlau.com\/eso-batxillerat\/#website\"},\"primaryImageOfPage\":{\"@id\":\"https:\/\/www.monlau.com\/eso-batxillerat\/2025\/09\/05\/erasmus-a-croacia-neurociencia-benestar-i-innovacio-educativa\/#primaryimage\"},\"image\":{\"@id\":\"https:\/\/www.monlau.com\/eso-batxillerat\/2025\/09\/05\/erasmus-a-croacia-neurociencia-benestar-i-innovacio-educativa\/#primaryimage\"},\"thumbnailUrl\":\"https:\/\/www.monlau.com\/app\/uploads\/sites\/2\/2026\/03\/Erasmus-en-Croacia-neurociencia-bienestar-e-innovacion-educativa.jpg\",\"datePublished\":\"2025-09-04T22:00:00+00:00\",\"dateModified\":\"2026-03-10T09:53:33+00:00\",\"breadcrumb\":{\"@id\":\"https:\/\/www.monlau.com\/eso-batxillerat\/2025\/09\/05\/erasmus-a-croacia-neurociencia-benestar-i-innovacio-educativa\/#breadcrumb\"},\"inLanguage\":\"ca\",\"potentialAction\":[{\"@type\":\"ReadAction\",\"target\":[\"https:\/\/www.monlau.com\/eso-batxillerat\/2025\/09\/05\/erasmus-a-croacia-neurociencia-benestar-i-innovacio-educativa\/\"]}]},{\"@type\":\"ImageObject\",\"inLanguage\":\"ca\",\"@id\":\"https:\/\/www.monlau.com\/eso-batxillerat\/2025\/09\/05\/erasmus-a-croacia-neurociencia-benestar-i-innovacio-educativa\/#primaryimage\",\"url\":\"https:\/\/www.monlau.com\/app\/uploads\/sites\/2\/2026\/03\/Erasmus-en-Croacia-neurociencia-bienestar-e-innovacion-educativa.jpg\",\"contentUrl\":\"https:\/\/www.monlau.com\/app\/uploads\/sites\/2\/2026\/03\/Erasmus-en-Croacia-neurociencia-bienestar-e-innovacion-educativa.jpg\",\"width\":1200,\"height\":800},{\"@type\":\"BreadcrumbList\",\"@id\":\"https:\/\/www.monlau.com\/eso-batxillerat\/2025\/09\/05\/erasmus-a-croacia-neurociencia-benestar-i-innovacio-educativa\/#breadcrumb\",\"itemListElement\":[{\"@type\":\"ListItem\",\"position\":1,\"name\":\"Inici\",\"item\":\"https:\/\/www.monlau.com\/eso-batxillerat\/\"},{\"@type\":\"ListItem\",\"position\":2,\"name\":\"Erasmus a Cro\u00e0cia: neuroci\u00e8ncia, benestar i innovaci\u00f3 educativa\"}]},{\"@type\":\"WebSite\",\"@id\":\"https:\/\/www.monlau.com\/eso-batxillerat\/#website\",\"url\":\"https:\/\/www.monlau.com\/eso-batxillerat\/\",\"name\":\"Eso Batx\",\"description\":\"\",\"publisher\":{\"@id\":\"https:\/\/www.monlau.com\/eso-batxillerat\/#organization\"},\"potentialAction\":[{\"@type\":\"SearchAction\",\"target\":{\"@type\":\"EntryPoint\",\"urlTemplate\":\"https:\/\/www.monlau.com\/eso-batxillerat\/?s={search_term_string}\"},\"query-input\":{\"@type\":\"PropertyValueSpecification\",\"valueRequired\":true,\"valueName\":\"search_term_string\"}}],\"inLanguage\":\"ca\"},{\"@type\":\"Organization\",\"@id\":\"https:\/\/www.monlau.com\/eso-batxillerat\/#organization\",\"name\":\"Eso Batx\",\"url\":\"https:\/\/www.monlau.com\/eso-batxillerat\/\",\"logo\":{\"@type\":\"ImageObject\",\"inLanguage\":\"ca\",\"@id\":\"https:\/\/www.monlau.com\/eso-batxillerat\/#\/schema\/logo\/image\/\",\"url\":\"https:\/\/www.monlau.com\/app\/uploads\/sites\/2\/2025\/12\/logomoneso.png\",\"contentUrl\":\"https:\/\/www.monlau.com\/app\/uploads\/sites\/2\/2025\/12\/logomoneso.png\",\"width\":160,\"height\":160,\"caption\":\"Eso Batx\"},\"image\":{\"@id\":\"https:\/\/www.monlau.com\/eso-batxillerat\/#\/schema\/logo\/image\/\"}},{\"@type\":\"Person\",\"@id\":\"https:\/\/www.monlau.com\/eso-batxillerat\/#\/schema\/person\/419cfdf054323e24e0a2ef1d8597f051\",\"name\":\"adsmurai\",\"image\":{\"@type\":\"ImageObject\",\"inLanguage\":\"ca\",\"@id\":\"https:\/\/secure.gravatar.com\/avatar\/0748788578f91786454454fa3b4c295644edb991ad6caadc70b41d26790d38fc?s=96&d=mm&r=g\",\"url\":\"https:\/\/secure.gravatar.com\/avatar\/0748788578f91786454454fa3b4c295644edb991ad6caadc70b41d26790d38fc?s=96&d=mm&r=g\",\"contentUrl\":\"https:\/\/secure.gravatar.com\/avatar\/0748788578f91786454454fa3b4c295644edb991ad6caadc70b41d26790d38fc?s=96&d=mm&r=g\",\"caption\":\"adsmurai\"},\"sameAs\":[\"https:\/\/www.monlau.com\"],\"url\":\"https:\/\/www.monlau.com\/eso-batxillerat\/author\/adsmurai\/\"}]}<\/script>\n<!-- \/ Yoast SEO plugin. -->","yoast_head_json":{"title":"Erasmus a Cro\u00e0cia: neuroci\u00e8ncia, benestar i innovaci\u00f3 educativa - Eso Batx","robots":{"index":"index","follow":"follow","max-snippet":"max-snippet:-1","max-image-preview":"max-image-preview:large","max-video-preview":"max-video-preview:-1"},"canonical":"https:\/\/www.monlau.com\/eso-batxillerat\/2025\/09\/05\/erasmus-a-croacia-neurociencia-benestar-i-innovacio-educativa\/","og_locale":"ca_ES","og_type":"article","og_title":"Erasmus a Cro\u00e0cia: neuroci\u00e8ncia, benestar i innovaci\u00f3 educativa - Eso Batx","og_description":"En un entorn educatiu que constantment evoluciona, incorporar noves metodologies i eines innovadores \u00e9s clau per oferir una formaci\u00f3 d&#8217;excel\u00b7l\u00e8ncia. Per aix\u00f2, a Monlau ESO i Batxillerat apostem per la formaci\u00f3 cont\u00ednua del nostre professorat a trav\u00e9s de programes internacionals com Erasmus a Cro\u00e0cia i en altres destinacions europees. La nostra professora d&#8217;angl\u00e8s, Irene Espriu, [&hellip;]","og_url":"https:\/\/www.monlau.com\/eso-batxillerat\/2025\/09\/05\/erasmus-a-croacia-neurociencia-benestar-i-innovacio-educativa\/","og_site_name":"Eso Batx","article_published_time":"2025-09-04T22:00:00+00:00","article_modified_time":"2026-03-10T09:53:33+00:00","og_image":[{"width":1200,"height":800,"url":"https:\/\/www.monlau.com\/app\/uploads\/sites\/2\/2026\/03\/Erasmus-en-Croacia-neurociencia-bienestar-e-innovacion-educativa.jpg","type":"image\/jpeg"}],"author":"adsmurai","twitter_card":"summary_large_image","twitter_misc":{"Escrit per":"adsmurai","Temps estimat de lectura":"1 minut"},"schema":{"@context":"https:\/\/schema.org","@graph":[{"@type":"Article","@id":"https:\/\/www.monlau.com\/eso-batxillerat\/2025\/09\/05\/erasmus-a-croacia-neurociencia-benestar-i-innovacio-educativa\/#article","isPartOf":{"@id":"https:\/\/www.monlau.com\/eso-batxillerat\/2025\/09\/05\/erasmus-a-croacia-neurociencia-benestar-i-innovacio-educativa\/"},"author":{"name":"adsmurai","@id":"https:\/\/www.monlau.com\/eso-batxillerat\/#\/schema\/person\/419cfdf054323e24e0a2ef1d8597f051"},"headline":"Erasmus a Cro\u00e0cia: neuroci\u00e8ncia, benestar i innovaci\u00f3 educativa","datePublished":"2025-09-04T22:00:00+00:00","dateModified":"2026-03-10T09:53:33+00:00","mainEntityOfPage":{"@id":"https:\/\/www.monlau.com\/eso-batxillerat\/2025\/09\/05\/erasmus-a-croacia-neurociencia-benestar-i-innovacio-educativa\/"},"wordCount":317,"publisher":{"@id":"https:\/\/www.monlau.com\/eso-batxillerat\/#organization"},"image":{"@id":"https:\/\/www.monlau.com\/eso-batxillerat\/2025\/09\/05\/erasmus-a-croacia-neurociencia-benestar-i-innovacio-educativa\/#primaryimage"},"thumbnailUrl":"https:\/\/www.monlau.com\/app\/uploads\/sites\/2\/2026\/03\/Erasmus-en-Croacia-neurociencia-bienestar-e-innovacion-educativa.jpg","keywords":["ci\u00e8ncia","experi\u00e8ncies","experiments","Monlau"],"articleSection":["Educatiu","ESO","Monlau"],"inLanguage":"ca"},{"@type":"WebPage","@id":"https:\/\/www.monlau.com\/eso-batxillerat\/2025\/09\/05\/erasmus-a-croacia-neurociencia-benestar-i-innovacio-educativa\/","url":"https:\/\/www.monlau.com\/eso-batxillerat\/2025\/09\/05\/erasmus-a-croacia-neurociencia-benestar-i-innovacio-educativa\/","name":"Erasmus a Cro\u00e0cia: neuroci\u00e8ncia, benestar i innovaci\u00f3 educativa - Eso Batx","isPartOf":{"@id":"https:\/\/www.monlau.com\/eso-batxillerat\/#website"},"primaryImageOfPage":{"@id":"https:\/\/www.monlau.com\/eso-batxillerat\/2025\/09\/05\/erasmus-a-croacia-neurociencia-benestar-i-innovacio-educativa\/#primaryimage"},"image":{"@id":"https:\/\/www.monlau.com\/eso-batxillerat\/2025\/09\/05\/erasmus-a-croacia-neurociencia-benestar-i-innovacio-educativa\/#primaryimage"},"thumbnailUrl":"https:\/\/www.monlau.com\/app\/uploads\/sites\/2\/2026\/03\/Erasmus-en-Croacia-neurociencia-bienestar-e-innovacion-educativa.jpg","datePublished":"2025-09-04T22:00:00+00:00","dateModified":"2026-03-10T09:53:33+00:00","breadcrumb":{"@id":"https:\/\/www.monlau.com\/eso-batxillerat\/2025\/09\/05\/erasmus-a-croacia-neurociencia-benestar-i-innovacio-educativa\/#breadcrumb"},"inLanguage":"ca","potentialAction":[{"@type":"ReadAction","target":["https:\/\/www.monlau.com\/eso-batxillerat\/2025\/09\/05\/erasmus-a-croacia-neurociencia-benestar-i-innovacio-educativa\/"]}]},{"@type":"ImageObject","inLanguage":"ca","@id":"https:\/\/www.monlau.com\/eso-batxillerat\/2025\/09\/05\/erasmus-a-croacia-neurociencia-benestar-i-innovacio-educativa\/#primaryimage","url":"https:\/\/www.monlau.com\/app\/uploads\/sites\/2\/2026\/03\/Erasmus-en-Croacia-neurociencia-bienestar-e-innovacion-educativa.jpg","contentUrl":"https:\/\/www.monlau.com\/app\/uploads\/sites\/2\/2026\/03\/Erasmus-en-Croacia-neurociencia-bienestar-e-innovacion-educativa.jpg","width":1200,"height":800},{"@type":"BreadcrumbList","@id":"https:\/\/www.monlau.com\/eso-batxillerat\/2025\/09\/05\/erasmus-a-croacia-neurociencia-benestar-i-innovacio-educativa\/#breadcrumb","itemListElement":[{"@type":"ListItem","position":1,"name":"Inici","item":"https:\/\/www.monlau.com\/eso-batxillerat\/"},{"@type":"ListItem","position":2,"name":"Erasmus a Cro\u00e0cia: neuroci\u00e8ncia, benestar i innovaci\u00f3 educativa"}]},{"@type":"WebSite","@id":"https:\/\/www.monlau.com\/eso-batxillerat\/#website","url":"https:\/\/www.monlau.com\/eso-batxillerat\/","name":"Eso Batx","description":"","publisher":{"@id":"https:\/\/www.monlau.com\/eso-batxillerat\/#organization"},"potentialAction":[{"@type":"SearchAction","target":{"@type":"EntryPoint","urlTemplate":"https:\/\/www.monlau.com\/eso-batxillerat\/?s={search_term_string}"},"query-input":{"@type":"PropertyValueSpecification","valueRequired":true,"valueName":"search_term_string"}}],"inLanguage":"ca"},{"@type":"Organization","@id":"https:\/\/www.monlau.com\/eso-batxillerat\/#organization","name":"Eso Batx","url":"https:\/\/www.monlau.com\/eso-batxillerat\/","logo":{"@type":"ImageObject","inLanguage":"ca","@id":"https:\/\/www.monlau.com\/eso-batxillerat\/#\/schema\/logo\/image\/","url":"https:\/\/www.monlau.com\/app\/uploads\/sites\/2\/2025\/12\/logomoneso.png","contentUrl":"https:\/\/www.monlau.com\/app\/uploads\/sites\/2\/2025\/12\/logomoneso.png","width":160,"height":160,"caption":"Eso Batx"},"image":{"@id":"https:\/\/www.monlau.com\/eso-batxillerat\/#\/schema\/logo\/image\/"}},{"@type":"Person","@id":"https:\/\/www.monlau.com\/eso-batxillerat\/#\/schema\/person\/419cfdf054323e24e0a2ef1d8597f051","name":"adsmurai","image":{"@type":"ImageObject","inLanguage":"ca","@id":"https:\/\/secure.gravatar.com\/avatar\/0748788578f91786454454fa3b4c295644edb991ad6caadc70b41d26790d38fc?s=96&d=mm&r=g","url":"https:\/\/secure.gravatar.com\/avatar\/0748788578f91786454454fa3b4c295644edb991ad6caadc70b41d26790d38fc?s=96&d=mm&r=g","contentUrl":"https:\/\/secure.gravatar.com\/avatar\/0748788578f91786454454fa3b4c295644edb991ad6caadc70b41d26790d38fc?s=96&d=mm&r=g","caption":"adsmurai"},"sameAs":["https:\/\/www.monlau.com"],"url":"https:\/\/www.monlau.com\/eso-batxillerat\/author\/adsmurai\/"}]}},"_links":{"self":[{"href":"https:\/\/www.monlau.com\/eso-batxillerat\/wp-json\/wp\/v2\/posts\/1460","targetHints":{"allow":["GET"]}}],"collection":[{"href":"https:\/\/www.monlau.com\/eso-batxillerat\/wp-json\/wp\/v2\/posts"}],"about":[{"href":"https:\/\/www.monlau.com\/eso-batxillerat\/wp-json\/wp\/v2\/types\/post"}],"author":[{"embeddable":true,"href":"https:\/\/www.monlau.com\/eso-batxillerat\/wp-json\/wp\/v2\/users\/1"}],"replies":[{"embeddable":true,"href":"https:\/\/www.monlau.com\/eso-batxillerat\/wp-json\/wp\/v2\/comments?post=1460"}],"version-history":[{"count":1,"href":"https:\/\/www.monlau.com\/eso-batxillerat\/wp-json\/wp\/v2\/posts\/1460\/revisions"}],"predecessor-version":[{"id":1488,"href":"https:\/\/www.monlau.com\/eso-batxillerat\/wp-json\/wp\/v2\/posts\/1460\/revisions\/1488"}],"wp:featuredmedia":[{"embeddable":true,"href":"https:\/\/www.monlau.com\/eso-batxillerat\/wp-json\/wp\/v2\/media\/1216"}],"wp:attachment":[{"href":"https:\/\/www.monlau.com\/eso-batxillerat\/wp-json\/wp\/v2\/media?parent=1460"}],"wp:term":[{"taxonomy":"category","embeddable":true,"href":"https:\/\/www.monlau.com\/eso-batxillerat\/wp-json\/wp\/v2\/categories?post=1460"},{"taxonomy":"post_tag","embeddable":true,"href":"https:\/\/www.monlau.com\/eso-batxillerat\/wp-json\/wp\/v2\/tags?post=1460"}],"curies":[{"name":"wp","href":"https:\/\/api.w.org\/{rel}","templated":true}]}}