{"id":1445,"date":"2024-06-15T00:00:00","date_gmt":"2024-06-14T22:00:00","guid":{"rendered":"https:\/\/www.monlau.com\/eso-batxillerat\/graduacio\/"},"modified":"2026-03-24T16:54:02","modified_gmt":"2026-03-24T15:54:02","slug":"graduacio","status":"publish","type":"post","link":"https:\/\/www.monlau.com\/eso-batxillerat\/2024\/06\/15\/graduacio\/","title":{"rendered":"Graduaci\u00f3 ESO i Batxillerat 2024"},"content":{"rendered":"<p style=\"text-align: justify;\"><strong>Monlau celebra l\u2019acte de graduaci\u00f3 d&#8217;ESO i Batxillerat 2024 en un emotiu esdeveniment a Barcelona<\/strong><\/p>\n<p style=\"text-align: justify;\">Aquest divendres, <strong>31 de maig<\/strong>, Monlau celebra la graduaci\u00f3 dels seus alumnes d&#8217;ESO i Batxillerat en un acte ple d&#8217;emoci\u00f3 i alegria. L&#8217;esdeveniment t\u00e9 lloc a l&#8217;Auditori de la Once, ubicat a la Gran Via de les Corts Catalanes, a prop de Pla\u00e7a Espanya, i reuneix a m\u00e9s de 600 persones, entre alumnes, familiars i professors.<\/p>\n<p style=\"text-align: justify;\">La jornada comen\u00e7a amb la graduaci\u00f3 dels alumnes <strong>d&#8217;ESO<\/strong>, a les 18h. L&#8217;acte compta amb la intervenci\u00f3 del director general, <strong>Iban Ventura<\/strong>, qui dirigeix unes emotives paraules als graduats, i del director del centre,<strong> Joan Sagarra.<\/strong> Tamb\u00e9 intervenen els tutors dels grups, i es projecta un v\u00eddeo amb fotos dels alumnes des de petits fins a l&#8217;actualitat, mostrant la seva evoluci\u00f3 al llarg dels anys a Monlau.<\/p>\n<p style=\"text-align: justify;\">Un dels moments m\u00e9s emotius de la cerim\u00f2nia \u00e9s l&#8217;entrega de les orles als graduats, seguida d&#8217;una foto de grup per immortalitzar aquest dia tan especial. A continuaci\u00f3, es projecta un v\u00eddeo del viatge de fi de curs que realitzen els alumnes a Ast\u00faries, i diversos alumnes voluntaris comparteixen els seus sentiments i reflexions sobre haver finalitzat aquesta etapa de la seva vida.<\/p>\n<p style=\"text-align: justify;\">Finalment, l&#8217;acte conclou amb un emotiu v\u00eddeo elaborat pels professors, en el qual comparteixen la seva experi\u00e8ncia i els seus millors desitjos per als seus exalumnes.<\/p>\n<p style=\"text-align: justify;\">La tarda continua a les 20h amb la graduaci\u00f3 dels alumnes de Batxillerat de Monlau, en un acte ple d&#8217;emoci\u00f3 i records. La cerim\u00f2nia comen\u00e7a amb un v\u00eddeo nost\u00e0lgic que repassa la traject\u00f2ria de la promoci\u00f3 del 2006, recordant els moments m\u00e9s rellevants d&#8217;aquell any.<\/p>\n<p style=\"text-align: justify;\">Seguidament, pren la paraula el director general, <strong>Iban Ventura,<\/strong> qui dirigeix unes emotives paraules als graduats, felicitant-los pels seus \u00e8xits i encoratjant-los a seguir endavant amb els seus somnis. Despr\u00e9s, el director del centre, <strong>Joan Sagarra<\/strong>, dirigeix unes paraules als alumnes i a les seves fam\u00edlies.<\/p>\n<p style=\"text-align: justify;\">Un dels moments m\u00e9s emotius de la nit \u00e9s la projecci\u00f3 d&#8217;un v\u00eddeo amb fotos dels alumnes des de la seva inf\u00e0ncia fins a l&#8217;actualitat, mostrant la seva evoluci\u00f3 personal i acad\u00e8mica al llarg dels anys a Monlau.<\/p>\n<p style=\"text-align: justify;\">A continuaci\u00f3, pugen a l&#8217;escenari els tutors dels grups de Batxillerat, amb qui la presentadora realitza una breu entrevista per con\u00e8ixer els seus sentiments i experi\u00e8ncies amb els seus alumnes. Seguidament, es procedeix a l&#8217;entrega de les orles als alumnes del <strong>Batxillerat Cient\u00edfic i Tecnol\u00f2gic<\/strong>, immortalitzant aquest moment amb una foto de grup.<\/p>\n<p style=\"text-align: justify;\">La nit continua amb una emotiva actuaci\u00f3 musical en directe a c\u00e0rrec d&#8217;una alumna, que deleita als assistents amb el seu talent al violoncel. Despr\u00e9s d&#8217;aquest gran moment musical, \u00e9s el torn dels alumnes del <strong>Batxillerat Human\u00edstic i Social<\/strong> de pujar a l&#8217;escenari per recollir les seves orles.<\/p>\n<p style=\"text-align: justify;\">Un dels moments m\u00e9s solemnes de la cerim\u00f2nia \u00e9s l&#8217;<strong>entrega dels diplomes de matr\u00edcula d&#8217;honor als alumnes amb els millors expedients acad\u00e8mics.<\/strong> Un reconeixement al seu treball, const\u00e0ncia i excel\u00b7l\u00e8ncia durant els seus anys a Batxillerat.<\/p>\n<p style=\"text-align: justify;\">Finalment, l&#8217;acte conclou amb un emotiu discurs de diversos alumnes voluntaris, que expressen la seva gratitud al centre, als professors i als seus companys per tot el suport i experi\u00e8ncies viscudes durant la seva etapa escolar a Monlau.<\/p>\n<p style=\"text-align: justify;\"><strong>La graduaci\u00f3 d&#8217;ESO i Batxillerat de Monlau<\/strong>, sempre \u00e9s un acte ple d&#8217;emoci\u00f3 i alegria. Els graduats s&#8217;acomiaden de l&#8217;escola amb un sentiment de satisfacci\u00f3 per haver complert una etapa important de la seva vida, i amb la il\u00b7lusi\u00f3 de comen\u00e7ar una nova etapa plena de reptes i oportunitats. Des de Monlau els desitgem el m\u00e9s gran dels \u00e8xits en el seu futur acad\u00e8mic i personal.<\/p>\n<p style=\"text-align: right;\"><strong>Joan Segarra, professor i director de Monlau Sagrera\u00a0<\/strong><\/p>\n","protected":false},"excerpt":{"rendered":"<p>Monlau celebra l\u2019acte de graduaci\u00f3 d&#8217;ESO i Batxillerat 2024 en un emotiu esdeveniment a Barcelona Aquest divendres, 31 de maig, Monlau celebra la graduaci\u00f3 dels seus alumnes d&#8217;ESO i Batxillerat en un acte ple d&#8217;emoci\u00f3 i alegria. L&#8217;esdeveniment t\u00e9 lloc a l&#8217;Auditori de la Once, ubicat a la Gran Via de les Corts Catalanes, a [&hellip;]<\/p>\n","protected":false},"author":1,"featured_media":1446,"comment_status":"closed","ping_status":"closed","sticky":false,"template":"","format":"standard","meta":{"footnotes":""},"categories":[207,141,210],"tags":[255,256,179,257,258,232],"class_list":["post-1445","post","type-post","status-publish","format-standard","has-post-thumbnail","hentry","category-educatiu","category-eso","category-monlau","tag-aula","tag-ciencia","tag-eso","tag-experiencies","tag-experiments","tag-monlau"],"yoast_head":"<!-- This site is optimized with the Yoast SEO plugin v27.2 - https:\/\/yoast.com\/product\/yoast-seo-wordpress\/ -->\n<title>Graduaci\u00f3 ESO i Batxillerat 2024 - Eso Batx<\/title>\n<meta name=\"description\" content=\"Donem per finalitzada una etapa, la promoci\u00f3 de 2024 celebra el seu acte de graduaci\u00f3 a l&#039;auditori de la ONCE.\" \/>\n<meta name=\"robots\" content=\"index, follow, max-snippet:-1, max-image-preview:large, max-video-preview:-1\" \/>\n<link rel=\"canonical\" href=\"https:\/\/www.monlau.com\/eso-batxillerat\/2024\/06\/15\/graduacio\/\" \/>\n<meta property=\"og:locale\" content=\"ca_ES\" \/>\n<meta property=\"og:type\" content=\"article\" \/>\n<meta property=\"og:title\" content=\"Graduaci\u00f3 ESO i Batxillerat 2024 - Eso Batx\" \/>\n<meta property=\"og:description\" content=\"Donem per finalitzada una etapa, la promoci\u00f3 de 2024 celebra el seu acte de graduaci\u00f3 a l&#039;auditori de la ONCE.\" \/>\n<meta property=\"og:url\" content=\"https:\/\/www.monlau.com\/eso-batxillerat\/2024\/06\/15\/graduacio\/\" \/>\n<meta property=\"og:site_name\" content=\"Eso Batx\" \/>\n<meta property=\"article:published_time\" content=\"2024-06-14T22:00:00+00:00\" \/>\n<meta property=\"article:modified_time\" content=\"2026-03-24T15:54:02+00:00\" \/>\n<meta property=\"og:image\" content=\"https:\/\/www.monlau.com\/app\/uploads\/sites\/2\/2026\/03\/Fondo-de-graduaciones-2024-3-1024x576.png\" \/>\n\t<meta property=\"og:image:width\" content=\"1024\" \/>\n\t<meta property=\"og:image:height\" content=\"576\" \/>\n\t<meta property=\"og:image:type\" content=\"image\/png\" \/>\n<meta name=\"author\" content=\"adsmurai\" \/>\n<meta name=\"twitter:card\" content=\"summary_large_image\" \/>\n<meta name=\"twitter:label1\" content=\"Escrit per\" \/>\n\t<meta name=\"twitter:data1\" content=\"adsmurai\" \/>\n\t<meta name=\"twitter:label2\" content=\"Temps estimat de lectura\" \/>\n\t<meta name=\"twitter:data2\" content=\"3 minuts\" \/>\n<script type=\"application\/ld+json\" class=\"yoast-schema-graph\">{\"@context\":\"https:\/\/schema.org\",\"@graph\":[{\"@type\":\"Article\",\"@id\":\"https:\/\/www.monlau.com\/eso-batxillerat\/2024\/06\/15\/graduacio\/#article\",\"isPartOf\":{\"@id\":\"https:\/\/www.monlau.com\/eso-batxillerat\/2024\/06\/15\/graduacio\/\"},\"author\":{\"name\":\"adsmurai\",\"@id\":\"https:\/\/www.monlau.com\/eso-batxillerat\/#\/schema\/person\/419cfdf054323e24e0a2ef1d8597f051\"},\"headline\":\"Graduaci\u00f3 ESO i Batxillerat 2024\",\"datePublished\":\"2024-06-14T22:00:00+00:00\",\"dateModified\":\"2026-03-24T15:54:02+00:00\",\"mainEntityOfPage\":{\"@id\":\"https:\/\/www.monlau.com\/eso-batxillerat\/2024\/06\/15\/graduacio\/\"},\"wordCount\":674,\"publisher\":{\"@id\":\"https:\/\/www.monlau.com\/eso-batxillerat\/#organization\"},\"image\":{\"@id\":\"https:\/\/www.monlau.com\/eso-batxillerat\/2024\/06\/15\/graduacio\/#primaryimage\"},\"thumbnailUrl\":\"https:\/\/www.monlau.com\/app\/uploads\/sites\/2\/2026\/03\/Fondo-de-graduaciones-2024-3.png\",\"keywords\":[\"aula\",\"ci\u00e8ncia\",\"ESO\",\"experi\u00e8ncies\",\"experiments\",\"Monlau\"],\"articleSection\":[\"Educatiu\",\"ESO\",\"Monlau\"],\"inLanguage\":\"ca\"},{\"@type\":\"WebPage\",\"@id\":\"https:\/\/www.monlau.com\/eso-batxillerat\/2024\/06\/15\/graduacio\/\",\"url\":\"https:\/\/www.monlau.com\/eso-batxillerat\/2024\/06\/15\/graduacio\/\",\"name\":\"Graduaci\u00f3 ESO i Batxillerat 2024 - Eso Batx\",\"isPartOf\":{\"@id\":\"https:\/\/www.monlau.com\/eso-batxillerat\/#website\"},\"primaryImageOfPage\":{\"@id\":\"https:\/\/www.monlau.com\/eso-batxillerat\/2024\/06\/15\/graduacio\/#primaryimage\"},\"image\":{\"@id\":\"https:\/\/www.monlau.com\/eso-batxillerat\/2024\/06\/15\/graduacio\/#primaryimage\"},\"thumbnailUrl\":\"https:\/\/www.monlau.com\/app\/uploads\/sites\/2\/2026\/03\/Fondo-de-graduaciones-2024-3.png\",\"datePublished\":\"2024-06-14T22:00:00+00:00\",\"dateModified\":\"2026-03-24T15:54:02+00:00\",\"description\":\"Donem per finalitzada una etapa, la promoci\u00f3 de 2024 celebra el seu acte de graduaci\u00f3 a l'auditori de la ONCE.\",\"breadcrumb\":{\"@id\":\"https:\/\/www.monlau.com\/eso-batxillerat\/2024\/06\/15\/graduacio\/#breadcrumb\"},\"inLanguage\":\"ca\",\"potentialAction\":[{\"@type\":\"ReadAction\",\"target\":[\"https:\/\/www.monlau.com\/eso-batxillerat\/2024\/06\/15\/graduacio\/\"]}]},{\"@type\":\"ImageObject\",\"inLanguage\":\"ca\",\"@id\":\"https:\/\/www.monlau.com\/eso-batxillerat\/2024\/06\/15\/graduacio\/#primaryimage\",\"url\":\"https:\/\/www.monlau.com\/app\/uploads\/sites\/2\/2026\/03\/Fondo-de-graduaciones-2024-3.png\",\"contentUrl\":\"https:\/\/www.monlau.com\/app\/uploads\/sites\/2\/2026\/03\/Fondo-de-graduaciones-2024-3.png\",\"width\":2240,\"height\":1260},{\"@type\":\"BreadcrumbList\",\"@id\":\"https:\/\/www.monlau.com\/eso-batxillerat\/2024\/06\/15\/graduacio\/#breadcrumb\",\"itemListElement\":[{\"@type\":\"ListItem\",\"position\":1,\"name\":\"Inici\",\"item\":\"https:\/\/www.monlau.com\/eso-batxillerat\/\"},{\"@type\":\"ListItem\",\"position\":2,\"name\":\"Graduaci\u00f3 ESO i Batxillerat 2024\"}]},{\"@type\":\"WebSite\",\"@id\":\"https:\/\/www.monlau.com\/eso-batxillerat\/#website\",\"url\":\"https:\/\/www.monlau.com\/eso-batxillerat\/\",\"name\":\"Eso Batx\",\"description\":\"\",\"publisher\":{\"@id\":\"https:\/\/www.monlau.com\/eso-batxillerat\/#organization\"},\"potentialAction\":[{\"@type\":\"SearchAction\",\"target\":{\"@type\":\"EntryPoint\",\"urlTemplate\":\"https:\/\/www.monlau.com\/eso-batxillerat\/?s={search_term_string}\"},\"query-input\":{\"@type\":\"PropertyValueSpecification\",\"valueRequired\":true,\"valueName\":\"search_term_string\"}}],\"inLanguage\":\"ca\"},{\"@type\":\"Organization\",\"@id\":\"https:\/\/www.monlau.com\/eso-batxillerat\/#organization\",\"name\":\"Eso Batx\",\"url\":\"https:\/\/www.monlau.com\/eso-batxillerat\/\",\"logo\":{\"@type\":\"ImageObject\",\"inLanguage\":\"ca\",\"@id\":\"https:\/\/www.monlau.com\/eso-batxillerat\/#\/schema\/logo\/image\/\",\"url\":\"https:\/\/www.monlau.com\/app\/uploads\/sites\/2\/2025\/12\/logomoneso.png\",\"contentUrl\":\"https:\/\/www.monlau.com\/app\/uploads\/sites\/2\/2025\/12\/logomoneso.png\",\"width\":160,\"height\":160,\"caption\":\"Eso Batx\"},\"image\":{\"@id\":\"https:\/\/www.monlau.com\/eso-batxillerat\/#\/schema\/logo\/image\/\"}},{\"@type\":\"Person\",\"@id\":\"https:\/\/www.monlau.com\/eso-batxillerat\/#\/schema\/person\/419cfdf054323e24e0a2ef1d8597f051\",\"name\":\"adsmurai\",\"image\":{\"@type\":\"ImageObject\",\"inLanguage\":\"ca\",\"@id\":\"https:\/\/secure.gravatar.com\/avatar\/0748788578f91786454454fa3b4c295644edb991ad6caadc70b41d26790d38fc?s=96&d=mm&r=g\",\"url\":\"https:\/\/secure.gravatar.com\/avatar\/0748788578f91786454454fa3b4c295644edb991ad6caadc70b41d26790d38fc?s=96&d=mm&r=g\",\"contentUrl\":\"https:\/\/secure.gravatar.com\/avatar\/0748788578f91786454454fa3b4c295644edb991ad6caadc70b41d26790d38fc?s=96&d=mm&r=g\",\"caption\":\"adsmurai\"},\"sameAs\":[\"https:\/\/www.monlau.com\"],\"url\":\"https:\/\/www.monlau.com\/eso-batxillerat\/author\/adsmurai\/\"}]}<\/script>\n<!-- \/ Yoast SEO plugin. -->","yoast_head_json":{"title":"Graduaci\u00f3 ESO i Batxillerat 2024 - Eso Batx","description":"Donem per finalitzada una etapa, la promoci\u00f3 de 2024 celebra el seu acte de graduaci\u00f3 a l'auditori de la ONCE.","robots":{"index":"index","follow":"follow","max-snippet":"max-snippet:-1","max-image-preview":"max-image-preview:large","max-video-preview":"max-video-preview:-1"},"canonical":"https:\/\/www.monlau.com\/eso-batxillerat\/2024\/06\/15\/graduacio\/","og_locale":"ca_ES","og_type":"article","og_title":"Graduaci\u00f3 ESO i Batxillerat 2024 - Eso Batx","og_description":"Donem per finalitzada una etapa, la promoci\u00f3 de 2024 celebra el seu acte de graduaci\u00f3 a l'auditori de la ONCE.","og_url":"https:\/\/www.monlau.com\/eso-batxillerat\/2024\/06\/15\/graduacio\/","og_site_name":"Eso Batx","article_published_time":"2024-06-14T22:00:00+00:00","article_modified_time":"2026-03-24T15:54:02+00:00","og_image":[{"width":1024,"height":576,"url":"https:\/\/www.monlau.com\/app\/uploads\/sites\/2\/2026\/03\/Fondo-de-graduaciones-2024-3-1024x576.png","type":"image\/png"}],"author":"adsmurai","twitter_card":"summary_large_image","twitter_misc":{"Escrit per":"adsmurai","Temps estimat de lectura":"3 minuts"},"schema":{"@context":"https:\/\/schema.org","@graph":[{"@type":"Article","@id":"https:\/\/www.monlau.com\/eso-batxillerat\/2024\/06\/15\/graduacio\/#article","isPartOf":{"@id":"https:\/\/www.monlau.com\/eso-batxillerat\/2024\/06\/15\/graduacio\/"},"author":{"name":"adsmurai","@id":"https:\/\/www.monlau.com\/eso-batxillerat\/#\/schema\/person\/419cfdf054323e24e0a2ef1d8597f051"},"headline":"Graduaci\u00f3 ESO i Batxillerat 2024","datePublished":"2024-06-14T22:00:00+00:00","dateModified":"2026-03-24T15:54:02+00:00","mainEntityOfPage":{"@id":"https:\/\/www.monlau.com\/eso-batxillerat\/2024\/06\/15\/graduacio\/"},"wordCount":674,"publisher":{"@id":"https:\/\/www.monlau.com\/eso-batxillerat\/#organization"},"image":{"@id":"https:\/\/www.monlau.com\/eso-batxillerat\/2024\/06\/15\/graduacio\/#primaryimage"},"thumbnailUrl":"https:\/\/www.monlau.com\/app\/uploads\/sites\/2\/2026\/03\/Fondo-de-graduaciones-2024-3.png","keywords":["aula","ci\u00e8ncia","ESO","experi\u00e8ncies","experiments","Monlau"],"articleSection":["Educatiu","ESO","Monlau"],"inLanguage":"ca"},{"@type":"WebPage","@id":"https:\/\/www.monlau.com\/eso-batxillerat\/2024\/06\/15\/graduacio\/","url":"https:\/\/www.monlau.com\/eso-batxillerat\/2024\/06\/15\/graduacio\/","name":"Graduaci\u00f3 ESO i Batxillerat 2024 - Eso Batx","isPartOf":{"@id":"https:\/\/www.monlau.com\/eso-batxillerat\/#website"},"primaryImageOfPage":{"@id":"https:\/\/www.monlau.com\/eso-batxillerat\/2024\/06\/15\/graduacio\/#primaryimage"},"image":{"@id":"https:\/\/www.monlau.com\/eso-batxillerat\/2024\/06\/15\/graduacio\/#primaryimage"},"thumbnailUrl":"https:\/\/www.monlau.com\/app\/uploads\/sites\/2\/2026\/03\/Fondo-de-graduaciones-2024-3.png","datePublished":"2024-06-14T22:00:00+00:00","dateModified":"2026-03-24T15:54:02+00:00","description":"Donem per finalitzada una etapa, la promoci\u00f3 de 2024 celebra el seu acte de graduaci\u00f3 a l'auditori de la ONCE.","breadcrumb":{"@id":"https:\/\/www.monlau.com\/eso-batxillerat\/2024\/06\/15\/graduacio\/#breadcrumb"},"inLanguage":"ca","potentialAction":[{"@type":"ReadAction","target":["https:\/\/www.monlau.com\/eso-batxillerat\/2024\/06\/15\/graduacio\/"]}]},{"@type":"ImageObject","inLanguage":"ca","@id":"https:\/\/www.monlau.com\/eso-batxillerat\/2024\/06\/15\/graduacio\/#primaryimage","url":"https:\/\/www.monlau.com\/app\/uploads\/sites\/2\/2026\/03\/Fondo-de-graduaciones-2024-3.png","contentUrl":"https:\/\/www.monlau.com\/app\/uploads\/sites\/2\/2026\/03\/Fondo-de-graduaciones-2024-3.png","width":2240,"height":1260},{"@type":"BreadcrumbList","@id":"https:\/\/www.monlau.com\/eso-batxillerat\/2024\/06\/15\/graduacio\/#breadcrumb","itemListElement":[{"@type":"ListItem","position":1,"name":"Inici","item":"https:\/\/www.monlau.com\/eso-batxillerat\/"},{"@type":"ListItem","position":2,"name":"Graduaci\u00f3 ESO i Batxillerat 2024"}]},{"@type":"WebSite","@id":"https:\/\/www.monlau.com\/eso-batxillerat\/#website","url":"https:\/\/www.monlau.com\/eso-batxillerat\/","name":"Eso Batx","description":"","publisher":{"@id":"https:\/\/www.monlau.com\/eso-batxillerat\/#organization"},"potentialAction":[{"@type":"SearchAction","target":{"@type":"EntryPoint","urlTemplate":"https:\/\/www.monlau.com\/eso-batxillerat\/?s={search_term_string}"},"query-input":{"@type":"PropertyValueSpecification","valueRequired":true,"valueName":"search_term_string"}}],"inLanguage":"ca"},{"@type":"Organization","@id":"https:\/\/www.monlau.com\/eso-batxillerat\/#organization","name":"Eso Batx","url":"https:\/\/www.monlau.com\/eso-batxillerat\/","logo":{"@type":"ImageObject","inLanguage":"ca","@id":"https:\/\/www.monlau.com\/eso-batxillerat\/#\/schema\/logo\/image\/","url":"https:\/\/www.monlau.com\/app\/uploads\/sites\/2\/2025\/12\/logomoneso.png","contentUrl":"https:\/\/www.monlau.com\/app\/uploads\/sites\/2\/2025\/12\/logomoneso.png","width":160,"height":160,"caption":"Eso Batx"},"image":{"@id":"https:\/\/www.monlau.com\/eso-batxillerat\/#\/schema\/logo\/image\/"}},{"@type":"Person","@id":"https:\/\/www.monlau.com\/eso-batxillerat\/#\/schema\/person\/419cfdf054323e24e0a2ef1d8597f051","name":"adsmurai","image":{"@type":"ImageObject","inLanguage":"ca","@id":"https:\/\/secure.gravatar.com\/avatar\/0748788578f91786454454fa3b4c295644edb991ad6caadc70b41d26790d38fc?s=96&d=mm&r=g","url":"https:\/\/secure.gravatar.com\/avatar\/0748788578f91786454454fa3b4c295644edb991ad6caadc70b41d26790d38fc?s=96&d=mm&r=g","contentUrl":"https:\/\/secure.gravatar.com\/avatar\/0748788578f91786454454fa3b4c295644edb991ad6caadc70b41d26790d38fc?s=96&d=mm&r=g","caption":"adsmurai"},"sameAs":["https:\/\/www.monlau.com"],"url":"https:\/\/www.monlau.com\/eso-batxillerat\/author\/adsmurai\/"}]}},"_links":{"self":[{"href":"https:\/\/www.monlau.com\/eso-batxillerat\/wp-json\/wp\/v2\/posts\/1445","targetHints":{"allow":["GET"]}}],"collection":[{"href":"https:\/\/www.monlau.com\/eso-batxillerat\/wp-json\/wp\/v2\/posts"}],"about":[{"href":"https:\/\/www.monlau.com\/eso-batxillerat\/wp-json\/wp\/v2\/types\/post"}],"author":[{"embeddable":true,"href":"https:\/\/www.monlau.com\/eso-batxillerat\/wp-json\/wp\/v2\/users\/1"}],"replies":[{"embeddable":true,"href":"https:\/\/www.monlau.com\/eso-batxillerat\/wp-json\/wp\/v2\/comments?post=1445"}],"version-history":[{"count":2,"href":"https:\/\/www.monlau.com\/eso-batxillerat\/wp-json\/wp\/v2\/posts\/1445\/revisions"}],"predecessor-version":[{"id":2322,"href":"https:\/\/www.monlau.com\/eso-batxillerat\/wp-json\/wp\/v2\/posts\/1445\/revisions\/2322"}],"wp:featuredmedia":[{"embeddable":true,"href":"https:\/\/www.monlau.com\/eso-batxillerat\/wp-json\/wp\/v2\/media\/1446"}],"wp:attachment":[{"href":"https:\/\/www.monlau.com\/eso-batxillerat\/wp-json\/wp\/v2\/media?parent=1445"}],"wp:term":[{"taxonomy":"category","embeddable":true,"href":"https:\/\/www.monlau.com\/eso-batxillerat\/wp-json\/wp\/v2\/categories?post=1445"},{"taxonomy":"post_tag","embeddable":true,"href":"https:\/\/www.monlau.com\/eso-batxillerat\/wp-json\/wp\/v2\/tags?post=1445"}],"curies":[{"name":"wp","href":"https:\/\/api.w.org\/{rel}","templated":true}]}}