{"id":1268,"date":"2019-10-28T00:00:00","date_gmt":"2019-10-27T23:00:00","guid":{"rendered":"https:\/\/www.monlau.com\/eso-batxillerat\/lescola-laia-de-sant-andreu-es-converteix-en-el-nou-centre-adscrit-a-monlau-cara-a-la-secundaria\/"},"modified":"2026-03-24T17:19:50","modified_gmt":"2026-03-24T16:19:50","slug":"lescola-laia-de-sant-andreu-es-converteix-en-el-nou-centre-adscrit-a-monlau-cara-a-la-secundaria","status":"publish","type":"post","link":"https:\/\/www.monlau.com\/eso-batxillerat\/2019\/10\/28\/lescola-laia-de-sant-andreu-es-converteix-en-el-nou-centre-adscrit-a-monlau-cara-a-la-secundaria\/","title":{"rendered":"L\u2019Escola Laia de Sant Andreu es converteix en el nou centre adscrit a Monlau cara a la secund\u00e0ria"},"content":{"rendered":"<p>Aquest any passem a ser el centre adscrit de <a href=\"http:\/\/www.escolalaia.com\/\">l\u2019Escola Laia<\/a>, l\u2019escola d\u2019educaci\u00f3 Infantil i Prim\u00e0ria ubicada al barri de Sant Andreu. Aquest <strong>nou acord de col\u00b7laboraci\u00f3<\/strong> amb l&#8217;escola inclou no nom\u00e9s una adscripci\u00f3 que permetr\u00e0 que els alumnes que finalitzen all\u00e0 la Prim\u00e0ria puguin entrar de forma directa a <a href=\"https:\/\/www.monlau.com\/eso-batxillerat\/\">1r d\u2019ESO a Monlau<\/a>, sin\u00f3 tamb\u00e9 el poder <strong>compartir activitats i experi\u00e8ncies per poder aprofitar sin\u00e8rgies entre les dues escoles. <\/strong><\/p>\n<p><strong>Jaume Tamareu<\/strong>, el director de l\u2019Escola Laia, va visitar el nostre centre per con\u00e8ixer en profunditat el nostre model educatiu. A m\u00e9s, juntament amb el Director General de Monlau, <strong>Iban Ventura<\/strong>, van fer oficial aquest acord amb la <strong>signatura del document que ho acredita. <\/strong><\/p>\n<p>A partir d\u2019aquest curs, l\u2019Escola Laia de Sant Andreu juntament amb <a href=\"http:\/\/www.escolaverns.cat\/\">l\u2019Escola Verns<\/a> de Sant Mart\u00ed seran <strong>les dues escoles adscrites a Monlau de cara a la secundaria<\/strong>. Segur que aquesta nova col\u00b7laboraci\u00f3 entre les dues escoles ser\u00e0 molt profitosa.<\/p>\n","protected":false},"excerpt":{"rendered":"<p>Aquest any passem a ser el centre adscrit de l\u2019Escola Laia, l\u2019escola d\u2019educaci\u00f3 Infantil i Prim\u00e0ria ubicada al barri de Sant Andreu. Aquest nou acord de col\u00b7laboraci\u00f3 amb l&#8217;escola inclou no nom\u00e9s una adscripci\u00f3 que permetr\u00e0 que els alumnes que finalitzen all\u00e0 la Prim\u00e0ria puguin entrar de forma directa a 1r d\u2019ESO a Monlau, sin\u00f3 [&hellip;]<\/p>\n","protected":false},"author":1,"featured_media":1029,"comment_status":"closed","ping_status":"closed","sticky":false,"template":"","format":"standard","meta":{"footnotes":""},"categories":[141],"tags":[176,177,178,179,180],"class_list":["post-1268","post","type-post","status-publish","format-standard","has-post-thumbnail","hentry","category-eso","tag-centre-adscrit","tag-collaboracio","tag-educacio","tag-eso","tag-secundaria"],"yoast_head":"<!-- This site is optimized with the Yoast SEO plugin v27.2 - https:\/\/yoast.com\/product\/yoast-seo-wordpress\/ -->\n<title>L\u2019Escola Laia de Sant Andreu es converteix en el nou centre adscrit a Monlau cara a la secund\u00e0ria - Eso Batx<\/title>\n<meta name=\"description\" content=\"Aquest any passem a ser el centre adscrit de l\u2019Escola Laia, l\u2019escola d\u2019educaci\u00f3 Infantil i Prim\u00e0ria ubicada al barri de Sant Andreu.\" \/>\n<meta name=\"robots\" content=\"index, follow, max-snippet:-1, max-image-preview:large, max-video-preview:-1\" \/>\n<link rel=\"canonical\" href=\"https:\/\/www.monlau.com\/eso-batxillerat\/2019\/10\/28\/lescola-laia-de-sant-andreu-es-converteix-en-el-nou-centre-adscrit-a-monlau-cara-a-la-secundaria\/\" \/>\n<meta property=\"og:locale\" content=\"ca_ES\" \/>\n<meta property=\"og:type\" content=\"article\" \/>\n<meta property=\"og:title\" content=\"L\u2019Escola Laia de Sant Andreu es converteix en el nou centre adscrit a Monlau cara a la secund\u00e0ria - Eso Batx\" \/>\n<meta property=\"og:description\" content=\"Aquest any passem a ser el centre adscrit de l\u2019Escola Laia, l\u2019escola d\u2019educaci\u00f3 Infantil i Prim\u00e0ria ubicada al barri de Sant Andreu.\" \/>\n<meta property=\"og:url\" content=\"https:\/\/www.monlau.com\/eso-batxillerat\/2019\/10\/28\/lescola-laia-de-sant-andreu-es-converteix-en-el-nou-centre-adscrit-a-monlau-cara-a-la-secundaria\/\" \/>\n<meta property=\"og:site_name\" content=\"Eso Batx\" \/>\n<meta property=\"article:published_time\" content=\"2019-10-27T23:00:00+00:00\" \/>\n<meta property=\"article:modified_time\" content=\"2026-03-24T16:19:50+00:00\" \/>\n<meta property=\"og:image\" content=\"https:\/\/www.monlau.com\/app\/uploads\/sites\/2\/2026\/03\/laia.jpg\" \/>\n\t<meta property=\"og:image:width\" content=\"771\" \/>\n\t<meta property=\"og:image:height\" content=\"579\" \/>\n\t<meta property=\"og:image:type\" content=\"image\/jpeg\" \/>\n<meta name=\"author\" content=\"adsmurai\" \/>\n<meta name=\"twitter:card\" content=\"summary_large_image\" \/>\n<meta name=\"twitter:label1\" content=\"Escrit per\" \/>\n\t<meta name=\"twitter:data1\" content=\"adsmurai\" \/>\n\t<meta name=\"twitter:label2\" content=\"Temps estimat de lectura\" \/>\n\t<meta name=\"twitter:data2\" content=\"1 minut\" \/>\n<script type=\"application\/ld+json\" class=\"yoast-schema-graph\">{\"@context\":\"https:\/\/schema.org\",\"@graph\":[{\"@type\":\"Article\",\"@id\":\"https:\/\/www.monlau.com\/eso-batxillerat\/2019\/10\/28\/lescola-laia-de-sant-andreu-es-converteix-en-el-nou-centre-adscrit-a-monlau-cara-a-la-secundaria\/#article\",\"isPartOf\":{\"@id\":\"https:\/\/www.monlau.com\/eso-batxillerat\/2019\/10\/28\/lescola-laia-de-sant-andreu-es-converteix-en-el-nou-centre-adscrit-a-monlau-cara-a-la-secundaria\/\"},\"author\":{\"name\":\"adsmurai\",\"@id\":\"https:\/\/www.monlau.com\/eso-batxillerat\/#\/schema\/person\/419cfdf054323e24e0a2ef1d8597f051\"},\"headline\":\"L\u2019Escola Laia de Sant Andreu es converteix en el nou centre adscrit a Monlau cara a la secund\u00e0ria\",\"datePublished\":\"2019-10-27T23:00:00+00:00\",\"dateModified\":\"2026-03-24T16:19:50+00:00\",\"mainEntityOfPage\":{\"@id\":\"https:\/\/www.monlau.com\/eso-batxillerat\/2019\/10\/28\/lescola-laia-de-sant-andreu-es-converteix-en-el-nou-centre-adscrit-a-monlau-cara-a-la-secundaria\/\"},\"wordCount\":192,\"publisher\":{\"@id\":\"https:\/\/www.monlau.com\/eso-batxillerat\/#organization\"},\"image\":{\"@id\":\"https:\/\/www.monlau.com\/eso-batxillerat\/2019\/10\/28\/lescola-laia-de-sant-andreu-es-converteix-en-el-nou-centre-adscrit-a-monlau-cara-a-la-secundaria\/#primaryimage\"},\"thumbnailUrl\":\"https:\/\/www.monlau.com\/app\/uploads\/sites\/2\/2026\/03\/laia.jpg\",\"keywords\":[\"centre adscrit\",\"col\u00b7laboraci\u00f3\",\"educaci\u00f3\",\"ESO\",\"secundaria\"],\"articleSection\":[\"ESO\"],\"inLanguage\":\"ca\"},{\"@type\":\"WebPage\",\"@id\":\"https:\/\/www.monlau.com\/eso-batxillerat\/2019\/10\/28\/lescola-laia-de-sant-andreu-es-converteix-en-el-nou-centre-adscrit-a-monlau-cara-a-la-secundaria\/\",\"url\":\"https:\/\/www.monlau.com\/eso-batxillerat\/2019\/10\/28\/lescola-laia-de-sant-andreu-es-converteix-en-el-nou-centre-adscrit-a-monlau-cara-a-la-secundaria\/\",\"name\":\"L\u2019Escola Laia de Sant Andreu es converteix en el nou centre adscrit a Monlau cara a la secund\u00e0ria - Eso Batx\",\"isPartOf\":{\"@id\":\"https:\/\/www.monlau.com\/eso-batxillerat\/#website\"},\"primaryImageOfPage\":{\"@id\":\"https:\/\/www.monlau.com\/eso-batxillerat\/2019\/10\/28\/lescola-laia-de-sant-andreu-es-converteix-en-el-nou-centre-adscrit-a-monlau-cara-a-la-secundaria\/#primaryimage\"},\"image\":{\"@id\":\"https:\/\/www.monlau.com\/eso-batxillerat\/2019\/10\/28\/lescola-laia-de-sant-andreu-es-converteix-en-el-nou-centre-adscrit-a-monlau-cara-a-la-secundaria\/#primaryimage\"},\"thumbnailUrl\":\"https:\/\/www.monlau.com\/app\/uploads\/sites\/2\/2026\/03\/laia.jpg\",\"datePublished\":\"2019-10-27T23:00:00+00:00\",\"dateModified\":\"2026-03-24T16:19:50+00:00\",\"description\":\"Aquest any passem a ser el centre adscrit de l\u2019Escola Laia, l\u2019escola d\u2019educaci\u00f3 Infantil i Prim\u00e0ria ubicada al barri de Sant Andreu.\",\"breadcrumb\":{\"@id\":\"https:\/\/www.monlau.com\/eso-batxillerat\/2019\/10\/28\/lescola-laia-de-sant-andreu-es-converteix-en-el-nou-centre-adscrit-a-monlau-cara-a-la-secundaria\/#breadcrumb\"},\"inLanguage\":\"ca\",\"potentialAction\":[{\"@type\":\"ReadAction\",\"target\":[\"https:\/\/www.monlau.com\/eso-batxillerat\/2019\/10\/28\/lescola-laia-de-sant-andreu-es-converteix-en-el-nou-centre-adscrit-a-monlau-cara-a-la-secundaria\/\"]}]},{\"@type\":\"ImageObject\",\"inLanguage\":\"ca\",\"@id\":\"https:\/\/www.monlau.com\/eso-batxillerat\/2019\/10\/28\/lescola-laia-de-sant-andreu-es-converteix-en-el-nou-centre-adscrit-a-monlau-cara-a-la-secundaria\/#primaryimage\",\"url\":\"https:\/\/www.monlau.com\/app\/uploads\/sites\/2\/2026\/03\/laia.jpg\",\"contentUrl\":\"https:\/\/www.monlau.com\/app\/uploads\/sites\/2\/2026\/03\/laia.jpg\",\"width\":771,\"height\":579},{\"@type\":\"BreadcrumbList\",\"@id\":\"https:\/\/www.monlau.com\/eso-batxillerat\/2019\/10\/28\/lescola-laia-de-sant-andreu-es-converteix-en-el-nou-centre-adscrit-a-monlau-cara-a-la-secundaria\/#breadcrumb\",\"itemListElement\":[{\"@type\":\"ListItem\",\"position\":1,\"name\":\"Inici\",\"item\":\"https:\/\/www.monlau.com\/eso-batxillerat\/\"},{\"@type\":\"ListItem\",\"position\":2,\"name\":\"L\u2019Escola Laia de Sant Andreu es converteix en el nou centre adscrit a Monlau cara a la secund\u00e0ria\"}]},{\"@type\":\"WebSite\",\"@id\":\"https:\/\/www.monlau.com\/eso-batxillerat\/#website\",\"url\":\"https:\/\/www.monlau.com\/eso-batxillerat\/\",\"name\":\"Eso Batx\",\"description\":\"\",\"publisher\":{\"@id\":\"https:\/\/www.monlau.com\/eso-batxillerat\/#organization\"},\"potentialAction\":[{\"@type\":\"SearchAction\",\"target\":{\"@type\":\"EntryPoint\",\"urlTemplate\":\"https:\/\/www.monlau.com\/eso-batxillerat\/?s={search_term_string}\"},\"query-input\":{\"@type\":\"PropertyValueSpecification\",\"valueRequired\":true,\"valueName\":\"search_term_string\"}}],\"inLanguage\":\"ca\"},{\"@type\":\"Organization\",\"@id\":\"https:\/\/www.monlau.com\/eso-batxillerat\/#organization\",\"name\":\"Eso Batx\",\"url\":\"https:\/\/www.monlau.com\/eso-batxillerat\/\",\"logo\":{\"@type\":\"ImageObject\",\"inLanguage\":\"ca\",\"@id\":\"https:\/\/www.monlau.com\/eso-batxillerat\/#\/schema\/logo\/image\/\",\"url\":\"https:\/\/www.monlau.com\/app\/uploads\/sites\/2\/2025\/12\/logomoneso.png\",\"contentUrl\":\"https:\/\/www.monlau.com\/app\/uploads\/sites\/2\/2025\/12\/logomoneso.png\",\"width\":160,\"height\":160,\"caption\":\"Eso Batx\"},\"image\":{\"@id\":\"https:\/\/www.monlau.com\/eso-batxillerat\/#\/schema\/logo\/image\/\"}},{\"@type\":\"Person\",\"@id\":\"https:\/\/www.monlau.com\/eso-batxillerat\/#\/schema\/person\/419cfdf054323e24e0a2ef1d8597f051\",\"name\":\"adsmurai\",\"image\":{\"@type\":\"ImageObject\",\"inLanguage\":\"ca\",\"@id\":\"https:\/\/secure.gravatar.com\/avatar\/0748788578f91786454454fa3b4c295644edb991ad6caadc70b41d26790d38fc?s=96&d=mm&r=g\",\"url\":\"https:\/\/secure.gravatar.com\/avatar\/0748788578f91786454454fa3b4c295644edb991ad6caadc70b41d26790d38fc?s=96&d=mm&r=g\",\"contentUrl\":\"https:\/\/secure.gravatar.com\/avatar\/0748788578f91786454454fa3b4c295644edb991ad6caadc70b41d26790d38fc?s=96&d=mm&r=g\",\"caption\":\"adsmurai\"},\"sameAs\":[\"https:\/\/www.monlau.com\"],\"url\":\"https:\/\/www.monlau.com\/eso-batxillerat\/author\/adsmurai\/\"}]}<\/script>\n<!-- \/ Yoast SEO plugin. -->","yoast_head_json":{"title":"L\u2019Escola Laia de Sant Andreu es converteix en el nou centre adscrit a Monlau cara a la secund\u00e0ria - Eso Batx","description":"Aquest any passem a ser el centre adscrit de l\u2019Escola Laia, l\u2019escola d\u2019educaci\u00f3 Infantil i Prim\u00e0ria ubicada al barri de Sant Andreu.","robots":{"index":"index","follow":"follow","max-snippet":"max-snippet:-1","max-image-preview":"max-image-preview:large","max-video-preview":"max-video-preview:-1"},"canonical":"https:\/\/www.monlau.com\/eso-batxillerat\/2019\/10\/28\/lescola-laia-de-sant-andreu-es-converteix-en-el-nou-centre-adscrit-a-monlau-cara-a-la-secundaria\/","og_locale":"ca_ES","og_type":"article","og_title":"L\u2019Escola Laia de Sant Andreu es converteix en el nou centre adscrit a Monlau cara a la secund\u00e0ria - Eso Batx","og_description":"Aquest any passem a ser el centre adscrit de l\u2019Escola Laia, l\u2019escola d\u2019educaci\u00f3 Infantil i Prim\u00e0ria ubicada al barri de Sant Andreu.","og_url":"https:\/\/www.monlau.com\/eso-batxillerat\/2019\/10\/28\/lescola-laia-de-sant-andreu-es-converteix-en-el-nou-centre-adscrit-a-monlau-cara-a-la-secundaria\/","og_site_name":"Eso Batx","article_published_time":"2019-10-27T23:00:00+00:00","article_modified_time":"2026-03-24T16:19:50+00:00","og_image":[{"width":771,"height":579,"url":"https:\/\/www.monlau.com\/app\/uploads\/sites\/2\/2026\/03\/laia.jpg","type":"image\/jpeg"}],"author":"adsmurai","twitter_card":"summary_large_image","twitter_misc":{"Escrit per":"adsmurai","Temps estimat de lectura":"1 minut"},"schema":{"@context":"https:\/\/schema.org","@graph":[{"@type":"Article","@id":"https:\/\/www.monlau.com\/eso-batxillerat\/2019\/10\/28\/lescola-laia-de-sant-andreu-es-converteix-en-el-nou-centre-adscrit-a-monlau-cara-a-la-secundaria\/#article","isPartOf":{"@id":"https:\/\/www.monlau.com\/eso-batxillerat\/2019\/10\/28\/lescola-laia-de-sant-andreu-es-converteix-en-el-nou-centre-adscrit-a-monlau-cara-a-la-secundaria\/"},"author":{"name":"adsmurai","@id":"https:\/\/www.monlau.com\/eso-batxillerat\/#\/schema\/person\/419cfdf054323e24e0a2ef1d8597f051"},"headline":"L\u2019Escola Laia de Sant Andreu es converteix en el nou centre adscrit a Monlau cara a la secund\u00e0ria","datePublished":"2019-10-27T23:00:00+00:00","dateModified":"2026-03-24T16:19:50+00:00","mainEntityOfPage":{"@id":"https:\/\/www.monlau.com\/eso-batxillerat\/2019\/10\/28\/lescola-laia-de-sant-andreu-es-converteix-en-el-nou-centre-adscrit-a-monlau-cara-a-la-secundaria\/"},"wordCount":192,"publisher":{"@id":"https:\/\/www.monlau.com\/eso-batxillerat\/#organization"},"image":{"@id":"https:\/\/www.monlau.com\/eso-batxillerat\/2019\/10\/28\/lescola-laia-de-sant-andreu-es-converteix-en-el-nou-centre-adscrit-a-monlau-cara-a-la-secundaria\/#primaryimage"},"thumbnailUrl":"https:\/\/www.monlau.com\/app\/uploads\/sites\/2\/2026\/03\/laia.jpg","keywords":["centre adscrit","col\u00b7laboraci\u00f3","educaci\u00f3","ESO","secundaria"],"articleSection":["ESO"],"inLanguage":"ca"},{"@type":"WebPage","@id":"https:\/\/www.monlau.com\/eso-batxillerat\/2019\/10\/28\/lescola-laia-de-sant-andreu-es-converteix-en-el-nou-centre-adscrit-a-monlau-cara-a-la-secundaria\/","url":"https:\/\/www.monlau.com\/eso-batxillerat\/2019\/10\/28\/lescola-laia-de-sant-andreu-es-converteix-en-el-nou-centre-adscrit-a-monlau-cara-a-la-secundaria\/","name":"L\u2019Escola Laia de Sant Andreu es converteix en el nou centre adscrit a Monlau cara a la secund\u00e0ria - Eso Batx","isPartOf":{"@id":"https:\/\/www.monlau.com\/eso-batxillerat\/#website"},"primaryImageOfPage":{"@id":"https:\/\/www.monlau.com\/eso-batxillerat\/2019\/10\/28\/lescola-laia-de-sant-andreu-es-converteix-en-el-nou-centre-adscrit-a-monlau-cara-a-la-secundaria\/#primaryimage"},"image":{"@id":"https:\/\/www.monlau.com\/eso-batxillerat\/2019\/10\/28\/lescola-laia-de-sant-andreu-es-converteix-en-el-nou-centre-adscrit-a-monlau-cara-a-la-secundaria\/#primaryimage"},"thumbnailUrl":"https:\/\/www.monlau.com\/app\/uploads\/sites\/2\/2026\/03\/laia.jpg","datePublished":"2019-10-27T23:00:00+00:00","dateModified":"2026-03-24T16:19:50+00:00","description":"Aquest any passem a ser el centre adscrit de l\u2019Escola Laia, l\u2019escola d\u2019educaci\u00f3 Infantil i Prim\u00e0ria ubicada al barri de Sant Andreu.","breadcrumb":{"@id":"https:\/\/www.monlau.com\/eso-batxillerat\/2019\/10\/28\/lescola-laia-de-sant-andreu-es-converteix-en-el-nou-centre-adscrit-a-monlau-cara-a-la-secundaria\/#breadcrumb"},"inLanguage":"ca","potentialAction":[{"@type":"ReadAction","target":["https:\/\/www.monlau.com\/eso-batxillerat\/2019\/10\/28\/lescola-laia-de-sant-andreu-es-converteix-en-el-nou-centre-adscrit-a-monlau-cara-a-la-secundaria\/"]}]},{"@type":"ImageObject","inLanguage":"ca","@id":"https:\/\/www.monlau.com\/eso-batxillerat\/2019\/10\/28\/lescola-laia-de-sant-andreu-es-converteix-en-el-nou-centre-adscrit-a-monlau-cara-a-la-secundaria\/#primaryimage","url":"https:\/\/www.monlau.com\/app\/uploads\/sites\/2\/2026\/03\/laia.jpg","contentUrl":"https:\/\/www.monlau.com\/app\/uploads\/sites\/2\/2026\/03\/laia.jpg","width":771,"height":579},{"@type":"BreadcrumbList","@id":"https:\/\/www.monlau.com\/eso-batxillerat\/2019\/10\/28\/lescola-laia-de-sant-andreu-es-converteix-en-el-nou-centre-adscrit-a-monlau-cara-a-la-secundaria\/#breadcrumb","itemListElement":[{"@type":"ListItem","position":1,"name":"Inici","item":"https:\/\/www.monlau.com\/eso-batxillerat\/"},{"@type":"ListItem","position":2,"name":"L\u2019Escola Laia de Sant Andreu es converteix en el nou centre adscrit a Monlau cara a la secund\u00e0ria"}]},{"@type":"WebSite","@id":"https:\/\/www.monlau.com\/eso-batxillerat\/#website","url":"https:\/\/www.monlau.com\/eso-batxillerat\/","name":"Eso Batx","description":"","publisher":{"@id":"https:\/\/www.monlau.com\/eso-batxillerat\/#organization"},"potentialAction":[{"@type":"SearchAction","target":{"@type":"EntryPoint","urlTemplate":"https:\/\/www.monlau.com\/eso-batxillerat\/?s={search_term_string}"},"query-input":{"@type":"PropertyValueSpecification","valueRequired":true,"valueName":"search_term_string"}}],"inLanguage":"ca"},{"@type":"Organization","@id":"https:\/\/www.monlau.com\/eso-batxillerat\/#organization","name":"Eso Batx","url":"https:\/\/www.monlau.com\/eso-batxillerat\/","logo":{"@type":"ImageObject","inLanguage":"ca","@id":"https:\/\/www.monlau.com\/eso-batxillerat\/#\/schema\/logo\/image\/","url":"https:\/\/www.monlau.com\/app\/uploads\/sites\/2\/2025\/12\/logomoneso.png","contentUrl":"https:\/\/www.monlau.com\/app\/uploads\/sites\/2\/2025\/12\/logomoneso.png","width":160,"height":160,"caption":"Eso Batx"},"image":{"@id":"https:\/\/www.monlau.com\/eso-batxillerat\/#\/schema\/logo\/image\/"}},{"@type":"Person","@id":"https:\/\/www.monlau.com\/eso-batxillerat\/#\/schema\/person\/419cfdf054323e24e0a2ef1d8597f051","name":"adsmurai","image":{"@type":"ImageObject","inLanguage":"ca","@id":"https:\/\/secure.gravatar.com\/avatar\/0748788578f91786454454fa3b4c295644edb991ad6caadc70b41d26790d38fc?s=96&d=mm&r=g","url":"https:\/\/secure.gravatar.com\/avatar\/0748788578f91786454454fa3b4c295644edb991ad6caadc70b41d26790d38fc?s=96&d=mm&r=g","contentUrl":"https:\/\/secure.gravatar.com\/avatar\/0748788578f91786454454fa3b4c295644edb991ad6caadc70b41d26790d38fc?s=96&d=mm&r=g","caption":"adsmurai"},"sameAs":["https:\/\/www.monlau.com"],"url":"https:\/\/www.monlau.com\/eso-batxillerat\/author\/adsmurai\/"}]}},"_links":{"self":[{"href":"https:\/\/www.monlau.com\/eso-batxillerat\/wp-json\/wp\/v2\/posts\/1268","targetHints":{"allow":["GET"]}}],"collection":[{"href":"https:\/\/www.monlau.com\/eso-batxillerat\/wp-json\/wp\/v2\/posts"}],"about":[{"href":"https:\/\/www.monlau.com\/eso-batxillerat\/wp-json\/wp\/v2\/types\/post"}],"author":[{"embeddable":true,"href":"https:\/\/www.monlau.com\/eso-batxillerat\/wp-json\/wp\/v2\/users\/1"}],"replies":[{"embeddable":true,"href":"https:\/\/www.monlau.com\/eso-batxillerat\/wp-json\/wp\/v2\/comments?post=1268"}],"version-history":[{"count":1,"href":"https:\/\/www.monlau.com\/eso-batxillerat\/wp-json\/wp\/v2\/posts\/1268\/revisions"}],"predecessor-version":[{"id":2346,"href":"https:\/\/www.monlau.com\/eso-batxillerat\/wp-json\/wp\/v2\/posts\/1268\/revisions\/2346"}],"wp:featuredmedia":[{"embeddable":true,"href":"https:\/\/www.monlau.com\/eso-batxillerat\/wp-json\/wp\/v2\/media\/1029"}],"wp:attachment":[{"href":"https:\/\/www.monlau.com\/eso-batxillerat\/wp-json\/wp\/v2\/media?parent=1268"}],"wp:term":[{"taxonomy":"category","embeddable":true,"href":"https:\/\/www.monlau.com\/eso-batxillerat\/wp-json\/wp\/v2\/categories?post=1268"},{"taxonomy":"post_tag","embeddable":true,"href":"https:\/\/www.monlau.com\/eso-batxillerat\/wp-json\/wp\/v2\/tags?post=1268"}],"curies":[{"name":"wp","href":"https:\/\/api.w.org\/{rel}","templated":true}]}}