{"id":1245,"date":"2019-04-23T00:00:00","date_gmt":"2019-04-22T22:00:00","guid":{"rendered":"https:\/\/www.monlau.com\/eso-batxillerat\/sant-jordi-2019-solidaritat-somostuola\/"},"modified":"2026-03-10T10:53:37","modified_gmt":"2026-03-10T09:53:37","slug":"sant-jordi-2019-solidaritat-somostuola","status":"publish","type":"post","link":"https:\/\/www.monlau.com\/eso-batxillerat\/2019\/04\/23\/sant-jordi-2019-solidaritat-somostuola\/","title":{"rendered":"Aquest any destinem els beneficis de la venda de Sant Jordi al projecte &#8220;Palante con Sarah&#8221;"},"content":{"rendered":"<p>Com cada any, els alumnes de 3r de l&#8217;ESO organitzen el dia de Sant Jordi que celebrem avui 23 d&#8217;abril. Aquest any, la novetat \u00e9s que <strong>els beneficis recaptats per la venda de llibres i de roses aniran destinats al projecte Palante con Sarah<\/strong> de l&#8217;associaci\u00f3 <a href=\"https:\/\/somostuola.es\/\">Somos Tu Ola<\/a>.<\/p>\n<p><strong>La Sarah \u00e9s una noia de M\u00e0laga de 19 anys a la qual li van haver d&#8217;amputar les mans i els peus<\/strong> a causa d&#8217;una greu infecci\u00f3 bacteriana. A m\u00e9s, per culpa d&#8217;aquesta septic\u00e8mia no li funcionen els ronyons i ha de fer di\u00e0lisi.<\/p>\n<p>Des de Monlau, volem aportar el nostre granet de sorra i ajudar-la. Per aquest motiu, els diners que obtinguem aquest any <strong>amb la celebraci\u00f3 de Sant Jordi aniran destinats a la compra i el manteniment de les pr\u00f2tesis que necessita<\/strong> (en lloc de destinar-se al viatge de fi de curs com s&#8217;ha fet cada any). Considerem que la Sarah ens necessita i \u00e9s una manera de fomentar la solidaritat entre els nostres alumnes durant tot l&#8217;any.<\/p>\n<p>Per aix\u00f2, <strong>et convidem a celebrar Sant Jordi amb nosaltres!<\/strong> Avui els alumnes de 3r munten una parada davant del centre on vendran roses personalitzades per ells, una gran varietat de llibres i bra\u00e7alets de l&#8217;associaci\u00f3 &#8220;Som Tu Ola&#8221;. El 100% dels beneficis aniran a ajudar a la Sarah. T&#8217;esperem!<\/p>\n<h4>Mar\u00eda Mendiola<\/h4>\n<p>Coordinadora d&#8217;Orientacio de la ESO i Batxillerat<\/p>\n","protected":false},"excerpt":{"rendered":"<p>Com cada any, els alumnes de 3r de l&#8217;ESO organitzen el dia de Sant Jordi que celebrem avui 23 d&#8217;abril. Aquest any, la novetat \u00e9s que els beneficis recaptats per la venda de llibres i de roses aniran destinats al projecte Palante con Sarah de l&#8217;associaci\u00f3 Somos Tu Ola. La Sarah \u00e9s una noia de [&hellip;]<\/p>\n","protected":false},"author":1,"featured_media":1006,"comment_status":"closed","ping_status":"closed","sticky":false,"template":"","format":"standard","meta":{"footnotes":""},"categories":[144,141],"tags":[145,146,147,148,149,150],"class_list":["post-1245","post","type-post","status-publish","format-standard","has-post-thumbnail","hentry","category-batxillerat","category-eso","tag-llibres","tag-palante-con-sarah","tag-roses","tag-sant-jordi","tag-solidaritat","tag-somos-tu-ola"],"yoast_head":"<!-- This site is optimized with the Yoast SEO plugin v27.2 - https:\/\/yoast.com\/product\/yoast-seo-wordpress\/ -->\n<title>Aquest any destinem els beneficis de la venda de Sant Jordi al projecte &quot;Palante con Sarah&quot; - Eso Batx<\/title>\n<meta name=\"robots\" content=\"index, follow, max-snippet:-1, max-image-preview:large, max-video-preview:-1\" \/>\n<link rel=\"canonical\" href=\"https:\/\/www.monlau.com\/eso-batxillerat\/2019\/04\/23\/sant-jordi-2019-solidaritat-somostuola\/\" \/>\n<meta property=\"og:locale\" content=\"ca_ES\" \/>\n<meta property=\"og:type\" content=\"article\" \/>\n<meta property=\"og:title\" content=\"Aquest any destinem els beneficis de la venda de Sant Jordi al projecte &quot;Palante con Sarah&quot; - Eso Batx\" \/>\n<meta property=\"og:description\" content=\"Com cada any, els alumnes de 3r de l&#8217;ESO organitzen el dia de Sant Jordi que celebrem avui 23 d&#8217;abril. Aquest any, la novetat \u00e9s que els beneficis recaptats per la venda de llibres i de roses aniran destinats al projecte Palante con Sarah de l&#8217;associaci\u00f3 Somos Tu Ola. La Sarah \u00e9s una noia de [&hellip;]\" \/>\n<meta property=\"og:url\" content=\"https:\/\/www.monlau.com\/eso-batxillerat\/2019\/04\/23\/sant-jordi-2019-solidaritat-somostuola\/\" \/>\n<meta property=\"og:site_name\" content=\"Eso Batx\" \/>\n<meta property=\"article:published_time\" content=\"2019-04-22T22:00:00+00:00\" \/>\n<meta property=\"article:modified_time\" content=\"2026-03-10T09:53:37+00:00\" \/>\n<meta property=\"og:image\" content=\"https:\/\/www.monlau.com\/app\/uploads\/sites\/2\/2026\/03\/Pulsera-4.jpg\" \/>\n\t<meta property=\"og:image:width\" content=\"1440\" \/>\n\t<meta property=\"og:image:height\" content=\"1080\" \/>\n\t<meta property=\"og:image:type\" content=\"image\/jpeg\" \/>\n<meta name=\"author\" content=\"adsmurai\" \/>\n<meta name=\"twitter:card\" content=\"summary_large_image\" \/>\n<meta name=\"twitter:label1\" content=\"Escrit per\" \/>\n\t<meta name=\"twitter:data1\" content=\"adsmurai\" \/>\n\t<meta name=\"twitter:label2\" content=\"Temps estimat de lectura\" \/>\n\t<meta name=\"twitter:data2\" content=\"1 minut\" \/>\n<script type=\"application\/ld+json\" class=\"yoast-schema-graph\">{\"@context\":\"https:\/\/schema.org\",\"@graph\":[{\"@type\":\"Article\",\"@id\":\"https:\/\/www.monlau.com\/eso-batxillerat\/2019\/04\/23\/sant-jordi-2019-solidaritat-somostuola\/#article\",\"isPartOf\":{\"@id\":\"https:\/\/www.monlau.com\/eso-batxillerat\/2019\/04\/23\/sant-jordi-2019-solidaritat-somostuola\/\"},\"author\":{\"name\":\"adsmurai\",\"@id\":\"https:\/\/www.monlau.com\/eso-batxillerat\/#\/schema\/person\/419cfdf054323e24e0a2ef1d8597f051\"},\"headline\":\"Aquest any destinem els beneficis de la venda de Sant Jordi al projecte &#8220;Palante con Sarah&#8221;\",\"datePublished\":\"2019-04-22T22:00:00+00:00\",\"dateModified\":\"2026-03-10T09:53:37+00:00\",\"mainEntityOfPage\":{\"@id\":\"https:\/\/www.monlau.com\/eso-batxillerat\/2019\/04\/23\/sant-jordi-2019-solidaritat-somostuola\/\"},\"wordCount\":259,\"publisher\":{\"@id\":\"https:\/\/www.monlau.com\/eso-batxillerat\/#organization\"},\"image\":{\"@id\":\"https:\/\/www.monlau.com\/eso-batxillerat\/2019\/04\/23\/sant-jordi-2019-solidaritat-somostuola\/#primaryimage\"},\"thumbnailUrl\":\"https:\/\/www.monlau.com\/app\/uploads\/sites\/2\/2026\/03\/Pulsera-4.jpg\",\"keywords\":[\"Llibres\",\"Palante con Sarah\",\"Roses\",\"Sant Jordi\",\"Solidaritat\",\"Somos Tu Ola\"],\"articleSection\":[\"Batxillerat\",\"ESO\"],\"inLanguage\":\"ca\"},{\"@type\":\"WebPage\",\"@id\":\"https:\/\/www.monlau.com\/eso-batxillerat\/2019\/04\/23\/sant-jordi-2019-solidaritat-somostuola\/\",\"url\":\"https:\/\/www.monlau.com\/eso-batxillerat\/2019\/04\/23\/sant-jordi-2019-solidaritat-somostuola\/\",\"name\":\"Aquest any destinem els beneficis de la venda de Sant Jordi al projecte \\\"Palante con Sarah\\\" - Eso Batx\",\"isPartOf\":{\"@id\":\"https:\/\/www.monlau.com\/eso-batxillerat\/#website\"},\"primaryImageOfPage\":{\"@id\":\"https:\/\/www.monlau.com\/eso-batxillerat\/2019\/04\/23\/sant-jordi-2019-solidaritat-somostuola\/#primaryimage\"},\"image\":{\"@id\":\"https:\/\/www.monlau.com\/eso-batxillerat\/2019\/04\/23\/sant-jordi-2019-solidaritat-somostuola\/#primaryimage\"},\"thumbnailUrl\":\"https:\/\/www.monlau.com\/app\/uploads\/sites\/2\/2026\/03\/Pulsera-4.jpg\",\"datePublished\":\"2019-04-22T22:00:00+00:00\",\"dateModified\":\"2026-03-10T09:53:37+00:00\",\"breadcrumb\":{\"@id\":\"https:\/\/www.monlau.com\/eso-batxillerat\/2019\/04\/23\/sant-jordi-2019-solidaritat-somostuola\/#breadcrumb\"},\"inLanguage\":\"ca\",\"potentialAction\":[{\"@type\":\"ReadAction\",\"target\":[\"https:\/\/www.monlau.com\/eso-batxillerat\/2019\/04\/23\/sant-jordi-2019-solidaritat-somostuola\/\"]}]},{\"@type\":\"ImageObject\",\"inLanguage\":\"ca\",\"@id\":\"https:\/\/www.monlau.com\/eso-batxillerat\/2019\/04\/23\/sant-jordi-2019-solidaritat-somostuola\/#primaryimage\",\"url\":\"https:\/\/www.monlau.com\/app\/uploads\/sites\/2\/2026\/03\/Pulsera-4.jpg\",\"contentUrl\":\"https:\/\/www.monlau.com\/app\/uploads\/sites\/2\/2026\/03\/Pulsera-4.jpg\",\"width\":1440,\"height\":1080},{\"@type\":\"BreadcrumbList\",\"@id\":\"https:\/\/www.monlau.com\/eso-batxillerat\/2019\/04\/23\/sant-jordi-2019-solidaritat-somostuola\/#breadcrumb\",\"itemListElement\":[{\"@type\":\"ListItem\",\"position\":1,\"name\":\"Inici\",\"item\":\"https:\/\/www.monlau.com\/eso-batxillerat\/\"},{\"@type\":\"ListItem\",\"position\":2,\"name\":\"Aquest any destinem els beneficis de la venda de Sant Jordi al projecte \u00abPalante con Sarah\u00bb\"}]},{\"@type\":\"WebSite\",\"@id\":\"https:\/\/www.monlau.com\/eso-batxillerat\/#website\",\"url\":\"https:\/\/www.monlau.com\/eso-batxillerat\/\",\"name\":\"Eso Batx\",\"description\":\"\",\"publisher\":{\"@id\":\"https:\/\/www.monlau.com\/eso-batxillerat\/#organization\"},\"potentialAction\":[{\"@type\":\"SearchAction\",\"target\":{\"@type\":\"EntryPoint\",\"urlTemplate\":\"https:\/\/www.monlau.com\/eso-batxillerat\/?s={search_term_string}\"},\"query-input\":{\"@type\":\"PropertyValueSpecification\",\"valueRequired\":true,\"valueName\":\"search_term_string\"}}],\"inLanguage\":\"ca\"},{\"@type\":\"Organization\",\"@id\":\"https:\/\/www.monlau.com\/eso-batxillerat\/#organization\",\"name\":\"Eso Batx\",\"url\":\"https:\/\/www.monlau.com\/eso-batxillerat\/\",\"logo\":{\"@type\":\"ImageObject\",\"inLanguage\":\"ca\",\"@id\":\"https:\/\/www.monlau.com\/eso-batxillerat\/#\/schema\/logo\/image\/\",\"url\":\"https:\/\/www.monlau.com\/app\/uploads\/sites\/2\/2025\/12\/logomoneso.png\",\"contentUrl\":\"https:\/\/www.monlau.com\/app\/uploads\/sites\/2\/2025\/12\/logomoneso.png\",\"width\":160,\"height\":160,\"caption\":\"Eso Batx\"},\"image\":{\"@id\":\"https:\/\/www.monlau.com\/eso-batxillerat\/#\/schema\/logo\/image\/\"}},{\"@type\":\"Person\",\"@id\":\"https:\/\/www.monlau.com\/eso-batxillerat\/#\/schema\/person\/419cfdf054323e24e0a2ef1d8597f051\",\"name\":\"adsmurai\",\"image\":{\"@type\":\"ImageObject\",\"inLanguage\":\"ca\",\"@id\":\"https:\/\/secure.gravatar.com\/avatar\/0748788578f91786454454fa3b4c295644edb991ad6caadc70b41d26790d38fc?s=96&d=mm&r=g\",\"url\":\"https:\/\/secure.gravatar.com\/avatar\/0748788578f91786454454fa3b4c295644edb991ad6caadc70b41d26790d38fc?s=96&d=mm&r=g\",\"contentUrl\":\"https:\/\/secure.gravatar.com\/avatar\/0748788578f91786454454fa3b4c295644edb991ad6caadc70b41d26790d38fc?s=96&d=mm&r=g\",\"caption\":\"adsmurai\"},\"sameAs\":[\"https:\/\/www.monlau.com\"],\"url\":\"https:\/\/www.monlau.com\/eso-batxillerat\/author\/adsmurai\/\"}]}<\/script>\n<!-- \/ Yoast SEO plugin. -->","yoast_head_json":{"title":"Aquest any destinem els beneficis de la venda de Sant Jordi al projecte \"Palante con Sarah\" - Eso Batx","robots":{"index":"index","follow":"follow","max-snippet":"max-snippet:-1","max-image-preview":"max-image-preview:large","max-video-preview":"max-video-preview:-1"},"canonical":"https:\/\/www.monlau.com\/eso-batxillerat\/2019\/04\/23\/sant-jordi-2019-solidaritat-somostuola\/","og_locale":"ca_ES","og_type":"article","og_title":"Aquest any destinem els beneficis de la venda de Sant Jordi al projecte \"Palante con Sarah\" - Eso Batx","og_description":"Com cada any, els alumnes de 3r de l&#8217;ESO organitzen el dia de Sant Jordi que celebrem avui 23 d&#8217;abril. Aquest any, la novetat \u00e9s que els beneficis recaptats per la venda de llibres i de roses aniran destinats al projecte Palante con Sarah de l&#8217;associaci\u00f3 Somos Tu Ola. La Sarah \u00e9s una noia de [&hellip;]","og_url":"https:\/\/www.monlau.com\/eso-batxillerat\/2019\/04\/23\/sant-jordi-2019-solidaritat-somostuola\/","og_site_name":"Eso Batx","article_published_time":"2019-04-22T22:00:00+00:00","article_modified_time":"2026-03-10T09:53:37+00:00","og_image":[{"width":1440,"height":1080,"url":"https:\/\/www.monlau.com\/app\/uploads\/sites\/2\/2026\/03\/Pulsera-4.jpg","type":"image\/jpeg"}],"author":"adsmurai","twitter_card":"summary_large_image","twitter_misc":{"Escrit per":"adsmurai","Temps estimat de lectura":"1 minut"},"schema":{"@context":"https:\/\/schema.org","@graph":[{"@type":"Article","@id":"https:\/\/www.monlau.com\/eso-batxillerat\/2019\/04\/23\/sant-jordi-2019-solidaritat-somostuola\/#article","isPartOf":{"@id":"https:\/\/www.monlau.com\/eso-batxillerat\/2019\/04\/23\/sant-jordi-2019-solidaritat-somostuola\/"},"author":{"name":"adsmurai","@id":"https:\/\/www.monlau.com\/eso-batxillerat\/#\/schema\/person\/419cfdf054323e24e0a2ef1d8597f051"},"headline":"Aquest any destinem els beneficis de la venda de Sant Jordi al projecte &#8220;Palante con Sarah&#8221;","datePublished":"2019-04-22T22:00:00+00:00","dateModified":"2026-03-10T09:53:37+00:00","mainEntityOfPage":{"@id":"https:\/\/www.monlau.com\/eso-batxillerat\/2019\/04\/23\/sant-jordi-2019-solidaritat-somostuola\/"},"wordCount":259,"publisher":{"@id":"https:\/\/www.monlau.com\/eso-batxillerat\/#organization"},"image":{"@id":"https:\/\/www.monlau.com\/eso-batxillerat\/2019\/04\/23\/sant-jordi-2019-solidaritat-somostuola\/#primaryimage"},"thumbnailUrl":"https:\/\/www.monlau.com\/app\/uploads\/sites\/2\/2026\/03\/Pulsera-4.jpg","keywords":["Llibres","Palante con Sarah","Roses","Sant Jordi","Solidaritat","Somos Tu Ola"],"articleSection":["Batxillerat","ESO"],"inLanguage":"ca"},{"@type":"WebPage","@id":"https:\/\/www.monlau.com\/eso-batxillerat\/2019\/04\/23\/sant-jordi-2019-solidaritat-somostuola\/","url":"https:\/\/www.monlau.com\/eso-batxillerat\/2019\/04\/23\/sant-jordi-2019-solidaritat-somostuola\/","name":"Aquest any destinem els beneficis de la venda de Sant Jordi al projecte \"Palante con Sarah\" - Eso Batx","isPartOf":{"@id":"https:\/\/www.monlau.com\/eso-batxillerat\/#website"},"primaryImageOfPage":{"@id":"https:\/\/www.monlau.com\/eso-batxillerat\/2019\/04\/23\/sant-jordi-2019-solidaritat-somostuola\/#primaryimage"},"image":{"@id":"https:\/\/www.monlau.com\/eso-batxillerat\/2019\/04\/23\/sant-jordi-2019-solidaritat-somostuola\/#primaryimage"},"thumbnailUrl":"https:\/\/www.monlau.com\/app\/uploads\/sites\/2\/2026\/03\/Pulsera-4.jpg","datePublished":"2019-04-22T22:00:00+00:00","dateModified":"2026-03-10T09:53:37+00:00","breadcrumb":{"@id":"https:\/\/www.monlau.com\/eso-batxillerat\/2019\/04\/23\/sant-jordi-2019-solidaritat-somostuola\/#breadcrumb"},"inLanguage":"ca","potentialAction":[{"@type":"ReadAction","target":["https:\/\/www.monlau.com\/eso-batxillerat\/2019\/04\/23\/sant-jordi-2019-solidaritat-somostuola\/"]}]},{"@type":"ImageObject","inLanguage":"ca","@id":"https:\/\/www.monlau.com\/eso-batxillerat\/2019\/04\/23\/sant-jordi-2019-solidaritat-somostuola\/#primaryimage","url":"https:\/\/www.monlau.com\/app\/uploads\/sites\/2\/2026\/03\/Pulsera-4.jpg","contentUrl":"https:\/\/www.monlau.com\/app\/uploads\/sites\/2\/2026\/03\/Pulsera-4.jpg","width":1440,"height":1080},{"@type":"BreadcrumbList","@id":"https:\/\/www.monlau.com\/eso-batxillerat\/2019\/04\/23\/sant-jordi-2019-solidaritat-somostuola\/#breadcrumb","itemListElement":[{"@type":"ListItem","position":1,"name":"Inici","item":"https:\/\/www.monlau.com\/eso-batxillerat\/"},{"@type":"ListItem","position":2,"name":"Aquest any destinem els beneficis de la venda de Sant Jordi al projecte \u00abPalante con Sarah\u00bb"}]},{"@type":"WebSite","@id":"https:\/\/www.monlau.com\/eso-batxillerat\/#website","url":"https:\/\/www.monlau.com\/eso-batxillerat\/","name":"Eso Batx","description":"","publisher":{"@id":"https:\/\/www.monlau.com\/eso-batxillerat\/#organization"},"potentialAction":[{"@type":"SearchAction","target":{"@type":"EntryPoint","urlTemplate":"https:\/\/www.monlau.com\/eso-batxillerat\/?s={search_term_string}"},"query-input":{"@type":"PropertyValueSpecification","valueRequired":true,"valueName":"search_term_string"}}],"inLanguage":"ca"},{"@type":"Organization","@id":"https:\/\/www.monlau.com\/eso-batxillerat\/#organization","name":"Eso Batx","url":"https:\/\/www.monlau.com\/eso-batxillerat\/","logo":{"@type":"ImageObject","inLanguage":"ca","@id":"https:\/\/www.monlau.com\/eso-batxillerat\/#\/schema\/logo\/image\/","url":"https:\/\/www.monlau.com\/app\/uploads\/sites\/2\/2025\/12\/logomoneso.png","contentUrl":"https:\/\/www.monlau.com\/app\/uploads\/sites\/2\/2025\/12\/logomoneso.png","width":160,"height":160,"caption":"Eso Batx"},"image":{"@id":"https:\/\/www.monlau.com\/eso-batxillerat\/#\/schema\/logo\/image\/"}},{"@type":"Person","@id":"https:\/\/www.monlau.com\/eso-batxillerat\/#\/schema\/person\/419cfdf054323e24e0a2ef1d8597f051","name":"adsmurai","image":{"@type":"ImageObject","inLanguage":"ca","@id":"https:\/\/secure.gravatar.com\/avatar\/0748788578f91786454454fa3b4c295644edb991ad6caadc70b41d26790d38fc?s=96&d=mm&r=g","url":"https:\/\/secure.gravatar.com\/avatar\/0748788578f91786454454fa3b4c295644edb991ad6caadc70b41d26790d38fc?s=96&d=mm&r=g","contentUrl":"https:\/\/secure.gravatar.com\/avatar\/0748788578f91786454454fa3b4c295644edb991ad6caadc70b41d26790d38fc?s=96&d=mm&r=g","caption":"adsmurai"},"sameAs":["https:\/\/www.monlau.com"],"url":"https:\/\/www.monlau.com\/eso-batxillerat\/author\/adsmurai\/"}]}},"_links":{"self":[{"href":"https:\/\/www.monlau.com\/eso-batxillerat\/wp-json\/wp\/v2\/posts\/1245","targetHints":{"allow":["GET"]}}],"collection":[{"href":"https:\/\/www.monlau.com\/eso-batxillerat\/wp-json\/wp\/v2\/posts"}],"about":[{"href":"https:\/\/www.monlau.com\/eso-batxillerat\/wp-json\/wp\/v2\/types\/post"}],"author":[{"embeddable":true,"href":"https:\/\/www.monlau.com\/eso-batxillerat\/wp-json\/wp\/v2\/users\/1"}],"replies":[{"embeddable":true,"href":"https:\/\/www.monlau.com\/eso-batxillerat\/wp-json\/wp\/v2\/comments?post=1245"}],"version-history":[{"count":1,"href":"https:\/\/www.monlau.com\/eso-batxillerat\/wp-json\/wp\/v2\/posts\/1245\/revisions"}],"predecessor-version":[{"id":1574,"href":"https:\/\/www.monlau.com\/eso-batxillerat\/wp-json\/wp\/v2\/posts\/1245\/revisions\/1574"}],"wp:featuredmedia":[{"embeddable":true,"href":"https:\/\/www.monlau.com\/eso-batxillerat\/wp-json\/wp\/v2\/media\/1006"}],"wp:attachment":[{"href":"https:\/\/www.monlau.com\/eso-batxillerat\/wp-json\/wp\/v2\/media?parent=1245"}],"wp:term":[{"taxonomy":"category","embeddable":true,"href":"https:\/\/www.monlau.com\/eso-batxillerat\/wp-json\/wp\/v2\/categories?post=1245"},{"taxonomy":"post_tag","embeddable":true,"href":"https:\/\/www.monlau.com\/eso-batxillerat\/wp-json\/wp\/v2\/tags?post=1245"}],"curies":[{"name":"wp","href":"https:\/\/api.w.org\/{rel}","templated":true}]}}