{"id":1243,"date":"2019-01-28T00:00:00","date_gmt":"2019-01-27T23:00:00","guid":{"rendered":"https:\/\/www.monlau.com\/eso-batxillerat\/dos-anys-de-canvi-cap-a-la-maduresa-intellectual-i-emocional\/"},"modified":"2026-03-10T10:53:38","modified_gmt":"2026-03-10T09:53:38","slug":"dos-anys-de-canvi-cap-a-la-maduresa-intellectual-i-emocional","status":"publish","type":"post","link":"https:\/\/www.monlau.com\/eso-batxillerat\/2019\/01\/28\/dos-anys-de-canvi-cap-a-la-maduresa-intellectual-i-emocional\/","title":{"rendered":"Dos anys de canvi: Cap a la maduresa intel\u00b7lectual i emocional"},"content":{"rendered":"<p>La maduresa intel\u00b7lectual \u00e9s un concepte significat del qual ha estat estretament relacionat amb els diferents moments hist\u00f2rics pels qu\u00e8 ha travessat la humanitat. Amb aquesta afirmaci\u00f3 volem dir, que no hi ha una idea immutable del que significa maduresa intel\u00b7lectual sin\u00f3 m\u00e9s aviat un significat que es va perfilant a mesura que la societat mostra les seves necessitats i les seves aspiracions.<\/p>\n<p>Emparant-nos en aquesta evid\u00e8ncia, vam iniciar fa uns anys un proc\u00e9s de reflexi\u00f3, formaci\u00f3 i experimentaci\u00f3, relacionat amb els objectius \u00faltims dels ensenyaments i els aprenentatges. Un proc\u00e9s que va culminar en el disseny i posada en escena del Projecte Coneixement.<\/p>\n<p>Els resultats no han trigat a apar\u00e8ixer i hem pogut confirmar que anem pel cam\u00ed correcte. La maduresa intel\u00b7lectual que ens demana aquests moments hist\u00f2rics exigeix aprenentatges actius en qu\u00e8 les compet\u00e8ncies i els talents es desenvolupin en un clima favorable, amb una mirada transversal i interdisciplin\u00e0ria sobre el coneixement, amb un paper actiu dels nostres alumnes, amb potents suports tecnol\u00f2gics i en un clima c\u00e0lid, afectu\u00f3s i amb altes dosis de motivaci\u00f3.<\/p>\n<p>El resultat ens mostra un model de coneixement en qu\u00e8 la maduresa intel\u00b7lectual viatja en companyia de l&#8217;emocional, formant una combinaci\u00f3 que garanteix que els nostres alumnes experimentin uns aprenentatges susceptibles de contribuir, en m\u00faltiples maneres, a un futur del que, actualment, desconeixem les seves demandes.<\/p>\n<h4>Sonia Mendiola<\/h4>\n<p>Cap d&#8217;ESO i Batxillerat<\/p>\n","protected":false},"excerpt":{"rendered":"<p>La maduresa intel\u00b7lectual \u00e9s un concepte significat del qual ha estat estretament relacionat amb els diferents moments hist\u00f2rics pels qu\u00e8 ha travessat la humanitat. Amb aquesta afirmaci\u00f3 volem dir, que no hi ha una idea immutable del que significa maduresa intel\u00b7lectual sin\u00f3 m\u00e9s aviat un significat que es va perfilant a mesura que la societat [&hellip;]<\/p>\n","protected":false},"author":2,"featured_media":1244,"comment_status":"closed","ping_status":"closed","sticky":false,"template":"","format":"standard","meta":{"footnotes":""},"categories":[144],"tags":[],"class_list":["post-1243","post","type-post","status-publish","format-standard","has-post-thumbnail","hentry","category-batxillerat"],"yoast_head":"<!-- This site is optimized with the Yoast SEO plugin v27.2 - https:\/\/yoast.com\/product\/yoast-seo-wordpress\/ -->\n<title>Dos anys de canvi: Cap a la maduresa intel\u00b7lectual i emocional - Eso Batx<\/title>\n<meta name=\"robots\" content=\"index, follow, max-snippet:-1, max-image-preview:large, max-video-preview:-1\" \/>\n<link rel=\"canonical\" href=\"https:\/\/www.monlau.com\/eso-batxillerat\/2019\/01\/28\/dos-anys-de-canvi-cap-a-la-maduresa-intellectual-i-emocional\/\" \/>\n<meta property=\"og:locale\" content=\"ca_ES\" \/>\n<meta property=\"og:type\" content=\"article\" \/>\n<meta property=\"og:title\" content=\"Dos anys de canvi: Cap a la maduresa intel\u00b7lectual i emocional - Eso Batx\" \/>\n<meta property=\"og:description\" content=\"La maduresa intel\u00b7lectual \u00e9s un concepte significat del qual ha estat estretament relacionat amb els diferents moments hist\u00f2rics pels qu\u00e8 ha travessat la humanitat. Amb aquesta afirmaci\u00f3 volem dir, que no hi ha una idea immutable del que significa maduresa intel\u00b7lectual sin\u00f3 m\u00e9s aviat un significat que es va perfilant a mesura que la societat [&hellip;]\" \/>\n<meta property=\"og:url\" content=\"https:\/\/www.monlau.com\/eso-batxillerat\/2019\/01\/28\/dos-anys-de-canvi-cap-a-la-maduresa-intellectual-i-emocional\/\" \/>\n<meta property=\"og:site_name\" content=\"Eso Batx\" \/>\n<meta property=\"article:published_time\" content=\"2019-01-27T23:00:00+00:00\" \/>\n<meta property=\"article:modified_time\" content=\"2026-03-10T09:53:38+00:00\" \/>\n<meta property=\"og:image\" content=\"https:\/\/www.monlau.com\/app\/uploads\/sites\/2\/2026\/03\/SAGRERA-1177.jpg\" \/>\n\t<meta property=\"og:image:width\" content=\"1152\" \/>\n\t<meta property=\"og:image:height\" content=\"768\" \/>\n\t<meta property=\"og:image:type\" content=\"image\/jpeg\" \/>\n<meta name=\"author\" content=\"monlauuser\" \/>\n<meta name=\"twitter:card\" content=\"summary_large_image\" \/>\n<meta name=\"twitter:label1\" content=\"Escrit per\" \/>\n\t<meta name=\"twitter:data1\" content=\"monlauuser\" \/>\n\t<meta name=\"twitter:label2\" content=\"Temps estimat de lectura\" \/>\n\t<meta name=\"twitter:data2\" content=\"1 minut\" \/>\n<script type=\"application\/ld+json\" class=\"yoast-schema-graph\">{\"@context\":\"https:\/\/schema.org\",\"@graph\":[{\"@type\":\"Article\",\"@id\":\"https:\/\/www.monlau.com\/eso-batxillerat\/2019\/01\/28\/dos-anys-de-canvi-cap-a-la-maduresa-intellectual-i-emocional\/#article\",\"isPartOf\":{\"@id\":\"https:\/\/www.monlau.com\/eso-batxillerat\/2019\/01\/28\/dos-anys-de-canvi-cap-a-la-maduresa-intellectual-i-emocional\/\"},\"author\":{\"name\":\"monlauuser\",\"@id\":\"https:\/\/www.monlau.com\/eso-batxillerat\/#\/schema\/person\/419630ffac9ae08417c894a53e55910c\"},\"headline\":\"Dos anys de canvi: Cap a la maduresa intel\u00b7lectual i emocional\",\"datePublished\":\"2019-01-27T23:00:00+00:00\",\"dateModified\":\"2026-03-10T09:53:38+00:00\",\"mainEntityOfPage\":{\"@id\":\"https:\/\/www.monlau.com\/eso-batxillerat\/2019\/01\/28\/dos-anys-de-canvi-cap-a-la-maduresa-intellectual-i-emocional\/\"},\"wordCount\":260,\"publisher\":{\"@id\":\"https:\/\/www.monlau.com\/eso-batxillerat\/#organization\"},\"image\":{\"@id\":\"https:\/\/www.monlau.com\/eso-batxillerat\/2019\/01\/28\/dos-anys-de-canvi-cap-a-la-maduresa-intellectual-i-emocional\/#primaryimage\"},\"thumbnailUrl\":\"https:\/\/www.monlau.com\/app\/uploads\/sites\/2\/2026\/03\/SAGRERA-1177.jpg\",\"articleSection\":[\"Batxillerat\"],\"inLanguage\":\"ca\"},{\"@type\":\"WebPage\",\"@id\":\"https:\/\/www.monlau.com\/eso-batxillerat\/2019\/01\/28\/dos-anys-de-canvi-cap-a-la-maduresa-intellectual-i-emocional\/\",\"url\":\"https:\/\/www.monlau.com\/eso-batxillerat\/2019\/01\/28\/dos-anys-de-canvi-cap-a-la-maduresa-intellectual-i-emocional\/\",\"name\":\"Dos anys de canvi: Cap a la maduresa intel\u00b7lectual i emocional - Eso Batx\",\"isPartOf\":{\"@id\":\"https:\/\/www.monlau.com\/eso-batxillerat\/#website\"},\"primaryImageOfPage\":{\"@id\":\"https:\/\/www.monlau.com\/eso-batxillerat\/2019\/01\/28\/dos-anys-de-canvi-cap-a-la-maduresa-intellectual-i-emocional\/#primaryimage\"},\"image\":{\"@id\":\"https:\/\/www.monlau.com\/eso-batxillerat\/2019\/01\/28\/dos-anys-de-canvi-cap-a-la-maduresa-intellectual-i-emocional\/#primaryimage\"},\"thumbnailUrl\":\"https:\/\/www.monlau.com\/app\/uploads\/sites\/2\/2026\/03\/SAGRERA-1177.jpg\",\"datePublished\":\"2019-01-27T23:00:00+00:00\",\"dateModified\":\"2026-03-10T09:53:38+00:00\",\"breadcrumb\":{\"@id\":\"https:\/\/www.monlau.com\/eso-batxillerat\/2019\/01\/28\/dos-anys-de-canvi-cap-a-la-maduresa-intellectual-i-emocional\/#breadcrumb\"},\"inLanguage\":\"ca\",\"potentialAction\":[{\"@type\":\"ReadAction\",\"target\":[\"https:\/\/www.monlau.com\/eso-batxillerat\/2019\/01\/28\/dos-anys-de-canvi-cap-a-la-maduresa-intellectual-i-emocional\/\"]}]},{\"@type\":\"ImageObject\",\"inLanguage\":\"ca\",\"@id\":\"https:\/\/www.monlau.com\/eso-batxillerat\/2019\/01\/28\/dos-anys-de-canvi-cap-a-la-maduresa-intellectual-i-emocional\/#primaryimage\",\"url\":\"https:\/\/www.monlau.com\/app\/uploads\/sites\/2\/2026\/03\/SAGRERA-1177.jpg\",\"contentUrl\":\"https:\/\/www.monlau.com\/app\/uploads\/sites\/2\/2026\/03\/SAGRERA-1177.jpg\",\"width\":1152,\"height\":768},{\"@type\":\"BreadcrumbList\",\"@id\":\"https:\/\/www.monlau.com\/eso-batxillerat\/2019\/01\/28\/dos-anys-de-canvi-cap-a-la-maduresa-intellectual-i-emocional\/#breadcrumb\",\"itemListElement\":[{\"@type\":\"ListItem\",\"position\":1,\"name\":\"Inici\",\"item\":\"https:\/\/www.monlau.com\/eso-batxillerat\/\"},{\"@type\":\"ListItem\",\"position\":2,\"name\":\"Dos anys de canvi: Cap a la maduresa intel\u00b7lectual i emocional\"}]},{\"@type\":\"WebSite\",\"@id\":\"https:\/\/www.monlau.com\/eso-batxillerat\/#website\",\"url\":\"https:\/\/www.monlau.com\/eso-batxillerat\/\",\"name\":\"Eso Batx\",\"description\":\"\",\"publisher\":{\"@id\":\"https:\/\/www.monlau.com\/eso-batxillerat\/#organization\"},\"potentialAction\":[{\"@type\":\"SearchAction\",\"target\":{\"@type\":\"EntryPoint\",\"urlTemplate\":\"https:\/\/www.monlau.com\/eso-batxillerat\/?s={search_term_string}\"},\"query-input\":{\"@type\":\"PropertyValueSpecification\",\"valueRequired\":true,\"valueName\":\"search_term_string\"}}],\"inLanguage\":\"ca\"},{\"@type\":\"Organization\",\"@id\":\"https:\/\/www.monlau.com\/eso-batxillerat\/#organization\",\"name\":\"Eso Batx\",\"url\":\"https:\/\/www.monlau.com\/eso-batxillerat\/\",\"logo\":{\"@type\":\"ImageObject\",\"inLanguage\":\"ca\",\"@id\":\"https:\/\/www.monlau.com\/eso-batxillerat\/#\/schema\/logo\/image\/\",\"url\":\"https:\/\/www.monlau.com\/app\/uploads\/sites\/2\/2025\/12\/logomoneso.png\",\"contentUrl\":\"https:\/\/www.monlau.com\/app\/uploads\/sites\/2\/2025\/12\/logomoneso.png\",\"width\":160,\"height\":160,\"caption\":\"Eso Batx\"},\"image\":{\"@id\":\"https:\/\/www.monlau.com\/eso-batxillerat\/#\/schema\/logo\/image\/\"}},{\"@type\":\"Person\",\"@id\":\"https:\/\/www.monlau.com\/eso-batxillerat\/#\/schema\/person\/419630ffac9ae08417c894a53e55910c\",\"name\":\"monlauuser\",\"image\":{\"@type\":\"ImageObject\",\"inLanguage\":\"ca\",\"@id\":\"https:\/\/secure.gravatar.com\/avatar\/ab9c6e5fc6872da09790b5919f6edfdffde75802c06338ac68a484f8e7813f81?s=96&d=mm&r=g\",\"url\":\"https:\/\/secure.gravatar.com\/avatar\/ab9c6e5fc6872da09790b5919f6edfdffde75802c06338ac68a484f8e7813f81?s=96&d=mm&r=g\",\"contentUrl\":\"https:\/\/secure.gravatar.com\/avatar\/ab9c6e5fc6872da09790b5919f6edfdffde75802c06338ac68a484f8e7813f81?s=96&d=mm&r=g\",\"caption\":\"monlauuser\"},\"url\":\"https:\/\/www.monlau.com\/eso-batxillerat\/author\/monlauuser\/\"}]}<\/script>\n<!-- \/ Yoast SEO plugin. -->","yoast_head_json":{"title":"Dos anys de canvi: Cap a la maduresa intel\u00b7lectual i emocional - Eso Batx","robots":{"index":"index","follow":"follow","max-snippet":"max-snippet:-1","max-image-preview":"max-image-preview:large","max-video-preview":"max-video-preview:-1"},"canonical":"https:\/\/www.monlau.com\/eso-batxillerat\/2019\/01\/28\/dos-anys-de-canvi-cap-a-la-maduresa-intellectual-i-emocional\/","og_locale":"ca_ES","og_type":"article","og_title":"Dos anys de canvi: Cap a la maduresa intel\u00b7lectual i emocional - Eso Batx","og_description":"La maduresa intel\u00b7lectual \u00e9s un concepte significat del qual ha estat estretament relacionat amb els diferents moments hist\u00f2rics pels qu\u00e8 ha travessat la humanitat. Amb aquesta afirmaci\u00f3 volem dir, que no hi ha una idea immutable del que significa maduresa intel\u00b7lectual sin\u00f3 m\u00e9s aviat un significat que es va perfilant a mesura que la societat [&hellip;]","og_url":"https:\/\/www.monlau.com\/eso-batxillerat\/2019\/01\/28\/dos-anys-de-canvi-cap-a-la-maduresa-intellectual-i-emocional\/","og_site_name":"Eso Batx","article_published_time":"2019-01-27T23:00:00+00:00","article_modified_time":"2026-03-10T09:53:38+00:00","og_image":[{"width":1152,"height":768,"url":"https:\/\/www.monlau.com\/app\/uploads\/sites\/2\/2026\/03\/SAGRERA-1177.jpg","type":"image\/jpeg"}],"author":"monlauuser","twitter_card":"summary_large_image","twitter_misc":{"Escrit per":"monlauuser","Temps estimat de lectura":"1 minut"},"schema":{"@context":"https:\/\/schema.org","@graph":[{"@type":"Article","@id":"https:\/\/www.monlau.com\/eso-batxillerat\/2019\/01\/28\/dos-anys-de-canvi-cap-a-la-maduresa-intellectual-i-emocional\/#article","isPartOf":{"@id":"https:\/\/www.monlau.com\/eso-batxillerat\/2019\/01\/28\/dos-anys-de-canvi-cap-a-la-maduresa-intellectual-i-emocional\/"},"author":{"name":"monlauuser","@id":"https:\/\/www.monlau.com\/eso-batxillerat\/#\/schema\/person\/419630ffac9ae08417c894a53e55910c"},"headline":"Dos anys de canvi: Cap a la maduresa intel\u00b7lectual i emocional","datePublished":"2019-01-27T23:00:00+00:00","dateModified":"2026-03-10T09:53:38+00:00","mainEntityOfPage":{"@id":"https:\/\/www.monlau.com\/eso-batxillerat\/2019\/01\/28\/dos-anys-de-canvi-cap-a-la-maduresa-intellectual-i-emocional\/"},"wordCount":260,"publisher":{"@id":"https:\/\/www.monlau.com\/eso-batxillerat\/#organization"},"image":{"@id":"https:\/\/www.monlau.com\/eso-batxillerat\/2019\/01\/28\/dos-anys-de-canvi-cap-a-la-maduresa-intellectual-i-emocional\/#primaryimage"},"thumbnailUrl":"https:\/\/www.monlau.com\/app\/uploads\/sites\/2\/2026\/03\/SAGRERA-1177.jpg","articleSection":["Batxillerat"],"inLanguage":"ca"},{"@type":"WebPage","@id":"https:\/\/www.monlau.com\/eso-batxillerat\/2019\/01\/28\/dos-anys-de-canvi-cap-a-la-maduresa-intellectual-i-emocional\/","url":"https:\/\/www.monlau.com\/eso-batxillerat\/2019\/01\/28\/dos-anys-de-canvi-cap-a-la-maduresa-intellectual-i-emocional\/","name":"Dos anys de canvi: Cap a la maduresa intel\u00b7lectual i emocional - Eso Batx","isPartOf":{"@id":"https:\/\/www.monlau.com\/eso-batxillerat\/#website"},"primaryImageOfPage":{"@id":"https:\/\/www.monlau.com\/eso-batxillerat\/2019\/01\/28\/dos-anys-de-canvi-cap-a-la-maduresa-intellectual-i-emocional\/#primaryimage"},"image":{"@id":"https:\/\/www.monlau.com\/eso-batxillerat\/2019\/01\/28\/dos-anys-de-canvi-cap-a-la-maduresa-intellectual-i-emocional\/#primaryimage"},"thumbnailUrl":"https:\/\/www.monlau.com\/app\/uploads\/sites\/2\/2026\/03\/SAGRERA-1177.jpg","datePublished":"2019-01-27T23:00:00+00:00","dateModified":"2026-03-10T09:53:38+00:00","breadcrumb":{"@id":"https:\/\/www.monlau.com\/eso-batxillerat\/2019\/01\/28\/dos-anys-de-canvi-cap-a-la-maduresa-intellectual-i-emocional\/#breadcrumb"},"inLanguage":"ca","potentialAction":[{"@type":"ReadAction","target":["https:\/\/www.monlau.com\/eso-batxillerat\/2019\/01\/28\/dos-anys-de-canvi-cap-a-la-maduresa-intellectual-i-emocional\/"]}]},{"@type":"ImageObject","inLanguage":"ca","@id":"https:\/\/www.monlau.com\/eso-batxillerat\/2019\/01\/28\/dos-anys-de-canvi-cap-a-la-maduresa-intellectual-i-emocional\/#primaryimage","url":"https:\/\/www.monlau.com\/app\/uploads\/sites\/2\/2026\/03\/SAGRERA-1177.jpg","contentUrl":"https:\/\/www.monlau.com\/app\/uploads\/sites\/2\/2026\/03\/SAGRERA-1177.jpg","width":1152,"height":768},{"@type":"BreadcrumbList","@id":"https:\/\/www.monlau.com\/eso-batxillerat\/2019\/01\/28\/dos-anys-de-canvi-cap-a-la-maduresa-intellectual-i-emocional\/#breadcrumb","itemListElement":[{"@type":"ListItem","position":1,"name":"Inici","item":"https:\/\/www.monlau.com\/eso-batxillerat\/"},{"@type":"ListItem","position":2,"name":"Dos anys de canvi: Cap a la maduresa intel\u00b7lectual i emocional"}]},{"@type":"WebSite","@id":"https:\/\/www.monlau.com\/eso-batxillerat\/#website","url":"https:\/\/www.monlau.com\/eso-batxillerat\/","name":"Eso Batx","description":"","publisher":{"@id":"https:\/\/www.monlau.com\/eso-batxillerat\/#organization"},"potentialAction":[{"@type":"SearchAction","target":{"@type":"EntryPoint","urlTemplate":"https:\/\/www.monlau.com\/eso-batxillerat\/?s={search_term_string}"},"query-input":{"@type":"PropertyValueSpecification","valueRequired":true,"valueName":"search_term_string"}}],"inLanguage":"ca"},{"@type":"Organization","@id":"https:\/\/www.monlau.com\/eso-batxillerat\/#organization","name":"Eso Batx","url":"https:\/\/www.monlau.com\/eso-batxillerat\/","logo":{"@type":"ImageObject","inLanguage":"ca","@id":"https:\/\/www.monlau.com\/eso-batxillerat\/#\/schema\/logo\/image\/","url":"https:\/\/www.monlau.com\/app\/uploads\/sites\/2\/2025\/12\/logomoneso.png","contentUrl":"https:\/\/www.monlau.com\/app\/uploads\/sites\/2\/2025\/12\/logomoneso.png","width":160,"height":160,"caption":"Eso Batx"},"image":{"@id":"https:\/\/www.monlau.com\/eso-batxillerat\/#\/schema\/logo\/image\/"}},{"@type":"Person","@id":"https:\/\/www.monlau.com\/eso-batxillerat\/#\/schema\/person\/419630ffac9ae08417c894a53e55910c","name":"monlauuser","image":{"@type":"ImageObject","inLanguage":"ca","@id":"https:\/\/secure.gravatar.com\/avatar\/ab9c6e5fc6872da09790b5919f6edfdffde75802c06338ac68a484f8e7813f81?s=96&d=mm&r=g","url":"https:\/\/secure.gravatar.com\/avatar\/ab9c6e5fc6872da09790b5919f6edfdffde75802c06338ac68a484f8e7813f81?s=96&d=mm&r=g","contentUrl":"https:\/\/secure.gravatar.com\/avatar\/ab9c6e5fc6872da09790b5919f6edfdffde75802c06338ac68a484f8e7813f81?s=96&d=mm&r=g","caption":"monlauuser"},"url":"https:\/\/www.monlau.com\/eso-batxillerat\/author\/monlauuser\/"}]}},"_links":{"self":[{"href":"https:\/\/www.monlau.com\/eso-batxillerat\/wp-json\/wp\/v2\/posts\/1243","targetHints":{"allow":["GET"]}}],"collection":[{"href":"https:\/\/www.monlau.com\/eso-batxillerat\/wp-json\/wp\/v2\/posts"}],"about":[{"href":"https:\/\/www.monlau.com\/eso-batxillerat\/wp-json\/wp\/v2\/types\/post"}],"author":[{"embeddable":true,"href":"https:\/\/www.monlau.com\/eso-batxillerat\/wp-json\/wp\/v2\/users\/2"}],"replies":[{"embeddable":true,"href":"https:\/\/www.monlau.com\/eso-batxillerat\/wp-json\/wp\/v2\/comments?post=1243"}],"version-history":[{"count":1,"href":"https:\/\/www.monlau.com\/eso-batxillerat\/wp-json\/wp\/v2\/posts\/1243\/revisions"}],"predecessor-version":[{"id":1584,"href":"https:\/\/www.monlau.com\/eso-batxillerat\/wp-json\/wp\/v2\/posts\/1243\/revisions\/1584"}],"wp:featuredmedia":[{"embeddable":true,"href":"https:\/\/www.monlau.com\/eso-batxillerat\/wp-json\/wp\/v2\/media\/1244"}],"wp:attachment":[{"href":"https:\/\/www.monlau.com\/eso-batxillerat\/wp-json\/wp\/v2\/media?parent=1243"}],"wp:term":[{"taxonomy":"category","embeddable":true,"href":"https:\/\/www.monlau.com\/eso-batxillerat\/wp-json\/wp\/v2\/categories?post=1243"},{"taxonomy":"post_tag","embeddable":true,"href":"https:\/\/www.monlau.com\/eso-batxillerat\/wp-json\/wp\/v2\/tags?post=1243"}],"curies":[{"name":"wp","href":"https:\/\/api.w.org\/{rel}","templated":true}]}}