{"id":1239,"date":"2019-01-28T00:00:00","date_gmt":"2019-01-27T23:00:00","guid":{"rendered":"https:\/\/www.monlau.com\/eso-batxillerat\/una-escola-inclusiva-per-una-societat-inclusiva\/"},"modified":"2026-03-17T09:42:50","modified_gmt":"2026-03-17T08:42:50","slug":"una-escola-inclusiva-per-una-societat-inclusiva","status":"publish","type":"post","link":"https:\/\/www.monlau.com\/eso-batxillerat\/2019\/01\/28\/una-escola-inclusiva-per-una-societat-inclusiva\/","title":{"rendered":"Una escola inclusiva per una societat inclusiva"},"content":{"rendered":"<p>L&#8217;escola del futur s&#8217;ha de pensar mentre es treballa en la quotidianitat docent i mentre se segueix l&#8217;evoluci\u00f3 social, cient\u00edfica i tecnol\u00f2gica del nostre temps.<\/p>\n<p>Qu\u00e8 volem transmetre amb aquesta afirmaci\u00f3? <strong>Que una escola \u00e9s una organitzaci\u00f3 viva, amb una estreta relaci\u00f3 amb els moments hist\u00f2rics que travessa i amb l&#8217;exig\u00e8ncia de preparar als nostres alumnes per a un futur del qual desconeixem les seves exig\u00e8ncies.<\/strong><\/p>\n<p>Poques persones estarien en desacord amb el fet que una escola del segle XXI ha de tendir a <strong>la inclusivitat<\/strong>. \u00c9s la manera m\u00e9s justa, digna i democr\u00e0tica d&#8217;atendre una diversitat humana i competencial. Tamb\u00e9 \u00e9s la millor manera de facilitar l&#8217;acc\u00e9s al coneixement que demana el nostre temps. Per\u00f2 quan acceptem les premisses de la inclusivitat qu\u00e8 volem aconseguir amb aix\u00f2? \u00bfResoldre els conflictes de l&#8217;atenci\u00f3 a la diversitat en una aula? \u00bfPreparar als nostres alumnes per superar les seves responsabilitats acad\u00e8miques? \u00bfApropar-los al millor coneixement possible?.<\/p>\n<p>Probablement, tot estigui incl\u00f2s en el proc\u00e9s. Per\u00f2, el que hem d&#8217;assumir amb claredat meridiana \u00e9s que els preparem per integrar-se i contribuir a configurar una <strong>societat inclusiva.<\/strong><\/p>\n<p>Una societat en qu\u00e8 s&#8217;han <strong>revolucionat la informaci\u00f3 i les comunicacions<\/strong>, on la tecnologia ens est\u00e0 portant a incorporar gradualment la <strong>intel\u00b7lig\u00e8ncia artificial<\/strong> a totes les facetes de la nostra viva, on la ci\u00e8ncia aporta mirades disruptives en per\u00edodes cada vegada m\u00e9s curts de temps, on l&#8217;esperan\u00e7a de vida es va allargant fins al punt d&#8217;aproximar-nos a edats insospitades fa nom\u00e9s unes d\u00e8cades i on les desigualtats socials catastr\u00f2fiques que condemnen a mitja humanitat a la pobresa, el desemparament i la mort, ja no caben en les ments dels ciutadans d&#8217;un m\u00f3n que se sap suficient per proporcionar els recursos necessaris.<\/p>\n<p>Educar per a una <strong>societat inclusiva<\/strong> \u00e9s establir les bases educatives per construir un futur en qu\u00e8 s&#8217;atengui i s&#8217;entengui la diversitat, per\u00f2 buscant <strong>la cohesi\u00f3 de la humanitat<\/strong>, salvant les barreres artificials que ens enfronten, que provoquen desigualtats i injust\u00edcies i impedeixen que els beneficis dels aven\u00e7os cient\u00edfics afavoreixin a tots. Un futur en el qual tota la humanitat es benefici\u00ef de la informaci\u00f3 i de les comunicacions, en la qual la intel\u00b7lig\u00e8ncia artificial ens alliberi d&#8217;obligacions productives perqu\u00e8 puguem dedicar-nos a ajudar i fomentar el benestar universal i que ens pugui conduir a un augment de la esperan\u00e7a de vida que ens permeti aspirar, en un futur pr\u00f2xim, a complicar la vida a la mort i impossible a la possibilitat de no poder tenir acc\u00e9s a una vida digna.<\/p>\n<h4>Nicolas Denia<\/h4>\n<p>\u00a0<\/p>\n","protected":false},"excerpt":{"rendered":"<p>L&#8217;escola del futur s&#8217;ha de pensar mentre es treballa en la quotidianitat docent i mentre se segueix l&#8217;evoluci\u00f3 social, cient\u00edfica i tecnol\u00f2gica del nostre temps. Qu\u00e8 volem transmetre amb aquesta afirmaci\u00f3? Que una escola \u00e9s una organitzaci\u00f3 viva, amb una estreta relaci\u00f3 amb els moments hist\u00f2rics que travessa i amb l&#8217;exig\u00e8ncia de preparar als nostres [&hellip;]<\/p>\n","protected":false},"author":2,"featured_media":1240,"comment_status":"closed","ping_status":"closed","sticky":false,"template":"","format":"standard","meta":{"footnotes":""},"categories":[144,141],"tags":[],"class_list":["post-1239","post","type-post","status-publish","format-standard","has-post-thumbnail","hentry","category-batxillerat","category-eso"],"yoast_head":"<!-- This site is optimized with the Yoast SEO plugin v27.2 - https:\/\/yoast.com\/product\/yoast-seo-wordpress\/ -->\n<title>Una escola inclusiva per una societat inclusiva - Eso Batx<\/title>\n<meta name=\"robots\" content=\"index, follow, max-snippet:-1, max-image-preview:large, max-video-preview:-1\" \/>\n<link rel=\"canonical\" href=\"https:\/\/www.monlau.com\/eso-batxillerat\/2019\/01\/28\/una-escola-inclusiva-per-una-societat-inclusiva\/\" \/>\n<meta property=\"og:locale\" content=\"ca_ES\" \/>\n<meta property=\"og:type\" content=\"article\" \/>\n<meta property=\"og:title\" content=\"Una escola inclusiva per una societat inclusiva - Eso Batx\" \/>\n<meta property=\"og:description\" content=\"L&#8217;escola del futur s&#8217;ha de pensar mentre es treballa en la quotidianitat docent i mentre se segueix l&#8217;evoluci\u00f3 social, cient\u00edfica i tecnol\u00f2gica del nostre temps. Qu\u00e8 volem transmetre amb aquesta afirmaci\u00f3? Que una escola \u00e9s una organitzaci\u00f3 viva, amb una estreta relaci\u00f3 amb els moments hist\u00f2rics que travessa i amb l&#8217;exig\u00e8ncia de preparar als nostres [&hellip;]\" \/>\n<meta property=\"og:url\" content=\"https:\/\/www.monlau.com\/eso-batxillerat\/2019\/01\/28\/una-escola-inclusiva-per-una-societat-inclusiva\/\" \/>\n<meta property=\"og:site_name\" content=\"Eso Batx\" \/>\n<meta property=\"article:published_time\" content=\"2019-01-27T23:00:00+00:00\" \/>\n<meta property=\"article:modified_time\" content=\"2026-03-17T08:42:50+00:00\" \/>\n<meta property=\"og:image\" content=\"https:\/\/www.monlau.com\/app\/uploads\/sites\/2\/2026\/03\/SAGRERA-0816.jpg\" \/>\n\t<meta property=\"og:image:width\" content=\"941\" \/>\n\t<meta property=\"og:image:height\" content=\"627\" \/>\n\t<meta property=\"og:image:type\" content=\"image\/jpeg\" \/>\n<meta name=\"author\" content=\"monlauuser\" \/>\n<meta name=\"twitter:card\" content=\"summary_large_image\" \/>\n<meta name=\"twitter:label1\" content=\"Escrit per\" \/>\n\t<meta name=\"twitter:data1\" content=\"monlauuser\" \/>\n\t<meta name=\"twitter:label2\" content=\"Temps estimat de lectura\" \/>\n\t<meta name=\"twitter:data2\" content=\"2 minuts\" \/>\n<script type=\"application\/ld+json\" class=\"yoast-schema-graph\">{\"@context\":\"https:\/\/schema.org\",\"@graph\":[{\"@type\":\"Article\",\"@id\":\"https:\/\/www.monlau.com\/eso-batxillerat\/2019\/01\/28\/una-escola-inclusiva-per-una-societat-inclusiva\/#article\",\"isPartOf\":{\"@id\":\"https:\/\/www.monlau.com\/eso-batxillerat\/2019\/01\/28\/una-escola-inclusiva-per-una-societat-inclusiva\/\"},\"author\":{\"name\":\"monlauuser\",\"@id\":\"https:\/\/www.monlau.com\/eso-batxillerat\/#\/schema\/person\/419630ffac9ae08417c894a53e55910c\"},\"headline\":\"Una escola inclusiva per una societat inclusiva\",\"datePublished\":\"2019-01-27T23:00:00+00:00\",\"dateModified\":\"2026-03-17T08:42:50+00:00\",\"mainEntityOfPage\":{\"@id\":\"https:\/\/www.monlau.com\/eso-batxillerat\/2019\/01\/28\/una-escola-inclusiva-per-una-societat-inclusiva\/\"},\"wordCount\":467,\"publisher\":{\"@id\":\"https:\/\/www.monlau.com\/eso-batxillerat\/#organization\"},\"image\":{\"@id\":\"https:\/\/www.monlau.com\/eso-batxillerat\/2019\/01\/28\/una-escola-inclusiva-per-una-societat-inclusiva\/#primaryimage\"},\"thumbnailUrl\":\"https:\/\/www.monlau.com\/app\/uploads\/sites\/2\/2026\/03\/SAGRERA-0816.jpg\",\"articleSection\":[\"Batxillerat\",\"ESO\"],\"inLanguage\":\"ca\"},{\"@type\":\"WebPage\",\"@id\":\"https:\/\/www.monlau.com\/eso-batxillerat\/2019\/01\/28\/una-escola-inclusiva-per-una-societat-inclusiva\/\",\"url\":\"https:\/\/www.monlau.com\/eso-batxillerat\/2019\/01\/28\/una-escola-inclusiva-per-una-societat-inclusiva\/\",\"name\":\"Una escola inclusiva per una societat inclusiva - Eso Batx\",\"isPartOf\":{\"@id\":\"https:\/\/www.monlau.com\/eso-batxillerat\/#website\"},\"primaryImageOfPage\":{\"@id\":\"https:\/\/www.monlau.com\/eso-batxillerat\/2019\/01\/28\/una-escola-inclusiva-per-una-societat-inclusiva\/#primaryimage\"},\"image\":{\"@id\":\"https:\/\/www.monlau.com\/eso-batxillerat\/2019\/01\/28\/una-escola-inclusiva-per-una-societat-inclusiva\/#primaryimage\"},\"thumbnailUrl\":\"https:\/\/www.monlau.com\/app\/uploads\/sites\/2\/2026\/03\/SAGRERA-0816.jpg\",\"datePublished\":\"2019-01-27T23:00:00+00:00\",\"dateModified\":\"2026-03-17T08:42:50+00:00\",\"breadcrumb\":{\"@id\":\"https:\/\/www.monlau.com\/eso-batxillerat\/2019\/01\/28\/una-escola-inclusiva-per-una-societat-inclusiva\/#breadcrumb\"},\"inLanguage\":\"ca\",\"potentialAction\":[{\"@type\":\"ReadAction\",\"target\":[\"https:\/\/www.monlau.com\/eso-batxillerat\/2019\/01\/28\/una-escola-inclusiva-per-una-societat-inclusiva\/\"]}]},{\"@type\":\"ImageObject\",\"inLanguage\":\"ca\",\"@id\":\"https:\/\/www.monlau.com\/eso-batxillerat\/2019\/01\/28\/una-escola-inclusiva-per-una-societat-inclusiva\/#primaryimage\",\"url\":\"https:\/\/www.monlau.com\/app\/uploads\/sites\/2\/2026\/03\/SAGRERA-0816.jpg\",\"contentUrl\":\"https:\/\/www.monlau.com\/app\/uploads\/sites\/2\/2026\/03\/SAGRERA-0816.jpg\",\"width\":941,\"height\":627},{\"@type\":\"BreadcrumbList\",\"@id\":\"https:\/\/www.monlau.com\/eso-batxillerat\/2019\/01\/28\/una-escola-inclusiva-per-una-societat-inclusiva\/#breadcrumb\",\"itemListElement\":[{\"@type\":\"ListItem\",\"position\":1,\"name\":\"Inici\",\"item\":\"https:\/\/www.monlau.com\/eso-batxillerat\/\"},{\"@type\":\"ListItem\",\"position\":2,\"name\":\"Una escola inclusiva per una societat inclusiva\"}]},{\"@type\":\"WebSite\",\"@id\":\"https:\/\/www.monlau.com\/eso-batxillerat\/#website\",\"url\":\"https:\/\/www.monlau.com\/eso-batxillerat\/\",\"name\":\"Eso Batx\",\"description\":\"\",\"publisher\":{\"@id\":\"https:\/\/www.monlau.com\/eso-batxillerat\/#organization\"},\"potentialAction\":[{\"@type\":\"SearchAction\",\"target\":{\"@type\":\"EntryPoint\",\"urlTemplate\":\"https:\/\/www.monlau.com\/eso-batxillerat\/?s={search_term_string}\"},\"query-input\":{\"@type\":\"PropertyValueSpecification\",\"valueRequired\":true,\"valueName\":\"search_term_string\"}}],\"inLanguage\":\"ca\"},{\"@type\":\"Organization\",\"@id\":\"https:\/\/www.monlau.com\/eso-batxillerat\/#organization\",\"name\":\"Eso Batx\",\"url\":\"https:\/\/www.monlau.com\/eso-batxillerat\/\",\"logo\":{\"@type\":\"ImageObject\",\"inLanguage\":\"ca\",\"@id\":\"https:\/\/www.monlau.com\/eso-batxillerat\/#\/schema\/logo\/image\/\",\"url\":\"https:\/\/www.monlau.com\/app\/uploads\/sites\/2\/2025\/12\/logomoneso.png\",\"contentUrl\":\"https:\/\/www.monlau.com\/app\/uploads\/sites\/2\/2025\/12\/logomoneso.png\",\"width\":160,\"height\":160,\"caption\":\"Eso Batx\"},\"image\":{\"@id\":\"https:\/\/www.monlau.com\/eso-batxillerat\/#\/schema\/logo\/image\/\"}},{\"@type\":\"Person\",\"@id\":\"https:\/\/www.monlau.com\/eso-batxillerat\/#\/schema\/person\/419630ffac9ae08417c894a53e55910c\",\"name\":\"monlauuser\",\"image\":{\"@type\":\"ImageObject\",\"inLanguage\":\"ca\",\"@id\":\"https:\/\/secure.gravatar.com\/avatar\/ab9c6e5fc6872da09790b5919f6edfdffde75802c06338ac68a484f8e7813f81?s=96&d=mm&r=g\",\"url\":\"https:\/\/secure.gravatar.com\/avatar\/ab9c6e5fc6872da09790b5919f6edfdffde75802c06338ac68a484f8e7813f81?s=96&d=mm&r=g\",\"contentUrl\":\"https:\/\/secure.gravatar.com\/avatar\/ab9c6e5fc6872da09790b5919f6edfdffde75802c06338ac68a484f8e7813f81?s=96&d=mm&r=g\",\"caption\":\"monlauuser\"},\"url\":\"https:\/\/www.monlau.com\/eso-batxillerat\/author\/monlauuser\/\"}]}<\/script>\n<!-- \/ Yoast SEO plugin. -->","yoast_head_json":{"title":"Una escola inclusiva per una societat inclusiva - Eso Batx","robots":{"index":"index","follow":"follow","max-snippet":"max-snippet:-1","max-image-preview":"max-image-preview:large","max-video-preview":"max-video-preview:-1"},"canonical":"https:\/\/www.monlau.com\/eso-batxillerat\/2019\/01\/28\/una-escola-inclusiva-per-una-societat-inclusiva\/","og_locale":"ca_ES","og_type":"article","og_title":"Una escola inclusiva per una societat inclusiva - Eso Batx","og_description":"L&#8217;escola del futur s&#8217;ha de pensar mentre es treballa en la quotidianitat docent i mentre se segueix l&#8217;evoluci\u00f3 social, cient\u00edfica i tecnol\u00f2gica del nostre temps. Qu\u00e8 volem transmetre amb aquesta afirmaci\u00f3? Que una escola \u00e9s una organitzaci\u00f3 viva, amb una estreta relaci\u00f3 amb els moments hist\u00f2rics que travessa i amb l&#8217;exig\u00e8ncia de preparar als nostres [&hellip;]","og_url":"https:\/\/www.monlau.com\/eso-batxillerat\/2019\/01\/28\/una-escola-inclusiva-per-una-societat-inclusiva\/","og_site_name":"Eso Batx","article_published_time":"2019-01-27T23:00:00+00:00","article_modified_time":"2026-03-17T08:42:50+00:00","og_image":[{"width":941,"height":627,"url":"https:\/\/www.monlau.com\/app\/uploads\/sites\/2\/2026\/03\/SAGRERA-0816.jpg","type":"image\/jpeg"}],"author":"monlauuser","twitter_card":"summary_large_image","twitter_misc":{"Escrit per":"monlauuser","Temps estimat de lectura":"2 minuts"},"schema":{"@context":"https:\/\/schema.org","@graph":[{"@type":"Article","@id":"https:\/\/www.monlau.com\/eso-batxillerat\/2019\/01\/28\/una-escola-inclusiva-per-una-societat-inclusiva\/#article","isPartOf":{"@id":"https:\/\/www.monlau.com\/eso-batxillerat\/2019\/01\/28\/una-escola-inclusiva-per-una-societat-inclusiva\/"},"author":{"name":"monlauuser","@id":"https:\/\/www.monlau.com\/eso-batxillerat\/#\/schema\/person\/419630ffac9ae08417c894a53e55910c"},"headline":"Una escola inclusiva per una societat inclusiva","datePublished":"2019-01-27T23:00:00+00:00","dateModified":"2026-03-17T08:42:50+00:00","mainEntityOfPage":{"@id":"https:\/\/www.monlau.com\/eso-batxillerat\/2019\/01\/28\/una-escola-inclusiva-per-una-societat-inclusiva\/"},"wordCount":467,"publisher":{"@id":"https:\/\/www.monlau.com\/eso-batxillerat\/#organization"},"image":{"@id":"https:\/\/www.monlau.com\/eso-batxillerat\/2019\/01\/28\/una-escola-inclusiva-per-una-societat-inclusiva\/#primaryimage"},"thumbnailUrl":"https:\/\/www.monlau.com\/app\/uploads\/sites\/2\/2026\/03\/SAGRERA-0816.jpg","articleSection":["Batxillerat","ESO"],"inLanguage":"ca"},{"@type":"WebPage","@id":"https:\/\/www.monlau.com\/eso-batxillerat\/2019\/01\/28\/una-escola-inclusiva-per-una-societat-inclusiva\/","url":"https:\/\/www.monlau.com\/eso-batxillerat\/2019\/01\/28\/una-escola-inclusiva-per-una-societat-inclusiva\/","name":"Una escola inclusiva per una societat inclusiva - Eso Batx","isPartOf":{"@id":"https:\/\/www.monlau.com\/eso-batxillerat\/#website"},"primaryImageOfPage":{"@id":"https:\/\/www.monlau.com\/eso-batxillerat\/2019\/01\/28\/una-escola-inclusiva-per-una-societat-inclusiva\/#primaryimage"},"image":{"@id":"https:\/\/www.monlau.com\/eso-batxillerat\/2019\/01\/28\/una-escola-inclusiva-per-una-societat-inclusiva\/#primaryimage"},"thumbnailUrl":"https:\/\/www.monlau.com\/app\/uploads\/sites\/2\/2026\/03\/SAGRERA-0816.jpg","datePublished":"2019-01-27T23:00:00+00:00","dateModified":"2026-03-17T08:42:50+00:00","breadcrumb":{"@id":"https:\/\/www.monlau.com\/eso-batxillerat\/2019\/01\/28\/una-escola-inclusiva-per-una-societat-inclusiva\/#breadcrumb"},"inLanguage":"ca","potentialAction":[{"@type":"ReadAction","target":["https:\/\/www.monlau.com\/eso-batxillerat\/2019\/01\/28\/una-escola-inclusiva-per-una-societat-inclusiva\/"]}]},{"@type":"ImageObject","inLanguage":"ca","@id":"https:\/\/www.monlau.com\/eso-batxillerat\/2019\/01\/28\/una-escola-inclusiva-per-una-societat-inclusiva\/#primaryimage","url":"https:\/\/www.monlau.com\/app\/uploads\/sites\/2\/2026\/03\/SAGRERA-0816.jpg","contentUrl":"https:\/\/www.monlau.com\/app\/uploads\/sites\/2\/2026\/03\/SAGRERA-0816.jpg","width":941,"height":627},{"@type":"BreadcrumbList","@id":"https:\/\/www.monlau.com\/eso-batxillerat\/2019\/01\/28\/una-escola-inclusiva-per-una-societat-inclusiva\/#breadcrumb","itemListElement":[{"@type":"ListItem","position":1,"name":"Inici","item":"https:\/\/www.monlau.com\/eso-batxillerat\/"},{"@type":"ListItem","position":2,"name":"Una escola inclusiva per una societat inclusiva"}]},{"@type":"WebSite","@id":"https:\/\/www.monlau.com\/eso-batxillerat\/#website","url":"https:\/\/www.monlau.com\/eso-batxillerat\/","name":"Eso Batx","description":"","publisher":{"@id":"https:\/\/www.monlau.com\/eso-batxillerat\/#organization"},"potentialAction":[{"@type":"SearchAction","target":{"@type":"EntryPoint","urlTemplate":"https:\/\/www.monlau.com\/eso-batxillerat\/?s={search_term_string}"},"query-input":{"@type":"PropertyValueSpecification","valueRequired":true,"valueName":"search_term_string"}}],"inLanguage":"ca"},{"@type":"Organization","@id":"https:\/\/www.monlau.com\/eso-batxillerat\/#organization","name":"Eso Batx","url":"https:\/\/www.monlau.com\/eso-batxillerat\/","logo":{"@type":"ImageObject","inLanguage":"ca","@id":"https:\/\/www.monlau.com\/eso-batxillerat\/#\/schema\/logo\/image\/","url":"https:\/\/www.monlau.com\/app\/uploads\/sites\/2\/2025\/12\/logomoneso.png","contentUrl":"https:\/\/www.monlau.com\/app\/uploads\/sites\/2\/2025\/12\/logomoneso.png","width":160,"height":160,"caption":"Eso Batx"},"image":{"@id":"https:\/\/www.monlau.com\/eso-batxillerat\/#\/schema\/logo\/image\/"}},{"@type":"Person","@id":"https:\/\/www.monlau.com\/eso-batxillerat\/#\/schema\/person\/419630ffac9ae08417c894a53e55910c","name":"monlauuser","image":{"@type":"ImageObject","inLanguage":"ca","@id":"https:\/\/secure.gravatar.com\/avatar\/ab9c6e5fc6872da09790b5919f6edfdffde75802c06338ac68a484f8e7813f81?s=96&d=mm&r=g","url":"https:\/\/secure.gravatar.com\/avatar\/ab9c6e5fc6872da09790b5919f6edfdffde75802c06338ac68a484f8e7813f81?s=96&d=mm&r=g","contentUrl":"https:\/\/secure.gravatar.com\/avatar\/ab9c6e5fc6872da09790b5919f6edfdffde75802c06338ac68a484f8e7813f81?s=96&d=mm&r=g","caption":"monlauuser"},"url":"https:\/\/www.monlau.com\/eso-batxillerat\/author\/monlauuser\/"}]}},"_links":{"self":[{"href":"https:\/\/www.monlau.com\/eso-batxillerat\/wp-json\/wp\/v2\/posts\/1239","targetHints":{"allow":["GET"]}}],"collection":[{"href":"https:\/\/www.monlau.com\/eso-batxillerat\/wp-json\/wp\/v2\/posts"}],"about":[{"href":"https:\/\/www.monlau.com\/eso-batxillerat\/wp-json\/wp\/v2\/types\/post"}],"author":[{"embeddable":true,"href":"https:\/\/www.monlau.com\/eso-batxillerat\/wp-json\/wp\/v2\/users\/2"}],"replies":[{"embeddable":true,"href":"https:\/\/www.monlau.com\/eso-batxillerat\/wp-json\/wp\/v2\/comments?post=1239"}],"version-history":[{"count":1,"href":"https:\/\/www.monlau.com\/eso-batxillerat\/wp-json\/wp\/v2\/posts\/1239\/revisions"}],"predecessor-version":[{"id":1582,"href":"https:\/\/www.monlau.com\/eso-batxillerat\/wp-json\/wp\/v2\/posts\/1239\/revisions\/1582"}],"wp:featuredmedia":[{"embeddable":true,"href":"https:\/\/www.monlau.com\/eso-batxillerat\/wp-json\/wp\/v2\/media\/1240"}],"wp:attachment":[{"href":"https:\/\/www.monlau.com\/eso-batxillerat\/wp-json\/wp\/v2\/media?parent=1239"}],"wp:term":[{"taxonomy":"category","embeddable":true,"href":"https:\/\/www.monlau.com\/eso-batxillerat\/wp-json\/wp\/v2\/categories?post=1239"},{"taxonomy":"post_tag","embeddable":true,"href":"https:\/\/www.monlau.com\/eso-batxillerat\/wp-json\/wp\/v2\/tags?post=1239"}],"curies":[{"name":"wp","href":"https:\/\/api.w.org\/{rel}","templated":true}]}}