{"id":999,"date":"2019-01-28T00:00:00","date_gmt":"2019-01-27T23:00:00","guid":{"rendered":"https:\/\/www.monlau.com\/eso-batxillerat\/una-escuela-inclusiva-para-una-sociedad-inclusiva\/"},"modified":"2026-03-17T09:43:33","modified_gmt":"2026-03-17T08:43:33","slug":"una-escuela-inclusiva-para-una-sociedad-inclusiva","status":"publish","type":"post","link":"https:\/\/www.monlau.com\/eso-batxillerat\/es\/2019\/01\/28\/una-escuela-inclusiva-para-una-sociedad-inclusiva\/","title":{"rendered":"Una escuela inclusiva para una sociedad inclusiva"},"content":{"rendered":"<p>La escuela del futuro debe pensarse mientras se trabaja en la cotidianidad docente y mientras se sigue la evoluci\u00f3n social, cient\u00edfica y tecnol\u00f3gica de nuestro tiempo.<\/p>\n<p>\u00bfQu\u00e9 queremos transmitir con esta afirmaci\u00f3n? <strong>Que una escuela es una organizaci\u00f3n viva, con una estrecha relaci\u00f3n con los momentos hist\u00f3ricos que atraviesa y con la exigencia de preparar a nuestros alumnos para un futuro del que desconocemos sus exigencias.<\/strong><\/p>\n<p>Pocas personas estar\u00edan en desacuerdo con el hecho de que una escuela del S.XXI debe tender a <strong>la inclusividad<\/strong>. Es la manera m\u00e1s justa, digna y democr\u00e1tica de atender a una diversidad humana y competencial. Tambi\u00e9n es la mejor manera de facilitar el acceso al conocimiento que demanda nuestro tiempo. Pero cuando aceptamos las premisas de la inclusividad \u00bfqu\u00e9 queremos lograr con ello? Pero cuando aceptamos las premisas de la inclusividad \u00bfqu\u00e9 queremos lograr con ello? \u00bfResolver los conflictos de la atenci\u00f3n a la diversidad en un aula? Pero cuando aceptamos las premisas de la inclusividad \u00bfqu\u00e9 queremos lograr con ello? \u00bfacercarlos al mejor conocimiento posible?<\/p>\n<p>Probablemente, todo est\u00e9 incluido en el proceso. Ppero lo que debemos asumir con claridad meridiana es que los preparamos para integrarse y contribuir a configurar una <strong>sociedad inclusiva.<\/strong><\/p>\n<p>Una sociedad en que se han <strong>revolucionado la informaci\u00f3n y las comunicaciones,<\/strong> donde la tecnolog\u00eda nos est\u00e1 llevando a incorporar paulatinamente la <strong>inteligencia artificial<\/strong> a todas las facetas de nuestra viva, en donde la ciencia aporta miradas disruptivas en periodos cada vez m\u00e1s cortos de tiempo, en donde la esperanza de vida se va alargando hasta el punto de aproximarnos a una esperanza de vida insospechada hace solo unas d\u00e9cadas y en donde las desigualdades sociales catastr\u00f3ficas que condenan a media humanidad a la pobreza, el desamparo y la muerte, ya no caben en las mentes de los ciudadanos de un mundo que se sabe suficiente para proporcionar los recursos necesarios.<\/p>\n<p>Educar para una <strong>sociedad inclusiva<\/strong>es sentar las bases educativas para construir un futuro en el que se atienda y se entienda la diversidad, pero buscando <strong>la cohesi\u00f3n de la humanidad<\/strong>, salvando las barreras artificiales que nos enfrentan, que provocan desigualdades e injusticias e impiden que los beneficios de los avances cient\u00edficos favorezcan a todos. Un futuro en el que toda la humanidad se beneficie de la informaci\u00f3n y de las comunicaciones, en la que la inteligencia artificial nos libere de obligaciones productivas para que podamos dedicarnos a ayudar y fomentar el bienestar universal y que nos pueda conducir a un aumento de la esperanza de vida que nos permita aspirar, en un futuro pr\u00f3ximo, a pon\u00e9rselo dif\u00edcil a la muerte e imposible a la posibilidad de no poder tener acceso a una vida digna.<\/p>\n<h4>Nicolas Denia<\/h4>\n","protected":false},"excerpt":{"rendered":"<p>La escuela del futuro debe pensarse mientras se trabaja en la cotidianidad docente y mientras se sigue la evoluci\u00f3n social, cient\u00edfica y tecnol\u00f3gica de nuestro tiempo. \u00bfQu\u00e9 queremos transmitir con esta afirmaci\u00f3n? Que una escuela es una organizaci\u00f3n viva, con una estrecha relaci\u00f3n con los momentos hist\u00f3ricos que atraviesa y con la exigencia de preparar [&hellip;]<\/p>\n","protected":false},"author":2,"featured_media":1000,"comment_status":"closed","ping_status":"closed","sticky":false,"template":"","format":"standard","meta":{"footnotes":""},"categories":[24,20],"tags":[],"class_list":["post-999","post","type-post","status-publish","format-standard","has-post-thumbnail","hentry","category-bachillerato","category-eso"],"yoast_head":"<!-- This site is optimized with the Yoast SEO plugin v27.2 - https:\/\/yoast.com\/product\/yoast-seo-wordpress\/ -->\n<title>Una escuela inclusiva para una sociedad inclusiva - Eso Batx<\/title>\n<meta name=\"robots\" content=\"index, follow, max-snippet:-1, max-image-preview:large, max-video-preview:-1\" \/>\n<link rel=\"canonical\" href=\"https:\/\/www.monlau.com\/eso-batxillerat\/es\/2019\/01\/28\/una-escuela-inclusiva-para-una-sociedad-inclusiva\/\" \/>\n<meta property=\"og:locale\" content=\"es_ES\" \/>\n<meta property=\"og:type\" content=\"article\" \/>\n<meta property=\"og:title\" content=\"Una escuela inclusiva para una sociedad inclusiva - Eso Batx\" \/>\n<meta property=\"og:description\" content=\"La escuela del futuro debe pensarse mientras se trabaja en la cotidianidad docente y mientras se sigue la evoluci\u00f3n social, cient\u00edfica y tecnol\u00f3gica de nuestro tiempo. \u00bfQu\u00e9 queremos transmitir con esta afirmaci\u00f3n? Que una escuela es una organizaci\u00f3n viva, con una estrecha relaci\u00f3n con los momentos hist\u00f3ricos que atraviesa y con la exigencia de preparar [&hellip;]\" \/>\n<meta property=\"og:url\" content=\"https:\/\/www.monlau.com\/eso-batxillerat\/es\/2019\/01\/28\/una-escuela-inclusiva-para-una-sociedad-inclusiva\/\" \/>\n<meta property=\"og:site_name\" content=\"Eso Batx\" \/>\n<meta property=\"article:published_time\" content=\"2019-01-27T23:00:00+00:00\" \/>\n<meta property=\"article:modified_time\" content=\"2026-03-17T08:43:33+00:00\" \/>\n<meta property=\"og:image\" content=\"https:\/\/www.monlau.com\/app\/uploads\/sites\/2\/2026\/03\/SAGRERA-0816.jpg\" \/>\n\t<meta property=\"og:image:width\" content=\"941\" \/>\n\t<meta property=\"og:image:height\" content=\"627\" \/>\n\t<meta property=\"og:image:type\" content=\"image\/jpeg\" \/>\n<meta name=\"author\" content=\"monlauuser\" \/>\n<meta name=\"twitter:card\" content=\"summary_large_image\" \/>\n<meta name=\"twitter:label1\" content=\"Escrito por\" \/>\n\t<meta name=\"twitter:data1\" content=\"monlauuser\" \/>\n\t<meta name=\"twitter:label2\" content=\"Tiempo de lectura\" \/>\n\t<meta name=\"twitter:data2\" content=\"3 minutos\" \/>\n<script type=\"application\/ld+json\" class=\"yoast-schema-graph\">{\"@context\":\"https:\/\/schema.org\",\"@graph\":[{\"@type\":\"Article\",\"@id\":\"https:\/\/www.monlau.com\/eso-batxillerat\/es\/2019\/01\/28\/una-escuela-inclusiva-para-una-sociedad-inclusiva\/#article\",\"isPartOf\":{\"@id\":\"https:\/\/www.monlau.com\/eso-batxillerat\/es\/2019\/01\/28\/una-escuela-inclusiva-para-una-sociedad-inclusiva\/\"},\"author\":{\"name\":\"monlauuser\",\"@id\":\"https:\/\/www.monlau.com\/eso-batxillerat\/es\/#\/schema\/person\/419630ffac9ae08417c894a53e55910c\"},\"headline\":\"Una escuela inclusiva para una sociedad inclusiva\",\"datePublished\":\"2019-01-27T23:00:00+00:00\",\"dateModified\":\"2026-03-17T08:43:33+00:00\",\"mainEntityOfPage\":{\"@id\":\"https:\/\/www.monlau.com\/eso-batxillerat\/es\/2019\/01\/28\/una-escuela-inclusiva-para-una-sociedad-inclusiva\/\"},\"wordCount\":478,\"publisher\":{\"@id\":\"https:\/\/www.monlau.com\/eso-batxillerat\/es\/#organization\"},\"image\":{\"@id\":\"https:\/\/www.monlau.com\/eso-batxillerat\/es\/2019\/01\/28\/una-escuela-inclusiva-para-una-sociedad-inclusiva\/#primaryimage\"},\"thumbnailUrl\":\"https:\/\/www.monlau.com\/app\/uploads\/sites\/2\/2026\/03\/SAGRERA-0816.jpg\",\"articleSection\":[\"Bachillerato\",\"ESO\"],\"inLanguage\":\"es\"},{\"@type\":\"WebPage\",\"@id\":\"https:\/\/www.monlau.com\/eso-batxillerat\/es\/2019\/01\/28\/una-escuela-inclusiva-para-una-sociedad-inclusiva\/\",\"url\":\"https:\/\/www.monlau.com\/eso-batxillerat\/es\/2019\/01\/28\/una-escuela-inclusiva-para-una-sociedad-inclusiva\/\",\"name\":\"Una escuela inclusiva para una sociedad inclusiva - Eso Batx\",\"isPartOf\":{\"@id\":\"https:\/\/www.monlau.com\/eso-batxillerat\/es\/#website\"},\"primaryImageOfPage\":{\"@id\":\"https:\/\/www.monlau.com\/eso-batxillerat\/es\/2019\/01\/28\/una-escuela-inclusiva-para-una-sociedad-inclusiva\/#primaryimage\"},\"image\":{\"@id\":\"https:\/\/www.monlau.com\/eso-batxillerat\/es\/2019\/01\/28\/una-escuela-inclusiva-para-una-sociedad-inclusiva\/#primaryimage\"},\"thumbnailUrl\":\"https:\/\/www.monlau.com\/app\/uploads\/sites\/2\/2026\/03\/SAGRERA-0816.jpg\",\"datePublished\":\"2019-01-27T23:00:00+00:00\",\"dateModified\":\"2026-03-17T08:43:33+00:00\",\"breadcrumb\":{\"@id\":\"https:\/\/www.monlau.com\/eso-batxillerat\/es\/2019\/01\/28\/una-escuela-inclusiva-para-una-sociedad-inclusiva\/#breadcrumb\"},\"inLanguage\":\"es\",\"potentialAction\":[{\"@type\":\"ReadAction\",\"target\":[\"https:\/\/www.monlau.com\/eso-batxillerat\/es\/2019\/01\/28\/una-escuela-inclusiva-para-una-sociedad-inclusiva\/\"]}]},{\"@type\":\"ImageObject\",\"inLanguage\":\"es\",\"@id\":\"https:\/\/www.monlau.com\/eso-batxillerat\/es\/2019\/01\/28\/una-escuela-inclusiva-para-una-sociedad-inclusiva\/#primaryimage\",\"url\":\"https:\/\/www.monlau.com\/app\/uploads\/sites\/2\/2026\/03\/SAGRERA-0816.jpg\",\"contentUrl\":\"https:\/\/www.monlau.com\/app\/uploads\/sites\/2\/2026\/03\/SAGRERA-0816.jpg\",\"width\":941,\"height\":627},{\"@type\":\"BreadcrumbList\",\"@id\":\"https:\/\/www.monlau.com\/eso-batxillerat\/es\/2019\/01\/28\/una-escuela-inclusiva-para-una-sociedad-inclusiva\/#breadcrumb\",\"itemListElement\":[{\"@type\":\"ListItem\",\"position\":1,\"name\":\"Inici\",\"item\":\"https:\/\/www.monlau.com\/eso-batxillerat\/es\/\"},{\"@type\":\"ListItem\",\"position\":2,\"name\":\"Una escuela inclusiva para una sociedad inclusiva\"}]},{\"@type\":\"WebSite\",\"@id\":\"https:\/\/www.monlau.com\/eso-batxillerat\/es\/#website\",\"url\":\"https:\/\/www.monlau.com\/eso-batxillerat\/es\/\",\"name\":\"Eso Batx\",\"description\":\"\",\"publisher\":{\"@id\":\"https:\/\/www.monlau.com\/eso-batxillerat\/es\/#organization\"},\"potentialAction\":[{\"@type\":\"SearchAction\",\"target\":{\"@type\":\"EntryPoint\",\"urlTemplate\":\"https:\/\/www.monlau.com\/eso-batxillerat\/es\/?s={search_term_string}\"},\"query-input\":{\"@type\":\"PropertyValueSpecification\",\"valueRequired\":true,\"valueName\":\"search_term_string\"}}],\"inLanguage\":\"es\"},{\"@type\":\"Organization\",\"@id\":\"https:\/\/www.monlau.com\/eso-batxillerat\/es\/#organization\",\"name\":\"Eso Batx\",\"url\":\"https:\/\/www.monlau.com\/eso-batxillerat\/es\/\",\"logo\":{\"@type\":\"ImageObject\",\"inLanguage\":\"es\",\"@id\":\"https:\/\/www.monlau.com\/eso-batxillerat\/es\/#\/schema\/logo\/image\/\",\"url\":\"https:\/\/www.monlau.com\/app\/uploads\/sites\/2\/2025\/12\/logomoneso.png\",\"contentUrl\":\"https:\/\/www.monlau.com\/app\/uploads\/sites\/2\/2025\/12\/logomoneso.png\",\"width\":160,\"height\":160,\"caption\":\"Eso Batx\"},\"image\":{\"@id\":\"https:\/\/www.monlau.com\/eso-batxillerat\/es\/#\/schema\/logo\/image\/\"}},{\"@type\":\"Person\",\"@id\":\"https:\/\/www.monlau.com\/eso-batxillerat\/es\/#\/schema\/person\/419630ffac9ae08417c894a53e55910c\",\"name\":\"monlauuser\",\"image\":{\"@type\":\"ImageObject\",\"inLanguage\":\"es\",\"@id\":\"https:\/\/secure.gravatar.com\/avatar\/ab9c6e5fc6872da09790b5919f6edfdffde75802c06338ac68a484f8e7813f81?s=96&d=mm&r=g\",\"url\":\"https:\/\/secure.gravatar.com\/avatar\/ab9c6e5fc6872da09790b5919f6edfdffde75802c06338ac68a484f8e7813f81?s=96&d=mm&r=g\",\"contentUrl\":\"https:\/\/secure.gravatar.com\/avatar\/ab9c6e5fc6872da09790b5919f6edfdffde75802c06338ac68a484f8e7813f81?s=96&d=mm&r=g\",\"caption\":\"monlauuser\"},\"url\":\"https:\/\/www.monlau.com\/eso-batxillerat\/es\/author\/monlauuser\/\"}]}<\/script>\n<!-- \/ Yoast SEO plugin. -->","yoast_head_json":{"title":"Una escuela inclusiva para una sociedad inclusiva - Eso Batx","robots":{"index":"index","follow":"follow","max-snippet":"max-snippet:-1","max-image-preview":"max-image-preview:large","max-video-preview":"max-video-preview:-1"},"canonical":"https:\/\/www.monlau.com\/eso-batxillerat\/es\/2019\/01\/28\/una-escuela-inclusiva-para-una-sociedad-inclusiva\/","og_locale":"es_ES","og_type":"article","og_title":"Una escuela inclusiva para una sociedad inclusiva - Eso Batx","og_description":"La escuela del futuro debe pensarse mientras se trabaja en la cotidianidad docente y mientras se sigue la evoluci\u00f3n social, cient\u00edfica y tecnol\u00f3gica de nuestro tiempo. \u00bfQu\u00e9 queremos transmitir con esta afirmaci\u00f3n? Que una escuela es una organizaci\u00f3n viva, con una estrecha relaci\u00f3n con los momentos hist\u00f3ricos que atraviesa y con la exigencia de preparar [&hellip;]","og_url":"https:\/\/www.monlau.com\/eso-batxillerat\/es\/2019\/01\/28\/una-escuela-inclusiva-para-una-sociedad-inclusiva\/","og_site_name":"Eso Batx","article_published_time":"2019-01-27T23:00:00+00:00","article_modified_time":"2026-03-17T08:43:33+00:00","og_image":[{"width":941,"height":627,"url":"https:\/\/www.monlau.com\/app\/uploads\/sites\/2\/2026\/03\/SAGRERA-0816.jpg","type":"image\/jpeg"}],"author":"monlauuser","twitter_card":"summary_large_image","twitter_misc":{"Escrito por":"monlauuser","Tiempo de lectura":"3 minutos"},"schema":{"@context":"https:\/\/schema.org","@graph":[{"@type":"Article","@id":"https:\/\/www.monlau.com\/eso-batxillerat\/es\/2019\/01\/28\/una-escuela-inclusiva-para-una-sociedad-inclusiva\/#article","isPartOf":{"@id":"https:\/\/www.monlau.com\/eso-batxillerat\/es\/2019\/01\/28\/una-escuela-inclusiva-para-una-sociedad-inclusiva\/"},"author":{"name":"monlauuser","@id":"https:\/\/www.monlau.com\/eso-batxillerat\/es\/#\/schema\/person\/419630ffac9ae08417c894a53e55910c"},"headline":"Una escuela inclusiva para una sociedad inclusiva","datePublished":"2019-01-27T23:00:00+00:00","dateModified":"2026-03-17T08:43:33+00:00","mainEntityOfPage":{"@id":"https:\/\/www.monlau.com\/eso-batxillerat\/es\/2019\/01\/28\/una-escuela-inclusiva-para-una-sociedad-inclusiva\/"},"wordCount":478,"publisher":{"@id":"https:\/\/www.monlau.com\/eso-batxillerat\/es\/#organization"},"image":{"@id":"https:\/\/www.monlau.com\/eso-batxillerat\/es\/2019\/01\/28\/una-escuela-inclusiva-para-una-sociedad-inclusiva\/#primaryimage"},"thumbnailUrl":"https:\/\/www.monlau.com\/app\/uploads\/sites\/2\/2026\/03\/SAGRERA-0816.jpg","articleSection":["Bachillerato","ESO"],"inLanguage":"es"},{"@type":"WebPage","@id":"https:\/\/www.monlau.com\/eso-batxillerat\/es\/2019\/01\/28\/una-escuela-inclusiva-para-una-sociedad-inclusiva\/","url":"https:\/\/www.monlau.com\/eso-batxillerat\/es\/2019\/01\/28\/una-escuela-inclusiva-para-una-sociedad-inclusiva\/","name":"Una escuela inclusiva para una sociedad inclusiva - Eso Batx","isPartOf":{"@id":"https:\/\/www.monlau.com\/eso-batxillerat\/es\/#website"},"primaryImageOfPage":{"@id":"https:\/\/www.monlau.com\/eso-batxillerat\/es\/2019\/01\/28\/una-escuela-inclusiva-para-una-sociedad-inclusiva\/#primaryimage"},"image":{"@id":"https:\/\/www.monlau.com\/eso-batxillerat\/es\/2019\/01\/28\/una-escuela-inclusiva-para-una-sociedad-inclusiva\/#primaryimage"},"thumbnailUrl":"https:\/\/www.monlau.com\/app\/uploads\/sites\/2\/2026\/03\/SAGRERA-0816.jpg","datePublished":"2019-01-27T23:00:00+00:00","dateModified":"2026-03-17T08:43:33+00:00","breadcrumb":{"@id":"https:\/\/www.monlau.com\/eso-batxillerat\/es\/2019\/01\/28\/una-escuela-inclusiva-para-una-sociedad-inclusiva\/#breadcrumb"},"inLanguage":"es","potentialAction":[{"@type":"ReadAction","target":["https:\/\/www.monlau.com\/eso-batxillerat\/es\/2019\/01\/28\/una-escuela-inclusiva-para-una-sociedad-inclusiva\/"]}]},{"@type":"ImageObject","inLanguage":"es","@id":"https:\/\/www.monlau.com\/eso-batxillerat\/es\/2019\/01\/28\/una-escuela-inclusiva-para-una-sociedad-inclusiva\/#primaryimage","url":"https:\/\/www.monlau.com\/app\/uploads\/sites\/2\/2026\/03\/SAGRERA-0816.jpg","contentUrl":"https:\/\/www.monlau.com\/app\/uploads\/sites\/2\/2026\/03\/SAGRERA-0816.jpg","width":941,"height":627},{"@type":"BreadcrumbList","@id":"https:\/\/www.monlau.com\/eso-batxillerat\/es\/2019\/01\/28\/una-escuela-inclusiva-para-una-sociedad-inclusiva\/#breadcrumb","itemListElement":[{"@type":"ListItem","position":1,"name":"Inici","item":"https:\/\/www.monlau.com\/eso-batxillerat\/es\/"},{"@type":"ListItem","position":2,"name":"Una escuela inclusiva para una sociedad inclusiva"}]},{"@type":"WebSite","@id":"https:\/\/www.monlau.com\/eso-batxillerat\/es\/#website","url":"https:\/\/www.monlau.com\/eso-batxillerat\/es\/","name":"Eso Batx","description":"","publisher":{"@id":"https:\/\/www.monlau.com\/eso-batxillerat\/es\/#organization"},"potentialAction":[{"@type":"SearchAction","target":{"@type":"EntryPoint","urlTemplate":"https:\/\/www.monlau.com\/eso-batxillerat\/es\/?s={search_term_string}"},"query-input":{"@type":"PropertyValueSpecification","valueRequired":true,"valueName":"search_term_string"}}],"inLanguage":"es"},{"@type":"Organization","@id":"https:\/\/www.monlau.com\/eso-batxillerat\/es\/#organization","name":"Eso Batx","url":"https:\/\/www.monlau.com\/eso-batxillerat\/es\/","logo":{"@type":"ImageObject","inLanguage":"es","@id":"https:\/\/www.monlau.com\/eso-batxillerat\/es\/#\/schema\/logo\/image\/","url":"https:\/\/www.monlau.com\/app\/uploads\/sites\/2\/2025\/12\/logomoneso.png","contentUrl":"https:\/\/www.monlau.com\/app\/uploads\/sites\/2\/2025\/12\/logomoneso.png","width":160,"height":160,"caption":"Eso Batx"},"image":{"@id":"https:\/\/www.monlau.com\/eso-batxillerat\/es\/#\/schema\/logo\/image\/"}},{"@type":"Person","@id":"https:\/\/www.monlau.com\/eso-batxillerat\/es\/#\/schema\/person\/419630ffac9ae08417c894a53e55910c","name":"monlauuser","image":{"@type":"ImageObject","inLanguage":"es","@id":"https:\/\/secure.gravatar.com\/avatar\/ab9c6e5fc6872da09790b5919f6edfdffde75802c06338ac68a484f8e7813f81?s=96&d=mm&r=g","url":"https:\/\/secure.gravatar.com\/avatar\/ab9c6e5fc6872da09790b5919f6edfdffde75802c06338ac68a484f8e7813f81?s=96&d=mm&r=g","contentUrl":"https:\/\/secure.gravatar.com\/avatar\/ab9c6e5fc6872da09790b5919f6edfdffde75802c06338ac68a484f8e7813f81?s=96&d=mm&r=g","caption":"monlauuser"},"url":"https:\/\/www.monlau.com\/eso-batxillerat\/es\/author\/monlauuser\/"}]}},"_links":{"self":[{"href":"https:\/\/www.monlau.com\/eso-batxillerat\/es\/wp-json\/wp\/v2\/posts\/999","targetHints":{"allow":["GET"]}}],"collection":[{"href":"https:\/\/www.monlau.com\/eso-batxillerat\/es\/wp-json\/wp\/v2\/posts"}],"about":[{"href":"https:\/\/www.monlau.com\/eso-batxillerat\/es\/wp-json\/wp\/v2\/types\/post"}],"author":[{"embeddable":true,"href":"https:\/\/www.monlau.com\/eso-batxillerat\/es\/wp-json\/wp\/v2\/users\/2"}],"replies":[{"embeddable":true,"href":"https:\/\/www.monlau.com\/eso-batxillerat\/es\/wp-json\/wp\/v2\/comments?post=999"}],"version-history":[{"count":2,"href":"https:\/\/www.monlau.com\/eso-batxillerat\/es\/wp-json\/wp\/v2\/posts\/999\/revisions"}],"predecessor-version":[{"id":2073,"href":"https:\/\/www.monlau.com\/eso-batxillerat\/es\/wp-json\/wp\/v2\/posts\/999\/revisions\/2073"}],"wp:featuredmedia":[{"embeddable":true,"href":"https:\/\/www.monlau.com\/eso-batxillerat\/es\/wp-json\/wp\/v2\/media\/1000"}],"wp:attachment":[{"href":"https:\/\/www.monlau.com\/eso-batxillerat\/es\/wp-json\/wp\/v2\/media?parent=999"}],"wp:term":[{"taxonomy":"category","embeddable":true,"href":"https:\/\/www.monlau.com\/eso-batxillerat\/es\/wp-json\/wp\/v2\/categories?post=999"},{"taxonomy":"post_tag","embeddable":true,"href":"https:\/\/www.monlau.com\/eso-batxillerat\/es\/wp-json\/wp\/v2\/tags?post=999"}],"curies":[{"name":"wp","href":"https:\/\/api.w.org\/{rel}","templated":true}]}}