{"id":995,"date":"2019-01-28T00:00:00","date_gmt":"2019-01-27T23:00:00","guid":{"rendered":"https:\/\/www.monlau.com\/eso-batxillerat\/dos-anos-de-cambio-hacia-la-madurez-intelectual-y-emocional\/"},"modified":"2026-03-17T10:11:26","modified_gmt":"2026-03-17T09:11:26","slug":"dos-anos-de-cambio-hacia-la-madurez-intelectual-y-emocional","status":"publish","type":"post","link":"https:\/\/www.monlau.com\/eso-batxillerat\/es\/2019\/01\/28\/dos-anos-de-cambio-hacia-la-madurez-intelectual-y-emocional\/","title":{"rendered":"Dos a\u00f1os de cambio: hacia la madurez intelectual y emocional"},"content":{"rendered":"<p>La madurez intelectual es un concepto cuyo significado ha estado estrechamente relacionado con los diferentes momentos hist\u00f3ricos por los que ha atravesado la humanidad. Con esta afirmaci\u00f3n queremos decir, que no existe una idea inmutable de lo que significa madurez intelectual sino m\u00e1s bien un significado que se va perfilando en la medida en que la sociedad muestra sus necesidades y sus aspiraciones.<\/p>\n<p>Ampar\u00e1ndonos en esta evidencia, iniciamos hace unos a\u00f1os un proceso de reflexi\u00f3n, formaci\u00f3n y experimentaci\u00f3n, relacionado con los objetivos \u00faltimos de las ense\u00f1anzas y los aprendizajes. Un proceso que culmin\u00f3 en el dise\u00f1o y puesta en escena del Proyecto Conocimiento.<\/p>\n<p>Los resultados no han tardado en aparecer y hemos podido confirmar que vamos por el camino correcto. La madurez intelectual que nos demanda estos momentos hist\u00f3ricos exige aprendizajes activos en los que las competencias y los talentos se desarrollen en un clima favorable, con una mirada transversal e interdisciplinaria sobre el conocimiento, con un rol activo de nuestros alumnos, con potentes apoyos tecnol\u00f3gicos y en un clima c\u00e1lido, afectuoso y con altas dosis de motivaci\u00f3n.<\/p>\n<p>El resultado nos muestra un modelo de conocimiento en la que la madurez intelectual viaja en compa\u00f1\u00eda de la emocional, formando una combinaci\u00f3n que garantiza que nuestros alumnos experimenten unos aprendizajes susceptibles de contribuir, en m\u00faltiples maneras, a un futuro del que, actualmente, desconocemos sus demandas.<\/p>\n<h4>Sonia Mendiola<\/h4>\n<p>Jefe de estudios de ESO y Bachillerato<\/p>\n","protected":false},"excerpt":{"rendered":"<p>La madurez intelectual es un concepto cuyo significado ha estado estrechamente relacionado con los diferentes momentos hist\u00f3ricos por los que ha atravesado la humanidad. Con esta afirmaci\u00f3n queremos decir, que no existe una idea inmutable de lo que significa madurez intelectual sino m\u00e1s bien un significado que se va perfilando en la medida en que [&hellip;]<\/p>\n","protected":false},"author":2,"featured_media":996,"comment_status":"closed","ping_status":"closed","sticky":false,"template":"","format":"standard","meta":{"footnotes":""},"categories":[24],"tags":[],"class_list":["post-995","post","type-post","status-publish","format-standard","has-post-thumbnail","hentry","category-bachillerato"],"yoast_head":"<!-- This site is optimized with the Yoast SEO plugin v27.2 - https:\/\/yoast.com\/product\/yoast-seo-wordpress\/ -->\n<title>Dos a\u00f1os de cambio: hacia la madurez intelectual y emocional - Eso Batx<\/title>\n<meta name=\"robots\" content=\"index, follow, max-snippet:-1, max-image-preview:large, max-video-preview:-1\" \/>\n<link rel=\"canonical\" href=\"https:\/\/www.monlau.com\/eso-batxillerat\/es\/2019\/01\/28\/dos-anos-de-cambio-hacia-la-madurez-intelectual-y-emocional\/\" \/>\n<meta property=\"og:locale\" content=\"es_ES\" \/>\n<meta property=\"og:type\" content=\"article\" \/>\n<meta property=\"og:title\" content=\"Dos a\u00f1os de cambio: hacia la madurez intelectual y emocional - Eso Batx\" \/>\n<meta property=\"og:description\" content=\"La madurez intelectual es un concepto cuyo significado ha estado estrechamente relacionado con los diferentes momentos hist\u00f3ricos por los que ha atravesado la humanidad. Con esta afirmaci\u00f3n queremos decir, que no existe una idea inmutable de lo que significa madurez intelectual sino m\u00e1s bien un significado que se va perfilando en la medida en que [&hellip;]\" \/>\n<meta property=\"og:url\" content=\"https:\/\/www.monlau.com\/eso-batxillerat\/es\/2019\/01\/28\/dos-anos-de-cambio-hacia-la-madurez-intelectual-y-emocional\/\" \/>\n<meta property=\"og:site_name\" content=\"Eso Batx\" \/>\n<meta property=\"article:published_time\" content=\"2019-01-27T23:00:00+00:00\" \/>\n<meta property=\"article:modified_time\" content=\"2026-03-17T09:11:26+00:00\" \/>\n<meta property=\"og:image\" content=\"https:\/\/www.monlau.com\/app\/uploads\/sites\/2\/2026\/03\/SAGRERA-1177.jpg\" \/>\n\t<meta property=\"og:image:width\" content=\"1152\" \/>\n\t<meta property=\"og:image:height\" content=\"768\" \/>\n\t<meta property=\"og:image:type\" content=\"image\/jpeg\" \/>\n<meta name=\"author\" content=\"monlauuser\" \/>\n<meta name=\"twitter:card\" content=\"summary_large_image\" \/>\n<meta name=\"twitter:label1\" content=\"Escrito por\" \/>\n\t<meta name=\"twitter:data1\" content=\"monlauuser\" \/>\n\t<meta name=\"twitter:label2\" content=\"Tiempo de lectura\" \/>\n\t<meta name=\"twitter:data2\" content=\"2 minutos\" \/>\n<script type=\"application\/ld+json\" class=\"yoast-schema-graph\">{\"@context\":\"https:\/\/schema.org\",\"@graph\":[{\"@type\":\"Article\",\"@id\":\"https:\/\/www.monlau.com\/eso-batxillerat\/es\/2019\/01\/28\/dos-anos-de-cambio-hacia-la-madurez-intelectual-y-emocional\/#article\",\"isPartOf\":{\"@id\":\"https:\/\/www.monlau.com\/eso-batxillerat\/es\/2019\/01\/28\/dos-anos-de-cambio-hacia-la-madurez-intelectual-y-emocional\/\"},\"author\":{\"name\":\"monlauuser\",\"@id\":\"https:\/\/www.monlau.com\/eso-batxillerat\/es\/#\/schema\/person\/419630ffac9ae08417c894a53e55910c\"},\"headline\":\"Dos a\u00f1os de cambio: hacia la madurez intelectual y emocional\",\"datePublished\":\"2019-01-27T23:00:00+00:00\",\"dateModified\":\"2026-03-17T09:11:26+00:00\",\"mainEntityOfPage\":{\"@id\":\"https:\/\/www.monlau.com\/eso-batxillerat\/es\/2019\/01\/28\/dos-anos-de-cambio-hacia-la-madurez-intelectual-y-emocional\/\"},\"wordCount\":261,\"publisher\":{\"@id\":\"https:\/\/www.monlau.com\/eso-batxillerat\/es\/#organization\"},\"image\":{\"@id\":\"https:\/\/www.monlau.com\/eso-batxillerat\/es\/2019\/01\/28\/dos-anos-de-cambio-hacia-la-madurez-intelectual-y-emocional\/#primaryimage\"},\"thumbnailUrl\":\"https:\/\/www.monlau.com\/app\/uploads\/sites\/2\/2026\/03\/SAGRERA-1177.jpg\",\"articleSection\":[\"Bachillerato\"],\"inLanguage\":\"es\"},{\"@type\":\"WebPage\",\"@id\":\"https:\/\/www.monlau.com\/eso-batxillerat\/es\/2019\/01\/28\/dos-anos-de-cambio-hacia-la-madurez-intelectual-y-emocional\/\",\"url\":\"https:\/\/www.monlau.com\/eso-batxillerat\/es\/2019\/01\/28\/dos-anos-de-cambio-hacia-la-madurez-intelectual-y-emocional\/\",\"name\":\"Dos a\u00f1os de cambio: hacia la madurez intelectual y emocional - Eso Batx\",\"isPartOf\":{\"@id\":\"https:\/\/www.monlau.com\/eso-batxillerat\/es\/#website\"},\"primaryImageOfPage\":{\"@id\":\"https:\/\/www.monlau.com\/eso-batxillerat\/es\/2019\/01\/28\/dos-anos-de-cambio-hacia-la-madurez-intelectual-y-emocional\/#primaryimage\"},\"image\":{\"@id\":\"https:\/\/www.monlau.com\/eso-batxillerat\/es\/2019\/01\/28\/dos-anos-de-cambio-hacia-la-madurez-intelectual-y-emocional\/#primaryimage\"},\"thumbnailUrl\":\"https:\/\/www.monlau.com\/app\/uploads\/sites\/2\/2026\/03\/SAGRERA-1177.jpg\",\"datePublished\":\"2019-01-27T23:00:00+00:00\",\"dateModified\":\"2026-03-17T09:11:26+00:00\",\"breadcrumb\":{\"@id\":\"https:\/\/www.monlau.com\/eso-batxillerat\/es\/2019\/01\/28\/dos-anos-de-cambio-hacia-la-madurez-intelectual-y-emocional\/#breadcrumb\"},\"inLanguage\":\"es\",\"potentialAction\":[{\"@type\":\"ReadAction\",\"target\":[\"https:\/\/www.monlau.com\/eso-batxillerat\/es\/2019\/01\/28\/dos-anos-de-cambio-hacia-la-madurez-intelectual-y-emocional\/\"]}]},{\"@type\":\"ImageObject\",\"inLanguage\":\"es\",\"@id\":\"https:\/\/www.monlau.com\/eso-batxillerat\/es\/2019\/01\/28\/dos-anos-de-cambio-hacia-la-madurez-intelectual-y-emocional\/#primaryimage\",\"url\":\"https:\/\/www.monlau.com\/app\/uploads\/sites\/2\/2026\/03\/SAGRERA-1177.jpg\",\"contentUrl\":\"https:\/\/www.monlau.com\/app\/uploads\/sites\/2\/2026\/03\/SAGRERA-1177.jpg\",\"width\":1152,\"height\":768},{\"@type\":\"BreadcrumbList\",\"@id\":\"https:\/\/www.monlau.com\/eso-batxillerat\/es\/2019\/01\/28\/dos-anos-de-cambio-hacia-la-madurez-intelectual-y-emocional\/#breadcrumb\",\"itemListElement\":[{\"@type\":\"ListItem\",\"position\":1,\"name\":\"Inici\",\"item\":\"https:\/\/www.monlau.com\/eso-batxillerat\/es\/\"},{\"@type\":\"ListItem\",\"position\":2,\"name\":\"Dos a\u00f1os de cambio: hacia la madurez intelectual y emocional\"}]},{\"@type\":\"WebSite\",\"@id\":\"https:\/\/www.monlau.com\/eso-batxillerat\/es\/#website\",\"url\":\"https:\/\/www.monlau.com\/eso-batxillerat\/es\/\",\"name\":\"Eso Batx\",\"description\":\"\",\"publisher\":{\"@id\":\"https:\/\/www.monlau.com\/eso-batxillerat\/es\/#organization\"},\"potentialAction\":[{\"@type\":\"SearchAction\",\"target\":{\"@type\":\"EntryPoint\",\"urlTemplate\":\"https:\/\/www.monlau.com\/eso-batxillerat\/es\/?s={search_term_string}\"},\"query-input\":{\"@type\":\"PropertyValueSpecification\",\"valueRequired\":true,\"valueName\":\"search_term_string\"}}],\"inLanguage\":\"es\"},{\"@type\":\"Organization\",\"@id\":\"https:\/\/www.monlau.com\/eso-batxillerat\/es\/#organization\",\"name\":\"Eso Batx\",\"url\":\"https:\/\/www.monlau.com\/eso-batxillerat\/es\/\",\"logo\":{\"@type\":\"ImageObject\",\"inLanguage\":\"es\",\"@id\":\"https:\/\/www.monlau.com\/eso-batxillerat\/es\/#\/schema\/logo\/image\/\",\"url\":\"https:\/\/www.monlau.com\/app\/uploads\/sites\/2\/2025\/12\/logomoneso.png\",\"contentUrl\":\"https:\/\/www.monlau.com\/app\/uploads\/sites\/2\/2025\/12\/logomoneso.png\",\"width\":160,\"height\":160,\"caption\":\"Eso Batx\"},\"image\":{\"@id\":\"https:\/\/www.monlau.com\/eso-batxillerat\/es\/#\/schema\/logo\/image\/\"}},{\"@type\":\"Person\",\"@id\":\"https:\/\/www.monlau.com\/eso-batxillerat\/es\/#\/schema\/person\/419630ffac9ae08417c894a53e55910c\",\"name\":\"monlauuser\",\"image\":{\"@type\":\"ImageObject\",\"inLanguage\":\"es\",\"@id\":\"https:\/\/secure.gravatar.com\/avatar\/ab9c6e5fc6872da09790b5919f6edfdffde75802c06338ac68a484f8e7813f81?s=96&d=mm&r=g\",\"url\":\"https:\/\/secure.gravatar.com\/avatar\/ab9c6e5fc6872da09790b5919f6edfdffde75802c06338ac68a484f8e7813f81?s=96&d=mm&r=g\",\"contentUrl\":\"https:\/\/secure.gravatar.com\/avatar\/ab9c6e5fc6872da09790b5919f6edfdffde75802c06338ac68a484f8e7813f81?s=96&d=mm&r=g\",\"caption\":\"monlauuser\"},\"url\":\"https:\/\/www.monlau.com\/eso-batxillerat\/es\/author\/monlauuser\/\"}]}<\/script>\n<!-- \/ Yoast SEO plugin. -->","yoast_head_json":{"title":"Dos a\u00f1os de cambio: hacia la madurez intelectual y emocional - Eso Batx","robots":{"index":"index","follow":"follow","max-snippet":"max-snippet:-1","max-image-preview":"max-image-preview:large","max-video-preview":"max-video-preview:-1"},"canonical":"https:\/\/www.monlau.com\/eso-batxillerat\/es\/2019\/01\/28\/dos-anos-de-cambio-hacia-la-madurez-intelectual-y-emocional\/","og_locale":"es_ES","og_type":"article","og_title":"Dos a\u00f1os de cambio: hacia la madurez intelectual y emocional - Eso Batx","og_description":"La madurez intelectual es un concepto cuyo significado ha estado estrechamente relacionado con los diferentes momentos hist\u00f3ricos por los que ha atravesado la humanidad. Con esta afirmaci\u00f3n queremos decir, que no existe una idea inmutable de lo que significa madurez intelectual sino m\u00e1s bien un significado que se va perfilando en la medida en que [&hellip;]","og_url":"https:\/\/www.monlau.com\/eso-batxillerat\/es\/2019\/01\/28\/dos-anos-de-cambio-hacia-la-madurez-intelectual-y-emocional\/","og_site_name":"Eso Batx","article_published_time":"2019-01-27T23:00:00+00:00","article_modified_time":"2026-03-17T09:11:26+00:00","og_image":[{"width":1152,"height":768,"url":"https:\/\/www.monlau.com\/app\/uploads\/sites\/2\/2026\/03\/SAGRERA-1177.jpg","type":"image\/jpeg"}],"author":"monlauuser","twitter_card":"summary_large_image","twitter_misc":{"Escrito por":"monlauuser","Tiempo de lectura":"2 minutos"},"schema":{"@context":"https:\/\/schema.org","@graph":[{"@type":"Article","@id":"https:\/\/www.monlau.com\/eso-batxillerat\/es\/2019\/01\/28\/dos-anos-de-cambio-hacia-la-madurez-intelectual-y-emocional\/#article","isPartOf":{"@id":"https:\/\/www.monlau.com\/eso-batxillerat\/es\/2019\/01\/28\/dos-anos-de-cambio-hacia-la-madurez-intelectual-y-emocional\/"},"author":{"name":"monlauuser","@id":"https:\/\/www.monlau.com\/eso-batxillerat\/es\/#\/schema\/person\/419630ffac9ae08417c894a53e55910c"},"headline":"Dos a\u00f1os de cambio: hacia la madurez intelectual y emocional","datePublished":"2019-01-27T23:00:00+00:00","dateModified":"2026-03-17T09:11:26+00:00","mainEntityOfPage":{"@id":"https:\/\/www.monlau.com\/eso-batxillerat\/es\/2019\/01\/28\/dos-anos-de-cambio-hacia-la-madurez-intelectual-y-emocional\/"},"wordCount":261,"publisher":{"@id":"https:\/\/www.monlau.com\/eso-batxillerat\/es\/#organization"},"image":{"@id":"https:\/\/www.monlau.com\/eso-batxillerat\/es\/2019\/01\/28\/dos-anos-de-cambio-hacia-la-madurez-intelectual-y-emocional\/#primaryimage"},"thumbnailUrl":"https:\/\/www.monlau.com\/app\/uploads\/sites\/2\/2026\/03\/SAGRERA-1177.jpg","articleSection":["Bachillerato"],"inLanguage":"es"},{"@type":"WebPage","@id":"https:\/\/www.monlau.com\/eso-batxillerat\/es\/2019\/01\/28\/dos-anos-de-cambio-hacia-la-madurez-intelectual-y-emocional\/","url":"https:\/\/www.monlau.com\/eso-batxillerat\/es\/2019\/01\/28\/dos-anos-de-cambio-hacia-la-madurez-intelectual-y-emocional\/","name":"Dos a\u00f1os de cambio: hacia la madurez intelectual y emocional - Eso Batx","isPartOf":{"@id":"https:\/\/www.monlau.com\/eso-batxillerat\/es\/#website"},"primaryImageOfPage":{"@id":"https:\/\/www.monlau.com\/eso-batxillerat\/es\/2019\/01\/28\/dos-anos-de-cambio-hacia-la-madurez-intelectual-y-emocional\/#primaryimage"},"image":{"@id":"https:\/\/www.monlau.com\/eso-batxillerat\/es\/2019\/01\/28\/dos-anos-de-cambio-hacia-la-madurez-intelectual-y-emocional\/#primaryimage"},"thumbnailUrl":"https:\/\/www.monlau.com\/app\/uploads\/sites\/2\/2026\/03\/SAGRERA-1177.jpg","datePublished":"2019-01-27T23:00:00+00:00","dateModified":"2026-03-17T09:11:26+00:00","breadcrumb":{"@id":"https:\/\/www.monlau.com\/eso-batxillerat\/es\/2019\/01\/28\/dos-anos-de-cambio-hacia-la-madurez-intelectual-y-emocional\/#breadcrumb"},"inLanguage":"es","potentialAction":[{"@type":"ReadAction","target":["https:\/\/www.monlau.com\/eso-batxillerat\/es\/2019\/01\/28\/dos-anos-de-cambio-hacia-la-madurez-intelectual-y-emocional\/"]}]},{"@type":"ImageObject","inLanguage":"es","@id":"https:\/\/www.monlau.com\/eso-batxillerat\/es\/2019\/01\/28\/dos-anos-de-cambio-hacia-la-madurez-intelectual-y-emocional\/#primaryimage","url":"https:\/\/www.monlau.com\/app\/uploads\/sites\/2\/2026\/03\/SAGRERA-1177.jpg","contentUrl":"https:\/\/www.monlau.com\/app\/uploads\/sites\/2\/2026\/03\/SAGRERA-1177.jpg","width":1152,"height":768},{"@type":"BreadcrumbList","@id":"https:\/\/www.monlau.com\/eso-batxillerat\/es\/2019\/01\/28\/dos-anos-de-cambio-hacia-la-madurez-intelectual-y-emocional\/#breadcrumb","itemListElement":[{"@type":"ListItem","position":1,"name":"Inici","item":"https:\/\/www.monlau.com\/eso-batxillerat\/es\/"},{"@type":"ListItem","position":2,"name":"Dos a\u00f1os de cambio: hacia la madurez intelectual y emocional"}]},{"@type":"WebSite","@id":"https:\/\/www.monlau.com\/eso-batxillerat\/es\/#website","url":"https:\/\/www.monlau.com\/eso-batxillerat\/es\/","name":"Eso Batx","description":"","publisher":{"@id":"https:\/\/www.monlau.com\/eso-batxillerat\/es\/#organization"},"potentialAction":[{"@type":"SearchAction","target":{"@type":"EntryPoint","urlTemplate":"https:\/\/www.monlau.com\/eso-batxillerat\/es\/?s={search_term_string}"},"query-input":{"@type":"PropertyValueSpecification","valueRequired":true,"valueName":"search_term_string"}}],"inLanguage":"es"},{"@type":"Organization","@id":"https:\/\/www.monlau.com\/eso-batxillerat\/es\/#organization","name":"Eso Batx","url":"https:\/\/www.monlau.com\/eso-batxillerat\/es\/","logo":{"@type":"ImageObject","inLanguage":"es","@id":"https:\/\/www.monlau.com\/eso-batxillerat\/es\/#\/schema\/logo\/image\/","url":"https:\/\/www.monlau.com\/app\/uploads\/sites\/2\/2025\/12\/logomoneso.png","contentUrl":"https:\/\/www.monlau.com\/app\/uploads\/sites\/2\/2025\/12\/logomoneso.png","width":160,"height":160,"caption":"Eso Batx"},"image":{"@id":"https:\/\/www.monlau.com\/eso-batxillerat\/es\/#\/schema\/logo\/image\/"}},{"@type":"Person","@id":"https:\/\/www.monlau.com\/eso-batxillerat\/es\/#\/schema\/person\/419630ffac9ae08417c894a53e55910c","name":"monlauuser","image":{"@type":"ImageObject","inLanguage":"es","@id":"https:\/\/secure.gravatar.com\/avatar\/ab9c6e5fc6872da09790b5919f6edfdffde75802c06338ac68a484f8e7813f81?s=96&d=mm&r=g","url":"https:\/\/secure.gravatar.com\/avatar\/ab9c6e5fc6872da09790b5919f6edfdffde75802c06338ac68a484f8e7813f81?s=96&d=mm&r=g","contentUrl":"https:\/\/secure.gravatar.com\/avatar\/ab9c6e5fc6872da09790b5919f6edfdffde75802c06338ac68a484f8e7813f81?s=96&d=mm&r=g","caption":"monlauuser"},"url":"https:\/\/www.monlau.com\/eso-batxillerat\/es\/author\/monlauuser\/"}]}},"_links":{"self":[{"href":"https:\/\/www.monlau.com\/eso-batxillerat\/es\/wp-json\/wp\/v2\/posts\/995","targetHints":{"allow":["GET"]}}],"collection":[{"href":"https:\/\/www.monlau.com\/eso-batxillerat\/es\/wp-json\/wp\/v2\/posts"}],"about":[{"href":"https:\/\/www.monlau.com\/eso-batxillerat\/es\/wp-json\/wp\/v2\/types\/post"}],"author":[{"embeddable":true,"href":"https:\/\/www.monlau.com\/eso-batxillerat\/es\/wp-json\/wp\/v2\/users\/2"}],"replies":[{"embeddable":true,"href":"https:\/\/www.monlau.com\/eso-batxillerat\/es\/wp-json\/wp\/v2\/comments?post=995"}],"version-history":[{"count":2,"href":"https:\/\/www.monlau.com\/eso-batxillerat\/es\/wp-json\/wp\/v2\/posts\/995\/revisions"}],"predecessor-version":[{"id":2082,"href":"https:\/\/www.monlau.com\/eso-batxillerat\/es\/wp-json\/wp\/v2\/posts\/995\/revisions\/2082"}],"wp:featuredmedia":[{"embeddable":true,"href":"https:\/\/www.monlau.com\/eso-batxillerat\/es\/wp-json\/wp\/v2\/media\/996"}],"wp:attachment":[{"href":"https:\/\/www.monlau.com\/eso-batxillerat\/es\/wp-json\/wp\/v2\/media?parent=995"}],"wp:term":[{"taxonomy":"category","embeddable":true,"href":"https:\/\/www.monlau.com\/eso-batxillerat\/es\/wp-json\/wp\/v2\/categories?post=995"},{"taxonomy":"post_tag","embeddable":true,"href":"https:\/\/www.monlau.com\/eso-batxillerat\/es\/wp-json\/wp\/v2\/tags?post=995"}],"curies":[{"name":"wp","href":"https:\/\/api.w.org\/{rel}","templated":true}]}}