{"id":1230,"date":"2026-01-19T00:00:00","date_gmt":"2026-01-18T23:00:00","guid":{"rendered":"https:\/\/www.monlau.com\/eso-batxillerat\/exporecerca-monlau-investigacion-talento-y-comunicacion-en-accion\/"},"modified":"2026-03-10T10:53:32","modified_gmt":"2026-03-10T09:53:32","slug":"exporecerca-monlau-investigacion-talento-y-comunicacion-en-accion","status":"publish","type":"post","link":"https:\/\/www.monlau.com\/eso-batxillerat\/es\/2026\/01\/19\/exporecerca-monlau-investigacion-talento-y-comunicacion-en-accion\/","title":{"rendered":"Exporecerca Monlau: investigaci\u00f3n, talento y comunicaci\u00f3n en acci\u00f3n"},"content":{"rendered":"<p><span style=\"font-weight: 400\">La <\/span><b>Exporecerca Monlau<\/b><span style=\"font-weight: 400\"> es una feria de investigaci\u00f3n que forma parte del proceso de evaluaci\u00f3n del <\/span><b>Trabajo de investigaci\u00f3n<\/b><span style=\"font-weight: 400\"> del alumnado de <\/span><b>2\u00ba de Bachillerato<\/b><span style=\"font-weight: 400\">. Este espacio es una oportunidad \u00fanica para que los estudiantes presenten, defiendan y compartan sus proyectos ante diferentes p\u00fablicos de la comunidad educativa.<\/span><\/p>\n<p><span style=\"font-weight: 400\">Durante el Exporecerca, el alumnado expone sus proyectos a <\/span><b>familias, alumnado de 1\u00ba de Bachillerato, estudiantes de 4\u00ba de ESO y profesorado del centro<\/b><span style=\"font-weight: 400\">. Adem\u00e1s de ser una muestra de investigaci\u00f3n, la actividad forma parte de la <\/span><b>evaluaci\u00f3n oficial del Trabajo de investigaci\u00f3n<\/b><span style=\"font-weight: 400\">, con asistencia obligatoria .<\/span><\/p>\n<p><span style=\"font-weight: 400\">La preparaci\u00f3n de la Exporecerca se trabaja en las horas de <\/span><b>Tutor\u00eda y ODS<\/b><span style=\"font-weight: 400\">, con el acompa\u00f1amiento constante del tutor o tutora del Trabajo de investigaci\u00f3n.<\/span><\/p>\n<p><span style=\"font-weight: 400\">La edici\u00f3n del curso<\/span><b> 2025-2026<\/b><span style=\"font-weight: 400\"> tendr\u00e1 lugar el <\/span><b>28 de enero de 2026<\/b><span style=\"font-weight: 400\">, en horario de <\/span><b>15.30 h a 18.00 h<\/b><span style=\"font-weight: 400\">, y se desarrollar\u00e1 al <\/span><b>primero y segundo piso del centro y en el aula polivalente.<\/b><\/p>\n<p><span style=\"font-weight: 400\">A lo largo del d\u00eda, el alumnado de segundo prepara su stand, expone el proyecto en el p\u00fablico visitante y responde preguntas, mientras el profesorado observa y eval\u00faa las presentaciones seg\u00fan una r\u00fabrica.<\/span><\/p>\n<p><span style=\"font-weight: 400\">Cada proyecto dispone de un <\/span><b>stand propio<\/b><span style=\"font-weight: 400\">, organizado por tem\u00e1ticas, donde el alumnado presenta su trabajo mediante p\u00f3steres, presentaciones digitales, videos, c\u00f3digos QR, tr\u00edpticos, maquetas u otros materiales creativos.<\/span><\/p>\n<p><span style=\"font-weight: 400\">El objetivo es crear espacios visuales, claros y atractivos, que faciliten la comprensi\u00f3n del proyecto y fomenten el di\u00e1logo con los visitantes.<\/span><\/p>\n<p><span style=\"font-weight: 400\">Uno de los grandes valores del Exporecerca es el desarrollo de la <\/span><b>competencia comunicativa<\/b><span style=\"font-weight: 400\">. El alumnado prepara exposiciones breves, rigurosas y adaptadas a los diferentes p\u00fablicos, aprendiendo a defender su investigaci\u00f3n con seguridad, claridad e iniciativa.<\/span><\/p>\n<p><span style=\"font-weight: 400\">Esta experiencia contribuye de manera decisiva al crecimiento acad\u00e9mico y personal de los estudiantes, prepar\u00e1ndolos por futuros retos universitarios y profesionales.<\/span><\/p>\n<p><span style=\"font-weight: 400\">El Exporecerca forma parte de la evaluaci\u00f3n global del TR, junto con la memoria escrita, el seguimiento tutorial y las exposiciones previas. Es, sin duda, un momento clave donde el esfuerzo de meses de trabajo toma forma y se comparte con toda la comunidad educativa.<\/span><\/p>\n","protected":false},"excerpt":{"rendered":"<p>La Exporecerca Monlau es una feria de investigaci\u00f3n que forma parte del proceso de evaluaci\u00f3n del Trabajo de investigaci\u00f3n del alumnado de 2\u00ba de Bachillerato. Este espacio es una oportunidad \u00fanica para que los estudiantes presenten, defiendan y compartan sus proyectos ante diferentes p\u00fablicos de la comunidad educativa. Durante el Exporecerca, el alumnado expone sus [&hellip;]<\/p>\n","protected":false},"author":1,"featured_media":1231,"comment_status":"closed","ping_status":"closed","sticky":false,"template":"","format":"standard","meta":{"footnotes":""},"categories":[24,20,114],"tags":[],"class_list":["post-1230","post","type-post","status-publish","format-standard","has-post-thumbnail","hentry","category-bachillerato","category-eso","category-monlau"],"yoast_head":"<!-- This site is optimized with the Yoast SEO plugin v27.2 - https:\/\/yoast.com\/product\/yoast-seo-wordpress\/ -->\n<title>Exporecerca Monlau: investigaci\u00f3n, talento y comunicaci\u00f3n en acci\u00f3n - Eso Batx<\/title>\n<meta name=\"robots\" content=\"index, follow, max-snippet:-1, max-image-preview:large, max-video-preview:-1\" \/>\n<link rel=\"canonical\" href=\"https:\/\/www.monlau.com\/eso-batxillerat\/es\/2026\/01\/19\/exporecerca-monlau-investigacion-talento-y-comunicacion-en-accion\/\" \/>\n<meta property=\"og:locale\" content=\"es_ES\" \/>\n<meta property=\"og:type\" content=\"article\" \/>\n<meta property=\"og:title\" content=\"Exporecerca Monlau: investigaci\u00f3n, talento y comunicaci\u00f3n en acci\u00f3n - Eso Batx\" \/>\n<meta property=\"og:description\" content=\"La Exporecerca Monlau es una feria de investigaci\u00f3n que forma parte del proceso de evaluaci\u00f3n del Trabajo de investigaci\u00f3n del alumnado de 2\u00ba de Bachillerato. Este espacio es una oportunidad \u00fanica para que los estudiantes presenten, defiendan y compartan sus proyectos ante diferentes p\u00fablicos de la comunidad educativa. Durante el Exporecerca, el alumnado expone sus [&hellip;]\" \/>\n<meta property=\"og:url\" content=\"https:\/\/www.monlau.com\/eso-batxillerat\/es\/2026\/01\/19\/exporecerca-monlau-investigacion-talento-y-comunicacion-en-accion\/\" \/>\n<meta property=\"og:site_name\" content=\"Eso Batx\" \/>\n<meta property=\"article:published_time\" content=\"2026-01-18T23:00:00+00:00\" \/>\n<meta property=\"article:modified_time\" content=\"2026-03-10T09:53:32+00:00\" \/>\n<meta property=\"og:image\" content=\"https:\/\/www.monlau.com\/app\/uploads\/sites\/2\/2026\/03\/Post-ESOBAT-en-horizontal-25-26-14.jpg\" \/>\n\t<meta property=\"og:image:width\" content=\"1824\" \/>\n\t<meta property=\"og:image:height\" content=\"1216\" \/>\n\t<meta property=\"og:image:type\" content=\"image\/jpeg\" \/>\n<meta name=\"author\" content=\"adsmurai\" \/>\n<meta name=\"twitter:card\" content=\"summary_large_image\" \/>\n<meta name=\"twitter:label1\" content=\"Escrito por\" \/>\n\t<meta name=\"twitter:data1\" content=\"adsmurai\" \/>\n\t<meta name=\"twitter:label2\" content=\"Tiempo de lectura\" \/>\n\t<meta name=\"twitter:data2\" content=\"2 minutos\" \/>\n<script type=\"application\/ld+json\" class=\"yoast-schema-graph\">{\"@context\":\"https:\/\/schema.org\",\"@graph\":[{\"@type\":\"Article\",\"@id\":\"https:\/\/www.monlau.com\/eso-batxillerat\/es\/2026\/01\/19\/exporecerca-monlau-investigacion-talento-y-comunicacion-en-accion\/#article\",\"isPartOf\":{\"@id\":\"https:\/\/www.monlau.com\/eso-batxillerat\/es\/2026\/01\/19\/exporecerca-monlau-investigacion-talento-y-comunicacion-en-accion\/\"},\"author\":{\"name\":\"adsmurai\",\"@id\":\"https:\/\/www.monlau.com\/eso-batxillerat\/es\/#\/schema\/person\/419cfdf054323e24e0a2ef1d8597f051\"},\"headline\":\"Exporecerca Monlau: investigaci\u00f3n, talento y comunicaci\u00f3n en acci\u00f3n\",\"datePublished\":\"2026-01-18T23:00:00+00:00\",\"dateModified\":\"2026-03-10T09:53:32+00:00\",\"mainEntityOfPage\":{\"@id\":\"https:\/\/www.monlau.com\/eso-batxillerat\/es\/2026\/01\/19\/exporecerca-monlau-investigacion-talento-y-comunicacion-en-accion\/\"},\"wordCount\":375,\"publisher\":{\"@id\":\"https:\/\/www.monlau.com\/eso-batxillerat\/es\/#organization\"},\"image\":{\"@id\":\"https:\/\/www.monlau.com\/eso-batxillerat\/es\/2026\/01\/19\/exporecerca-monlau-investigacion-talento-y-comunicacion-en-accion\/#primaryimage\"},\"thumbnailUrl\":\"https:\/\/www.monlau.com\/app\/uploads\/sites\/2\/2026\/03\/Post-ESOBAT-en-horizontal-25-26-14.jpg\",\"articleSection\":[\"Bachillerato\",\"ESO\",\"Monlau\"],\"inLanguage\":\"es\"},{\"@type\":\"WebPage\",\"@id\":\"https:\/\/www.monlau.com\/eso-batxillerat\/es\/2026\/01\/19\/exporecerca-monlau-investigacion-talento-y-comunicacion-en-accion\/\",\"url\":\"https:\/\/www.monlau.com\/eso-batxillerat\/es\/2026\/01\/19\/exporecerca-monlau-investigacion-talento-y-comunicacion-en-accion\/\",\"name\":\"Exporecerca Monlau: investigaci\u00f3n, talento y comunicaci\u00f3n en acci\u00f3n - Eso Batx\",\"isPartOf\":{\"@id\":\"https:\/\/www.monlau.com\/eso-batxillerat\/es\/#website\"},\"primaryImageOfPage\":{\"@id\":\"https:\/\/www.monlau.com\/eso-batxillerat\/es\/2026\/01\/19\/exporecerca-monlau-investigacion-talento-y-comunicacion-en-accion\/#primaryimage\"},\"image\":{\"@id\":\"https:\/\/www.monlau.com\/eso-batxillerat\/es\/2026\/01\/19\/exporecerca-monlau-investigacion-talento-y-comunicacion-en-accion\/#primaryimage\"},\"thumbnailUrl\":\"https:\/\/www.monlau.com\/app\/uploads\/sites\/2\/2026\/03\/Post-ESOBAT-en-horizontal-25-26-14.jpg\",\"datePublished\":\"2026-01-18T23:00:00+00:00\",\"dateModified\":\"2026-03-10T09:53:32+00:00\",\"breadcrumb\":{\"@id\":\"https:\/\/www.monlau.com\/eso-batxillerat\/es\/2026\/01\/19\/exporecerca-monlau-investigacion-talento-y-comunicacion-en-accion\/#breadcrumb\"},\"inLanguage\":\"es\",\"potentialAction\":[{\"@type\":\"ReadAction\",\"target\":[\"https:\/\/www.monlau.com\/eso-batxillerat\/es\/2026\/01\/19\/exporecerca-monlau-investigacion-talento-y-comunicacion-en-accion\/\"]}]},{\"@type\":\"ImageObject\",\"inLanguage\":\"es\",\"@id\":\"https:\/\/www.monlau.com\/eso-batxillerat\/es\/2026\/01\/19\/exporecerca-monlau-investigacion-talento-y-comunicacion-en-accion\/#primaryimage\",\"url\":\"https:\/\/www.monlau.com\/app\/uploads\/sites\/2\/2026\/03\/Post-ESOBAT-en-horizontal-25-26-14.jpg\",\"contentUrl\":\"https:\/\/www.monlau.com\/app\/uploads\/sites\/2\/2026\/03\/Post-ESOBAT-en-horizontal-25-26-14.jpg\",\"width\":1824,\"height\":1216},{\"@type\":\"BreadcrumbList\",\"@id\":\"https:\/\/www.monlau.com\/eso-batxillerat\/es\/2026\/01\/19\/exporecerca-monlau-investigacion-talento-y-comunicacion-en-accion\/#breadcrumb\",\"itemListElement\":[{\"@type\":\"ListItem\",\"position\":1,\"name\":\"Inici\",\"item\":\"https:\/\/www.monlau.com\/eso-batxillerat\/es\/\"},{\"@type\":\"ListItem\",\"position\":2,\"name\":\"Exporecerca Monlau: investigaci\u00f3n, talento y comunicaci\u00f3n en acci\u00f3n\"}]},{\"@type\":\"WebSite\",\"@id\":\"https:\/\/www.monlau.com\/eso-batxillerat\/es\/#website\",\"url\":\"https:\/\/www.monlau.com\/eso-batxillerat\/es\/\",\"name\":\"Eso Batx\",\"description\":\"\",\"publisher\":{\"@id\":\"https:\/\/www.monlau.com\/eso-batxillerat\/es\/#organization\"},\"potentialAction\":[{\"@type\":\"SearchAction\",\"target\":{\"@type\":\"EntryPoint\",\"urlTemplate\":\"https:\/\/www.monlau.com\/eso-batxillerat\/es\/?s={search_term_string}\"},\"query-input\":{\"@type\":\"PropertyValueSpecification\",\"valueRequired\":true,\"valueName\":\"search_term_string\"}}],\"inLanguage\":\"es\"},{\"@type\":\"Organization\",\"@id\":\"https:\/\/www.monlau.com\/eso-batxillerat\/es\/#organization\",\"name\":\"Eso Batx\",\"url\":\"https:\/\/www.monlau.com\/eso-batxillerat\/es\/\",\"logo\":{\"@type\":\"ImageObject\",\"inLanguage\":\"es\",\"@id\":\"https:\/\/www.monlau.com\/eso-batxillerat\/es\/#\/schema\/logo\/image\/\",\"url\":\"https:\/\/www.monlau.com\/app\/uploads\/sites\/2\/2025\/12\/logomoneso.png\",\"contentUrl\":\"https:\/\/www.monlau.com\/app\/uploads\/sites\/2\/2025\/12\/logomoneso.png\",\"width\":160,\"height\":160,\"caption\":\"Eso Batx\"},\"image\":{\"@id\":\"https:\/\/www.monlau.com\/eso-batxillerat\/es\/#\/schema\/logo\/image\/\"}},{\"@type\":\"Person\",\"@id\":\"https:\/\/www.monlau.com\/eso-batxillerat\/es\/#\/schema\/person\/419cfdf054323e24e0a2ef1d8597f051\",\"name\":\"adsmurai\",\"image\":{\"@type\":\"ImageObject\",\"inLanguage\":\"es\",\"@id\":\"https:\/\/secure.gravatar.com\/avatar\/0748788578f91786454454fa3b4c295644edb991ad6caadc70b41d26790d38fc?s=96&d=mm&r=g\",\"url\":\"https:\/\/secure.gravatar.com\/avatar\/0748788578f91786454454fa3b4c295644edb991ad6caadc70b41d26790d38fc?s=96&d=mm&r=g\",\"contentUrl\":\"https:\/\/secure.gravatar.com\/avatar\/0748788578f91786454454fa3b4c295644edb991ad6caadc70b41d26790d38fc?s=96&d=mm&r=g\",\"caption\":\"adsmurai\"},\"sameAs\":[\"https:\/\/www.monlau.com\"],\"url\":\"https:\/\/www.monlau.com\/eso-batxillerat\/es\/author\/adsmurai\/\"}]}<\/script>\n<!-- \/ Yoast SEO plugin. -->","yoast_head_json":{"title":"Exporecerca Monlau: investigaci\u00f3n, talento y comunicaci\u00f3n en acci\u00f3n - Eso Batx","robots":{"index":"index","follow":"follow","max-snippet":"max-snippet:-1","max-image-preview":"max-image-preview:large","max-video-preview":"max-video-preview:-1"},"canonical":"https:\/\/www.monlau.com\/eso-batxillerat\/es\/2026\/01\/19\/exporecerca-monlau-investigacion-talento-y-comunicacion-en-accion\/","og_locale":"es_ES","og_type":"article","og_title":"Exporecerca Monlau: investigaci\u00f3n, talento y comunicaci\u00f3n en acci\u00f3n - Eso Batx","og_description":"La Exporecerca Monlau es una feria de investigaci\u00f3n que forma parte del proceso de evaluaci\u00f3n del Trabajo de investigaci\u00f3n del alumnado de 2\u00ba de Bachillerato. Este espacio es una oportunidad \u00fanica para que los estudiantes presenten, defiendan y compartan sus proyectos ante diferentes p\u00fablicos de la comunidad educativa. Durante el Exporecerca, el alumnado expone sus [&hellip;]","og_url":"https:\/\/www.monlau.com\/eso-batxillerat\/es\/2026\/01\/19\/exporecerca-monlau-investigacion-talento-y-comunicacion-en-accion\/","og_site_name":"Eso Batx","article_published_time":"2026-01-18T23:00:00+00:00","article_modified_time":"2026-03-10T09:53:32+00:00","og_image":[{"width":1824,"height":1216,"url":"https:\/\/www.monlau.com\/app\/uploads\/sites\/2\/2026\/03\/Post-ESOBAT-en-horizontal-25-26-14.jpg","type":"image\/jpeg"}],"author":"adsmurai","twitter_card":"summary_large_image","twitter_misc":{"Escrito por":"adsmurai","Tiempo de lectura":"2 minutos"},"schema":{"@context":"https:\/\/schema.org","@graph":[{"@type":"Article","@id":"https:\/\/www.monlau.com\/eso-batxillerat\/es\/2026\/01\/19\/exporecerca-monlau-investigacion-talento-y-comunicacion-en-accion\/#article","isPartOf":{"@id":"https:\/\/www.monlau.com\/eso-batxillerat\/es\/2026\/01\/19\/exporecerca-monlau-investigacion-talento-y-comunicacion-en-accion\/"},"author":{"name":"adsmurai","@id":"https:\/\/www.monlau.com\/eso-batxillerat\/es\/#\/schema\/person\/419cfdf054323e24e0a2ef1d8597f051"},"headline":"Exporecerca Monlau: investigaci\u00f3n, talento y comunicaci\u00f3n en acci\u00f3n","datePublished":"2026-01-18T23:00:00+00:00","dateModified":"2026-03-10T09:53:32+00:00","mainEntityOfPage":{"@id":"https:\/\/www.monlau.com\/eso-batxillerat\/es\/2026\/01\/19\/exporecerca-monlau-investigacion-talento-y-comunicacion-en-accion\/"},"wordCount":375,"publisher":{"@id":"https:\/\/www.monlau.com\/eso-batxillerat\/es\/#organization"},"image":{"@id":"https:\/\/www.monlau.com\/eso-batxillerat\/es\/2026\/01\/19\/exporecerca-monlau-investigacion-talento-y-comunicacion-en-accion\/#primaryimage"},"thumbnailUrl":"https:\/\/www.monlau.com\/app\/uploads\/sites\/2\/2026\/03\/Post-ESOBAT-en-horizontal-25-26-14.jpg","articleSection":["Bachillerato","ESO","Monlau"],"inLanguage":"es"},{"@type":"WebPage","@id":"https:\/\/www.monlau.com\/eso-batxillerat\/es\/2026\/01\/19\/exporecerca-monlau-investigacion-talento-y-comunicacion-en-accion\/","url":"https:\/\/www.monlau.com\/eso-batxillerat\/es\/2026\/01\/19\/exporecerca-monlau-investigacion-talento-y-comunicacion-en-accion\/","name":"Exporecerca Monlau: investigaci\u00f3n, talento y comunicaci\u00f3n en acci\u00f3n - Eso Batx","isPartOf":{"@id":"https:\/\/www.monlau.com\/eso-batxillerat\/es\/#website"},"primaryImageOfPage":{"@id":"https:\/\/www.monlau.com\/eso-batxillerat\/es\/2026\/01\/19\/exporecerca-monlau-investigacion-talento-y-comunicacion-en-accion\/#primaryimage"},"image":{"@id":"https:\/\/www.monlau.com\/eso-batxillerat\/es\/2026\/01\/19\/exporecerca-monlau-investigacion-talento-y-comunicacion-en-accion\/#primaryimage"},"thumbnailUrl":"https:\/\/www.monlau.com\/app\/uploads\/sites\/2\/2026\/03\/Post-ESOBAT-en-horizontal-25-26-14.jpg","datePublished":"2026-01-18T23:00:00+00:00","dateModified":"2026-03-10T09:53:32+00:00","breadcrumb":{"@id":"https:\/\/www.monlau.com\/eso-batxillerat\/es\/2026\/01\/19\/exporecerca-monlau-investigacion-talento-y-comunicacion-en-accion\/#breadcrumb"},"inLanguage":"es","potentialAction":[{"@type":"ReadAction","target":["https:\/\/www.monlau.com\/eso-batxillerat\/es\/2026\/01\/19\/exporecerca-monlau-investigacion-talento-y-comunicacion-en-accion\/"]}]},{"@type":"ImageObject","inLanguage":"es","@id":"https:\/\/www.monlau.com\/eso-batxillerat\/es\/2026\/01\/19\/exporecerca-monlau-investigacion-talento-y-comunicacion-en-accion\/#primaryimage","url":"https:\/\/www.monlau.com\/app\/uploads\/sites\/2\/2026\/03\/Post-ESOBAT-en-horizontal-25-26-14.jpg","contentUrl":"https:\/\/www.monlau.com\/app\/uploads\/sites\/2\/2026\/03\/Post-ESOBAT-en-horizontal-25-26-14.jpg","width":1824,"height":1216},{"@type":"BreadcrumbList","@id":"https:\/\/www.monlau.com\/eso-batxillerat\/es\/2026\/01\/19\/exporecerca-monlau-investigacion-talento-y-comunicacion-en-accion\/#breadcrumb","itemListElement":[{"@type":"ListItem","position":1,"name":"Inici","item":"https:\/\/www.monlau.com\/eso-batxillerat\/es\/"},{"@type":"ListItem","position":2,"name":"Exporecerca Monlau: investigaci\u00f3n, talento y comunicaci\u00f3n en acci\u00f3n"}]},{"@type":"WebSite","@id":"https:\/\/www.monlau.com\/eso-batxillerat\/es\/#website","url":"https:\/\/www.monlau.com\/eso-batxillerat\/es\/","name":"Eso Batx","description":"","publisher":{"@id":"https:\/\/www.monlau.com\/eso-batxillerat\/es\/#organization"},"potentialAction":[{"@type":"SearchAction","target":{"@type":"EntryPoint","urlTemplate":"https:\/\/www.monlau.com\/eso-batxillerat\/es\/?s={search_term_string}"},"query-input":{"@type":"PropertyValueSpecification","valueRequired":true,"valueName":"search_term_string"}}],"inLanguage":"es"},{"@type":"Organization","@id":"https:\/\/www.monlau.com\/eso-batxillerat\/es\/#organization","name":"Eso Batx","url":"https:\/\/www.monlau.com\/eso-batxillerat\/es\/","logo":{"@type":"ImageObject","inLanguage":"es","@id":"https:\/\/www.monlau.com\/eso-batxillerat\/es\/#\/schema\/logo\/image\/","url":"https:\/\/www.monlau.com\/app\/uploads\/sites\/2\/2025\/12\/logomoneso.png","contentUrl":"https:\/\/www.monlau.com\/app\/uploads\/sites\/2\/2025\/12\/logomoneso.png","width":160,"height":160,"caption":"Eso Batx"},"image":{"@id":"https:\/\/www.monlau.com\/eso-batxillerat\/es\/#\/schema\/logo\/image\/"}},{"@type":"Person","@id":"https:\/\/www.monlau.com\/eso-batxillerat\/es\/#\/schema\/person\/419cfdf054323e24e0a2ef1d8597f051","name":"adsmurai","image":{"@type":"ImageObject","inLanguage":"es","@id":"https:\/\/secure.gravatar.com\/avatar\/0748788578f91786454454fa3b4c295644edb991ad6caadc70b41d26790d38fc?s=96&d=mm&r=g","url":"https:\/\/secure.gravatar.com\/avatar\/0748788578f91786454454fa3b4c295644edb991ad6caadc70b41d26790d38fc?s=96&d=mm&r=g","contentUrl":"https:\/\/secure.gravatar.com\/avatar\/0748788578f91786454454fa3b4c295644edb991ad6caadc70b41d26790d38fc?s=96&d=mm&r=g","caption":"adsmurai"},"sameAs":["https:\/\/www.monlau.com"],"url":"https:\/\/www.monlau.com\/eso-batxillerat\/es\/author\/adsmurai\/"}]}},"_links":{"self":[{"href":"https:\/\/www.monlau.com\/eso-batxillerat\/es\/wp-json\/wp\/v2\/posts\/1230","targetHints":{"allow":["GET"]}}],"collection":[{"href":"https:\/\/www.monlau.com\/eso-batxillerat\/es\/wp-json\/wp\/v2\/posts"}],"about":[{"href":"https:\/\/www.monlau.com\/eso-batxillerat\/es\/wp-json\/wp\/v2\/types\/post"}],"author":[{"embeddable":true,"href":"https:\/\/www.monlau.com\/eso-batxillerat\/es\/wp-json\/wp\/v2\/users\/1"}],"replies":[{"embeddable":true,"href":"https:\/\/www.monlau.com\/eso-batxillerat\/es\/wp-json\/wp\/v2\/comments?post=1230"}],"version-history":[{"count":1,"href":"https:\/\/www.monlau.com\/eso-batxillerat\/es\/wp-json\/wp\/v2\/posts\/1230\/revisions"}],"predecessor-version":[{"id":1481,"href":"https:\/\/www.monlau.com\/eso-batxillerat\/es\/wp-json\/wp\/v2\/posts\/1230\/revisions\/1481"}],"wp:featuredmedia":[{"embeddable":true,"href":"https:\/\/www.monlau.com\/eso-batxillerat\/es\/wp-json\/wp\/v2\/media\/1231"}],"wp:attachment":[{"href":"https:\/\/www.monlau.com\/eso-batxillerat\/es\/wp-json\/wp\/v2\/media?parent=1230"}],"wp:term":[{"taxonomy":"category","embeddable":true,"href":"https:\/\/www.monlau.com\/eso-batxillerat\/es\/wp-json\/wp\/v2\/categories?post=1230"},{"taxonomy":"post_tag","embeddable":true,"href":"https:\/\/www.monlau.com\/eso-batxillerat\/es\/wp-json\/wp\/v2\/tags?post=1230"}],"curies":[{"name":"wp","href":"https:\/\/api.w.org\/{rel}","templated":true}]}}