{"id":1209,"date":"2025-06-30T00:00:00","date_gmt":"2025-06-29T22:00:00","guid":{"rendered":"https:\/\/www.monlau.com\/eso-batxillerat\/como-preparamos-a-los-alumnos-de-monlau-para-los-retos-del-futuro\/"},"modified":"2026-03-10T10:53:33","modified_gmt":"2026-03-10T09:53:33","slug":"como-preparamos-a-los-alumnos-de-monlau-para-los-retos-del-futuro","status":"publish","type":"post","link":"https:\/\/www.monlau.com\/eso-batxillerat\/es\/2025\/06\/30\/como-preparamos-a-los-alumnos-de-monlau-para-los-retos-del-futuro\/","title":{"rendered":"\u00bfC\u00f3mo preparamos a los alumnos de Monlau para los retos del futuro?"},"content":{"rendered":"<p>El futuro ya est\u00e1 aqu\u00ed. La tecnolog\u00eda, la inteligencia artificial, las nuevas formas de comunicarnos\u2026 Todo esto forma parte del d\u00eda a d\u00eda de nuestros alumnos, porque sabemos que ser\u00e1 clave en su futuro acad\u00e9mico y profesional.<\/p>\n<p>En <a href=\"https:\/\/www.monlau.com\/eso-batxillerat\/?lang=es\"><strong>Monlau<\/strong><\/a> apostamos por formar alumnos preparados para afrontar estos retos con seguridad, criterio y habilidades pr\u00e1cticas. Y lo hacemos combinando <strong>innovaci\u00f3n y tradici\u00f3n<\/strong> , porque creemos que el futuro se construye con conocimiento, pero tambi\u00e9n con valores y sentido com\u00fan.<\/p>\n<p><strong><\/strong><\/p>\n<p>En las aulas de la ESO de Monlau, los alumnos tienen acceso a herramientas que hace unos a\u00f1os parec\u00edan de ciencia ficci\u00f3n:<\/p>\n<p>\u2714\ufe0f <a href=\"https:\/\/www.instagram.com\/reel\/DCyybDUs-eV\/?utm_source=ig_web_copy_link&amp;igsh=MWdmMnVybDZkdTJqaw==\"><strong>Gafas de realidad aumentada<\/strong><\/a><span style=\"color: #000000;\"><a href=\"https:\/\/www.instagram.com\/reel\/DCyybDUs-eV\/?utm_source=ig_web_copy_link&amp;igsh=MWdmMnVybDZkdTJqaw==\" style=\"color: #000000;\"><strong><\/strong><\/a><\/span> , porque entendemos que la Realidad Virtual formar\u00e1 parte de muchos \u00e1mbitos profesionales en el futuro.<br \/> \u2714\ufe0f <a href=\"https:\/\/www.instagram.com\/reel\/C9MdLb3i1YI\/?utm_source=ig_web_copy_link&amp;igsh=YTBkaTgweG5uZ2dw\"><strong>Impresi\u00f3n 3D<\/strong><\/a> , que permite a los estudiantes materializar ideas y entender mejor conceptos t\u00e9cnicos.<br \/> \u2714\ufe0f <strong>Robots articulados<\/strong> , con los que pueden experimentar de forma pr\u00e1ctica la rob\u00f3tica y la programaci\u00f3n.<br \/> \u2714\ufe0f Y desde hace unas semanas\u2026 <strong>un aula virtual<\/strong> que convierte el aprendizaje en una experiencia m\u00e1s din\u00e1mica, divertida y adaptada a los nuevos tiempos.<\/p>\n<p>Invertimos en tecnolog\u00eda porque sabemos que es imprescindible que los alumnos se familiaricen con ella, pero siempre con una mirada responsable y educativa.<\/p>\n<p style=\"text-align: justify;\">\n<p>Entendemos que dominar la tecnolog\u00eda no significa olvidar las habilidades b\u00e1sicas que acompa\u00f1ar\u00e1n a los alumnos toda la vida:<\/p>\n<p>\u270f\ufe0f Nos gusta que los alumnos <strong>escriban con papel y l\u00e1piz<\/strong> , porque esto favorece la concentraci\u00f3n y la memoria.<br \/>   Los <strong>m\u00f3viles se guardan en una caja durante las clases<\/strong> , y no est\u00e1 permitido su uso en horario lectivo.<\/p>\n<p>As\u00ed, fomentamos un uso responsable de la tecnolog\u00eda y evitamos distracciones que pueden afectar al rendimiento acad\u00e9mico.<\/p>\n<p>&nbsp;<\/p>\n<p>Adem\u00e1s, en Monlau trabajamos con metodolog\u00edas activas, proyectos colaborativos y actividades pr\u00e1cticas que desarrollan el pensamiento cr\u00edtico, la creatividad y la autonom\u00eda de los alumnos.<\/p>\n<p>Los idiomas son tambi\u00e9n una pieza clave. Preparamos a los estudiantes para que puedan comunicarse en un mundo globalizado y competitivo, con especial \u00e9nfasis en el ingl\u00e9s.<\/p>\n<p>&nbsp;<\/p>\n<p>Nuestro objetivo es que los alumnos de Monlau finalicen la ESO con una formaci\u00f3n completa: acad\u00e9mica, tecnol\u00f3gica, emocional y personal. As\u00ed estar\u00e1n preparados no s\u00f3lo para superar los retos de estudios posteriores, sino tambi\u00e9n para enfrentarse con \u00e9xito a los desaf\u00edos de un mundo en constante cambio.<\/p>\n","protected":false},"excerpt":{"rendered":"<p>El futuro ya est\u00e1 aqu\u00ed. La tecnolog\u00eda, la inteligencia artificial, las nuevas formas de comunicarnos\u2026 Todo esto forma parte del d\u00eda a d\u00eda de nuestros alumnos, porque sabemos que ser\u00e1 clave en su futuro acad\u00e9mico y profesional. En Monlau apostamos por formar alumnos preparados para afrontar estos retos con seguridad, criterio y habilidades pr\u00e1cticas. Y [&hellip;]<\/p>\n","protected":false},"author":1,"featured_media":1210,"comment_status":"closed","ping_status":"closed","sticky":false,"template":"","format":"standard","meta":{"footnotes":""},"categories":[117,20,114],"tags":[137,138,139,140,112],"class_list":["post-1209","post","type-post","status-publish","format-standard","has-post-thumbnail","hentry","category-educativo","category-eso","category-monlau","tag-aula","tag-ciencia","tag-experiencias","tag-experimentos","tag-monlau"],"yoast_head":"<!-- This site is optimized with the Yoast SEO plugin v27.2 - https:\/\/yoast.com\/product\/yoast-seo-wordpress\/ -->\n<title>\u00bfC\u00f3mo preparamos a los alumnos de Monlau para los retos del futuro? - Eso Batx<\/title>\n<meta name=\"robots\" content=\"index, follow, max-snippet:-1, max-image-preview:large, max-video-preview:-1\" \/>\n<link rel=\"canonical\" href=\"https:\/\/www.monlau.com\/eso-batxillerat\/es\/2025\/06\/30\/como-preparamos-a-los-alumnos-de-monlau-para-los-retos-del-futuro\/\" \/>\n<meta property=\"og:locale\" content=\"es_ES\" \/>\n<meta property=\"og:type\" content=\"article\" \/>\n<meta property=\"og:title\" content=\"\u00bfC\u00f3mo preparamos a los alumnos de Monlau para los retos del futuro? - Eso Batx\" \/>\n<meta property=\"og:description\" content=\"El futuro ya est\u00e1 aqu\u00ed. La tecnolog\u00eda, la inteligencia artificial, las nuevas formas de comunicarnos\u2026 Todo esto forma parte del d\u00eda a d\u00eda de nuestros alumnos, porque sabemos que ser\u00e1 clave en su futuro acad\u00e9mico y profesional. En Monlau apostamos por formar alumnos preparados para afrontar estos retos con seguridad, criterio y habilidades pr\u00e1cticas. Y [&hellip;]\" \/>\n<meta property=\"og:url\" content=\"https:\/\/www.monlau.com\/eso-batxillerat\/es\/2025\/06\/30\/como-preparamos-a-los-alumnos-de-monlau-para-los-retos-del-futuro\/\" \/>\n<meta property=\"og:site_name\" content=\"Eso Batx\" \/>\n<meta property=\"article:published_time\" content=\"2025-06-29T22:00:00+00:00\" \/>\n<meta property=\"article:modified_time\" content=\"2026-03-10T09:53:33+00:00\" \/>\n<meta property=\"og:image\" content=\"https:\/\/www.monlau.com\/app\/uploads\/sites\/2\/2026\/03\/Com-preparem-als-alumnes-de-Monlau-per-als-reptes-del-futur.jpg\" \/>\n\t<meta property=\"og:image:width\" content=\"1200\" \/>\n\t<meta property=\"og:image:height\" content=\"900\" \/>\n\t<meta property=\"og:image:type\" content=\"image\/jpeg\" \/>\n<meta name=\"author\" content=\"adsmurai\" \/>\n<meta name=\"twitter:card\" content=\"summary_large_image\" \/>\n<meta name=\"twitter:label1\" content=\"Escrito por\" \/>\n\t<meta name=\"twitter:data1\" content=\"adsmurai\" \/>\n\t<meta name=\"twitter:label2\" content=\"Tiempo de lectura\" \/>\n\t<meta name=\"twitter:data2\" content=\"2 minutos\" \/>\n<script type=\"application\/ld+json\" class=\"yoast-schema-graph\">{\"@context\":\"https:\/\/schema.org\",\"@graph\":[{\"@type\":\"Article\",\"@id\":\"https:\/\/www.monlau.com\/eso-batxillerat\/es\/2025\/06\/30\/como-preparamos-a-los-alumnos-de-monlau-para-los-retos-del-futuro\/#article\",\"isPartOf\":{\"@id\":\"https:\/\/www.monlau.com\/eso-batxillerat\/es\/2025\/06\/30\/como-preparamos-a-los-alumnos-de-monlau-para-los-retos-del-futuro\/\"},\"author\":{\"name\":\"adsmurai\",\"@id\":\"https:\/\/www.monlau.com\/eso-batxillerat\/es\/#\/schema\/person\/419cfdf054323e24e0a2ef1d8597f051\"},\"headline\":\"\u00bfC\u00f3mo preparamos a los alumnos de Monlau para los retos del futuro?\",\"datePublished\":\"2025-06-29T22:00:00+00:00\",\"dateModified\":\"2026-03-10T09:53:33+00:00\",\"mainEntityOfPage\":{\"@id\":\"https:\/\/www.monlau.com\/eso-batxillerat\/es\/2025\/06\/30\/como-preparamos-a-los-alumnos-de-monlau-para-los-retos-del-futuro\/\"},\"wordCount\":424,\"publisher\":{\"@id\":\"https:\/\/www.monlau.com\/eso-batxillerat\/es\/#organization\"},\"image\":{\"@id\":\"https:\/\/www.monlau.com\/eso-batxillerat\/es\/2025\/06\/30\/como-preparamos-a-los-alumnos-de-monlau-para-los-retos-del-futuro\/#primaryimage\"},\"thumbnailUrl\":\"https:\/\/www.monlau.com\/app\/uploads\/sites\/2\/2026\/03\/Com-preparem-als-alumnes-de-Monlau-per-als-reptes-del-futur.jpg\",\"keywords\":[\"aula\",\"ciencia\",\"experiencias\",\"experimentos\",\"Monlau\"],\"articleSection\":[\"Educativo\",\"ESO\",\"Monlau\"],\"inLanguage\":\"es\"},{\"@type\":\"WebPage\",\"@id\":\"https:\/\/www.monlau.com\/eso-batxillerat\/es\/2025\/06\/30\/como-preparamos-a-los-alumnos-de-monlau-para-los-retos-del-futuro\/\",\"url\":\"https:\/\/www.monlau.com\/eso-batxillerat\/es\/2025\/06\/30\/como-preparamos-a-los-alumnos-de-monlau-para-los-retos-del-futuro\/\",\"name\":\"\u00bfC\u00f3mo preparamos a los alumnos de Monlau para los retos del futuro? - Eso Batx\",\"isPartOf\":{\"@id\":\"https:\/\/www.monlau.com\/eso-batxillerat\/es\/#website\"},\"primaryImageOfPage\":{\"@id\":\"https:\/\/www.monlau.com\/eso-batxillerat\/es\/2025\/06\/30\/como-preparamos-a-los-alumnos-de-monlau-para-los-retos-del-futuro\/#primaryimage\"},\"image\":{\"@id\":\"https:\/\/www.monlau.com\/eso-batxillerat\/es\/2025\/06\/30\/como-preparamos-a-los-alumnos-de-monlau-para-los-retos-del-futuro\/#primaryimage\"},\"thumbnailUrl\":\"https:\/\/www.monlau.com\/app\/uploads\/sites\/2\/2026\/03\/Com-preparem-als-alumnes-de-Monlau-per-als-reptes-del-futur.jpg\",\"datePublished\":\"2025-06-29T22:00:00+00:00\",\"dateModified\":\"2026-03-10T09:53:33+00:00\",\"breadcrumb\":{\"@id\":\"https:\/\/www.monlau.com\/eso-batxillerat\/es\/2025\/06\/30\/como-preparamos-a-los-alumnos-de-monlau-para-los-retos-del-futuro\/#breadcrumb\"},\"inLanguage\":\"es\",\"potentialAction\":[{\"@type\":\"ReadAction\",\"target\":[\"https:\/\/www.monlau.com\/eso-batxillerat\/es\/2025\/06\/30\/como-preparamos-a-los-alumnos-de-monlau-para-los-retos-del-futuro\/\"]}]},{\"@type\":\"ImageObject\",\"inLanguage\":\"es\",\"@id\":\"https:\/\/www.monlau.com\/eso-batxillerat\/es\/2025\/06\/30\/como-preparamos-a-los-alumnos-de-monlau-para-los-retos-del-futuro\/#primaryimage\",\"url\":\"https:\/\/www.monlau.com\/app\/uploads\/sites\/2\/2026\/03\/Com-preparem-als-alumnes-de-Monlau-per-als-reptes-del-futur.jpg\",\"contentUrl\":\"https:\/\/www.monlau.com\/app\/uploads\/sites\/2\/2026\/03\/Com-preparem-als-alumnes-de-Monlau-per-als-reptes-del-futur.jpg\",\"width\":1200,\"height\":900},{\"@type\":\"BreadcrumbList\",\"@id\":\"https:\/\/www.monlau.com\/eso-batxillerat\/es\/2025\/06\/30\/como-preparamos-a-los-alumnos-de-monlau-para-los-retos-del-futuro\/#breadcrumb\",\"itemListElement\":[{\"@type\":\"ListItem\",\"position\":1,\"name\":\"Inici\",\"item\":\"https:\/\/www.monlau.com\/eso-batxillerat\/es\/\"},{\"@type\":\"ListItem\",\"position\":2,\"name\":\"\u00bfC\u00f3mo preparamos a los alumnos de Monlau para los retos del futuro?\"}]},{\"@type\":\"WebSite\",\"@id\":\"https:\/\/www.monlau.com\/eso-batxillerat\/es\/#website\",\"url\":\"https:\/\/www.monlau.com\/eso-batxillerat\/es\/\",\"name\":\"Eso Batx\",\"description\":\"\",\"publisher\":{\"@id\":\"https:\/\/www.monlau.com\/eso-batxillerat\/es\/#organization\"},\"potentialAction\":[{\"@type\":\"SearchAction\",\"target\":{\"@type\":\"EntryPoint\",\"urlTemplate\":\"https:\/\/www.monlau.com\/eso-batxillerat\/es\/?s={search_term_string}\"},\"query-input\":{\"@type\":\"PropertyValueSpecification\",\"valueRequired\":true,\"valueName\":\"search_term_string\"}}],\"inLanguage\":\"es\"},{\"@type\":\"Organization\",\"@id\":\"https:\/\/www.monlau.com\/eso-batxillerat\/es\/#organization\",\"name\":\"Eso Batx\",\"url\":\"https:\/\/www.monlau.com\/eso-batxillerat\/es\/\",\"logo\":{\"@type\":\"ImageObject\",\"inLanguage\":\"es\",\"@id\":\"https:\/\/www.monlau.com\/eso-batxillerat\/es\/#\/schema\/logo\/image\/\",\"url\":\"https:\/\/www.monlau.com\/app\/uploads\/sites\/2\/2025\/12\/logomoneso.png\",\"contentUrl\":\"https:\/\/www.monlau.com\/app\/uploads\/sites\/2\/2025\/12\/logomoneso.png\",\"width\":160,\"height\":160,\"caption\":\"Eso Batx\"},\"image\":{\"@id\":\"https:\/\/www.monlau.com\/eso-batxillerat\/es\/#\/schema\/logo\/image\/\"}},{\"@type\":\"Person\",\"@id\":\"https:\/\/www.monlau.com\/eso-batxillerat\/es\/#\/schema\/person\/419cfdf054323e24e0a2ef1d8597f051\",\"name\":\"adsmurai\",\"image\":{\"@type\":\"ImageObject\",\"inLanguage\":\"es\",\"@id\":\"https:\/\/secure.gravatar.com\/avatar\/0748788578f91786454454fa3b4c295644edb991ad6caadc70b41d26790d38fc?s=96&d=mm&r=g\",\"url\":\"https:\/\/secure.gravatar.com\/avatar\/0748788578f91786454454fa3b4c295644edb991ad6caadc70b41d26790d38fc?s=96&d=mm&r=g\",\"contentUrl\":\"https:\/\/secure.gravatar.com\/avatar\/0748788578f91786454454fa3b4c295644edb991ad6caadc70b41d26790d38fc?s=96&d=mm&r=g\",\"caption\":\"adsmurai\"},\"sameAs\":[\"https:\/\/www.monlau.com\"],\"url\":\"https:\/\/www.monlau.com\/eso-batxillerat\/es\/author\/adsmurai\/\"}]}<\/script>\n<!-- \/ Yoast SEO plugin. -->","yoast_head_json":{"title":"\u00bfC\u00f3mo preparamos a los alumnos de Monlau para los retos del futuro? - Eso Batx","robots":{"index":"index","follow":"follow","max-snippet":"max-snippet:-1","max-image-preview":"max-image-preview:large","max-video-preview":"max-video-preview:-1"},"canonical":"https:\/\/www.monlau.com\/eso-batxillerat\/es\/2025\/06\/30\/como-preparamos-a-los-alumnos-de-monlau-para-los-retos-del-futuro\/","og_locale":"es_ES","og_type":"article","og_title":"\u00bfC\u00f3mo preparamos a los alumnos de Monlau para los retos del futuro? - Eso Batx","og_description":"El futuro ya est\u00e1 aqu\u00ed. La tecnolog\u00eda, la inteligencia artificial, las nuevas formas de comunicarnos\u2026 Todo esto forma parte del d\u00eda a d\u00eda de nuestros alumnos, porque sabemos que ser\u00e1 clave en su futuro acad\u00e9mico y profesional. En Monlau apostamos por formar alumnos preparados para afrontar estos retos con seguridad, criterio y habilidades pr\u00e1cticas. Y [&hellip;]","og_url":"https:\/\/www.monlau.com\/eso-batxillerat\/es\/2025\/06\/30\/como-preparamos-a-los-alumnos-de-monlau-para-los-retos-del-futuro\/","og_site_name":"Eso Batx","article_published_time":"2025-06-29T22:00:00+00:00","article_modified_time":"2026-03-10T09:53:33+00:00","og_image":[{"width":1200,"height":900,"url":"https:\/\/www.monlau.com\/app\/uploads\/sites\/2\/2026\/03\/Com-preparem-als-alumnes-de-Monlau-per-als-reptes-del-futur.jpg","type":"image\/jpeg"}],"author":"adsmurai","twitter_card":"summary_large_image","twitter_misc":{"Escrito por":"adsmurai","Tiempo de lectura":"2 minutos"},"schema":{"@context":"https:\/\/schema.org","@graph":[{"@type":"Article","@id":"https:\/\/www.monlau.com\/eso-batxillerat\/es\/2025\/06\/30\/como-preparamos-a-los-alumnos-de-monlau-para-los-retos-del-futuro\/#article","isPartOf":{"@id":"https:\/\/www.monlau.com\/eso-batxillerat\/es\/2025\/06\/30\/como-preparamos-a-los-alumnos-de-monlau-para-los-retos-del-futuro\/"},"author":{"name":"adsmurai","@id":"https:\/\/www.monlau.com\/eso-batxillerat\/es\/#\/schema\/person\/419cfdf054323e24e0a2ef1d8597f051"},"headline":"\u00bfC\u00f3mo preparamos a los alumnos de Monlau para los retos del futuro?","datePublished":"2025-06-29T22:00:00+00:00","dateModified":"2026-03-10T09:53:33+00:00","mainEntityOfPage":{"@id":"https:\/\/www.monlau.com\/eso-batxillerat\/es\/2025\/06\/30\/como-preparamos-a-los-alumnos-de-monlau-para-los-retos-del-futuro\/"},"wordCount":424,"publisher":{"@id":"https:\/\/www.monlau.com\/eso-batxillerat\/es\/#organization"},"image":{"@id":"https:\/\/www.monlau.com\/eso-batxillerat\/es\/2025\/06\/30\/como-preparamos-a-los-alumnos-de-monlau-para-los-retos-del-futuro\/#primaryimage"},"thumbnailUrl":"https:\/\/www.monlau.com\/app\/uploads\/sites\/2\/2026\/03\/Com-preparem-als-alumnes-de-Monlau-per-als-reptes-del-futur.jpg","keywords":["aula","ciencia","experiencias","experimentos","Monlau"],"articleSection":["Educativo","ESO","Monlau"],"inLanguage":"es"},{"@type":"WebPage","@id":"https:\/\/www.monlau.com\/eso-batxillerat\/es\/2025\/06\/30\/como-preparamos-a-los-alumnos-de-monlau-para-los-retos-del-futuro\/","url":"https:\/\/www.monlau.com\/eso-batxillerat\/es\/2025\/06\/30\/como-preparamos-a-los-alumnos-de-monlau-para-los-retos-del-futuro\/","name":"\u00bfC\u00f3mo preparamos a los alumnos de Monlau para los retos del futuro? - Eso Batx","isPartOf":{"@id":"https:\/\/www.monlau.com\/eso-batxillerat\/es\/#website"},"primaryImageOfPage":{"@id":"https:\/\/www.monlau.com\/eso-batxillerat\/es\/2025\/06\/30\/como-preparamos-a-los-alumnos-de-monlau-para-los-retos-del-futuro\/#primaryimage"},"image":{"@id":"https:\/\/www.monlau.com\/eso-batxillerat\/es\/2025\/06\/30\/como-preparamos-a-los-alumnos-de-monlau-para-los-retos-del-futuro\/#primaryimage"},"thumbnailUrl":"https:\/\/www.monlau.com\/app\/uploads\/sites\/2\/2026\/03\/Com-preparem-als-alumnes-de-Monlau-per-als-reptes-del-futur.jpg","datePublished":"2025-06-29T22:00:00+00:00","dateModified":"2026-03-10T09:53:33+00:00","breadcrumb":{"@id":"https:\/\/www.monlau.com\/eso-batxillerat\/es\/2025\/06\/30\/como-preparamos-a-los-alumnos-de-monlau-para-los-retos-del-futuro\/#breadcrumb"},"inLanguage":"es","potentialAction":[{"@type":"ReadAction","target":["https:\/\/www.monlau.com\/eso-batxillerat\/es\/2025\/06\/30\/como-preparamos-a-los-alumnos-de-monlau-para-los-retos-del-futuro\/"]}]},{"@type":"ImageObject","inLanguage":"es","@id":"https:\/\/www.monlau.com\/eso-batxillerat\/es\/2025\/06\/30\/como-preparamos-a-los-alumnos-de-monlau-para-los-retos-del-futuro\/#primaryimage","url":"https:\/\/www.monlau.com\/app\/uploads\/sites\/2\/2026\/03\/Com-preparem-als-alumnes-de-Monlau-per-als-reptes-del-futur.jpg","contentUrl":"https:\/\/www.monlau.com\/app\/uploads\/sites\/2\/2026\/03\/Com-preparem-als-alumnes-de-Monlau-per-als-reptes-del-futur.jpg","width":1200,"height":900},{"@type":"BreadcrumbList","@id":"https:\/\/www.monlau.com\/eso-batxillerat\/es\/2025\/06\/30\/como-preparamos-a-los-alumnos-de-monlau-para-los-retos-del-futuro\/#breadcrumb","itemListElement":[{"@type":"ListItem","position":1,"name":"Inici","item":"https:\/\/www.monlau.com\/eso-batxillerat\/es\/"},{"@type":"ListItem","position":2,"name":"\u00bfC\u00f3mo preparamos a los alumnos de Monlau para los retos del futuro?"}]},{"@type":"WebSite","@id":"https:\/\/www.monlau.com\/eso-batxillerat\/es\/#website","url":"https:\/\/www.monlau.com\/eso-batxillerat\/es\/","name":"Eso Batx","description":"","publisher":{"@id":"https:\/\/www.monlau.com\/eso-batxillerat\/es\/#organization"},"potentialAction":[{"@type":"SearchAction","target":{"@type":"EntryPoint","urlTemplate":"https:\/\/www.monlau.com\/eso-batxillerat\/es\/?s={search_term_string}"},"query-input":{"@type":"PropertyValueSpecification","valueRequired":true,"valueName":"search_term_string"}}],"inLanguage":"es"},{"@type":"Organization","@id":"https:\/\/www.monlau.com\/eso-batxillerat\/es\/#organization","name":"Eso Batx","url":"https:\/\/www.monlau.com\/eso-batxillerat\/es\/","logo":{"@type":"ImageObject","inLanguage":"es","@id":"https:\/\/www.monlau.com\/eso-batxillerat\/es\/#\/schema\/logo\/image\/","url":"https:\/\/www.monlau.com\/app\/uploads\/sites\/2\/2025\/12\/logomoneso.png","contentUrl":"https:\/\/www.monlau.com\/app\/uploads\/sites\/2\/2025\/12\/logomoneso.png","width":160,"height":160,"caption":"Eso Batx"},"image":{"@id":"https:\/\/www.monlau.com\/eso-batxillerat\/es\/#\/schema\/logo\/image\/"}},{"@type":"Person","@id":"https:\/\/www.monlau.com\/eso-batxillerat\/es\/#\/schema\/person\/419cfdf054323e24e0a2ef1d8597f051","name":"adsmurai","image":{"@type":"ImageObject","inLanguage":"es","@id":"https:\/\/secure.gravatar.com\/avatar\/0748788578f91786454454fa3b4c295644edb991ad6caadc70b41d26790d38fc?s=96&d=mm&r=g","url":"https:\/\/secure.gravatar.com\/avatar\/0748788578f91786454454fa3b4c295644edb991ad6caadc70b41d26790d38fc?s=96&d=mm&r=g","contentUrl":"https:\/\/secure.gravatar.com\/avatar\/0748788578f91786454454fa3b4c295644edb991ad6caadc70b41d26790d38fc?s=96&d=mm&r=g","caption":"adsmurai"},"sameAs":["https:\/\/www.monlau.com"],"url":"https:\/\/www.monlau.com\/eso-batxillerat\/es\/author\/adsmurai\/"}]}},"_links":{"self":[{"href":"https:\/\/www.monlau.com\/eso-batxillerat\/es\/wp-json\/wp\/v2\/posts\/1209","targetHints":{"allow":["GET"]}}],"collection":[{"href":"https:\/\/www.monlau.com\/eso-batxillerat\/es\/wp-json\/wp\/v2\/posts"}],"about":[{"href":"https:\/\/www.monlau.com\/eso-batxillerat\/es\/wp-json\/wp\/v2\/types\/post"}],"author":[{"embeddable":true,"href":"https:\/\/www.monlau.com\/eso-batxillerat\/es\/wp-json\/wp\/v2\/users\/1"}],"replies":[{"embeddable":true,"href":"https:\/\/www.monlau.com\/eso-batxillerat\/es\/wp-json\/wp\/v2\/comments?post=1209"}],"version-history":[{"count":1,"href":"https:\/\/www.monlau.com\/eso-batxillerat\/es\/wp-json\/wp\/v2\/posts\/1209\/revisions"}],"predecessor-version":[{"id":1495,"href":"https:\/\/www.monlau.com\/eso-batxillerat\/es\/wp-json\/wp\/v2\/posts\/1209\/revisions\/1495"}],"wp:featuredmedia":[{"embeddable":true,"href":"https:\/\/www.monlau.com\/eso-batxillerat\/es\/wp-json\/wp\/v2\/media\/1210"}],"wp:attachment":[{"href":"https:\/\/www.monlau.com\/eso-batxillerat\/es\/wp-json\/wp\/v2\/media?parent=1209"}],"wp:term":[{"taxonomy":"category","embeddable":true,"href":"https:\/\/www.monlau.com\/eso-batxillerat\/es\/wp-json\/wp\/v2\/categories?post=1209"},{"taxonomy":"post_tag","embeddable":true,"href":"https:\/\/www.monlau.com\/eso-batxillerat\/es\/wp-json\/wp\/v2\/tags?post=1209"}],"curies":[{"name":"wp","href":"https:\/\/api.w.org\/{rel}","templated":true}]}}