{"id":1200,"date":"2024-06-21T00:00:00","date_gmt":"2024-06-20T22:00:00","guid":{"rendered":"https:\/\/www.monlau.com\/eso-batxillerat\/graduacion-eso-y-bachillerato-2024\/"},"modified":"2026-03-10T10:53:33","modified_gmt":"2026-03-10T09:53:33","slug":"graduacion-eso-y-bachillerato-2024","status":"publish","type":"post","link":"https:\/\/www.monlau.com\/eso-batxillerat\/es\/2024\/06\/21\/graduacion-eso-y-bachillerato-2024\/","title":{"rendered":"Graduaci\u00f3n ESO y Bachillerato 2024"},"content":{"rendered":"<p style=\"text-align: justify\"><strong>Monlau\u00a0celebra el acto de graduaci\u00f3n de ESO y Bachillerato 2024 en un emotivo acontecimiento en Barcelona.<\/strong><\/p>\n<p style=\"text-align: justify\">Este viernes,<strong> 31 de mayo,\u00a0Monlau\u00a0celebra la graduaci\u00f3n de sus alumnos de ESO y Bachillerato<\/strong> en un acto lleno de emoci\u00f3n y alegr\u00eda. El acontecimiento tiene lugar en el Auditorio de la Once, ubicado en la Gran V\u00eda de las Cortes Catalanas, cerca de Plaza Espa\u00f1a, y re\u00fane adem\u00e1s de 600 personas, entre alumnas, familiares y profesores.<\/p>\n<p style=\"text-align: justify\">La jornada empieza con la graduaci\u00f3n de los alumnos de <strong>ESO<\/strong>, a las\u00a018h. El acto cuenta con la intervenci\u00f3n del director general,\u00a0Iban\u00a0Ventura, quien dirige unas emotivas palabras a los graduados, y del director del centro, Joan Sagarra. Tambi\u00e9n intervienen los tutores de los grupos, y se proyecta un video con fotos de los alumnos desde peque\u00f1os hasta la actualidad, mostrando su evoluci\u00f3n a lo largo de los a\u00f1os a\u00a0Monlau.<\/p>\n<p style=\"text-align: justify\">Uno de los momentos m\u00e1s emotivos de la ceremonia es la entrega de las orlas a los graduados, seguida de una foto de grupo para inmortalizar este d\u00eda tan especial. A continuaci\u00f3n, se proyecta un video del viaje de fin de curso que realizan los alumnos en Asturias, y varios alumnos voluntarios comparten sus sentimientos y reflexiones sobre haber finalizado esta etapa de su vida.<\/p>\n<p style=\"text-align: justify\">Finalmente, el acto concluye con un emotivo video elaborado por los profesores, en el cual comparten su experiencia y sus mejores deseos para sus exalumnos.<\/p>\n<p style=\"text-align: justify\">La tarde contin\u00faa a las\u00a020h\u00a0con la graduaci\u00f3n de los alumnos de <strong>Bachillerato de\u00a0Monlau,<\/strong> en un acto lleno de emoci\u00f3n y recuerdos. La ceremonia empieza con un video nost\u00e1lgico que repasa la trayectoria de la promoci\u00f3n del 2006, recordando los momentos m\u00e1s relevantes de aquel a\u00f1o.<\/p>\n<p style=\"text-align: justify\">Seguidamente, toma la palabra el director general,\u00a0<strong>Iban\u00a0Ventura<\/strong>, quien dirige unas emotivas palabras a los graduados, felicit\u00e1ndolos por sus \u00e9xitos y alent\u00e1ndolos a seguir adelante con sus sue\u00f1os. Despu\u00e9s, el director del centro, Joan Sagarra, dirige unas palabras a los alumnos y a sus familias.<\/p>\n<p style=\"text-align: justify\">Uno de los momentos m\u00e1s emotivos de la noche es la proyecci\u00f3n de un video con fotos de los alumnos desde su infancia hasta la actualidad, mostrando su evoluci\u00f3n personal y acad\u00e9mica a lo largo de los a\u00f1os a\u00a0Monlau.<\/p>\n<p style=\"text-align: justify\">A continuaci\u00f3n, suben al escenario los tutores de los grupos de Bachillerato, con quien la presentadora realiza una breve entrevista para conocer sus sentimientos y experiencias con sus alumnos. Seguidamente, se procede a la entrega de las orlas a los alumnos del <strong>Bachillerato Cient\u00edfico y Tecnol\u00f3gico<\/strong>, inmortalizando este momento con una foto de grupo.<\/p>\n<p style=\"text-align: justify\">La noche contin\u00faa con una emotiva actuaci\u00f3n musical en directo a cargo de una alumna, que\u00a0deleita\u00a0a los #asistente con su talento al violonchelo. Despu\u00e9s de este gran momento musical, es el turno de los alumnos del <strong>Bachillerato Human\u00edstico y Social<\/strong> de subir al escenario para recoger sus orlas.<\/p>\n<p>Uno de los momentos m\u00e1s solemnes de la ceremonia es la entrega de los diplomas de matr\u00edcula de honor a los alumnos con los mejores expedientes acad\u00e9micos. Un reconocimiento a su trabajo, constancia y excelencia durante sus a\u00f1os a Bachillerato.<\/p>\n<p style=\"text-align: justify\">Finalmente, el acto concluye con un emotivo discurso de varios alumnos voluntarios, que expresan su gratitud en el centro, a los profesores y a sus compa\u00f1eros por todo el apoyo y experiencias vividas durante su etapa escolar a\u00a0Monlau.<\/p>\n<p style=\"text-align: justify\"><strong>La graduaci\u00f3n de ESO y Bachillerato de\u00a0Monlau,<\/strong> siempre es un acto lleno de emoci\u00f3n y alegr\u00eda. Los graduados se despiden de la escuela con un sentimiento de satisfacci\u00f3n por haber cumplido una etapa importante de su vida, y con la ilusi\u00f3n de empezar una nueva etapa llena de retos y oportunidades.<\/p>\n<p style=\"text-align: right\">Desde\u00a0Monlau\u00a0los deseamos el m\u00e1s grande de los \u00e9xitos en su futuro acad\u00e9mico y personal.Joan Segarra, profesor y director de Monlau Sagrera<\/p>\n","protected":false},"excerpt":{"rendered":"<p>Monlau\u00a0celebra el acto de graduaci\u00f3n de ESO y Bachillerato 2024 en un emotivo acontecimiento en Barcelona. Este viernes, 31 de mayo,\u00a0Monlau\u00a0celebra la graduaci\u00f3n de sus alumnos de ESO y Bachillerato en un acto lleno de emoci\u00f3n y alegr\u00eda. El acontecimiento tiene lugar en el Auditorio de la Once, ubicado en la Gran V\u00eda de las [&hellip;]<\/p>\n","protected":false},"author":1,"featured_media":1201,"comment_status":"closed","ping_status":"closed","sticky":false,"template":"","format":"standard","meta":{"footnotes":""},"categories":[117,20,114],"tags":[61,40,112],"class_list":["post-1200","post","type-post","status-publish","format-standard","has-post-thumbnail","hentry","category-educativo","category-eso","category-monlau","tag-eso","tag-estudiar","tag-monlau"],"yoast_head":"<!-- This site is optimized with the Yoast SEO plugin v27.2 - https:\/\/yoast.com\/product\/yoast-seo-wordpress\/ -->\n<title>Graduaci\u00f3n ESO y Bachillerato 2024 - Eso Batx<\/title>\n<meta name=\"robots\" content=\"index, follow, max-snippet:-1, max-image-preview:large, max-video-preview:-1\" \/>\n<link rel=\"canonical\" href=\"https:\/\/www.monlau.com\/eso-batxillerat\/es\/2024\/06\/21\/graduacion-eso-y-bachillerato-2024\/\" \/>\n<meta property=\"og:locale\" content=\"es_ES\" \/>\n<meta property=\"og:type\" content=\"article\" \/>\n<meta property=\"og:title\" content=\"Graduaci\u00f3n ESO y Bachillerato 2024 - Eso Batx\" \/>\n<meta property=\"og:description\" content=\"Monlau\u00a0celebra el acto de graduaci\u00f3n de ESO y Bachillerato 2024 en un emotivo acontecimiento en Barcelona. Este viernes, 31 de mayo,\u00a0Monlau\u00a0celebra la graduaci\u00f3n de sus alumnos de ESO y Bachillerato en un acto lleno de emoci\u00f3n y alegr\u00eda. El acontecimiento tiene lugar en el Auditorio de la Once, ubicado en la Gran V\u00eda de las [&hellip;]\" \/>\n<meta property=\"og:url\" content=\"https:\/\/www.monlau.com\/eso-batxillerat\/es\/2024\/06\/21\/graduacion-eso-y-bachillerato-2024\/\" \/>\n<meta property=\"og:site_name\" content=\"Eso Batx\" \/>\n<meta property=\"article:published_time\" content=\"2024-06-20T22:00:00+00:00\" \/>\n<meta property=\"article:modified_time\" content=\"2026-03-10T09:53:33+00:00\" \/>\n<meta property=\"og:image\" content=\"https:\/\/www.monlau.com\/app\/uploads\/sites\/2\/2026\/03\/Fondo-de-graduaciones-2024-3-1-1024x576.png\" \/>\n\t<meta property=\"og:image:width\" content=\"1024\" \/>\n\t<meta property=\"og:image:height\" content=\"576\" \/>\n\t<meta property=\"og:image:type\" content=\"image\/png\" \/>\n<meta name=\"author\" content=\"adsmurai\" \/>\n<meta name=\"twitter:card\" content=\"summary_large_image\" \/>\n<meta name=\"twitter:label1\" content=\"Escrito por\" \/>\n\t<meta name=\"twitter:data1\" content=\"adsmurai\" \/>\n\t<meta name=\"twitter:label2\" content=\"Tiempo de lectura\" \/>\n\t<meta name=\"twitter:data2\" content=\"3 minutos\" \/>\n<script type=\"application\/ld+json\" class=\"yoast-schema-graph\">{\"@context\":\"https:\/\/schema.org\",\"@graph\":[{\"@type\":\"Article\",\"@id\":\"https:\/\/www.monlau.com\/eso-batxillerat\/es\/2024\/06\/21\/graduacion-eso-y-bachillerato-2024\/#article\",\"isPartOf\":{\"@id\":\"https:\/\/www.monlau.com\/eso-batxillerat\/es\/2024\/06\/21\/graduacion-eso-y-bachillerato-2024\/\"},\"author\":{\"name\":\"adsmurai\",\"@id\":\"https:\/\/www.monlau.com\/eso-batxillerat\/es\/#\/schema\/person\/419cfdf054323e24e0a2ef1d8597f051\"},\"headline\":\"Graduaci\u00f3n ESO y Bachillerato 2024\",\"datePublished\":\"2024-06-20T22:00:00+00:00\",\"dateModified\":\"2026-03-10T09:53:33+00:00\",\"mainEntityOfPage\":{\"@id\":\"https:\/\/www.monlau.com\/eso-batxillerat\/es\/2024\/06\/21\/graduacion-eso-y-bachillerato-2024\/\"},\"wordCount\":684,\"publisher\":{\"@id\":\"https:\/\/www.monlau.com\/eso-batxillerat\/es\/#organization\"},\"image\":{\"@id\":\"https:\/\/www.monlau.com\/eso-batxillerat\/es\/2024\/06\/21\/graduacion-eso-y-bachillerato-2024\/#primaryimage\"},\"thumbnailUrl\":\"https:\/\/www.monlau.com\/app\/uploads\/sites\/2\/2026\/03\/Fondo-de-graduaciones-2024-3-1.png\",\"keywords\":[\"ESO\",\"Estudiar\",\"Monlau\"],\"articleSection\":[\"Educativo\",\"ESO\",\"Monlau\"],\"inLanguage\":\"es\"},{\"@type\":\"WebPage\",\"@id\":\"https:\/\/www.monlau.com\/eso-batxillerat\/es\/2024\/06\/21\/graduacion-eso-y-bachillerato-2024\/\",\"url\":\"https:\/\/www.monlau.com\/eso-batxillerat\/es\/2024\/06\/21\/graduacion-eso-y-bachillerato-2024\/\",\"name\":\"Graduaci\u00f3n ESO y Bachillerato 2024 - Eso Batx\",\"isPartOf\":{\"@id\":\"https:\/\/www.monlau.com\/eso-batxillerat\/es\/#website\"},\"primaryImageOfPage\":{\"@id\":\"https:\/\/www.monlau.com\/eso-batxillerat\/es\/2024\/06\/21\/graduacion-eso-y-bachillerato-2024\/#primaryimage\"},\"image\":{\"@id\":\"https:\/\/www.monlau.com\/eso-batxillerat\/es\/2024\/06\/21\/graduacion-eso-y-bachillerato-2024\/#primaryimage\"},\"thumbnailUrl\":\"https:\/\/www.monlau.com\/app\/uploads\/sites\/2\/2026\/03\/Fondo-de-graduaciones-2024-3-1.png\",\"datePublished\":\"2024-06-20T22:00:00+00:00\",\"dateModified\":\"2026-03-10T09:53:33+00:00\",\"breadcrumb\":{\"@id\":\"https:\/\/www.monlau.com\/eso-batxillerat\/es\/2024\/06\/21\/graduacion-eso-y-bachillerato-2024\/#breadcrumb\"},\"inLanguage\":\"es\",\"potentialAction\":[{\"@type\":\"ReadAction\",\"target\":[\"https:\/\/www.monlau.com\/eso-batxillerat\/es\/2024\/06\/21\/graduacion-eso-y-bachillerato-2024\/\"]}]},{\"@type\":\"ImageObject\",\"inLanguage\":\"es\",\"@id\":\"https:\/\/www.monlau.com\/eso-batxillerat\/es\/2024\/06\/21\/graduacion-eso-y-bachillerato-2024\/#primaryimage\",\"url\":\"https:\/\/www.monlau.com\/app\/uploads\/sites\/2\/2026\/03\/Fondo-de-graduaciones-2024-3-1.png\",\"contentUrl\":\"https:\/\/www.monlau.com\/app\/uploads\/sites\/2\/2026\/03\/Fondo-de-graduaciones-2024-3-1.png\",\"width\":2240,\"height\":1260},{\"@type\":\"BreadcrumbList\",\"@id\":\"https:\/\/www.monlau.com\/eso-batxillerat\/es\/2024\/06\/21\/graduacion-eso-y-bachillerato-2024\/#breadcrumb\",\"itemListElement\":[{\"@type\":\"ListItem\",\"position\":1,\"name\":\"Inici\",\"item\":\"https:\/\/www.monlau.com\/eso-batxillerat\/es\/\"},{\"@type\":\"ListItem\",\"position\":2,\"name\":\"Graduaci\u00f3n ESO y Bachillerato 2024\"}]},{\"@type\":\"WebSite\",\"@id\":\"https:\/\/www.monlau.com\/eso-batxillerat\/es\/#website\",\"url\":\"https:\/\/www.monlau.com\/eso-batxillerat\/es\/\",\"name\":\"Eso Batx\",\"description\":\"\",\"publisher\":{\"@id\":\"https:\/\/www.monlau.com\/eso-batxillerat\/es\/#organization\"},\"potentialAction\":[{\"@type\":\"SearchAction\",\"target\":{\"@type\":\"EntryPoint\",\"urlTemplate\":\"https:\/\/www.monlau.com\/eso-batxillerat\/es\/?s={search_term_string}\"},\"query-input\":{\"@type\":\"PropertyValueSpecification\",\"valueRequired\":true,\"valueName\":\"search_term_string\"}}],\"inLanguage\":\"es\"},{\"@type\":\"Organization\",\"@id\":\"https:\/\/www.monlau.com\/eso-batxillerat\/es\/#organization\",\"name\":\"Eso Batx\",\"url\":\"https:\/\/www.monlau.com\/eso-batxillerat\/es\/\",\"logo\":{\"@type\":\"ImageObject\",\"inLanguage\":\"es\",\"@id\":\"https:\/\/www.monlau.com\/eso-batxillerat\/es\/#\/schema\/logo\/image\/\",\"url\":\"https:\/\/www.monlau.com\/app\/uploads\/sites\/2\/2025\/12\/logomoneso.png\",\"contentUrl\":\"https:\/\/www.monlau.com\/app\/uploads\/sites\/2\/2025\/12\/logomoneso.png\",\"width\":160,\"height\":160,\"caption\":\"Eso Batx\"},\"image\":{\"@id\":\"https:\/\/www.monlau.com\/eso-batxillerat\/es\/#\/schema\/logo\/image\/\"}},{\"@type\":\"Person\",\"@id\":\"https:\/\/www.monlau.com\/eso-batxillerat\/es\/#\/schema\/person\/419cfdf054323e24e0a2ef1d8597f051\",\"name\":\"adsmurai\",\"image\":{\"@type\":\"ImageObject\",\"inLanguage\":\"es\",\"@id\":\"https:\/\/secure.gravatar.com\/avatar\/0748788578f91786454454fa3b4c295644edb991ad6caadc70b41d26790d38fc?s=96&d=mm&r=g\",\"url\":\"https:\/\/secure.gravatar.com\/avatar\/0748788578f91786454454fa3b4c295644edb991ad6caadc70b41d26790d38fc?s=96&d=mm&r=g\",\"contentUrl\":\"https:\/\/secure.gravatar.com\/avatar\/0748788578f91786454454fa3b4c295644edb991ad6caadc70b41d26790d38fc?s=96&d=mm&r=g\",\"caption\":\"adsmurai\"},\"sameAs\":[\"https:\/\/www.monlau.com\"],\"url\":\"https:\/\/www.monlau.com\/eso-batxillerat\/es\/author\/adsmurai\/\"}]}<\/script>\n<!-- \/ Yoast SEO plugin. -->","yoast_head_json":{"title":"Graduaci\u00f3n ESO y Bachillerato 2024 - Eso Batx","robots":{"index":"index","follow":"follow","max-snippet":"max-snippet:-1","max-image-preview":"max-image-preview:large","max-video-preview":"max-video-preview:-1"},"canonical":"https:\/\/www.monlau.com\/eso-batxillerat\/es\/2024\/06\/21\/graduacion-eso-y-bachillerato-2024\/","og_locale":"es_ES","og_type":"article","og_title":"Graduaci\u00f3n ESO y Bachillerato 2024 - Eso Batx","og_description":"Monlau\u00a0celebra el acto de graduaci\u00f3n de ESO y Bachillerato 2024 en un emotivo acontecimiento en Barcelona. Este viernes, 31 de mayo,\u00a0Monlau\u00a0celebra la graduaci\u00f3n de sus alumnos de ESO y Bachillerato en un acto lleno de emoci\u00f3n y alegr\u00eda. El acontecimiento tiene lugar en el Auditorio de la Once, ubicado en la Gran V\u00eda de las [&hellip;]","og_url":"https:\/\/www.monlau.com\/eso-batxillerat\/es\/2024\/06\/21\/graduacion-eso-y-bachillerato-2024\/","og_site_name":"Eso Batx","article_published_time":"2024-06-20T22:00:00+00:00","article_modified_time":"2026-03-10T09:53:33+00:00","og_image":[{"width":1024,"height":576,"url":"https:\/\/www.monlau.com\/app\/uploads\/sites\/2\/2026\/03\/Fondo-de-graduaciones-2024-3-1-1024x576.png","type":"image\/png"}],"author":"adsmurai","twitter_card":"summary_large_image","twitter_misc":{"Escrito por":"adsmurai","Tiempo de lectura":"3 minutos"},"schema":{"@context":"https:\/\/schema.org","@graph":[{"@type":"Article","@id":"https:\/\/www.monlau.com\/eso-batxillerat\/es\/2024\/06\/21\/graduacion-eso-y-bachillerato-2024\/#article","isPartOf":{"@id":"https:\/\/www.monlau.com\/eso-batxillerat\/es\/2024\/06\/21\/graduacion-eso-y-bachillerato-2024\/"},"author":{"name":"adsmurai","@id":"https:\/\/www.monlau.com\/eso-batxillerat\/es\/#\/schema\/person\/419cfdf054323e24e0a2ef1d8597f051"},"headline":"Graduaci\u00f3n ESO y Bachillerato 2024","datePublished":"2024-06-20T22:00:00+00:00","dateModified":"2026-03-10T09:53:33+00:00","mainEntityOfPage":{"@id":"https:\/\/www.monlau.com\/eso-batxillerat\/es\/2024\/06\/21\/graduacion-eso-y-bachillerato-2024\/"},"wordCount":684,"publisher":{"@id":"https:\/\/www.monlau.com\/eso-batxillerat\/es\/#organization"},"image":{"@id":"https:\/\/www.monlau.com\/eso-batxillerat\/es\/2024\/06\/21\/graduacion-eso-y-bachillerato-2024\/#primaryimage"},"thumbnailUrl":"https:\/\/www.monlau.com\/app\/uploads\/sites\/2\/2026\/03\/Fondo-de-graduaciones-2024-3-1.png","keywords":["ESO","Estudiar","Monlau"],"articleSection":["Educativo","ESO","Monlau"],"inLanguage":"es"},{"@type":"WebPage","@id":"https:\/\/www.monlau.com\/eso-batxillerat\/es\/2024\/06\/21\/graduacion-eso-y-bachillerato-2024\/","url":"https:\/\/www.monlau.com\/eso-batxillerat\/es\/2024\/06\/21\/graduacion-eso-y-bachillerato-2024\/","name":"Graduaci\u00f3n ESO y Bachillerato 2024 - Eso Batx","isPartOf":{"@id":"https:\/\/www.monlau.com\/eso-batxillerat\/es\/#website"},"primaryImageOfPage":{"@id":"https:\/\/www.monlau.com\/eso-batxillerat\/es\/2024\/06\/21\/graduacion-eso-y-bachillerato-2024\/#primaryimage"},"image":{"@id":"https:\/\/www.monlau.com\/eso-batxillerat\/es\/2024\/06\/21\/graduacion-eso-y-bachillerato-2024\/#primaryimage"},"thumbnailUrl":"https:\/\/www.monlau.com\/app\/uploads\/sites\/2\/2026\/03\/Fondo-de-graduaciones-2024-3-1.png","datePublished":"2024-06-20T22:00:00+00:00","dateModified":"2026-03-10T09:53:33+00:00","breadcrumb":{"@id":"https:\/\/www.monlau.com\/eso-batxillerat\/es\/2024\/06\/21\/graduacion-eso-y-bachillerato-2024\/#breadcrumb"},"inLanguage":"es","potentialAction":[{"@type":"ReadAction","target":["https:\/\/www.monlau.com\/eso-batxillerat\/es\/2024\/06\/21\/graduacion-eso-y-bachillerato-2024\/"]}]},{"@type":"ImageObject","inLanguage":"es","@id":"https:\/\/www.monlau.com\/eso-batxillerat\/es\/2024\/06\/21\/graduacion-eso-y-bachillerato-2024\/#primaryimage","url":"https:\/\/www.monlau.com\/app\/uploads\/sites\/2\/2026\/03\/Fondo-de-graduaciones-2024-3-1.png","contentUrl":"https:\/\/www.monlau.com\/app\/uploads\/sites\/2\/2026\/03\/Fondo-de-graduaciones-2024-3-1.png","width":2240,"height":1260},{"@type":"BreadcrumbList","@id":"https:\/\/www.monlau.com\/eso-batxillerat\/es\/2024\/06\/21\/graduacion-eso-y-bachillerato-2024\/#breadcrumb","itemListElement":[{"@type":"ListItem","position":1,"name":"Inici","item":"https:\/\/www.monlau.com\/eso-batxillerat\/es\/"},{"@type":"ListItem","position":2,"name":"Graduaci\u00f3n ESO y Bachillerato 2024"}]},{"@type":"WebSite","@id":"https:\/\/www.monlau.com\/eso-batxillerat\/es\/#website","url":"https:\/\/www.monlau.com\/eso-batxillerat\/es\/","name":"Eso Batx","description":"","publisher":{"@id":"https:\/\/www.monlau.com\/eso-batxillerat\/es\/#organization"},"potentialAction":[{"@type":"SearchAction","target":{"@type":"EntryPoint","urlTemplate":"https:\/\/www.monlau.com\/eso-batxillerat\/es\/?s={search_term_string}"},"query-input":{"@type":"PropertyValueSpecification","valueRequired":true,"valueName":"search_term_string"}}],"inLanguage":"es"},{"@type":"Organization","@id":"https:\/\/www.monlau.com\/eso-batxillerat\/es\/#organization","name":"Eso Batx","url":"https:\/\/www.monlau.com\/eso-batxillerat\/es\/","logo":{"@type":"ImageObject","inLanguage":"es","@id":"https:\/\/www.monlau.com\/eso-batxillerat\/es\/#\/schema\/logo\/image\/","url":"https:\/\/www.monlau.com\/app\/uploads\/sites\/2\/2025\/12\/logomoneso.png","contentUrl":"https:\/\/www.monlau.com\/app\/uploads\/sites\/2\/2025\/12\/logomoneso.png","width":160,"height":160,"caption":"Eso Batx"},"image":{"@id":"https:\/\/www.monlau.com\/eso-batxillerat\/es\/#\/schema\/logo\/image\/"}},{"@type":"Person","@id":"https:\/\/www.monlau.com\/eso-batxillerat\/es\/#\/schema\/person\/419cfdf054323e24e0a2ef1d8597f051","name":"adsmurai","image":{"@type":"ImageObject","inLanguage":"es","@id":"https:\/\/secure.gravatar.com\/avatar\/0748788578f91786454454fa3b4c295644edb991ad6caadc70b41d26790d38fc?s=96&d=mm&r=g","url":"https:\/\/secure.gravatar.com\/avatar\/0748788578f91786454454fa3b4c295644edb991ad6caadc70b41d26790d38fc?s=96&d=mm&r=g","contentUrl":"https:\/\/secure.gravatar.com\/avatar\/0748788578f91786454454fa3b4c295644edb991ad6caadc70b41d26790d38fc?s=96&d=mm&r=g","caption":"adsmurai"},"sameAs":["https:\/\/www.monlau.com"],"url":"https:\/\/www.monlau.com\/eso-batxillerat\/es\/author\/adsmurai\/"}]}},"_links":{"self":[{"href":"https:\/\/www.monlau.com\/eso-batxillerat\/es\/wp-json\/wp\/v2\/posts\/1200","targetHints":{"allow":["GET"]}}],"collection":[{"href":"https:\/\/www.monlau.com\/eso-batxillerat\/es\/wp-json\/wp\/v2\/posts"}],"about":[{"href":"https:\/\/www.monlau.com\/eso-batxillerat\/es\/wp-json\/wp\/v2\/types\/post"}],"author":[{"embeddable":true,"href":"https:\/\/www.monlau.com\/eso-batxillerat\/es\/wp-json\/wp\/v2\/users\/1"}],"replies":[{"embeddable":true,"href":"https:\/\/www.monlau.com\/eso-batxillerat\/es\/wp-json\/wp\/v2\/comments?post=1200"}],"version-history":[{"count":1,"href":"https:\/\/www.monlau.com\/eso-batxillerat\/es\/wp-json\/wp\/v2\/posts\/1200\/revisions"}],"predecessor-version":[{"id":1502,"href":"https:\/\/www.monlau.com\/eso-batxillerat\/es\/wp-json\/wp\/v2\/posts\/1200\/revisions\/1502"}],"wp:featuredmedia":[{"embeddable":true,"href":"https:\/\/www.monlau.com\/eso-batxillerat\/es\/wp-json\/wp\/v2\/media\/1201"}],"wp:attachment":[{"href":"https:\/\/www.monlau.com\/eso-batxillerat\/es\/wp-json\/wp\/v2\/media?parent=1200"}],"wp:term":[{"taxonomy":"category","embeddable":true,"href":"https:\/\/www.monlau.com\/eso-batxillerat\/es\/wp-json\/wp\/v2\/categories?post=1200"},{"taxonomy":"post_tag","embeddable":true,"href":"https:\/\/www.monlau.com\/eso-batxillerat\/es\/wp-json\/wp\/v2\/tags?post=1200"}],"curies":[{"name":"wp","href":"https:\/\/api.w.org\/{rel}","templated":true}]}}