{"id":1147,"date":"2021-11-30T00:00:00","date_gmt":"2021-11-29T23:00:00","guid":{"rendered":"https:\/\/www.monlau.com\/eso-batxillerat\/monlau-colabora-un-ano-mas-en-la-recogida-de-alimentos\/"},"modified":"2026-03-10T10:53:35","modified_gmt":"2026-03-10T09:53:35","slug":"monlau-colabora-un-ano-mas-en-la-recogida-de-alimentos","status":"publish","type":"post","link":"https:\/\/www.monlau.com\/eso-batxillerat\/es\/2021\/11\/30\/monlau-colabora-un-ano-mas-en-la-recogida-de-alimentos\/","title":{"rendered":"Monlau colabora un a\u00f1o m\u00e1s en la Recogida de Alimentos"},"content":{"rendered":"<p>Un a\u00f1o m\u00e1s, desde Monlau damos por finalizada la Recogida de Alimentos para colaborar con <a href=\"https:\/\/caritas.barcelona\/necessitats-basiques\/rebost-solidari-sant-andreu\/\">C\u00e1ritas en la distribuci\u00f3n solidaria de alimentos (DISA)<\/a>. Gracias a todos y todas para colaborar en este recaudo solidario, con vuestras aportaciones de alimentos b\u00e1sicos para las familias que m\u00e1s lo necesitan.<\/p>\n<p>Durante estos d\u00edas, los alumnos de Monlau de ESO, Bachillerato y Formaci\u00f3n Profesional, han podido llevar alimentos b\u00e1sicos como leche, legumbres, pasta, arroz, etc. que han ido depositando al rinc\u00f3n solidario de la escuela. Otros, han optado para hacer una recogida de dinero en clase, para a continuaci\u00f3n, ir al supermercado y llenar un cochecito lleno de provisiones.<\/p>\n<p>Una vez acabada la recogida de alimentos, estos se han clasificado y almacenado en cajas de cart\u00f3n, para posteriormente, llevarlas a las asociaciones encargadas de repartirlo a las familias y vecinos que m\u00e1s lo necesitan.<\/p>\n<p>Tanto Monlau como las familias y vecinos, os agradecemos la solidaria colaboraci\u00f3n!<\/p>\n","protected":false},"excerpt":{"rendered":"<p>Un a\u00f1o m\u00e1s, desde Monlau damos por finalizada la Recogida de Alimentos para colaborar con C\u00e1ritas en la distribuci\u00f3n solidaria de alimentos (DISA). Gracias a todos y todas para colaborar en este recaudo solidario, con vuestras aportaciones de alimentos b\u00e1sicos para las familias que m\u00e1s lo necesitan. Durante estos d\u00edas, los alumnos de Monlau de [&hellip;]<\/p>\n","protected":false},"author":1,"featured_media":1148,"comment_status":"closed","ping_status":"closed","sticky":false,"template":"","format":"standard","meta":{"footnotes":""},"categories":[114],"tags":[71,59,61,115,116,32],"class_list":["post-1147","post","type-post","status-publish","format-standard","has-post-thumbnail","hentry","category-monlau","tag-bachillerato","tag-colaboracion","tag-eso","tag-formacion-profesional","tag-recauda-de-alimentos","tag-solidaridad"],"yoast_head":"<!-- This site is optimized with the Yoast SEO plugin v27.2 - https:\/\/yoast.com\/product\/yoast-seo-wordpress\/ -->\n<title>Monlau colabora un a\u00f1o m\u00e1s en la Recogida de Alimentos - Eso Batx<\/title>\n<meta name=\"robots\" content=\"index, follow, max-snippet:-1, max-image-preview:large, max-video-preview:-1\" \/>\n<link rel=\"canonical\" href=\"https:\/\/www.monlau.com\/eso-batxillerat\/es\/2021\/11\/30\/monlau-colabora-un-ano-mas-en-la-recogida-de-alimentos\/\" \/>\n<meta property=\"og:locale\" content=\"es_ES\" \/>\n<meta property=\"og:type\" content=\"article\" \/>\n<meta property=\"og:title\" content=\"Monlau colabora un a\u00f1o m\u00e1s en la Recogida de Alimentos - Eso Batx\" \/>\n<meta property=\"og:description\" content=\"Un a\u00f1o m\u00e1s, desde Monlau damos por finalizada la Recogida de Alimentos para colaborar con C\u00e1ritas en la distribuci\u00f3n solidaria de alimentos (DISA). Gracias a todos y todas para colaborar en este recaudo solidario, con vuestras aportaciones de alimentos b\u00e1sicos para las familias que m\u00e1s lo necesitan. Durante estos d\u00edas, los alumnos de Monlau de [&hellip;]\" \/>\n<meta property=\"og:url\" content=\"https:\/\/www.monlau.com\/eso-batxillerat\/es\/2021\/11\/30\/monlau-colabora-un-ano-mas-en-la-recogida-de-alimentos\/\" \/>\n<meta property=\"og:site_name\" content=\"Eso Batx\" \/>\n<meta property=\"article:published_time\" content=\"2021-11-29T23:00:00+00:00\" \/>\n<meta property=\"article:modified_time\" content=\"2026-03-10T09:53:35+00:00\" \/>\n<meta property=\"og:image\" content=\"https:\/\/www.monlau.com\/app\/uploads\/sites\/2\/2026\/03\/20211125_124413-2-1.jpg\" \/>\n\t<meta property=\"og:image:width\" content=\"1450\" \/>\n\t<meta property=\"og:image:height\" content=\"1089\" \/>\n\t<meta property=\"og:image:type\" content=\"image\/jpeg\" \/>\n<meta name=\"author\" content=\"adsmurai\" \/>\n<meta name=\"twitter:card\" content=\"summary_large_image\" \/>\n<meta name=\"twitter:label1\" content=\"Escrito por\" \/>\n\t<meta name=\"twitter:data1\" content=\"adsmurai\" \/>\n\t<meta name=\"twitter:label2\" content=\"Tiempo de lectura\" \/>\n\t<meta name=\"twitter:data2\" content=\"1 minuto\" \/>\n<script type=\"application\/ld+json\" class=\"yoast-schema-graph\">{\"@context\":\"https:\/\/schema.org\",\"@graph\":[{\"@type\":\"Article\",\"@id\":\"https:\/\/www.monlau.com\/eso-batxillerat\/es\/2021\/11\/30\/monlau-colabora-un-ano-mas-en-la-recogida-de-alimentos\/#article\",\"isPartOf\":{\"@id\":\"https:\/\/www.monlau.com\/eso-batxillerat\/es\/2021\/11\/30\/monlau-colabora-un-ano-mas-en-la-recogida-de-alimentos\/\"},\"author\":{\"name\":\"adsmurai\",\"@id\":\"https:\/\/www.monlau.com\/eso-batxillerat\/es\/#\/schema\/person\/419cfdf054323e24e0a2ef1d8597f051\"},\"headline\":\"Monlau colabora un a\u00f1o m\u00e1s en la Recogida de Alimentos\",\"datePublished\":\"2021-11-29T23:00:00+00:00\",\"dateModified\":\"2026-03-10T09:53:35+00:00\",\"mainEntityOfPage\":{\"@id\":\"https:\/\/www.monlau.com\/eso-batxillerat\/es\/2021\/11\/30\/monlau-colabora-un-ano-mas-en-la-recogida-de-alimentos\/\"},\"wordCount\":178,\"publisher\":{\"@id\":\"https:\/\/www.monlau.com\/eso-batxillerat\/es\/#organization\"},\"image\":{\"@id\":\"https:\/\/www.monlau.com\/eso-batxillerat\/es\/2021\/11\/30\/monlau-colabora-un-ano-mas-en-la-recogida-de-alimentos\/#primaryimage\"},\"thumbnailUrl\":\"https:\/\/www.monlau.com\/app\/uploads\/sites\/2\/2026\/03\/20211125_124413-2-1.jpg\",\"keywords\":[\"Bachillerato\",\"colaboraci\u00f3n\",\"ESO\",\"formaci\u00f3n profesional\",\"recauda de alimentos\",\"Solidaridad\"],\"articleSection\":[\"Monlau\"],\"inLanguage\":\"es\"},{\"@type\":\"WebPage\",\"@id\":\"https:\/\/www.monlau.com\/eso-batxillerat\/es\/2021\/11\/30\/monlau-colabora-un-ano-mas-en-la-recogida-de-alimentos\/\",\"url\":\"https:\/\/www.monlau.com\/eso-batxillerat\/es\/2021\/11\/30\/monlau-colabora-un-ano-mas-en-la-recogida-de-alimentos\/\",\"name\":\"Monlau colabora un a\u00f1o m\u00e1s en la Recogida de Alimentos - Eso Batx\",\"isPartOf\":{\"@id\":\"https:\/\/www.monlau.com\/eso-batxillerat\/es\/#website\"},\"primaryImageOfPage\":{\"@id\":\"https:\/\/www.monlau.com\/eso-batxillerat\/es\/2021\/11\/30\/monlau-colabora-un-ano-mas-en-la-recogida-de-alimentos\/#primaryimage\"},\"image\":{\"@id\":\"https:\/\/www.monlau.com\/eso-batxillerat\/es\/2021\/11\/30\/monlau-colabora-un-ano-mas-en-la-recogida-de-alimentos\/#primaryimage\"},\"thumbnailUrl\":\"https:\/\/www.monlau.com\/app\/uploads\/sites\/2\/2026\/03\/20211125_124413-2-1.jpg\",\"datePublished\":\"2021-11-29T23:00:00+00:00\",\"dateModified\":\"2026-03-10T09:53:35+00:00\",\"breadcrumb\":{\"@id\":\"https:\/\/www.monlau.com\/eso-batxillerat\/es\/2021\/11\/30\/monlau-colabora-un-ano-mas-en-la-recogida-de-alimentos\/#breadcrumb\"},\"inLanguage\":\"es\",\"potentialAction\":[{\"@type\":\"ReadAction\",\"target\":[\"https:\/\/www.monlau.com\/eso-batxillerat\/es\/2021\/11\/30\/monlau-colabora-un-ano-mas-en-la-recogida-de-alimentos\/\"]}]},{\"@type\":\"ImageObject\",\"inLanguage\":\"es\",\"@id\":\"https:\/\/www.monlau.com\/eso-batxillerat\/es\/2021\/11\/30\/monlau-colabora-un-ano-mas-en-la-recogida-de-alimentos\/#primaryimage\",\"url\":\"https:\/\/www.monlau.com\/app\/uploads\/sites\/2\/2026\/03\/20211125_124413-2-1.jpg\",\"contentUrl\":\"https:\/\/www.monlau.com\/app\/uploads\/sites\/2\/2026\/03\/20211125_124413-2-1.jpg\",\"width\":1450,\"height\":1089},{\"@type\":\"BreadcrumbList\",\"@id\":\"https:\/\/www.monlau.com\/eso-batxillerat\/es\/2021\/11\/30\/monlau-colabora-un-ano-mas-en-la-recogida-de-alimentos\/#breadcrumb\",\"itemListElement\":[{\"@type\":\"ListItem\",\"position\":1,\"name\":\"Inici\",\"item\":\"https:\/\/www.monlau.com\/eso-batxillerat\/es\/\"},{\"@type\":\"ListItem\",\"position\":2,\"name\":\"Monlau colabora un a\u00f1o m\u00e1s en la Recogida de Alimentos\"}]},{\"@type\":\"WebSite\",\"@id\":\"https:\/\/www.monlau.com\/eso-batxillerat\/es\/#website\",\"url\":\"https:\/\/www.monlau.com\/eso-batxillerat\/es\/\",\"name\":\"Eso Batx\",\"description\":\"\",\"publisher\":{\"@id\":\"https:\/\/www.monlau.com\/eso-batxillerat\/es\/#organization\"},\"potentialAction\":[{\"@type\":\"SearchAction\",\"target\":{\"@type\":\"EntryPoint\",\"urlTemplate\":\"https:\/\/www.monlau.com\/eso-batxillerat\/es\/?s={search_term_string}\"},\"query-input\":{\"@type\":\"PropertyValueSpecification\",\"valueRequired\":true,\"valueName\":\"search_term_string\"}}],\"inLanguage\":\"es\"},{\"@type\":\"Organization\",\"@id\":\"https:\/\/www.monlau.com\/eso-batxillerat\/es\/#organization\",\"name\":\"Eso Batx\",\"url\":\"https:\/\/www.monlau.com\/eso-batxillerat\/es\/\",\"logo\":{\"@type\":\"ImageObject\",\"inLanguage\":\"es\",\"@id\":\"https:\/\/www.monlau.com\/eso-batxillerat\/es\/#\/schema\/logo\/image\/\",\"url\":\"https:\/\/www.monlau.com\/app\/uploads\/sites\/2\/2025\/12\/logomoneso.png\",\"contentUrl\":\"https:\/\/www.monlau.com\/app\/uploads\/sites\/2\/2025\/12\/logomoneso.png\",\"width\":160,\"height\":160,\"caption\":\"Eso Batx\"},\"image\":{\"@id\":\"https:\/\/www.monlau.com\/eso-batxillerat\/es\/#\/schema\/logo\/image\/\"}},{\"@type\":\"Person\",\"@id\":\"https:\/\/www.monlau.com\/eso-batxillerat\/es\/#\/schema\/person\/419cfdf054323e24e0a2ef1d8597f051\",\"name\":\"adsmurai\",\"image\":{\"@type\":\"ImageObject\",\"inLanguage\":\"es\",\"@id\":\"https:\/\/secure.gravatar.com\/avatar\/0748788578f91786454454fa3b4c295644edb991ad6caadc70b41d26790d38fc?s=96&d=mm&r=g\",\"url\":\"https:\/\/secure.gravatar.com\/avatar\/0748788578f91786454454fa3b4c295644edb991ad6caadc70b41d26790d38fc?s=96&d=mm&r=g\",\"contentUrl\":\"https:\/\/secure.gravatar.com\/avatar\/0748788578f91786454454fa3b4c295644edb991ad6caadc70b41d26790d38fc?s=96&d=mm&r=g\",\"caption\":\"adsmurai\"},\"sameAs\":[\"https:\/\/www.monlau.com\"],\"url\":\"https:\/\/www.monlau.com\/eso-batxillerat\/es\/author\/adsmurai\/\"}]}<\/script>\n<!-- \/ Yoast SEO plugin. -->","yoast_head_json":{"title":"Monlau colabora un a\u00f1o m\u00e1s en la Recogida de Alimentos - Eso Batx","robots":{"index":"index","follow":"follow","max-snippet":"max-snippet:-1","max-image-preview":"max-image-preview:large","max-video-preview":"max-video-preview:-1"},"canonical":"https:\/\/www.monlau.com\/eso-batxillerat\/es\/2021\/11\/30\/monlau-colabora-un-ano-mas-en-la-recogida-de-alimentos\/","og_locale":"es_ES","og_type":"article","og_title":"Monlau colabora un a\u00f1o m\u00e1s en la Recogida de Alimentos - Eso Batx","og_description":"Un a\u00f1o m\u00e1s, desde Monlau damos por finalizada la Recogida de Alimentos para colaborar con C\u00e1ritas en la distribuci\u00f3n solidaria de alimentos (DISA). Gracias a todos y todas para colaborar en este recaudo solidario, con vuestras aportaciones de alimentos b\u00e1sicos para las familias que m\u00e1s lo necesitan. Durante estos d\u00edas, los alumnos de Monlau de [&hellip;]","og_url":"https:\/\/www.monlau.com\/eso-batxillerat\/es\/2021\/11\/30\/monlau-colabora-un-ano-mas-en-la-recogida-de-alimentos\/","og_site_name":"Eso Batx","article_published_time":"2021-11-29T23:00:00+00:00","article_modified_time":"2026-03-10T09:53:35+00:00","og_image":[{"width":1450,"height":1089,"url":"https:\/\/www.monlau.com\/app\/uploads\/sites\/2\/2026\/03\/20211125_124413-2-1.jpg","type":"image\/jpeg"}],"author":"adsmurai","twitter_card":"summary_large_image","twitter_misc":{"Escrito por":"adsmurai","Tiempo de lectura":"1 minuto"},"schema":{"@context":"https:\/\/schema.org","@graph":[{"@type":"Article","@id":"https:\/\/www.monlau.com\/eso-batxillerat\/es\/2021\/11\/30\/monlau-colabora-un-ano-mas-en-la-recogida-de-alimentos\/#article","isPartOf":{"@id":"https:\/\/www.monlau.com\/eso-batxillerat\/es\/2021\/11\/30\/monlau-colabora-un-ano-mas-en-la-recogida-de-alimentos\/"},"author":{"name":"adsmurai","@id":"https:\/\/www.monlau.com\/eso-batxillerat\/es\/#\/schema\/person\/419cfdf054323e24e0a2ef1d8597f051"},"headline":"Monlau colabora un a\u00f1o m\u00e1s en la Recogida de Alimentos","datePublished":"2021-11-29T23:00:00+00:00","dateModified":"2026-03-10T09:53:35+00:00","mainEntityOfPage":{"@id":"https:\/\/www.monlau.com\/eso-batxillerat\/es\/2021\/11\/30\/monlau-colabora-un-ano-mas-en-la-recogida-de-alimentos\/"},"wordCount":178,"publisher":{"@id":"https:\/\/www.monlau.com\/eso-batxillerat\/es\/#organization"},"image":{"@id":"https:\/\/www.monlau.com\/eso-batxillerat\/es\/2021\/11\/30\/monlau-colabora-un-ano-mas-en-la-recogida-de-alimentos\/#primaryimage"},"thumbnailUrl":"https:\/\/www.monlau.com\/app\/uploads\/sites\/2\/2026\/03\/20211125_124413-2-1.jpg","keywords":["Bachillerato","colaboraci\u00f3n","ESO","formaci\u00f3n profesional","recauda de alimentos","Solidaridad"],"articleSection":["Monlau"],"inLanguage":"es"},{"@type":"WebPage","@id":"https:\/\/www.monlau.com\/eso-batxillerat\/es\/2021\/11\/30\/monlau-colabora-un-ano-mas-en-la-recogida-de-alimentos\/","url":"https:\/\/www.monlau.com\/eso-batxillerat\/es\/2021\/11\/30\/monlau-colabora-un-ano-mas-en-la-recogida-de-alimentos\/","name":"Monlau colabora un a\u00f1o m\u00e1s en la Recogida de Alimentos - Eso Batx","isPartOf":{"@id":"https:\/\/www.monlau.com\/eso-batxillerat\/es\/#website"},"primaryImageOfPage":{"@id":"https:\/\/www.monlau.com\/eso-batxillerat\/es\/2021\/11\/30\/monlau-colabora-un-ano-mas-en-la-recogida-de-alimentos\/#primaryimage"},"image":{"@id":"https:\/\/www.monlau.com\/eso-batxillerat\/es\/2021\/11\/30\/monlau-colabora-un-ano-mas-en-la-recogida-de-alimentos\/#primaryimage"},"thumbnailUrl":"https:\/\/www.monlau.com\/app\/uploads\/sites\/2\/2026\/03\/20211125_124413-2-1.jpg","datePublished":"2021-11-29T23:00:00+00:00","dateModified":"2026-03-10T09:53:35+00:00","breadcrumb":{"@id":"https:\/\/www.monlau.com\/eso-batxillerat\/es\/2021\/11\/30\/monlau-colabora-un-ano-mas-en-la-recogida-de-alimentos\/#breadcrumb"},"inLanguage":"es","potentialAction":[{"@type":"ReadAction","target":["https:\/\/www.monlau.com\/eso-batxillerat\/es\/2021\/11\/30\/monlau-colabora-un-ano-mas-en-la-recogida-de-alimentos\/"]}]},{"@type":"ImageObject","inLanguage":"es","@id":"https:\/\/www.monlau.com\/eso-batxillerat\/es\/2021\/11\/30\/monlau-colabora-un-ano-mas-en-la-recogida-de-alimentos\/#primaryimage","url":"https:\/\/www.monlau.com\/app\/uploads\/sites\/2\/2026\/03\/20211125_124413-2-1.jpg","contentUrl":"https:\/\/www.monlau.com\/app\/uploads\/sites\/2\/2026\/03\/20211125_124413-2-1.jpg","width":1450,"height":1089},{"@type":"BreadcrumbList","@id":"https:\/\/www.monlau.com\/eso-batxillerat\/es\/2021\/11\/30\/monlau-colabora-un-ano-mas-en-la-recogida-de-alimentos\/#breadcrumb","itemListElement":[{"@type":"ListItem","position":1,"name":"Inici","item":"https:\/\/www.monlau.com\/eso-batxillerat\/es\/"},{"@type":"ListItem","position":2,"name":"Monlau colabora un a\u00f1o m\u00e1s en la Recogida de Alimentos"}]},{"@type":"WebSite","@id":"https:\/\/www.monlau.com\/eso-batxillerat\/es\/#website","url":"https:\/\/www.monlau.com\/eso-batxillerat\/es\/","name":"Eso Batx","description":"","publisher":{"@id":"https:\/\/www.monlau.com\/eso-batxillerat\/es\/#organization"},"potentialAction":[{"@type":"SearchAction","target":{"@type":"EntryPoint","urlTemplate":"https:\/\/www.monlau.com\/eso-batxillerat\/es\/?s={search_term_string}"},"query-input":{"@type":"PropertyValueSpecification","valueRequired":true,"valueName":"search_term_string"}}],"inLanguage":"es"},{"@type":"Organization","@id":"https:\/\/www.monlau.com\/eso-batxillerat\/es\/#organization","name":"Eso Batx","url":"https:\/\/www.monlau.com\/eso-batxillerat\/es\/","logo":{"@type":"ImageObject","inLanguage":"es","@id":"https:\/\/www.monlau.com\/eso-batxillerat\/es\/#\/schema\/logo\/image\/","url":"https:\/\/www.monlau.com\/app\/uploads\/sites\/2\/2025\/12\/logomoneso.png","contentUrl":"https:\/\/www.monlau.com\/app\/uploads\/sites\/2\/2025\/12\/logomoneso.png","width":160,"height":160,"caption":"Eso Batx"},"image":{"@id":"https:\/\/www.monlau.com\/eso-batxillerat\/es\/#\/schema\/logo\/image\/"}},{"@type":"Person","@id":"https:\/\/www.monlau.com\/eso-batxillerat\/es\/#\/schema\/person\/419cfdf054323e24e0a2ef1d8597f051","name":"adsmurai","image":{"@type":"ImageObject","inLanguage":"es","@id":"https:\/\/secure.gravatar.com\/avatar\/0748788578f91786454454fa3b4c295644edb991ad6caadc70b41d26790d38fc?s=96&d=mm&r=g","url":"https:\/\/secure.gravatar.com\/avatar\/0748788578f91786454454fa3b4c295644edb991ad6caadc70b41d26790d38fc?s=96&d=mm&r=g","contentUrl":"https:\/\/secure.gravatar.com\/avatar\/0748788578f91786454454fa3b4c295644edb991ad6caadc70b41d26790d38fc?s=96&d=mm&r=g","caption":"adsmurai"},"sameAs":["https:\/\/www.monlau.com"],"url":"https:\/\/www.monlau.com\/eso-batxillerat\/es\/author\/adsmurai\/"}]}},"_links":{"self":[{"href":"https:\/\/www.monlau.com\/eso-batxillerat\/es\/wp-json\/wp\/v2\/posts\/1147","targetHints":{"allow":["GET"]}}],"collection":[{"href":"https:\/\/www.monlau.com\/eso-batxillerat\/es\/wp-json\/wp\/v2\/posts"}],"about":[{"href":"https:\/\/www.monlau.com\/eso-batxillerat\/es\/wp-json\/wp\/v2\/types\/post"}],"author":[{"embeddable":true,"href":"https:\/\/www.monlau.com\/eso-batxillerat\/es\/wp-json\/wp\/v2\/users\/1"}],"replies":[{"embeddable":true,"href":"https:\/\/www.monlau.com\/eso-batxillerat\/es\/wp-json\/wp\/v2\/comments?post=1147"}],"version-history":[{"count":1,"href":"https:\/\/www.monlau.com\/eso-batxillerat\/es\/wp-json\/wp\/v2\/posts\/1147\/revisions"}],"predecessor-version":[{"id":1533,"href":"https:\/\/www.monlau.com\/eso-batxillerat\/es\/wp-json\/wp\/v2\/posts\/1147\/revisions\/1533"}],"wp:featuredmedia":[{"embeddable":true,"href":"https:\/\/www.monlau.com\/eso-batxillerat\/es\/wp-json\/wp\/v2\/media\/1148"}],"wp:attachment":[{"href":"https:\/\/www.monlau.com\/eso-batxillerat\/es\/wp-json\/wp\/v2\/media?parent=1147"}],"wp:term":[{"taxonomy":"category","embeddable":true,"href":"https:\/\/www.monlau.com\/eso-batxillerat\/es\/wp-json\/wp\/v2\/categories?post=1147"},{"taxonomy":"post_tag","embeddable":true,"href":"https:\/\/www.monlau.com\/eso-batxillerat\/es\/wp-json\/wp\/v2\/tags?post=1147"}],"curies":[{"name":"wp","href":"https:\/\/api.w.org\/{rel}","templated":true}]}}