{"id":1135,"date":"2021-11-26T00:00:00","date_gmt":"2021-11-25T23:00:00","guid":{"rendered":"https:\/\/www.monlau.com\/eso-batxillerat\/celebramos-la-semana-de-la-convivencia-por-conmemorar-el-25n\/"},"modified":"2026-03-10T10:53:35","modified_gmt":"2026-03-10T09:53:35","slug":"celebramos-la-semana-de-la-convivencia-por-conmemorar-el-25n","status":"publish","type":"post","link":"https:\/\/www.monlau.com\/eso-batxillerat\/es\/2021\/11\/26\/celebramos-la-semana-de-la-convivencia-por-conmemorar-el-25n\/","title":{"rendered":"Celebramos la semana de la convivencia para conmemorar el 25N"},"content":{"rendered":"<p>En conmemoraci\u00f3n al 25 de noviembre, D\u00eda Internacional de la Eliminaci\u00f3n de la Violencia contra las Mujeres, des de Monlau hemos hecho la semana de la convivencia, donde los diferentes grupos de <a href=\"https:\/\/www.monlau.com\/eso-batxillerat\/eso\/?lang=es\">ESO<\/a> han participado en una serie de actividades durante toda la semana, para luchar y tener m\u00e1s conciencia sobre este hecho.<\/p>\n<p>Las actividades empezaron lunes con los alumnos de primero de ESO realizando una pr\u00e1ctica llamada \u201c<strong><a href=\"https:\/\/monlaues-my.sharepoint.com\/personal\/comunicacio_monlau_com\/Documents\/CURS%202021-2022\/PLA%20DE%20CONTINGUTS\/extreta%20del%20material%20did\u00e0ctic%20Pam%20a%20pam%20coeduquem%20de%20l'Institut%20Catal\u00e0%20de%20les%20Dona\">El Marc y la Anna<\/a><\/strong>\u201d. Esta consisti\u00f3 a dividir la clase en grupos y a continuaci\u00f3n librarles una fotograf\u00eda de un beb\u00e9 con nombre de Marc o Anna. Cada grupo cre\u00eda que ten\u00eda a un beb\u00e9 diferente, pero la imagen era la misma por todos. El objetivo de la pr\u00e1ctica fue imaginar c\u00f3mo ser\u00eda la vida de este beb\u00e9 en veinticinco a\u00f1os (personalidad, habilidades, f\u00edsico, aficiones, estudios\/trabajo, con quien vivir\u00eda, donde). A continuaci\u00f3n destaparon la mentira e hicieron la puesta en com\u00fan a la pizarra, para ver qu\u00e9 adjetivos sal\u00edan por cada uno.<\/p>\n<p>Finalmente, viendo las diferencias, fueron todos algo m\u00e1s conscientes de como tenemos de interiorizados determinados estereotipos de g\u00e9nero que conviene romper.<\/p>\n<p>La segunda actividad, la realizaron los alumnos de 1.\u00ba y 2.\u00ba de ESO martes, y se denomin\u00f3 \u201c<strong>Mariposas lilas con papiroflexia<\/strong>\u201d. Para dar visi\u00f3n al problema, el alumnado cre\u00f3 mariposas de color lila con el objetivo de decorar la escuela por la ocasi\u00f3n. Para realizarlas, vieron una serie de videos donde se explicaba c\u00f3mo llevarlas a cabo y finalmente, las colgaron.<\/p>\n<h2>Revisamos los cl\u00e1sicos<\/h2>\n<p>La tercera fue <strong>\u201c<a href=\"https:\/\/www.youtube.com\/watch?v=xCEEKqcSFL0\">La caperucita dice NO<\/a>\u201d,<\/strong> y consisti\u00f3 en la visualizaci\u00f3n de un video, a partir del cual los alumnos pudieron reflexionar sobre la reacci\u00f3n de los ni\u00f1os que ven el cuento.<\/p>\n<p>La conclusi\u00f3n excluida, fue que la violencia de g\u00e9nero no siempre es evidente desde el primer momento. El lobo tiene una actitud inadecuada desde el principio, pero hasta que no llamamiento, los chicos y chicas no se ponen en alerta de que algo no va bien.<\/p>\n<p>Adem\u00e1s, en relaci\u00f3n con la pr\u00e1ctica, aprovecharon el momento para ense\u00f1ar y practicar con el alumnado la se\u00f1al de ayuda por maltrato; tanto para hacerlo si lo necesitan como para reconocerlo si alguien lo hace.<\/p>\n<p>Finalmente, las \u00faltimas actividades se realizaron ayer d\u00eda 25 de noviembre. Por un lado, desde 1\u00ba y 3\u00ba de ESO, hicieron la actividad <strong>\u201cPulseras con mensajes\u201d<\/strong>; esta consisti\u00f3 en la creaci\u00f3n de pulseras con diferentes lemas contra la violencia machista mediante la asignatura de proyectos y pl\u00e1stica.<\/p>\n<p>Por otro lado, los alumnos de 1.\u00ba y 2.\u00ba de ESO, realizaron <strong>El mural de mariposas<\/strong>. Sum\u00e1ndose a la campa\u00f1a \u00abEl latido de las mariposas depende de nuestra actitud\u00bb, el alumnado ejecut\u00f3 un mural utilizando sus huellas dactilares para formar mariposas.<\/p>\n<h2>La igualdad de g\u00e9nero a la literatura<\/h2>\n<p>Para concluir la semana de convivencia, a t\u00e9cnicas de estudio 1 de ESO B, trabajaron cuentos relacionados con la igualdad de g\u00e9nero como: Arturo y Clementina, Hay algo m\u00e1s aburrido que ser una princesa rosa, La historia de los bonobos cono gafas, La cenicienta que quer\u00eda comer perdices, La princesa listilla, Los colores y Rosa caramelo.<\/p>\n<p>Despu\u00e9s de esta semana, nuestros alumnos han podido aprender m\u00e1s sobre el respeto mutuo y la importancia de la lucha contra los estereotipos y la violencia verso las mujeres.<\/p>\n","protected":false},"excerpt":{"rendered":"<p>En conmemoraci\u00f3n al 25 de noviembre, D\u00eda Internacional de la Eliminaci\u00f3n de la Violencia contra las Mujeres, des de Monlau hemos hecho la semana de la convivencia, donde los diferentes grupos de ESO han participado en una serie de actividades durante toda la semana, para luchar y tener m\u00e1s conciencia sobre este hecho. Las actividades [&hellip;]<\/p>\n","protected":false},"author":1,"featured_media":1136,"comment_status":"closed","ping_status":"closed","sticky":false,"template":"","format":"standard","meta":{"footnotes":""},"categories":[20],"tags":[109,61,110,111,112,113],"class_list":["post-1135","post","type-post","status-publish","format-standard","has-post-thumbnail","hentry","category-eso","tag-25noviembre","tag-eso","tag-igualdad-de-genero","tag-lucha","tag-monlau","tag-violencia-machista"],"yoast_head":"<!-- This site is optimized with the Yoast SEO plugin v27.2 - https:\/\/yoast.com\/product\/yoast-seo-wordpress\/ -->\n<title>Celebramos la semana de la convivencia para conmemorar el 25N - Eso Batx<\/title>\n<meta name=\"robots\" content=\"index, follow, max-snippet:-1, max-image-preview:large, max-video-preview:-1\" \/>\n<link rel=\"canonical\" href=\"https:\/\/www.monlau.com\/eso-batxillerat\/es\/2021\/11\/26\/celebramos-la-semana-de-la-convivencia-por-conmemorar-el-25n\/\" \/>\n<meta property=\"og:locale\" content=\"es_ES\" \/>\n<meta property=\"og:type\" content=\"article\" \/>\n<meta property=\"og:title\" content=\"Celebramos la semana de la convivencia para conmemorar el 25N - Eso Batx\" \/>\n<meta property=\"og:description\" content=\"En conmemoraci\u00f3n al 25 de noviembre, D\u00eda Internacional de la Eliminaci\u00f3n de la Violencia contra las Mujeres, des de Monlau hemos hecho la semana de la convivencia, donde los diferentes grupos de ESO han participado en una serie de actividades durante toda la semana, para luchar y tener m\u00e1s conciencia sobre este hecho. Las actividades [&hellip;]\" \/>\n<meta property=\"og:url\" content=\"https:\/\/www.monlau.com\/eso-batxillerat\/es\/2021\/11\/26\/celebramos-la-semana-de-la-convivencia-por-conmemorar-el-25n\/\" \/>\n<meta property=\"og:site_name\" content=\"Eso Batx\" \/>\n<meta property=\"article:published_time\" content=\"2021-11-25T23:00:00+00:00\" \/>\n<meta property=\"article:modified_time\" content=\"2026-03-10T09:53:35+00:00\" \/>\n<meta property=\"og:image\" content=\"https:\/\/www.monlau.com\/app\/uploads\/sites\/2\/2026\/03\/polseres1ESO2.jpg\" \/>\n\t<meta property=\"og:image:width\" content=\"2016\" \/>\n\t<meta property=\"og:image:height\" content=\"1512\" \/>\n\t<meta property=\"og:image:type\" content=\"image\/jpeg\" \/>\n<meta name=\"author\" content=\"adsmurai\" \/>\n<meta name=\"twitter:card\" content=\"summary_large_image\" \/>\n<meta name=\"twitter:label1\" content=\"Escrito por\" \/>\n\t<meta name=\"twitter:data1\" content=\"adsmurai\" \/>\n\t<meta name=\"twitter:label2\" content=\"Tiempo de lectura\" \/>\n\t<meta name=\"twitter:data2\" content=\"3 minutos\" \/>\n<script type=\"application\/ld+json\" class=\"yoast-schema-graph\">{\"@context\":\"https:\/\/schema.org\",\"@graph\":[{\"@type\":\"Article\",\"@id\":\"https:\/\/www.monlau.com\/eso-batxillerat\/es\/2021\/11\/26\/celebramos-la-semana-de-la-convivencia-por-conmemorar-el-25n\/#article\",\"isPartOf\":{\"@id\":\"https:\/\/www.monlau.com\/eso-batxillerat\/es\/2021\/11\/26\/celebramos-la-semana-de-la-convivencia-por-conmemorar-el-25n\/\"},\"author\":{\"name\":\"adsmurai\",\"@id\":\"https:\/\/www.monlau.com\/eso-batxillerat\/es\/#\/schema\/person\/419cfdf054323e24e0a2ef1d8597f051\"},\"headline\":\"Celebramos la semana de la convivencia para conmemorar el 25N\",\"datePublished\":\"2021-11-25T23:00:00+00:00\",\"dateModified\":\"2026-03-10T09:53:35+00:00\",\"mainEntityOfPage\":{\"@id\":\"https:\/\/www.monlau.com\/eso-batxillerat\/es\/2021\/11\/26\/celebramos-la-semana-de-la-convivencia-por-conmemorar-el-25n\/\"},\"wordCount\":588,\"publisher\":{\"@id\":\"https:\/\/www.monlau.com\/eso-batxillerat\/es\/#organization\"},\"image\":{\"@id\":\"https:\/\/www.monlau.com\/eso-batxillerat\/es\/2021\/11\/26\/celebramos-la-semana-de-la-convivencia-por-conmemorar-el-25n\/#primaryimage\"},\"thumbnailUrl\":\"https:\/\/www.monlau.com\/app\/uploads\/sites\/2\/2026\/03\/polseres1ESO2.jpg\",\"keywords\":[\"25Noviembre\",\"ESO\",\"Igualdad de g\u00e9nero\",\"lucha\",\"Monlau\",\"Violencia machista\"],\"articleSection\":[\"ESO\"],\"inLanguage\":\"es\"},{\"@type\":\"WebPage\",\"@id\":\"https:\/\/www.monlau.com\/eso-batxillerat\/es\/2021\/11\/26\/celebramos-la-semana-de-la-convivencia-por-conmemorar-el-25n\/\",\"url\":\"https:\/\/www.monlau.com\/eso-batxillerat\/es\/2021\/11\/26\/celebramos-la-semana-de-la-convivencia-por-conmemorar-el-25n\/\",\"name\":\"Celebramos la semana de la convivencia para conmemorar el 25N - Eso Batx\",\"isPartOf\":{\"@id\":\"https:\/\/www.monlau.com\/eso-batxillerat\/es\/#website\"},\"primaryImageOfPage\":{\"@id\":\"https:\/\/www.monlau.com\/eso-batxillerat\/es\/2021\/11\/26\/celebramos-la-semana-de-la-convivencia-por-conmemorar-el-25n\/#primaryimage\"},\"image\":{\"@id\":\"https:\/\/www.monlau.com\/eso-batxillerat\/es\/2021\/11\/26\/celebramos-la-semana-de-la-convivencia-por-conmemorar-el-25n\/#primaryimage\"},\"thumbnailUrl\":\"https:\/\/www.monlau.com\/app\/uploads\/sites\/2\/2026\/03\/polseres1ESO2.jpg\",\"datePublished\":\"2021-11-25T23:00:00+00:00\",\"dateModified\":\"2026-03-10T09:53:35+00:00\",\"breadcrumb\":{\"@id\":\"https:\/\/www.monlau.com\/eso-batxillerat\/es\/2021\/11\/26\/celebramos-la-semana-de-la-convivencia-por-conmemorar-el-25n\/#breadcrumb\"},\"inLanguage\":\"es\",\"potentialAction\":[{\"@type\":\"ReadAction\",\"target\":[\"https:\/\/www.monlau.com\/eso-batxillerat\/es\/2021\/11\/26\/celebramos-la-semana-de-la-convivencia-por-conmemorar-el-25n\/\"]}]},{\"@type\":\"ImageObject\",\"inLanguage\":\"es\",\"@id\":\"https:\/\/www.monlau.com\/eso-batxillerat\/es\/2021\/11\/26\/celebramos-la-semana-de-la-convivencia-por-conmemorar-el-25n\/#primaryimage\",\"url\":\"https:\/\/www.monlau.com\/app\/uploads\/sites\/2\/2026\/03\/polseres1ESO2.jpg\",\"contentUrl\":\"https:\/\/www.monlau.com\/app\/uploads\/sites\/2\/2026\/03\/polseres1ESO2.jpg\",\"width\":2016,\"height\":1512},{\"@type\":\"BreadcrumbList\",\"@id\":\"https:\/\/www.monlau.com\/eso-batxillerat\/es\/2021\/11\/26\/celebramos-la-semana-de-la-convivencia-por-conmemorar-el-25n\/#breadcrumb\",\"itemListElement\":[{\"@type\":\"ListItem\",\"position\":1,\"name\":\"Inici\",\"item\":\"https:\/\/www.monlau.com\/eso-batxillerat\/es\/\"},{\"@type\":\"ListItem\",\"position\":2,\"name\":\"Celebramos la semana de la convivencia para conmemorar el 25N\"}]},{\"@type\":\"WebSite\",\"@id\":\"https:\/\/www.monlau.com\/eso-batxillerat\/es\/#website\",\"url\":\"https:\/\/www.monlau.com\/eso-batxillerat\/es\/\",\"name\":\"Eso Batx\",\"description\":\"\",\"publisher\":{\"@id\":\"https:\/\/www.monlau.com\/eso-batxillerat\/es\/#organization\"},\"potentialAction\":[{\"@type\":\"SearchAction\",\"target\":{\"@type\":\"EntryPoint\",\"urlTemplate\":\"https:\/\/www.monlau.com\/eso-batxillerat\/es\/?s={search_term_string}\"},\"query-input\":{\"@type\":\"PropertyValueSpecification\",\"valueRequired\":true,\"valueName\":\"search_term_string\"}}],\"inLanguage\":\"es\"},{\"@type\":\"Organization\",\"@id\":\"https:\/\/www.monlau.com\/eso-batxillerat\/es\/#organization\",\"name\":\"Eso Batx\",\"url\":\"https:\/\/www.monlau.com\/eso-batxillerat\/es\/\",\"logo\":{\"@type\":\"ImageObject\",\"inLanguage\":\"es\",\"@id\":\"https:\/\/www.monlau.com\/eso-batxillerat\/es\/#\/schema\/logo\/image\/\",\"url\":\"https:\/\/www.monlau.com\/app\/uploads\/sites\/2\/2025\/12\/logomoneso.png\",\"contentUrl\":\"https:\/\/www.monlau.com\/app\/uploads\/sites\/2\/2025\/12\/logomoneso.png\",\"width\":160,\"height\":160,\"caption\":\"Eso Batx\"},\"image\":{\"@id\":\"https:\/\/www.monlau.com\/eso-batxillerat\/es\/#\/schema\/logo\/image\/\"}},{\"@type\":\"Person\",\"@id\":\"https:\/\/www.monlau.com\/eso-batxillerat\/es\/#\/schema\/person\/419cfdf054323e24e0a2ef1d8597f051\",\"name\":\"adsmurai\",\"image\":{\"@type\":\"ImageObject\",\"inLanguage\":\"es\",\"@id\":\"https:\/\/secure.gravatar.com\/avatar\/0748788578f91786454454fa3b4c295644edb991ad6caadc70b41d26790d38fc?s=96&d=mm&r=g\",\"url\":\"https:\/\/secure.gravatar.com\/avatar\/0748788578f91786454454fa3b4c295644edb991ad6caadc70b41d26790d38fc?s=96&d=mm&r=g\",\"contentUrl\":\"https:\/\/secure.gravatar.com\/avatar\/0748788578f91786454454fa3b4c295644edb991ad6caadc70b41d26790d38fc?s=96&d=mm&r=g\",\"caption\":\"adsmurai\"},\"sameAs\":[\"https:\/\/www.monlau.com\"],\"url\":\"https:\/\/www.monlau.com\/eso-batxillerat\/es\/author\/adsmurai\/\"}]}<\/script>\n<!-- \/ Yoast SEO plugin. -->","yoast_head_json":{"title":"Celebramos la semana de la convivencia para conmemorar el 25N - Eso Batx","robots":{"index":"index","follow":"follow","max-snippet":"max-snippet:-1","max-image-preview":"max-image-preview:large","max-video-preview":"max-video-preview:-1"},"canonical":"https:\/\/www.monlau.com\/eso-batxillerat\/es\/2021\/11\/26\/celebramos-la-semana-de-la-convivencia-por-conmemorar-el-25n\/","og_locale":"es_ES","og_type":"article","og_title":"Celebramos la semana de la convivencia para conmemorar el 25N - Eso Batx","og_description":"En conmemoraci\u00f3n al 25 de noviembre, D\u00eda Internacional de la Eliminaci\u00f3n de la Violencia contra las Mujeres, des de Monlau hemos hecho la semana de la convivencia, donde los diferentes grupos de ESO han participado en una serie de actividades durante toda la semana, para luchar y tener m\u00e1s conciencia sobre este hecho. Las actividades [&hellip;]","og_url":"https:\/\/www.monlau.com\/eso-batxillerat\/es\/2021\/11\/26\/celebramos-la-semana-de-la-convivencia-por-conmemorar-el-25n\/","og_site_name":"Eso Batx","article_published_time":"2021-11-25T23:00:00+00:00","article_modified_time":"2026-03-10T09:53:35+00:00","og_image":[{"width":2016,"height":1512,"url":"https:\/\/www.monlau.com\/app\/uploads\/sites\/2\/2026\/03\/polseres1ESO2.jpg","type":"image\/jpeg"}],"author":"adsmurai","twitter_card":"summary_large_image","twitter_misc":{"Escrito por":"adsmurai","Tiempo de lectura":"3 minutos"},"schema":{"@context":"https:\/\/schema.org","@graph":[{"@type":"Article","@id":"https:\/\/www.monlau.com\/eso-batxillerat\/es\/2021\/11\/26\/celebramos-la-semana-de-la-convivencia-por-conmemorar-el-25n\/#article","isPartOf":{"@id":"https:\/\/www.monlau.com\/eso-batxillerat\/es\/2021\/11\/26\/celebramos-la-semana-de-la-convivencia-por-conmemorar-el-25n\/"},"author":{"name":"adsmurai","@id":"https:\/\/www.monlau.com\/eso-batxillerat\/es\/#\/schema\/person\/419cfdf054323e24e0a2ef1d8597f051"},"headline":"Celebramos la semana de la convivencia para conmemorar el 25N","datePublished":"2021-11-25T23:00:00+00:00","dateModified":"2026-03-10T09:53:35+00:00","mainEntityOfPage":{"@id":"https:\/\/www.monlau.com\/eso-batxillerat\/es\/2021\/11\/26\/celebramos-la-semana-de-la-convivencia-por-conmemorar-el-25n\/"},"wordCount":588,"publisher":{"@id":"https:\/\/www.monlau.com\/eso-batxillerat\/es\/#organization"},"image":{"@id":"https:\/\/www.monlau.com\/eso-batxillerat\/es\/2021\/11\/26\/celebramos-la-semana-de-la-convivencia-por-conmemorar-el-25n\/#primaryimage"},"thumbnailUrl":"https:\/\/www.monlau.com\/app\/uploads\/sites\/2\/2026\/03\/polseres1ESO2.jpg","keywords":["25Noviembre","ESO","Igualdad de g\u00e9nero","lucha","Monlau","Violencia machista"],"articleSection":["ESO"],"inLanguage":"es"},{"@type":"WebPage","@id":"https:\/\/www.monlau.com\/eso-batxillerat\/es\/2021\/11\/26\/celebramos-la-semana-de-la-convivencia-por-conmemorar-el-25n\/","url":"https:\/\/www.monlau.com\/eso-batxillerat\/es\/2021\/11\/26\/celebramos-la-semana-de-la-convivencia-por-conmemorar-el-25n\/","name":"Celebramos la semana de la convivencia para conmemorar el 25N - Eso Batx","isPartOf":{"@id":"https:\/\/www.monlau.com\/eso-batxillerat\/es\/#website"},"primaryImageOfPage":{"@id":"https:\/\/www.monlau.com\/eso-batxillerat\/es\/2021\/11\/26\/celebramos-la-semana-de-la-convivencia-por-conmemorar-el-25n\/#primaryimage"},"image":{"@id":"https:\/\/www.monlau.com\/eso-batxillerat\/es\/2021\/11\/26\/celebramos-la-semana-de-la-convivencia-por-conmemorar-el-25n\/#primaryimage"},"thumbnailUrl":"https:\/\/www.monlau.com\/app\/uploads\/sites\/2\/2026\/03\/polseres1ESO2.jpg","datePublished":"2021-11-25T23:00:00+00:00","dateModified":"2026-03-10T09:53:35+00:00","breadcrumb":{"@id":"https:\/\/www.monlau.com\/eso-batxillerat\/es\/2021\/11\/26\/celebramos-la-semana-de-la-convivencia-por-conmemorar-el-25n\/#breadcrumb"},"inLanguage":"es","potentialAction":[{"@type":"ReadAction","target":["https:\/\/www.monlau.com\/eso-batxillerat\/es\/2021\/11\/26\/celebramos-la-semana-de-la-convivencia-por-conmemorar-el-25n\/"]}]},{"@type":"ImageObject","inLanguage":"es","@id":"https:\/\/www.monlau.com\/eso-batxillerat\/es\/2021\/11\/26\/celebramos-la-semana-de-la-convivencia-por-conmemorar-el-25n\/#primaryimage","url":"https:\/\/www.monlau.com\/app\/uploads\/sites\/2\/2026\/03\/polseres1ESO2.jpg","contentUrl":"https:\/\/www.monlau.com\/app\/uploads\/sites\/2\/2026\/03\/polseres1ESO2.jpg","width":2016,"height":1512},{"@type":"BreadcrumbList","@id":"https:\/\/www.monlau.com\/eso-batxillerat\/es\/2021\/11\/26\/celebramos-la-semana-de-la-convivencia-por-conmemorar-el-25n\/#breadcrumb","itemListElement":[{"@type":"ListItem","position":1,"name":"Inici","item":"https:\/\/www.monlau.com\/eso-batxillerat\/es\/"},{"@type":"ListItem","position":2,"name":"Celebramos la semana de la convivencia para conmemorar el 25N"}]},{"@type":"WebSite","@id":"https:\/\/www.monlau.com\/eso-batxillerat\/es\/#website","url":"https:\/\/www.monlau.com\/eso-batxillerat\/es\/","name":"Eso Batx","description":"","publisher":{"@id":"https:\/\/www.monlau.com\/eso-batxillerat\/es\/#organization"},"potentialAction":[{"@type":"SearchAction","target":{"@type":"EntryPoint","urlTemplate":"https:\/\/www.monlau.com\/eso-batxillerat\/es\/?s={search_term_string}"},"query-input":{"@type":"PropertyValueSpecification","valueRequired":true,"valueName":"search_term_string"}}],"inLanguage":"es"},{"@type":"Organization","@id":"https:\/\/www.monlau.com\/eso-batxillerat\/es\/#organization","name":"Eso Batx","url":"https:\/\/www.monlau.com\/eso-batxillerat\/es\/","logo":{"@type":"ImageObject","inLanguage":"es","@id":"https:\/\/www.monlau.com\/eso-batxillerat\/es\/#\/schema\/logo\/image\/","url":"https:\/\/www.monlau.com\/app\/uploads\/sites\/2\/2025\/12\/logomoneso.png","contentUrl":"https:\/\/www.monlau.com\/app\/uploads\/sites\/2\/2025\/12\/logomoneso.png","width":160,"height":160,"caption":"Eso Batx"},"image":{"@id":"https:\/\/www.monlau.com\/eso-batxillerat\/es\/#\/schema\/logo\/image\/"}},{"@type":"Person","@id":"https:\/\/www.monlau.com\/eso-batxillerat\/es\/#\/schema\/person\/419cfdf054323e24e0a2ef1d8597f051","name":"adsmurai","image":{"@type":"ImageObject","inLanguage":"es","@id":"https:\/\/secure.gravatar.com\/avatar\/0748788578f91786454454fa3b4c295644edb991ad6caadc70b41d26790d38fc?s=96&d=mm&r=g","url":"https:\/\/secure.gravatar.com\/avatar\/0748788578f91786454454fa3b4c295644edb991ad6caadc70b41d26790d38fc?s=96&d=mm&r=g","contentUrl":"https:\/\/secure.gravatar.com\/avatar\/0748788578f91786454454fa3b4c295644edb991ad6caadc70b41d26790d38fc?s=96&d=mm&r=g","caption":"adsmurai"},"sameAs":["https:\/\/www.monlau.com"],"url":"https:\/\/www.monlau.com\/eso-batxillerat\/es\/author\/adsmurai\/"}]}},"_links":{"self":[{"href":"https:\/\/www.monlau.com\/eso-batxillerat\/es\/wp-json\/wp\/v2\/posts\/1135","targetHints":{"allow":["GET"]}}],"collection":[{"href":"https:\/\/www.monlau.com\/eso-batxillerat\/es\/wp-json\/wp\/v2\/posts"}],"about":[{"href":"https:\/\/www.monlau.com\/eso-batxillerat\/es\/wp-json\/wp\/v2\/types\/post"}],"author":[{"embeddable":true,"href":"https:\/\/www.monlau.com\/eso-batxillerat\/es\/wp-json\/wp\/v2\/users\/1"}],"replies":[{"embeddable":true,"href":"https:\/\/www.monlau.com\/eso-batxillerat\/es\/wp-json\/wp\/v2\/comments?post=1135"}],"version-history":[{"count":1,"href":"https:\/\/www.monlau.com\/eso-batxillerat\/es\/wp-json\/wp\/v2\/posts\/1135\/revisions"}],"predecessor-version":[{"id":1535,"href":"https:\/\/www.monlau.com\/eso-batxillerat\/es\/wp-json\/wp\/v2\/posts\/1135\/revisions\/1535"}],"wp:featuredmedia":[{"embeddable":true,"href":"https:\/\/www.monlau.com\/eso-batxillerat\/es\/wp-json\/wp\/v2\/media\/1136"}],"wp:attachment":[{"href":"https:\/\/www.monlau.com\/eso-batxillerat\/es\/wp-json\/wp\/v2\/media?parent=1135"}],"wp:term":[{"taxonomy":"category","embeddable":true,"href":"https:\/\/www.monlau.com\/eso-batxillerat\/es\/wp-json\/wp\/v2\/categories?post=1135"},{"taxonomy":"post_tag","embeddable":true,"href":"https:\/\/www.monlau.com\/eso-batxillerat\/es\/wp-json\/wp\/v2\/tags?post=1135"}],"curies":[{"name":"wp","href":"https:\/\/api.w.org\/{rel}","templated":true}]}}