{"id":1130,"date":"2021-06-17T00:00:00","date_gmt":"2021-06-16T22:00:00","guid":{"rendered":"https:\/\/www.monlau.com\/eso-batxillerat\/taller-en-colaboracion-del-museo-de-matematicas-de-cataluna\/"},"modified":"2026-03-10T10:53:35","modified_gmt":"2026-03-10T09:53:35","slug":"taller-en-colaboracion-del-museo-de-matematicas-de-cataluna","status":"publish","type":"post","link":"https:\/\/www.monlau.com\/eso-batxillerat\/es\/2021\/06\/17\/taller-en-colaboracion-del-museo-de-matematicas-de-cataluna\/","title":{"rendered":"Taller en colaboraci\u00f3n del Museo de Matem\u00e1ticas de Catalu\u00f1a"},"content":{"rendered":"<p><strong>El pasado 27 de mayo el alumnado de 2.\u00ba, 3.\u00ba y 4.\u00ba<\/strong> particip\u00f3 en una serie de actividades propuestas por el Museo de Matem\u00e1ticas de Catalu\u00f1a (MMACA). Este a\u00f1o por la situaci\u00f3n de pandemia no hemos podido visitar el museo, pero si pedir que nos visiten en la escuela.<\/p>\n<p><strong>El alumnado de 2.\u00ba de ESO<\/strong> particip\u00f3 en la exposici\u00f3n m\u00f3vil del museo, que es muy manipulativa y consist\u00eda a resolver diferentes retos matem\u00e1ticos.<strong> Los contenidos que se trabajaban con esta exposici\u00f3n son: comprensi\u00f3n de los n\u00fameros, cantidad, representaci\u00f3n, ordenaci\u00f3n, etc,<\/strong> c\u00e1lculo mental elemental, clasificaci\u00f3n de formas geom\u00e9tricas y su situaci\u00f3n en el plan, tangram reducido, rascacielos, etc y comunicaci\u00f3n verbal de las situaciones entre compa\u00f1eros.<\/p>\n<p><strong>El alumnado de 3.\u00ba y 4.\u00ba<\/strong> realiz\u00f3 un taller de magia. La magia despierta la curiosidad y la curiosidad es el camino m\u00e1s directo para la motivaci\u00f3n interna del aprendizaje. As\u00ed pues, en este taller el alumnado vio como aplicar la magia como recurso para aprender conceptos matem\u00e1ticos. Se presentaron un par de juegos de magia y despu\u00e9s se vio su explicaci\u00f3n y relaci\u00f3n con las matem\u00e1ticas. <strong>Con este taller se buscaba potenciar mucho la contextualizaci\u00f3n de las matem\u00e1ticas, el lenguaje no verbal y la creatividad.<\/strong><\/p>\n","protected":false},"excerpt":{"rendered":"<p>El pasado 27 de mayo el alumnado de 2.\u00ba, 3.\u00ba y 4.\u00ba particip\u00f3 en una serie de actividades propuestas por el Museo de Matem\u00e1ticas de Catalu\u00f1a (MMACA). Este a\u00f1o por la situaci\u00f3n de pandemia no hemos podido visitar el museo, pero si pedir que nos visiten en la escuela. El alumnado de 2.\u00ba de ESO [&hellip;]<\/p>\n","protected":false},"author":1,"featured_media":1131,"comment_status":"closed","ping_status":"closed","sticky":false,"template":"","format":"standard","meta":{"footnotes":""},"categories":[20],"tags":[],"class_list":["post-1130","post","type-post","status-publish","format-standard","has-post-thumbnail","hentry","category-eso"],"yoast_head":"<!-- This site is optimized with the Yoast SEO plugin v27.2 - https:\/\/yoast.com\/product\/yoast-seo-wordpress\/ -->\n<title>Taller en colaboraci\u00f3n del Museo de Matem\u00e1ticas de Catalu\u00f1a - Eso Batx<\/title>\n<meta name=\"robots\" content=\"index, follow, max-snippet:-1, max-image-preview:large, max-video-preview:-1\" \/>\n<link rel=\"canonical\" href=\"https:\/\/www.monlau.com\/eso-batxillerat\/es\/2021\/06\/17\/taller-en-colaboracion-del-museo-de-matematicas-de-cataluna\/\" \/>\n<meta property=\"og:locale\" content=\"es_ES\" \/>\n<meta property=\"og:type\" content=\"article\" \/>\n<meta property=\"og:title\" content=\"Taller en colaboraci\u00f3n del Museo de Matem\u00e1ticas de Catalu\u00f1a - Eso Batx\" \/>\n<meta property=\"og:description\" content=\"El pasado 27 de mayo el alumnado de 2.\u00ba, 3.\u00ba y 4.\u00ba particip\u00f3 en una serie de actividades propuestas por el Museo de Matem\u00e1ticas de Catalu\u00f1a (MMACA). Este a\u00f1o por la situaci\u00f3n de pandemia no hemos podido visitar el museo, pero si pedir que nos visiten en la escuela. El alumnado de 2.\u00ba de ESO [&hellip;]\" \/>\n<meta property=\"og:url\" content=\"https:\/\/www.monlau.com\/eso-batxillerat\/es\/2021\/06\/17\/taller-en-colaboracion-del-museo-de-matematicas-de-cataluna\/\" \/>\n<meta property=\"og:site_name\" content=\"Eso Batx\" \/>\n<meta property=\"article:published_time\" content=\"2021-06-16T22:00:00+00:00\" \/>\n<meta property=\"article:modified_time\" content=\"2026-03-10T09:53:35+00:00\" \/>\n<meta property=\"og:image\" content=\"https:\/\/www.monlau.com\/app\/uploads\/sites\/2\/2026\/03\/taller-mates-cast.png\" \/>\n\t<meta property=\"og:image:width\" content=\"1080\" \/>\n\t<meta property=\"og:image:height\" content=\"610\" \/>\n\t<meta property=\"og:image:type\" content=\"image\/png\" \/>\n<meta name=\"author\" content=\"adsmurai\" \/>\n<meta name=\"twitter:card\" content=\"summary_large_image\" \/>\n<meta name=\"twitter:label1\" content=\"Escrito por\" \/>\n\t<meta name=\"twitter:data1\" content=\"adsmurai\" \/>\n\t<meta name=\"twitter:label2\" content=\"Tiempo de lectura\" \/>\n\t<meta name=\"twitter:data2\" content=\"1 minuto\" \/>\n<script type=\"application\/ld+json\" class=\"yoast-schema-graph\">{\"@context\":\"https:\/\/schema.org\",\"@graph\":[{\"@type\":\"Article\",\"@id\":\"https:\/\/www.monlau.com\/eso-batxillerat\/es\/2021\/06\/17\/taller-en-colaboracion-del-museo-de-matematicas-de-cataluna\/#article\",\"isPartOf\":{\"@id\":\"https:\/\/www.monlau.com\/eso-batxillerat\/es\/2021\/06\/17\/taller-en-colaboracion-del-museo-de-matematicas-de-cataluna\/\"},\"author\":{\"name\":\"adsmurai\",\"@id\":\"https:\/\/www.monlau.com\/eso-batxillerat\/es\/#\/schema\/person\/419cfdf054323e24e0a2ef1d8597f051\"},\"headline\":\"Taller en colaboraci\u00f3n del Museo de Matem\u00e1ticas de Catalu\u00f1a\",\"datePublished\":\"2021-06-16T22:00:00+00:00\",\"dateModified\":\"2026-03-10T09:53:35+00:00\",\"mainEntityOfPage\":{\"@id\":\"https:\/\/www.monlau.com\/eso-batxillerat\/es\/2021\/06\/17\/taller-en-colaboracion-del-museo-de-matematicas-de-cataluna\/\"},\"wordCount\":234,\"publisher\":{\"@id\":\"https:\/\/www.monlau.com\/eso-batxillerat\/es\/#organization\"},\"image\":{\"@id\":\"https:\/\/www.monlau.com\/eso-batxillerat\/es\/2021\/06\/17\/taller-en-colaboracion-del-museo-de-matematicas-de-cataluna\/#primaryimage\"},\"thumbnailUrl\":\"https:\/\/www.monlau.com\/app\/uploads\/sites\/2\/2026\/03\/taller-mates-cast.png\",\"articleSection\":[\"ESO\"],\"inLanguage\":\"es\"},{\"@type\":\"WebPage\",\"@id\":\"https:\/\/www.monlau.com\/eso-batxillerat\/es\/2021\/06\/17\/taller-en-colaboracion-del-museo-de-matematicas-de-cataluna\/\",\"url\":\"https:\/\/www.monlau.com\/eso-batxillerat\/es\/2021\/06\/17\/taller-en-colaboracion-del-museo-de-matematicas-de-cataluna\/\",\"name\":\"Taller en colaboraci\u00f3n del Museo de Matem\u00e1ticas de Catalu\u00f1a - Eso Batx\",\"isPartOf\":{\"@id\":\"https:\/\/www.monlau.com\/eso-batxillerat\/es\/#website\"},\"primaryImageOfPage\":{\"@id\":\"https:\/\/www.monlau.com\/eso-batxillerat\/es\/2021\/06\/17\/taller-en-colaboracion-del-museo-de-matematicas-de-cataluna\/#primaryimage\"},\"image\":{\"@id\":\"https:\/\/www.monlau.com\/eso-batxillerat\/es\/2021\/06\/17\/taller-en-colaboracion-del-museo-de-matematicas-de-cataluna\/#primaryimage\"},\"thumbnailUrl\":\"https:\/\/www.monlau.com\/app\/uploads\/sites\/2\/2026\/03\/taller-mates-cast.png\",\"datePublished\":\"2021-06-16T22:00:00+00:00\",\"dateModified\":\"2026-03-10T09:53:35+00:00\",\"breadcrumb\":{\"@id\":\"https:\/\/www.monlau.com\/eso-batxillerat\/es\/2021\/06\/17\/taller-en-colaboracion-del-museo-de-matematicas-de-cataluna\/#breadcrumb\"},\"inLanguage\":\"es\",\"potentialAction\":[{\"@type\":\"ReadAction\",\"target\":[\"https:\/\/www.monlau.com\/eso-batxillerat\/es\/2021\/06\/17\/taller-en-colaboracion-del-museo-de-matematicas-de-cataluna\/\"]}]},{\"@type\":\"ImageObject\",\"inLanguage\":\"es\",\"@id\":\"https:\/\/www.monlau.com\/eso-batxillerat\/es\/2021\/06\/17\/taller-en-colaboracion-del-museo-de-matematicas-de-cataluna\/#primaryimage\",\"url\":\"https:\/\/www.monlau.com\/app\/uploads\/sites\/2\/2026\/03\/taller-mates-cast.png\",\"contentUrl\":\"https:\/\/www.monlau.com\/app\/uploads\/sites\/2\/2026\/03\/taller-mates-cast.png\",\"width\":1080,\"height\":610},{\"@type\":\"BreadcrumbList\",\"@id\":\"https:\/\/www.monlau.com\/eso-batxillerat\/es\/2021\/06\/17\/taller-en-colaboracion-del-museo-de-matematicas-de-cataluna\/#breadcrumb\",\"itemListElement\":[{\"@type\":\"ListItem\",\"position\":1,\"name\":\"Inici\",\"item\":\"https:\/\/www.monlau.com\/eso-batxillerat\/es\/\"},{\"@type\":\"ListItem\",\"position\":2,\"name\":\"Taller en colaboraci\u00f3n del Museo de Matem\u00e1ticas de Catalu\u00f1a\"}]},{\"@type\":\"WebSite\",\"@id\":\"https:\/\/www.monlau.com\/eso-batxillerat\/es\/#website\",\"url\":\"https:\/\/www.monlau.com\/eso-batxillerat\/es\/\",\"name\":\"Eso Batx\",\"description\":\"\",\"publisher\":{\"@id\":\"https:\/\/www.monlau.com\/eso-batxillerat\/es\/#organization\"},\"potentialAction\":[{\"@type\":\"SearchAction\",\"target\":{\"@type\":\"EntryPoint\",\"urlTemplate\":\"https:\/\/www.monlau.com\/eso-batxillerat\/es\/?s={search_term_string}\"},\"query-input\":{\"@type\":\"PropertyValueSpecification\",\"valueRequired\":true,\"valueName\":\"search_term_string\"}}],\"inLanguage\":\"es\"},{\"@type\":\"Organization\",\"@id\":\"https:\/\/www.monlau.com\/eso-batxillerat\/es\/#organization\",\"name\":\"Eso Batx\",\"url\":\"https:\/\/www.monlau.com\/eso-batxillerat\/es\/\",\"logo\":{\"@type\":\"ImageObject\",\"inLanguage\":\"es\",\"@id\":\"https:\/\/www.monlau.com\/eso-batxillerat\/es\/#\/schema\/logo\/image\/\",\"url\":\"https:\/\/www.monlau.com\/app\/uploads\/sites\/2\/2025\/12\/logomoneso.png\",\"contentUrl\":\"https:\/\/www.monlau.com\/app\/uploads\/sites\/2\/2025\/12\/logomoneso.png\",\"width\":160,\"height\":160,\"caption\":\"Eso Batx\"},\"image\":{\"@id\":\"https:\/\/www.monlau.com\/eso-batxillerat\/es\/#\/schema\/logo\/image\/\"}},{\"@type\":\"Person\",\"@id\":\"https:\/\/www.monlau.com\/eso-batxillerat\/es\/#\/schema\/person\/419cfdf054323e24e0a2ef1d8597f051\",\"name\":\"adsmurai\",\"image\":{\"@type\":\"ImageObject\",\"inLanguage\":\"es\",\"@id\":\"https:\/\/secure.gravatar.com\/avatar\/0748788578f91786454454fa3b4c295644edb991ad6caadc70b41d26790d38fc?s=96&d=mm&r=g\",\"url\":\"https:\/\/secure.gravatar.com\/avatar\/0748788578f91786454454fa3b4c295644edb991ad6caadc70b41d26790d38fc?s=96&d=mm&r=g\",\"contentUrl\":\"https:\/\/secure.gravatar.com\/avatar\/0748788578f91786454454fa3b4c295644edb991ad6caadc70b41d26790d38fc?s=96&d=mm&r=g\",\"caption\":\"adsmurai\"},\"sameAs\":[\"https:\/\/www.monlau.com\"],\"url\":\"https:\/\/www.monlau.com\/eso-batxillerat\/es\/author\/adsmurai\/\"}]}<\/script>\n<!-- \/ Yoast SEO plugin. -->","yoast_head_json":{"title":"Taller en colaboraci\u00f3n del Museo de Matem\u00e1ticas de Catalu\u00f1a - Eso Batx","robots":{"index":"index","follow":"follow","max-snippet":"max-snippet:-1","max-image-preview":"max-image-preview:large","max-video-preview":"max-video-preview:-1"},"canonical":"https:\/\/www.monlau.com\/eso-batxillerat\/es\/2021\/06\/17\/taller-en-colaboracion-del-museo-de-matematicas-de-cataluna\/","og_locale":"es_ES","og_type":"article","og_title":"Taller en colaboraci\u00f3n del Museo de Matem\u00e1ticas de Catalu\u00f1a - Eso Batx","og_description":"El pasado 27 de mayo el alumnado de 2.\u00ba, 3.\u00ba y 4.\u00ba particip\u00f3 en una serie de actividades propuestas por el Museo de Matem\u00e1ticas de Catalu\u00f1a (MMACA). Este a\u00f1o por la situaci\u00f3n de pandemia no hemos podido visitar el museo, pero si pedir que nos visiten en la escuela. El alumnado de 2.\u00ba de ESO [&hellip;]","og_url":"https:\/\/www.monlau.com\/eso-batxillerat\/es\/2021\/06\/17\/taller-en-colaboracion-del-museo-de-matematicas-de-cataluna\/","og_site_name":"Eso Batx","article_published_time":"2021-06-16T22:00:00+00:00","article_modified_time":"2026-03-10T09:53:35+00:00","og_image":[{"width":1080,"height":610,"url":"https:\/\/www.monlau.com\/app\/uploads\/sites\/2\/2026\/03\/taller-mates-cast.png","type":"image\/png"}],"author":"adsmurai","twitter_card":"summary_large_image","twitter_misc":{"Escrito por":"adsmurai","Tiempo de lectura":"1 minuto"},"schema":{"@context":"https:\/\/schema.org","@graph":[{"@type":"Article","@id":"https:\/\/www.monlau.com\/eso-batxillerat\/es\/2021\/06\/17\/taller-en-colaboracion-del-museo-de-matematicas-de-cataluna\/#article","isPartOf":{"@id":"https:\/\/www.monlau.com\/eso-batxillerat\/es\/2021\/06\/17\/taller-en-colaboracion-del-museo-de-matematicas-de-cataluna\/"},"author":{"name":"adsmurai","@id":"https:\/\/www.monlau.com\/eso-batxillerat\/es\/#\/schema\/person\/419cfdf054323e24e0a2ef1d8597f051"},"headline":"Taller en colaboraci\u00f3n del Museo de Matem\u00e1ticas de Catalu\u00f1a","datePublished":"2021-06-16T22:00:00+00:00","dateModified":"2026-03-10T09:53:35+00:00","mainEntityOfPage":{"@id":"https:\/\/www.monlau.com\/eso-batxillerat\/es\/2021\/06\/17\/taller-en-colaboracion-del-museo-de-matematicas-de-cataluna\/"},"wordCount":234,"publisher":{"@id":"https:\/\/www.monlau.com\/eso-batxillerat\/es\/#organization"},"image":{"@id":"https:\/\/www.monlau.com\/eso-batxillerat\/es\/2021\/06\/17\/taller-en-colaboracion-del-museo-de-matematicas-de-cataluna\/#primaryimage"},"thumbnailUrl":"https:\/\/www.monlau.com\/app\/uploads\/sites\/2\/2026\/03\/taller-mates-cast.png","articleSection":["ESO"],"inLanguage":"es"},{"@type":"WebPage","@id":"https:\/\/www.monlau.com\/eso-batxillerat\/es\/2021\/06\/17\/taller-en-colaboracion-del-museo-de-matematicas-de-cataluna\/","url":"https:\/\/www.monlau.com\/eso-batxillerat\/es\/2021\/06\/17\/taller-en-colaboracion-del-museo-de-matematicas-de-cataluna\/","name":"Taller en colaboraci\u00f3n del Museo de Matem\u00e1ticas de Catalu\u00f1a - Eso Batx","isPartOf":{"@id":"https:\/\/www.monlau.com\/eso-batxillerat\/es\/#website"},"primaryImageOfPage":{"@id":"https:\/\/www.monlau.com\/eso-batxillerat\/es\/2021\/06\/17\/taller-en-colaboracion-del-museo-de-matematicas-de-cataluna\/#primaryimage"},"image":{"@id":"https:\/\/www.monlau.com\/eso-batxillerat\/es\/2021\/06\/17\/taller-en-colaboracion-del-museo-de-matematicas-de-cataluna\/#primaryimage"},"thumbnailUrl":"https:\/\/www.monlau.com\/app\/uploads\/sites\/2\/2026\/03\/taller-mates-cast.png","datePublished":"2021-06-16T22:00:00+00:00","dateModified":"2026-03-10T09:53:35+00:00","breadcrumb":{"@id":"https:\/\/www.monlau.com\/eso-batxillerat\/es\/2021\/06\/17\/taller-en-colaboracion-del-museo-de-matematicas-de-cataluna\/#breadcrumb"},"inLanguage":"es","potentialAction":[{"@type":"ReadAction","target":["https:\/\/www.monlau.com\/eso-batxillerat\/es\/2021\/06\/17\/taller-en-colaboracion-del-museo-de-matematicas-de-cataluna\/"]}]},{"@type":"ImageObject","inLanguage":"es","@id":"https:\/\/www.monlau.com\/eso-batxillerat\/es\/2021\/06\/17\/taller-en-colaboracion-del-museo-de-matematicas-de-cataluna\/#primaryimage","url":"https:\/\/www.monlau.com\/app\/uploads\/sites\/2\/2026\/03\/taller-mates-cast.png","contentUrl":"https:\/\/www.monlau.com\/app\/uploads\/sites\/2\/2026\/03\/taller-mates-cast.png","width":1080,"height":610},{"@type":"BreadcrumbList","@id":"https:\/\/www.monlau.com\/eso-batxillerat\/es\/2021\/06\/17\/taller-en-colaboracion-del-museo-de-matematicas-de-cataluna\/#breadcrumb","itemListElement":[{"@type":"ListItem","position":1,"name":"Inici","item":"https:\/\/www.monlau.com\/eso-batxillerat\/es\/"},{"@type":"ListItem","position":2,"name":"Taller en colaboraci\u00f3n del Museo de Matem\u00e1ticas de Catalu\u00f1a"}]},{"@type":"WebSite","@id":"https:\/\/www.monlau.com\/eso-batxillerat\/es\/#website","url":"https:\/\/www.monlau.com\/eso-batxillerat\/es\/","name":"Eso Batx","description":"","publisher":{"@id":"https:\/\/www.monlau.com\/eso-batxillerat\/es\/#organization"},"potentialAction":[{"@type":"SearchAction","target":{"@type":"EntryPoint","urlTemplate":"https:\/\/www.monlau.com\/eso-batxillerat\/es\/?s={search_term_string}"},"query-input":{"@type":"PropertyValueSpecification","valueRequired":true,"valueName":"search_term_string"}}],"inLanguage":"es"},{"@type":"Organization","@id":"https:\/\/www.monlau.com\/eso-batxillerat\/es\/#organization","name":"Eso Batx","url":"https:\/\/www.monlau.com\/eso-batxillerat\/es\/","logo":{"@type":"ImageObject","inLanguage":"es","@id":"https:\/\/www.monlau.com\/eso-batxillerat\/es\/#\/schema\/logo\/image\/","url":"https:\/\/www.monlau.com\/app\/uploads\/sites\/2\/2025\/12\/logomoneso.png","contentUrl":"https:\/\/www.monlau.com\/app\/uploads\/sites\/2\/2025\/12\/logomoneso.png","width":160,"height":160,"caption":"Eso Batx"},"image":{"@id":"https:\/\/www.monlau.com\/eso-batxillerat\/es\/#\/schema\/logo\/image\/"}},{"@type":"Person","@id":"https:\/\/www.monlau.com\/eso-batxillerat\/es\/#\/schema\/person\/419cfdf054323e24e0a2ef1d8597f051","name":"adsmurai","image":{"@type":"ImageObject","inLanguage":"es","@id":"https:\/\/secure.gravatar.com\/avatar\/0748788578f91786454454fa3b4c295644edb991ad6caadc70b41d26790d38fc?s=96&d=mm&r=g","url":"https:\/\/secure.gravatar.com\/avatar\/0748788578f91786454454fa3b4c295644edb991ad6caadc70b41d26790d38fc?s=96&d=mm&r=g","contentUrl":"https:\/\/secure.gravatar.com\/avatar\/0748788578f91786454454fa3b4c295644edb991ad6caadc70b41d26790d38fc?s=96&d=mm&r=g","caption":"adsmurai"},"sameAs":["https:\/\/www.monlau.com"],"url":"https:\/\/www.monlau.com\/eso-batxillerat\/es\/author\/adsmurai\/"}]}},"_links":{"self":[{"href":"https:\/\/www.monlau.com\/eso-batxillerat\/es\/wp-json\/wp\/v2\/posts\/1130","targetHints":{"allow":["GET"]}}],"collection":[{"href":"https:\/\/www.monlau.com\/eso-batxillerat\/es\/wp-json\/wp\/v2\/posts"}],"about":[{"href":"https:\/\/www.monlau.com\/eso-batxillerat\/es\/wp-json\/wp\/v2\/types\/post"}],"author":[{"embeddable":true,"href":"https:\/\/www.monlau.com\/eso-batxillerat\/es\/wp-json\/wp\/v2\/users\/1"}],"replies":[{"embeddable":true,"href":"https:\/\/www.monlau.com\/eso-batxillerat\/es\/wp-json\/wp\/v2\/comments?post=1130"}],"version-history":[{"count":1,"href":"https:\/\/www.monlau.com\/eso-batxillerat\/es\/wp-json\/wp\/v2\/posts\/1130\/revisions"}],"predecessor-version":[{"id":1539,"href":"https:\/\/www.monlau.com\/eso-batxillerat\/es\/wp-json\/wp\/v2\/posts\/1130\/revisions\/1539"}],"wp:featuredmedia":[{"embeddable":true,"href":"https:\/\/www.monlau.com\/eso-batxillerat\/es\/wp-json\/wp\/v2\/media\/1131"}],"wp:attachment":[{"href":"https:\/\/www.monlau.com\/eso-batxillerat\/es\/wp-json\/wp\/v2\/media?parent=1130"}],"wp:term":[{"taxonomy":"category","embeddable":true,"href":"https:\/\/www.monlau.com\/eso-batxillerat\/es\/wp-json\/wp\/v2\/categories?post=1130"},{"taxonomy":"post_tag","embeddable":true,"href":"https:\/\/www.monlau.com\/eso-batxillerat\/es\/wp-json\/wp\/v2\/tags?post=1130"}],"curies":[{"name":"wp","href":"https:\/\/api.w.org\/{rel}","templated":true}]}}