{"id":1106,"date":"2021-05-20T00:00:00","date_gmt":"2021-05-19T22:00:00","guid":{"rendered":"https:\/\/www.monlau.com\/eso-batxillerat\/recuperamos-la-fiesta-de-san-jordi-en-monlau-este-2021\/"},"modified":"2026-03-10T10:53:35","modified_gmt":"2026-03-10T09:53:35","slug":"recuperamos-la-fiesta-de-san-jordi-en-monlau-este-2021","status":"publish","type":"post","link":"https:\/\/www.monlau.com\/eso-batxillerat\/es\/2021\/05\/20\/recuperamos-la-fiesta-de-san-jordi-en-monlau-este-2021\/","title":{"rendered":"Recuperamos la fiesta de San Jordi en Monlau este 2021"},"content":{"rendered":"<p>Para nosotros la fiesta de San Jordi siempre ha sido un d\u00eda muy especial,<strong> donde celebrar el d\u00eda del libro y la feria de las rosas que son s\u00edmbolos de amor y de cultura.<\/strong> Todos conocemos la leyenda en la cual el caballero San Jordi derrota al drag\u00f3n y de la sangre de este nace un rosal. Leyenda que ha sido representada en obras de teatro, libros, dibujos&#8230;<\/p>\n<p>Desgraciadamente el a\u00f1o pasado no pudimos realizar esta celebraci\u00f3n tan especial de manera presencial,<strong> pero aun as\u00ed realizamos acciones con nuestros alumnos desde casa, como por ejemplo el #SantJordiChallenge<\/strong> <strong>donde alumnos, profesores y familiares pod\u00edan recomendar su libro favorito.<\/strong> De este modo, pudimos conocer muchos libros nuevos y pasar un confinamiento m\u00e1s divertido.<\/p>\n<p>Por suerte este a\u00f1o hemos tenido la oportunidad de celebrarlo presencialmente, por supuesto con todas las medidas de seguridad implantadas en nuestro centro Monlau La Sagrera.<\/p>\n<p><strong>Nuestros alumnos, como cada a\u00f1o, concursaron con sus relatos literarios al concurso de San Jordi<\/strong> y el mismo d\u00eda 23 realizamos la entrega de premios a los ganadores, donde hab\u00eda diferentes categor\u00edas: catal\u00e1n, castellano e ingl\u00e9s. <strong>\u00a1Adem\u00e1s, una alumna nos sorprendi\u00f3 con un relato en alem\u00e1n!<\/strong>En Monlau nos gusta trabajar la escritura, puesto que juega un papel muy importante a la hora de mejorar las habilidades motrices y por tanto la coordinaci\u00f3n. Adem\u00e1s, ayuda a la retenci\u00f3n de informaci\u00f3n, potencia el aprendizaje y el desarrollo neuronal<strong>. La lectura tambi\u00e9n es un h\u00e1bito muy importante para el desarrollo un pensamiento cr\u00edtico y propio y por tanto nos hace m\u00e1s libres<\/strong>. Coma extra, nos aporta creatividad, ampliar nuestra visi\u00f3n del mundo y enriquecer nuestra cultura en el \u00e1mbito ortogr\u00e1fico, gramatical&#8230;<\/p>\n<p><strong>En el video que te dejamos a continuaci\u00f3n, podr\u00e1s escuchar los relatos ganadores de San Jordi<\/strong> <strong>de nuestros alumnos<\/strong> le\u00eddos por nuestros profesores. Sin duda fue una jornada llena de cultura, literatura y con mucho aprendizaje.<\/p>\n","protected":false},"excerpt":{"rendered":"<p>Para nosotros la fiesta de San Jordi siempre ha sido un d\u00eda muy especial, donde celebrar el d\u00eda del libro y la feria de las rosas que son s\u00edmbolos de amor y de cultura. Todos conocemos la leyenda en la cual el caballero San Jordi derrota al drag\u00f3n y de la sangre de este nace [&hellip;]<\/p>\n","protected":false},"author":1,"featured_media":1107,"comment_status":"closed","ping_status":"closed","sticky":false,"template":"","format":"standard","meta":{"footnotes":""},"categories":[24,20],"tags":[105,71,61,35,49,28,106],"class_list":["post-1106","post","type-post","status-publish","format-standard","has-post-thumbnail","hentry","category-bachillerato","category-eso","tag-aprendizaje","tag-bachillerato","tag-eso","tag-futuro","tag-lenguas","tag-libros","tag-san-jordi"],"yoast_head":"<!-- This site is optimized with the Yoast SEO plugin v27.2 - https:\/\/yoast.com\/product\/yoast-seo-wordpress\/ -->\n<title>Recuperamos la fiesta de San Jordi en Monlau este 2021 - Eso Batx<\/title>\n<meta name=\"robots\" content=\"index, follow, max-snippet:-1, max-image-preview:large, max-video-preview:-1\" \/>\n<link rel=\"canonical\" href=\"https:\/\/www.monlau.com\/eso-batxillerat\/es\/2021\/05\/20\/recuperamos-la-fiesta-de-san-jordi-en-monlau-este-2021\/\" \/>\n<meta property=\"og:locale\" content=\"es_ES\" \/>\n<meta property=\"og:type\" content=\"article\" \/>\n<meta property=\"og:title\" content=\"Recuperamos la fiesta de San Jordi en Monlau este 2021 - Eso Batx\" \/>\n<meta property=\"og:description\" content=\"Para nosotros la fiesta de San Jordi siempre ha sido un d\u00eda muy especial, donde celebrar el d\u00eda del libro y la feria de las rosas que son s\u00edmbolos de amor y de cultura. Todos conocemos la leyenda en la cual el caballero San Jordi derrota al drag\u00f3n y de la sangre de este nace [&hellip;]\" \/>\n<meta property=\"og:url\" content=\"https:\/\/www.monlau.com\/eso-batxillerat\/es\/2021\/05\/20\/recuperamos-la-fiesta-de-san-jordi-en-monlau-este-2021\/\" \/>\n<meta property=\"og:site_name\" content=\"Eso Batx\" \/>\n<meta property=\"article:published_time\" content=\"2021-05-19T22:00:00+00:00\" \/>\n<meta property=\"article:modified_time\" content=\"2026-03-10T09:53:35+00:00\" \/>\n<meta property=\"og:image\" content=\"https:\/\/www.monlau.com\/app\/uploads\/sites\/2\/2026\/03\/SANT-JORDI-2021-BLOG-CAST.jpg\" \/>\n\t<meta property=\"og:image:width\" content=\"1080\" \/>\n\t<meta property=\"og:image:height\" content=\"610\" \/>\n\t<meta property=\"og:image:type\" content=\"image\/jpeg\" \/>\n<meta name=\"author\" content=\"adsmurai\" \/>\n<meta name=\"twitter:card\" content=\"summary_large_image\" \/>\n<meta name=\"twitter:label1\" content=\"Escrito por\" \/>\n\t<meta name=\"twitter:data1\" content=\"adsmurai\" \/>\n\t<meta name=\"twitter:label2\" content=\"Tiempo de lectura\" \/>\n\t<meta name=\"twitter:data2\" content=\"2 minutos\" \/>\n<script type=\"application\/ld+json\" class=\"yoast-schema-graph\">{\"@context\":\"https:\/\/schema.org\",\"@graph\":[{\"@type\":\"Article\",\"@id\":\"https:\/\/www.monlau.com\/eso-batxillerat\/es\/2021\/05\/20\/recuperamos-la-fiesta-de-san-jordi-en-monlau-este-2021\/#article\",\"isPartOf\":{\"@id\":\"https:\/\/www.monlau.com\/eso-batxillerat\/es\/2021\/05\/20\/recuperamos-la-fiesta-de-san-jordi-en-monlau-este-2021\/\"},\"author\":{\"name\":\"adsmurai\",\"@id\":\"https:\/\/www.monlau.com\/eso-batxillerat\/es\/#\/schema\/person\/419cfdf054323e24e0a2ef1d8597f051\"},\"headline\":\"Recuperamos la fiesta de San Jordi en Monlau este 2021\",\"datePublished\":\"2021-05-19T22:00:00+00:00\",\"dateModified\":\"2026-03-10T09:53:35+00:00\",\"mainEntityOfPage\":{\"@id\":\"https:\/\/www.monlau.com\/eso-batxillerat\/es\/2021\/05\/20\/recuperamos-la-fiesta-de-san-jordi-en-monlau-este-2021\/\"},\"wordCount\":350,\"publisher\":{\"@id\":\"https:\/\/www.monlau.com\/eso-batxillerat\/es\/#organization\"},\"image\":{\"@id\":\"https:\/\/www.monlau.com\/eso-batxillerat\/es\/2021\/05\/20\/recuperamos-la-fiesta-de-san-jordi-en-monlau-este-2021\/#primaryimage\"},\"thumbnailUrl\":\"https:\/\/www.monlau.com\/app\/uploads\/sites\/2\/2026\/03\/SANT-JORDI-2021-BLOG-CAST.jpg\",\"keywords\":[\"Aprendizaje\",\"Bachillerato\",\"ESO\",\"Futuro\",\"lenguas\",\"Libros\",\"San Jordi\"],\"articleSection\":[\"Bachillerato\",\"ESO\"],\"inLanguage\":\"es\"},{\"@type\":\"WebPage\",\"@id\":\"https:\/\/www.monlau.com\/eso-batxillerat\/es\/2021\/05\/20\/recuperamos-la-fiesta-de-san-jordi-en-monlau-este-2021\/\",\"url\":\"https:\/\/www.monlau.com\/eso-batxillerat\/es\/2021\/05\/20\/recuperamos-la-fiesta-de-san-jordi-en-monlau-este-2021\/\",\"name\":\"Recuperamos la fiesta de San Jordi en Monlau este 2021 - Eso Batx\",\"isPartOf\":{\"@id\":\"https:\/\/www.monlau.com\/eso-batxillerat\/es\/#website\"},\"primaryImageOfPage\":{\"@id\":\"https:\/\/www.monlau.com\/eso-batxillerat\/es\/2021\/05\/20\/recuperamos-la-fiesta-de-san-jordi-en-monlau-este-2021\/#primaryimage\"},\"image\":{\"@id\":\"https:\/\/www.monlau.com\/eso-batxillerat\/es\/2021\/05\/20\/recuperamos-la-fiesta-de-san-jordi-en-monlau-este-2021\/#primaryimage\"},\"thumbnailUrl\":\"https:\/\/www.monlau.com\/app\/uploads\/sites\/2\/2026\/03\/SANT-JORDI-2021-BLOG-CAST.jpg\",\"datePublished\":\"2021-05-19T22:00:00+00:00\",\"dateModified\":\"2026-03-10T09:53:35+00:00\",\"breadcrumb\":{\"@id\":\"https:\/\/www.monlau.com\/eso-batxillerat\/es\/2021\/05\/20\/recuperamos-la-fiesta-de-san-jordi-en-monlau-este-2021\/#breadcrumb\"},\"inLanguage\":\"es\",\"potentialAction\":[{\"@type\":\"ReadAction\",\"target\":[\"https:\/\/www.monlau.com\/eso-batxillerat\/es\/2021\/05\/20\/recuperamos-la-fiesta-de-san-jordi-en-monlau-este-2021\/\"]}]},{\"@type\":\"ImageObject\",\"inLanguage\":\"es\",\"@id\":\"https:\/\/www.monlau.com\/eso-batxillerat\/es\/2021\/05\/20\/recuperamos-la-fiesta-de-san-jordi-en-monlau-este-2021\/#primaryimage\",\"url\":\"https:\/\/www.monlau.com\/app\/uploads\/sites\/2\/2026\/03\/SANT-JORDI-2021-BLOG-CAST.jpg\",\"contentUrl\":\"https:\/\/www.monlau.com\/app\/uploads\/sites\/2\/2026\/03\/SANT-JORDI-2021-BLOG-CAST.jpg\",\"width\":1080,\"height\":610},{\"@type\":\"BreadcrumbList\",\"@id\":\"https:\/\/www.monlau.com\/eso-batxillerat\/es\/2021\/05\/20\/recuperamos-la-fiesta-de-san-jordi-en-monlau-este-2021\/#breadcrumb\",\"itemListElement\":[{\"@type\":\"ListItem\",\"position\":1,\"name\":\"Inici\",\"item\":\"https:\/\/www.monlau.com\/eso-batxillerat\/es\/\"},{\"@type\":\"ListItem\",\"position\":2,\"name\":\"Recuperamos la fiesta de San Jordi en Monlau este 2021\"}]},{\"@type\":\"WebSite\",\"@id\":\"https:\/\/www.monlau.com\/eso-batxillerat\/es\/#website\",\"url\":\"https:\/\/www.monlau.com\/eso-batxillerat\/es\/\",\"name\":\"Eso Batx\",\"description\":\"\",\"publisher\":{\"@id\":\"https:\/\/www.monlau.com\/eso-batxillerat\/es\/#organization\"},\"potentialAction\":[{\"@type\":\"SearchAction\",\"target\":{\"@type\":\"EntryPoint\",\"urlTemplate\":\"https:\/\/www.monlau.com\/eso-batxillerat\/es\/?s={search_term_string}\"},\"query-input\":{\"@type\":\"PropertyValueSpecification\",\"valueRequired\":true,\"valueName\":\"search_term_string\"}}],\"inLanguage\":\"es\"},{\"@type\":\"Organization\",\"@id\":\"https:\/\/www.monlau.com\/eso-batxillerat\/es\/#organization\",\"name\":\"Eso Batx\",\"url\":\"https:\/\/www.monlau.com\/eso-batxillerat\/es\/\",\"logo\":{\"@type\":\"ImageObject\",\"inLanguage\":\"es\",\"@id\":\"https:\/\/www.monlau.com\/eso-batxillerat\/es\/#\/schema\/logo\/image\/\",\"url\":\"https:\/\/www.monlau.com\/app\/uploads\/sites\/2\/2025\/12\/logomoneso.png\",\"contentUrl\":\"https:\/\/www.monlau.com\/app\/uploads\/sites\/2\/2025\/12\/logomoneso.png\",\"width\":160,\"height\":160,\"caption\":\"Eso Batx\"},\"image\":{\"@id\":\"https:\/\/www.monlau.com\/eso-batxillerat\/es\/#\/schema\/logo\/image\/\"}},{\"@type\":\"Person\",\"@id\":\"https:\/\/www.monlau.com\/eso-batxillerat\/es\/#\/schema\/person\/419cfdf054323e24e0a2ef1d8597f051\",\"name\":\"adsmurai\",\"image\":{\"@type\":\"ImageObject\",\"inLanguage\":\"es\",\"@id\":\"https:\/\/secure.gravatar.com\/avatar\/0748788578f91786454454fa3b4c295644edb991ad6caadc70b41d26790d38fc?s=96&d=mm&r=g\",\"url\":\"https:\/\/secure.gravatar.com\/avatar\/0748788578f91786454454fa3b4c295644edb991ad6caadc70b41d26790d38fc?s=96&d=mm&r=g\",\"contentUrl\":\"https:\/\/secure.gravatar.com\/avatar\/0748788578f91786454454fa3b4c295644edb991ad6caadc70b41d26790d38fc?s=96&d=mm&r=g\",\"caption\":\"adsmurai\"},\"sameAs\":[\"https:\/\/www.monlau.com\"],\"url\":\"https:\/\/www.monlau.com\/eso-batxillerat\/es\/author\/adsmurai\/\"}]}<\/script>\n<!-- \/ Yoast SEO plugin. -->","yoast_head_json":{"title":"Recuperamos la fiesta de San Jordi en Monlau este 2021 - Eso Batx","robots":{"index":"index","follow":"follow","max-snippet":"max-snippet:-1","max-image-preview":"max-image-preview:large","max-video-preview":"max-video-preview:-1"},"canonical":"https:\/\/www.monlau.com\/eso-batxillerat\/es\/2021\/05\/20\/recuperamos-la-fiesta-de-san-jordi-en-monlau-este-2021\/","og_locale":"es_ES","og_type":"article","og_title":"Recuperamos la fiesta de San Jordi en Monlau este 2021 - Eso Batx","og_description":"Para nosotros la fiesta de San Jordi siempre ha sido un d\u00eda muy especial, donde celebrar el d\u00eda del libro y la feria de las rosas que son s\u00edmbolos de amor y de cultura. Todos conocemos la leyenda en la cual el caballero San Jordi derrota al drag\u00f3n y de la sangre de este nace [&hellip;]","og_url":"https:\/\/www.monlau.com\/eso-batxillerat\/es\/2021\/05\/20\/recuperamos-la-fiesta-de-san-jordi-en-monlau-este-2021\/","og_site_name":"Eso Batx","article_published_time":"2021-05-19T22:00:00+00:00","article_modified_time":"2026-03-10T09:53:35+00:00","og_image":[{"width":1080,"height":610,"url":"https:\/\/www.monlau.com\/app\/uploads\/sites\/2\/2026\/03\/SANT-JORDI-2021-BLOG-CAST.jpg","type":"image\/jpeg"}],"author":"adsmurai","twitter_card":"summary_large_image","twitter_misc":{"Escrito por":"adsmurai","Tiempo de lectura":"2 minutos"},"schema":{"@context":"https:\/\/schema.org","@graph":[{"@type":"Article","@id":"https:\/\/www.monlau.com\/eso-batxillerat\/es\/2021\/05\/20\/recuperamos-la-fiesta-de-san-jordi-en-monlau-este-2021\/#article","isPartOf":{"@id":"https:\/\/www.monlau.com\/eso-batxillerat\/es\/2021\/05\/20\/recuperamos-la-fiesta-de-san-jordi-en-monlau-este-2021\/"},"author":{"name":"adsmurai","@id":"https:\/\/www.monlau.com\/eso-batxillerat\/es\/#\/schema\/person\/419cfdf054323e24e0a2ef1d8597f051"},"headline":"Recuperamos la fiesta de San Jordi en Monlau este 2021","datePublished":"2021-05-19T22:00:00+00:00","dateModified":"2026-03-10T09:53:35+00:00","mainEntityOfPage":{"@id":"https:\/\/www.monlau.com\/eso-batxillerat\/es\/2021\/05\/20\/recuperamos-la-fiesta-de-san-jordi-en-monlau-este-2021\/"},"wordCount":350,"publisher":{"@id":"https:\/\/www.monlau.com\/eso-batxillerat\/es\/#organization"},"image":{"@id":"https:\/\/www.monlau.com\/eso-batxillerat\/es\/2021\/05\/20\/recuperamos-la-fiesta-de-san-jordi-en-monlau-este-2021\/#primaryimage"},"thumbnailUrl":"https:\/\/www.monlau.com\/app\/uploads\/sites\/2\/2026\/03\/SANT-JORDI-2021-BLOG-CAST.jpg","keywords":["Aprendizaje","Bachillerato","ESO","Futuro","lenguas","Libros","San Jordi"],"articleSection":["Bachillerato","ESO"],"inLanguage":"es"},{"@type":"WebPage","@id":"https:\/\/www.monlau.com\/eso-batxillerat\/es\/2021\/05\/20\/recuperamos-la-fiesta-de-san-jordi-en-monlau-este-2021\/","url":"https:\/\/www.monlau.com\/eso-batxillerat\/es\/2021\/05\/20\/recuperamos-la-fiesta-de-san-jordi-en-monlau-este-2021\/","name":"Recuperamos la fiesta de San Jordi en Monlau este 2021 - Eso Batx","isPartOf":{"@id":"https:\/\/www.monlau.com\/eso-batxillerat\/es\/#website"},"primaryImageOfPage":{"@id":"https:\/\/www.monlau.com\/eso-batxillerat\/es\/2021\/05\/20\/recuperamos-la-fiesta-de-san-jordi-en-monlau-este-2021\/#primaryimage"},"image":{"@id":"https:\/\/www.monlau.com\/eso-batxillerat\/es\/2021\/05\/20\/recuperamos-la-fiesta-de-san-jordi-en-monlau-este-2021\/#primaryimage"},"thumbnailUrl":"https:\/\/www.monlau.com\/app\/uploads\/sites\/2\/2026\/03\/SANT-JORDI-2021-BLOG-CAST.jpg","datePublished":"2021-05-19T22:00:00+00:00","dateModified":"2026-03-10T09:53:35+00:00","breadcrumb":{"@id":"https:\/\/www.monlau.com\/eso-batxillerat\/es\/2021\/05\/20\/recuperamos-la-fiesta-de-san-jordi-en-monlau-este-2021\/#breadcrumb"},"inLanguage":"es","potentialAction":[{"@type":"ReadAction","target":["https:\/\/www.monlau.com\/eso-batxillerat\/es\/2021\/05\/20\/recuperamos-la-fiesta-de-san-jordi-en-monlau-este-2021\/"]}]},{"@type":"ImageObject","inLanguage":"es","@id":"https:\/\/www.monlau.com\/eso-batxillerat\/es\/2021\/05\/20\/recuperamos-la-fiesta-de-san-jordi-en-monlau-este-2021\/#primaryimage","url":"https:\/\/www.monlau.com\/app\/uploads\/sites\/2\/2026\/03\/SANT-JORDI-2021-BLOG-CAST.jpg","contentUrl":"https:\/\/www.monlau.com\/app\/uploads\/sites\/2\/2026\/03\/SANT-JORDI-2021-BLOG-CAST.jpg","width":1080,"height":610},{"@type":"BreadcrumbList","@id":"https:\/\/www.monlau.com\/eso-batxillerat\/es\/2021\/05\/20\/recuperamos-la-fiesta-de-san-jordi-en-monlau-este-2021\/#breadcrumb","itemListElement":[{"@type":"ListItem","position":1,"name":"Inici","item":"https:\/\/www.monlau.com\/eso-batxillerat\/es\/"},{"@type":"ListItem","position":2,"name":"Recuperamos la fiesta de San Jordi en Monlau este 2021"}]},{"@type":"WebSite","@id":"https:\/\/www.monlau.com\/eso-batxillerat\/es\/#website","url":"https:\/\/www.monlau.com\/eso-batxillerat\/es\/","name":"Eso Batx","description":"","publisher":{"@id":"https:\/\/www.monlau.com\/eso-batxillerat\/es\/#organization"},"potentialAction":[{"@type":"SearchAction","target":{"@type":"EntryPoint","urlTemplate":"https:\/\/www.monlau.com\/eso-batxillerat\/es\/?s={search_term_string}"},"query-input":{"@type":"PropertyValueSpecification","valueRequired":true,"valueName":"search_term_string"}}],"inLanguage":"es"},{"@type":"Organization","@id":"https:\/\/www.monlau.com\/eso-batxillerat\/es\/#organization","name":"Eso Batx","url":"https:\/\/www.monlau.com\/eso-batxillerat\/es\/","logo":{"@type":"ImageObject","inLanguage":"es","@id":"https:\/\/www.monlau.com\/eso-batxillerat\/es\/#\/schema\/logo\/image\/","url":"https:\/\/www.monlau.com\/app\/uploads\/sites\/2\/2025\/12\/logomoneso.png","contentUrl":"https:\/\/www.monlau.com\/app\/uploads\/sites\/2\/2025\/12\/logomoneso.png","width":160,"height":160,"caption":"Eso Batx"},"image":{"@id":"https:\/\/www.monlau.com\/eso-batxillerat\/es\/#\/schema\/logo\/image\/"}},{"@type":"Person","@id":"https:\/\/www.monlau.com\/eso-batxillerat\/es\/#\/schema\/person\/419cfdf054323e24e0a2ef1d8597f051","name":"adsmurai","image":{"@type":"ImageObject","inLanguage":"es","@id":"https:\/\/secure.gravatar.com\/avatar\/0748788578f91786454454fa3b4c295644edb991ad6caadc70b41d26790d38fc?s=96&d=mm&r=g","url":"https:\/\/secure.gravatar.com\/avatar\/0748788578f91786454454fa3b4c295644edb991ad6caadc70b41d26790d38fc?s=96&d=mm&r=g","contentUrl":"https:\/\/secure.gravatar.com\/avatar\/0748788578f91786454454fa3b4c295644edb991ad6caadc70b41d26790d38fc?s=96&d=mm&r=g","caption":"adsmurai"},"sameAs":["https:\/\/www.monlau.com"],"url":"https:\/\/www.monlau.com\/eso-batxillerat\/es\/author\/adsmurai\/"}]}},"_links":{"self":[{"href":"https:\/\/www.monlau.com\/eso-batxillerat\/es\/wp-json\/wp\/v2\/posts\/1106","targetHints":{"allow":["GET"]}}],"collection":[{"href":"https:\/\/www.monlau.com\/eso-batxillerat\/es\/wp-json\/wp\/v2\/posts"}],"about":[{"href":"https:\/\/www.monlau.com\/eso-batxillerat\/es\/wp-json\/wp\/v2\/types\/post"}],"author":[{"embeddable":true,"href":"https:\/\/www.monlau.com\/eso-batxillerat\/es\/wp-json\/wp\/v2\/users\/1"}],"replies":[{"embeddable":true,"href":"https:\/\/www.monlau.com\/eso-batxillerat\/es\/wp-json\/wp\/v2\/comments?post=1106"}],"version-history":[{"count":1,"href":"https:\/\/www.monlau.com\/eso-batxillerat\/es\/wp-json\/wp\/v2\/posts\/1106\/revisions"}],"predecessor-version":[{"id":1541,"href":"https:\/\/www.monlau.com\/eso-batxillerat\/es\/wp-json\/wp\/v2\/posts\/1106\/revisions\/1541"}],"wp:featuredmedia":[{"embeddable":true,"href":"https:\/\/www.monlau.com\/eso-batxillerat\/es\/wp-json\/wp\/v2\/media\/1107"}],"wp:attachment":[{"href":"https:\/\/www.monlau.com\/eso-batxillerat\/es\/wp-json\/wp\/v2\/media?parent=1106"}],"wp:term":[{"taxonomy":"category","embeddable":true,"href":"https:\/\/www.monlau.com\/eso-batxillerat\/es\/wp-json\/wp\/v2\/categories?post=1106"},{"taxonomy":"post_tag","embeddable":true,"href":"https:\/\/www.monlau.com\/eso-batxillerat\/es\/wp-json\/wp\/v2\/tags?post=1106"}],"curies":[{"name":"wp","href":"https:\/\/api.w.org\/{rel}","templated":true}]}}