{"id":1056,"date":"2020-11-19T00:00:00","date_gmt":"2020-11-18T23:00:00","guid":{"rendered":"https:\/\/www.monlau.com\/eso-batxillerat\/cristian-olive-nos-ensena-a-tratar-las-lenguas-desde-una-perspectiva-diferente\/"},"modified":"2020-11-19T00:00:00","modified_gmt":"2020-11-18T23:00:00","slug":"cristian-olive-nos-ensena-a-tratar-las-lenguas-desde-una-perspectiva-diferente","status":"publish","type":"post","link":"https:\/\/www.monlau.com\/eso-batxillerat\/es\/2020\/11\/19\/cristian-olive-nos-ensena-a-tratar-las-lenguas-desde-una-perspectiva-diferente\/","title":{"rendered":"Cristian Oliv\u00e9 nos ense\u00f1a a tratar las lenguas desde una perspectiva diferente"},"content":{"rendered":"<p>Los profesores de lenguas de ESO y Bachillerato de Monlau han asistido al taller que ha impartido <a href=\"https:\/\/www.linkedin.com\/in\/cristian-oliv%C3%A9-5921971aa\/\">Cristian Oliv\u00e9<\/a>, fil\u00f3logo y profesor de secundaria de Lengua y Literatura y autor del libro <a href=\"https:\/\/www.megustaleer.com\/libros\/profes-rebels\/MES-113020\">\u2018<em>\u2019Profes rebeldes<\/em>\u2019\u2019<\/a>.<\/p>\n<p>Seg\u00fan Cristian, \u201c<em>la escuela de hoy debe romper con el pasado para que los protagonistas de verdad sean los alumnos y no los contenidos. <strong>La Educaci\u00f3n debe avanzar al ritmo de la sociedad, debemos dar respuestas del siglo XXI<\/strong><\/em>\u201d. Durante su visita, les ha explicado, de una manera din\u00e1mica y \u00fatil, c\u00f3mo ense\u00f1ar las lenguas desde un punto m\u00e1s moderno y actual, utilizando ejemplos frescos y de actualidad.<\/p>\n<p>Al finalizar, estas son unas de las conclusiones que han sacado nuestros profesores:<\/p>\n<blockquote><p><em>\u201cEl cursillo supuso para m\u00ed la reafirmaci\u00f3n del proyecto de lenguas. Hacer llegar a los alumnos la lengua es complicado, suele no gustarles, por lo tanto, hace 5 a\u00f1os nos planteamos ver si pod\u00edamos cambiar esta situaci\u00f3n y que nuestra asignatura les resultara m\u00e1s atractiva y, por lo tanto, aprendieran m\u00e1s. <\/em><\/p>\n<p><em><strong>Si queremos acercarnos a los alumnos, de los cuales estamos tan lejanos en la edad, hemos de hacerles las cosas lo m\u00e1s atractivas posibles<\/strong> utilizando todos los medios que tenemos a nuestro alcance: creatividad, imaginaci\u00f3n, ganas y tecnolog\u00eda.\u201d<\/em><\/p><\/blockquote>\n<p style=\"text-align: right\">Carmen Morales<\/p>\n<blockquote><p><em>\u201cJo crec que ha sigut molt inspirador, m\u00e9s enll\u00e0 de la quantitat d&#8217;opcions i activitats did\u00e0ctiques que ha mostrat. \u00c9s molt interessant compartir de manera bidireccional experi\u00e8ncies. Penso que \u00e9s remarcable que <strong>ha vingut a intercanviar experi\u00e8ncies i no a formar<\/strong>.\u201d<\/em><\/p><\/blockquote>\n<p style=\"text-align: right\">Manel Garc\u00eda<\/p>\n<blockquote><p><em>\u201cHo fa basant-se en les xarxes i la manera com el jovent s&#8217;hi comunica, \u00e9s una manera de fer-ho sens dubte innovadora. Personalment <strong>m&#8217;ha obert els ulls a nous projectes i tamb\u00e9 m&#8217;ha servit per posar en valor la feina que des de lleng\u00fces portem anys fent.\u00a0<\/strong><\/em><\/p>\n<p><em>M&#8217;ha semblat molt interessant, comparteixo plenament la metodologia: innovaci\u00f3, creativitat i gosadia per provar coses noves i aprendre de l&#8217;error per millorar projecte rere projecte.\u201d<\/em><\/p><\/blockquote>\n<p style=\"text-align: right\">N\u00faria Pascual<\/p>\n<blockquote><p>\u201c<em>Me ha parecido interesante y me ha gustado que haya compartido sus experiencias desde sus vivencias, no desde una base te\u00f3rica y ejemplarizante. Algunas de las ideas me han parecido \u00fatiles y, sobre todo <strong>me han gustado sus ganas de explicar qu\u00e9 estaba haciendo \u00e9l y qu\u00e9 era lo que le hab\u00eda funcionado<\/strong>.\u201d<\/em><\/p><\/blockquote>\n<p style=\"text-align: right\">Carlos Soriano<\/p>\n<p><img fetchpriority=\"high\" decoding=\"async\" class=\"aligncenter wp-image-3847 size-full\" src=\"https:\/\/www.monlau.com\/eso-batxillerat\/wp-content\/uploads\/sites\/2\/2020\/11\/cristian-olive-2.jpg\" alt=\"\" width=\"1500\" height=\"574\" \/><\/p>\n","protected":false},"excerpt":{"rendered":"<p>Los profesores de lenguas de ESO y Bachillerato de Monlau han asistido al taller que ha impartido Cristian Oliv\u00e9, fil\u00f3logo y profesor de secundaria de Lengua y Literatura y autor del libro \u2018\u2019Profes rebeldes\u2019\u2019. Seg\u00fan Cristian, \u201cla escuela de hoy debe romper con el pasado para que los protagonistas de verdad sean los alumnos y [&hellip;]<\/p>\n","protected":false},"author":1,"featured_media":1057,"comment_status":"closed","ping_status":"closed","sticky":false,"template":"","format":"standard","meta":{"footnotes":""},"categories":[24,20],"tags":[86,87,49,88,89],"class_list":["post-1056","post","type-post","status-publish","format-standard","has-post-thumbnail","hentry","category-bachillerato","category-eso","tag-lengua-castellana","tag-lengua-catalana","tag-lenguas","tag-literatura","tag-profes-rebeldes"],"yoast_head":"<!-- This site is optimized with the Yoast SEO plugin v27.2 - https:\/\/yoast.com\/product\/yoast-seo-wordpress\/ -->\n<title>Cristian Oliv\u00e9 nos ense\u00f1a a tratar las lenguas desde una perspectiva diferente - Eso Batx<\/title>\n<meta name=\"robots\" content=\"index, follow, max-snippet:-1, max-image-preview:large, max-video-preview:-1\" \/>\n<link rel=\"canonical\" href=\"https:\/\/www.monlau.com\/eso-batxillerat\/es\/2020\/11\/19\/cristian-olive-nos-ensena-a-tratar-las-lenguas-desde-una-perspectiva-diferente\/\" \/>\n<meta property=\"og:locale\" content=\"es_ES\" \/>\n<meta property=\"og:type\" content=\"article\" \/>\n<meta property=\"og:title\" content=\"Cristian Oliv\u00e9 nos ense\u00f1a a tratar las lenguas desde una perspectiva diferente - Eso Batx\" \/>\n<meta property=\"og:description\" content=\"Los profesores de lenguas de ESO y Bachillerato de Monlau han asistido al taller que ha impartido Cristian Oliv\u00e9, fil\u00f3logo y profesor de secundaria de Lengua y Literatura y autor del libro \u2018\u2019Profes rebeldes\u2019\u2019. Seg\u00fan Cristian, \u201cla escuela de hoy debe romper con el pasado para que los protagonistas de verdad sean los alumnos y [&hellip;]\" \/>\n<meta property=\"og:url\" content=\"https:\/\/www.monlau.com\/eso-batxillerat\/es\/2020\/11\/19\/cristian-olive-nos-ensena-a-tratar-las-lenguas-desde-una-perspectiva-diferente\/\" \/>\n<meta property=\"og:site_name\" content=\"Eso Batx\" \/>\n<meta property=\"article:published_time\" content=\"2020-11-18T23:00:00+00:00\" \/>\n<meta property=\"og:image\" content=\"https:\/\/www.monlau.com\/app\/uploads\/sites\/2\/2026\/03\/cristian-olive-1.jpg\" \/>\n\t<meta property=\"og:image:width\" content=\"1500\" \/>\n\t<meta property=\"og:image:height\" content=\"726\" \/>\n\t<meta property=\"og:image:type\" content=\"image\/jpeg\" \/>\n<meta name=\"author\" content=\"adsmurai\" \/>\n<meta name=\"twitter:card\" content=\"summary_large_image\" \/>\n<meta name=\"twitter:label1\" content=\"Escrito por\" \/>\n\t<meta name=\"twitter:data1\" content=\"adsmurai\" \/>\n\t<meta name=\"twitter:label2\" content=\"Tiempo de lectura\" \/>\n\t<meta name=\"twitter:data2\" content=\"2 minutos\" \/>\n<script type=\"application\/ld+json\" class=\"yoast-schema-graph\">{\"@context\":\"https:\/\/schema.org\",\"@graph\":[{\"@type\":\"Article\",\"@id\":\"https:\/\/www.monlau.com\/eso-batxillerat\/es\/2020\/11\/19\/cristian-olive-nos-ensena-a-tratar-las-lenguas-desde-una-perspectiva-diferente\/#article\",\"isPartOf\":{\"@id\":\"https:\/\/www.monlau.com\/eso-batxillerat\/es\/2020\/11\/19\/cristian-olive-nos-ensena-a-tratar-las-lenguas-desde-una-perspectiva-diferente\/\"},\"author\":{\"name\":\"adsmurai\",\"@id\":\"https:\/\/www.monlau.com\/eso-batxillerat\/es\/#\/schema\/person\/419cfdf054323e24e0a2ef1d8597f051\"},\"headline\":\"Cristian Oliv\u00e9 nos ense\u00f1a a tratar las lenguas desde una perspectiva diferente\",\"datePublished\":\"2020-11-18T23:00:00+00:00\",\"mainEntityOfPage\":{\"@id\":\"https:\/\/www.monlau.com\/eso-batxillerat\/es\/2020\/11\/19\/cristian-olive-nos-ensena-a-tratar-las-lenguas-desde-una-perspectiva-diferente\/\"},\"wordCount\":421,\"publisher\":{\"@id\":\"https:\/\/www.monlau.com\/eso-batxillerat\/es\/#organization\"},\"image\":{\"@id\":\"https:\/\/www.monlau.com\/eso-batxillerat\/es\/2020\/11\/19\/cristian-olive-nos-ensena-a-tratar-las-lenguas-desde-una-perspectiva-diferente\/#primaryimage\"},\"thumbnailUrl\":\"https:\/\/www.monlau.com\/app\/uploads\/sites\/2\/2026\/03\/cristian-olive-1.jpg\",\"keywords\":[\"lengua castellana\",\"lengua catalana\",\"lenguas\",\"literatura\",\"Profes rebeldes\"],\"articleSection\":[\"Bachillerato\",\"ESO\"],\"inLanguage\":\"es\"},{\"@type\":\"WebPage\",\"@id\":\"https:\/\/www.monlau.com\/eso-batxillerat\/es\/2020\/11\/19\/cristian-olive-nos-ensena-a-tratar-las-lenguas-desde-una-perspectiva-diferente\/\",\"url\":\"https:\/\/www.monlau.com\/eso-batxillerat\/es\/2020\/11\/19\/cristian-olive-nos-ensena-a-tratar-las-lenguas-desde-una-perspectiva-diferente\/\",\"name\":\"Cristian Oliv\u00e9 nos ense\u00f1a a tratar las lenguas desde una perspectiva diferente - Eso Batx\",\"isPartOf\":{\"@id\":\"https:\/\/www.monlau.com\/eso-batxillerat\/es\/#website\"},\"primaryImageOfPage\":{\"@id\":\"https:\/\/www.monlau.com\/eso-batxillerat\/es\/2020\/11\/19\/cristian-olive-nos-ensena-a-tratar-las-lenguas-desde-una-perspectiva-diferente\/#primaryimage\"},\"image\":{\"@id\":\"https:\/\/www.monlau.com\/eso-batxillerat\/es\/2020\/11\/19\/cristian-olive-nos-ensena-a-tratar-las-lenguas-desde-una-perspectiva-diferente\/#primaryimage\"},\"thumbnailUrl\":\"https:\/\/www.monlau.com\/app\/uploads\/sites\/2\/2026\/03\/cristian-olive-1.jpg\",\"datePublished\":\"2020-11-18T23:00:00+00:00\",\"breadcrumb\":{\"@id\":\"https:\/\/www.monlau.com\/eso-batxillerat\/es\/2020\/11\/19\/cristian-olive-nos-ensena-a-tratar-las-lenguas-desde-una-perspectiva-diferente\/#breadcrumb\"},\"inLanguage\":\"es\",\"potentialAction\":[{\"@type\":\"ReadAction\",\"target\":[\"https:\/\/www.monlau.com\/eso-batxillerat\/es\/2020\/11\/19\/cristian-olive-nos-ensena-a-tratar-las-lenguas-desde-una-perspectiva-diferente\/\"]}]},{\"@type\":\"ImageObject\",\"inLanguage\":\"es\",\"@id\":\"https:\/\/www.monlau.com\/eso-batxillerat\/es\/2020\/11\/19\/cristian-olive-nos-ensena-a-tratar-las-lenguas-desde-una-perspectiva-diferente\/#primaryimage\",\"url\":\"https:\/\/www.monlau.com\/app\/uploads\/sites\/2\/2026\/03\/cristian-olive-1.jpg\",\"contentUrl\":\"https:\/\/www.monlau.com\/app\/uploads\/sites\/2\/2026\/03\/cristian-olive-1.jpg\",\"width\":1500,\"height\":726},{\"@type\":\"BreadcrumbList\",\"@id\":\"https:\/\/www.monlau.com\/eso-batxillerat\/es\/2020\/11\/19\/cristian-olive-nos-ensena-a-tratar-las-lenguas-desde-una-perspectiva-diferente\/#breadcrumb\",\"itemListElement\":[{\"@type\":\"ListItem\",\"position\":1,\"name\":\"Inici\",\"item\":\"https:\/\/www.monlau.com\/eso-batxillerat\/es\/\"},{\"@type\":\"ListItem\",\"position\":2,\"name\":\"Cristian Oliv\u00e9 nos ense\u00f1a a tratar las lenguas desde una perspectiva diferente\"}]},{\"@type\":\"WebSite\",\"@id\":\"https:\/\/www.monlau.com\/eso-batxillerat\/es\/#website\",\"url\":\"https:\/\/www.monlau.com\/eso-batxillerat\/es\/\",\"name\":\"Eso Batx\",\"description\":\"\",\"publisher\":{\"@id\":\"https:\/\/www.monlau.com\/eso-batxillerat\/es\/#organization\"},\"potentialAction\":[{\"@type\":\"SearchAction\",\"target\":{\"@type\":\"EntryPoint\",\"urlTemplate\":\"https:\/\/www.monlau.com\/eso-batxillerat\/es\/?s={search_term_string}\"},\"query-input\":{\"@type\":\"PropertyValueSpecification\",\"valueRequired\":true,\"valueName\":\"search_term_string\"}}],\"inLanguage\":\"es\"},{\"@type\":\"Organization\",\"@id\":\"https:\/\/www.monlau.com\/eso-batxillerat\/es\/#organization\",\"name\":\"Eso Batx\",\"url\":\"https:\/\/www.monlau.com\/eso-batxillerat\/es\/\",\"logo\":{\"@type\":\"ImageObject\",\"inLanguage\":\"es\",\"@id\":\"https:\/\/www.monlau.com\/eso-batxillerat\/es\/#\/schema\/logo\/image\/\",\"url\":\"https:\/\/www.monlau.com\/app\/uploads\/sites\/2\/2025\/12\/logomoneso.png\",\"contentUrl\":\"https:\/\/www.monlau.com\/app\/uploads\/sites\/2\/2025\/12\/logomoneso.png\",\"width\":160,\"height\":160,\"caption\":\"Eso Batx\"},\"image\":{\"@id\":\"https:\/\/www.monlau.com\/eso-batxillerat\/es\/#\/schema\/logo\/image\/\"}},{\"@type\":\"Person\",\"@id\":\"https:\/\/www.monlau.com\/eso-batxillerat\/es\/#\/schema\/person\/419cfdf054323e24e0a2ef1d8597f051\",\"name\":\"adsmurai\",\"image\":{\"@type\":\"ImageObject\",\"inLanguage\":\"es\",\"@id\":\"https:\/\/secure.gravatar.com\/avatar\/0748788578f91786454454fa3b4c295644edb991ad6caadc70b41d26790d38fc?s=96&d=mm&r=g\",\"url\":\"https:\/\/secure.gravatar.com\/avatar\/0748788578f91786454454fa3b4c295644edb991ad6caadc70b41d26790d38fc?s=96&d=mm&r=g\",\"contentUrl\":\"https:\/\/secure.gravatar.com\/avatar\/0748788578f91786454454fa3b4c295644edb991ad6caadc70b41d26790d38fc?s=96&d=mm&r=g\",\"caption\":\"adsmurai\"},\"sameAs\":[\"https:\/\/www.monlau.com\"],\"url\":\"https:\/\/www.monlau.com\/eso-batxillerat\/es\/author\/adsmurai\/\"}]}<\/script>\n<!-- \/ Yoast SEO plugin. -->","yoast_head_json":{"title":"Cristian Oliv\u00e9 nos ense\u00f1a a tratar las lenguas desde una perspectiva diferente - Eso Batx","robots":{"index":"index","follow":"follow","max-snippet":"max-snippet:-1","max-image-preview":"max-image-preview:large","max-video-preview":"max-video-preview:-1"},"canonical":"https:\/\/www.monlau.com\/eso-batxillerat\/es\/2020\/11\/19\/cristian-olive-nos-ensena-a-tratar-las-lenguas-desde-una-perspectiva-diferente\/","og_locale":"es_ES","og_type":"article","og_title":"Cristian Oliv\u00e9 nos ense\u00f1a a tratar las lenguas desde una perspectiva diferente - Eso Batx","og_description":"Los profesores de lenguas de ESO y Bachillerato de Monlau han asistido al taller que ha impartido Cristian Oliv\u00e9, fil\u00f3logo y profesor de secundaria de Lengua y Literatura y autor del libro \u2018\u2019Profes rebeldes\u2019\u2019. Seg\u00fan Cristian, \u201cla escuela de hoy debe romper con el pasado para que los protagonistas de verdad sean los alumnos y [&hellip;]","og_url":"https:\/\/www.monlau.com\/eso-batxillerat\/es\/2020\/11\/19\/cristian-olive-nos-ensena-a-tratar-las-lenguas-desde-una-perspectiva-diferente\/","og_site_name":"Eso Batx","article_published_time":"2020-11-18T23:00:00+00:00","og_image":[{"width":1500,"height":726,"url":"https:\/\/www.monlau.com\/app\/uploads\/sites\/2\/2026\/03\/cristian-olive-1.jpg","type":"image\/jpeg"}],"author":"adsmurai","twitter_card":"summary_large_image","twitter_misc":{"Escrito por":"adsmurai","Tiempo de lectura":"2 minutos"},"schema":{"@context":"https:\/\/schema.org","@graph":[{"@type":"Article","@id":"https:\/\/www.monlau.com\/eso-batxillerat\/es\/2020\/11\/19\/cristian-olive-nos-ensena-a-tratar-las-lenguas-desde-una-perspectiva-diferente\/#article","isPartOf":{"@id":"https:\/\/www.monlau.com\/eso-batxillerat\/es\/2020\/11\/19\/cristian-olive-nos-ensena-a-tratar-las-lenguas-desde-una-perspectiva-diferente\/"},"author":{"name":"adsmurai","@id":"https:\/\/www.monlau.com\/eso-batxillerat\/es\/#\/schema\/person\/419cfdf054323e24e0a2ef1d8597f051"},"headline":"Cristian Oliv\u00e9 nos ense\u00f1a a tratar las lenguas desde una perspectiva diferente","datePublished":"2020-11-18T23:00:00+00:00","mainEntityOfPage":{"@id":"https:\/\/www.monlau.com\/eso-batxillerat\/es\/2020\/11\/19\/cristian-olive-nos-ensena-a-tratar-las-lenguas-desde-una-perspectiva-diferente\/"},"wordCount":421,"publisher":{"@id":"https:\/\/www.monlau.com\/eso-batxillerat\/es\/#organization"},"image":{"@id":"https:\/\/www.monlau.com\/eso-batxillerat\/es\/2020\/11\/19\/cristian-olive-nos-ensena-a-tratar-las-lenguas-desde-una-perspectiva-diferente\/#primaryimage"},"thumbnailUrl":"https:\/\/www.monlau.com\/app\/uploads\/sites\/2\/2026\/03\/cristian-olive-1.jpg","keywords":["lengua castellana","lengua catalana","lenguas","literatura","Profes rebeldes"],"articleSection":["Bachillerato","ESO"],"inLanguage":"es"},{"@type":"WebPage","@id":"https:\/\/www.monlau.com\/eso-batxillerat\/es\/2020\/11\/19\/cristian-olive-nos-ensena-a-tratar-las-lenguas-desde-una-perspectiva-diferente\/","url":"https:\/\/www.monlau.com\/eso-batxillerat\/es\/2020\/11\/19\/cristian-olive-nos-ensena-a-tratar-las-lenguas-desde-una-perspectiva-diferente\/","name":"Cristian Oliv\u00e9 nos ense\u00f1a a tratar las lenguas desde una perspectiva diferente - Eso Batx","isPartOf":{"@id":"https:\/\/www.monlau.com\/eso-batxillerat\/es\/#website"},"primaryImageOfPage":{"@id":"https:\/\/www.monlau.com\/eso-batxillerat\/es\/2020\/11\/19\/cristian-olive-nos-ensena-a-tratar-las-lenguas-desde-una-perspectiva-diferente\/#primaryimage"},"image":{"@id":"https:\/\/www.monlau.com\/eso-batxillerat\/es\/2020\/11\/19\/cristian-olive-nos-ensena-a-tratar-las-lenguas-desde-una-perspectiva-diferente\/#primaryimage"},"thumbnailUrl":"https:\/\/www.monlau.com\/app\/uploads\/sites\/2\/2026\/03\/cristian-olive-1.jpg","datePublished":"2020-11-18T23:00:00+00:00","breadcrumb":{"@id":"https:\/\/www.monlau.com\/eso-batxillerat\/es\/2020\/11\/19\/cristian-olive-nos-ensena-a-tratar-las-lenguas-desde-una-perspectiva-diferente\/#breadcrumb"},"inLanguage":"es","potentialAction":[{"@type":"ReadAction","target":["https:\/\/www.monlau.com\/eso-batxillerat\/es\/2020\/11\/19\/cristian-olive-nos-ensena-a-tratar-las-lenguas-desde-una-perspectiva-diferente\/"]}]},{"@type":"ImageObject","inLanguage":"es","@id":"https:\/\/www.monlau.com\/eso-batxillerat\/es\/2020\/11\/19\/cristian-olive-nos-ensena-a-tratar-las-lenguas-desde-una-perspectiva-diferente\/#primaryimage","url":"https:\/\/www.monlau.com\/app\/uploads\/sites\/2\/2026\/03\/cristian-olive-1.jpg","contentUrl":"https:\/\/www.monlau.com\/app\/uploads\/sites\/2\/2026\/03\/cristian-olive-1.jpg","width":1500,"height":726},{"@type":"BreadcrumbList","@id":"https:\/\/www.monlau.com\/eso-batxillerat\/es\/2020\/11\/19\/cristian-olive-nos-ensena-a-tratar-las-lenguas-desde-una-perspectiva-diferente\/#breadcrumb","itemListElement":[{"@type":"ListItem","position":1,"name":"Inici","item":"https:\/\/www.monlau.com\/eso-batxillerat\/es\/"},{"@type":"ListItem","position":2,"name":"Cristian Oliv\u00e9 nos ense\u00f1a a tratar las lenguas desde una perspectiva diferente"}]},{"@type":"WebSite","@id":"https:\/\/www.monlau.com\/eso-batxillerat\/es\/#website","url":"https:\/\/www.monlau.com\/eso-batxillerat\/es\/","name":"Eso Batx","description":"","publisher":{"@id":"https:\/\/www.monlau.com\/eso-batxillerat\/es\/#organization"},"potentialAction":[{"@type":"SearchAction","target":{"@type":"EntryPoint","urlTemplate":"https:\/\/www.monlau.com\/eso-batxillerat\/es\/?s={search_term_string}"},"query-input":{"@type":"PropertyValueSpecification","valueRequired":true,"valueName":"search_term_string"}}],"inLanguage":"es"},{"@type":"Organization","@id":"https:\/\/www.monlau.com\/eso-batxillerat\/es\/#organization","name":"Eso Batx","url":"https:\/\/www.monlau.com\/eso-batxillerat\/es\/","logo":{"@type":"ImageObject","inLanguage":"es","@id":"https:\/\/www.monlau.com\/eso-batxillerat\/es\/#\/schema\/logo\/image\/","url":"https:\/\/www.monlau.com\/app\/uploads\/sites\/2\/2025\/12\/logomoneso.png","contentUrl":"https:\/\/www.monlau.com\/app\/uploads\/sites\/2\/2025\/12\/logomoneso.png","width":160,"height":160,"caption":"Eso Batx"},"image":{"@id":"https:\/\/www.monlau.com\/eso-batxillerat\/es\/#\/schema\/logo\/image\/"}},{"@type":"Person","@id":"https:\/\/www.monlau.com\/eso-batxillerat\/es\/#\/schema\/person\/419cfdf054323e24e0a2ef1d8597f051","name":"adsmurai","image":{"@type":"ImageObject","inLanguage":"es","@id":"https:\/\/secure.gravatar.com\/avatar\/0748788578f91786454454fa3b4c295644edb991ad6caadc70b41d26790d38fc?s=96&d=mm&r=g","url":"https:\/\/secure.gravatar.com\/avatar\/0748788578f91786454454fa3b4c295644edb991ad6caadc70b41d26790d38fc?s=96&d=mm&r=g","contentUrl":"https:\/\/secure.gravatar.com\/avatar\/0748788578f91786454454fa3b4c295644edb991ad6caadc70b41d26790d38fc?s=96&d=mm&r=g","caption":"adsmurai"},"sameAs":["https:\/\/www.monlau.com"],"url":"https:\/\/www.monlau.com\/eso-batxillerat\/es\/author\/adsmurai\/"}]}},"_links":{"self":[{"href":"https:\/\/www.monlau.com\/eso-batxillerat\/es\/wp-json\/wp\/v2\/posts\/1056","targetHints":{"allow":["GET"]}}],"collection":[{"href":"https:\/\/www.monlau.com\/eso-batxillerat\/es\/wp-json\/wp\/v2\/posts"}],"about":[{"href":"https:\/\/www.monlau.com\/eso-batxillerat\/es\/wp-json\/wp\/v2\/types\/post"}],"author":[{"embeddable":true,"href":"https:\/\/www.monlau.com\/eso-batxillerat\/es\/wp-json\/wp\/v2\/users\/1"}],"replies":[{"embeddable":true,"href":"https:\/\/www.monlau.com\/eso-batxillerat\/es\/wp-json\/wp\/v2\/comments?post=1056"}],"version-history":[{"count":0,"href":"https:\/\/www.monlau.com\/eso-batxillerat\/es\/wp-json\/wp\/v2\/posts\/1056\/revisions"}],"wp:featuredmedia":[{"embeddable":true,"href":"https:\/\/www.monlau.com\/eso-batxillerat\/es\/wp-json\/wp\/v2\/media\/1057"}],"wp:attachment":[{"href":"https:\/\/www.monlau.com\/eso-batxillerat\/es\/wp-json\/wp\/v2\/media?parent=1056"}],"wp:term":[{"taxonomy":"category","embeddable":true,"href":"https:\/\/www.monlau.com\/eso-batxillerat\/es\/wp-json\/wp\/v2\/categories?post=1056"},{"taxonomy":"post_tag","embeddable":true,"href":"https:\/\/www.monlau.com\/eso-batxillerat\/es\/wp-json\/wp\/v2\/tags?post=1056"}],"curies":[{"name":"wp","href":"https:\/\/api.w.org\/{rel}","templated":true}]}}