{"id":1054,"date":"2020-04-02T00:00:00","date_gmt":"2020-04-01T22:00:00","guid":{"rendered":"https:\/\/www.monlau.com\/eso-batxillerat\/alumnos-1eso-escriben-cartas-sanitarios-enfermos-covid19\/"},"modified":"2026-03-10T10:53:36","modified_gmt":"2026-03-10T09:53:36","slug":"alumnos-1eso-escriben-cartas-sanitarios-enfermos-covid19","status":"publish","type":"post","link":"https:\/\/www.monlau.com\/eso-batxillerat\/es\/2020\/04\/02\/alumnos-1eso-escriben-cartas-sanitarios-enfermos-covid19\/","title":{"rendered":"Los alumnos de 1\u00ba de ESO escriben cartas a los sanitarios y enfermos de Covid-19"},"content":{"rendered":"<p>Desde que comenz\u00f3 el confinamiento, Inma Pociello y yo, Esther Soria, estuvimos pensando de qu\u00e9 manera pod\u00edamos ayudar a aquellas personas que est\u00e1n sufriendo el Covid-19. Quer\u00edamos mostrar nuestra solidaridad y nos parec\u00eda una buena oportunidad para transmitirla e inculcar como un valor entre nuestros alumnos. Por ello, <strong>al conocer la iniciativa impulsada por varios sanitarios para escribir cartas a los enfermos, \u00a1no lo dudamos ni un momento!<\/strong><\/p>\n<p>Al empezar el estado de alarma, los familiares de los pacientes con Covid-19 s\u00f3lo pod\u00edan visitarlos durante una hora al d\u00eda. As\u00ed pues, los pacientes pasaban muchas horas solos esperando esa hora del d\u00eda en que ver\u00edan sus familiares o en que pasar\u00eda el m\u00e9dico para visitarlos. Esta soledad y aislamiento est\u00e1 generando mucha angustia incluso a los pacientes que se recuperan y obtienen el alta. Y es que el ser humano es un ser social y necesitamos del contacto humano. Por ello, m\u00e9dicos, m\u00e9dicas, enfermeros y enfermeras de varios hospitales comenzaron una iniciativa pidiendo a la poblaci\u00f3n escribir cartas de \u00e1nimo a los pacientes, que se compromet\u00edan a entregar para hacer su estancia un poco m\u00e1s ligera.<\/p>\n<p>Esta fue la propuesta que hicimos al alumnado de 1\u00ba de ESO: escribir cartas de \u00e1nimo y apoyo a los enfermos y tambi\u00e9n al personal sanitario que est\u00e1 luchando en primera l\u00ednea, muchas veces sin los recursos necesarios. <strong>\u00a1Estamos muy contentos con la respuesta del alumnado, nos han emocionado mucho sus cartas!<\/strong> Y hemos descubierto una vertiente de ellos que supera la parte acad\u00e9mica y es <strong>el capital humano y el buen coraz\u00f3n que tienen<\/strong>.<\/p>\n<blockquote><p><em>\u201cEstic ben segur, que si lluitem tots junts i fem cas a totes les indicacions i recomanacions que ens donen sortirem ben aviat d\u2019aquesta. Desitjant que et recuperis molt r\u00e0pidament i que puguis ser de nou amb els teus familiars. Rep una abra\u00e7ada ben forta!!!!!!!<\/em><\/p><\/blockquote>\n<p>Ahora, m\u00e1s que nunca, ser\u00e1n muy reconfortantes las cartas y dibujos ya que, a estas alturas los enfermos ya no pueden recibir visitas de familiares, s\u00f3lo hacer alguna videoconferencia. <strong>Hemos enviado las cartas al Hospital de Sant Pau, Hospital Cl\u00ednic y Hospital del Mar.<\/strong><\/p>\n<blockquote><p><em>\u201c<\/em><em>Amb aquesta carta vull que sapigueu que encara que no us coneixem estarem al vostre costat per donar-vos \u00e0nims i for\u00e7a! Tamb\u00e9 vull que sapigueu que ens quedarem a casa i que cada dia a les vuit de la tarda estarem aplaudint-vos per donar-vos tota la for\u00e7a que puguem!\u201d<\/em><\/p><\/blockquote>\n<p>Esperamos que nuestras cartas hayan sacado alguna sonrisa ?<\/p>\n<p>#yomequedoencasa<\/p>\n<h4>Esther Soria e Inma Pociello<\/h4>\n<p>Tutoras de los grupos de 1\u00ba de ESO<\/p>\n","protected":false},"excerpt":{"rendered":"<p>Desde que comenz\u00f3 el confinamiento, Inma Pociello y yo, Esther Soria, estuvimos pensando de qu\u00e9 manera pod\u00edamos ayudar a aquellas personas que est\u00e1n sufriendo el Covid-19. Quer\u00edamos mostrar nuestra solidaridad y nos parec\u00eda una buena oportunidad para transmitirla e inculcar como un valor entre nuestros alumnos. Por ello, al conocer la iniciativa impulsada por varios [&hellip;]<\/p>\n","protected":false},"author":1,"featured_media":1055,"comment_status":"closed","ping_status":"closed","sticky":false,"template":"","format":"standard","meta":{"footnotes":""},"categories":[20,27],"tags":[82,83,84,85,32],"class_list":["post-1054","post","type-post","status-publish","format-standard","has-post-thumbnail","hentry","category-eso","category-solidaritat","tag-animo","tag-cartas","tag-covid-19","tag-sanitarios","tag-solidaridad"],"yoast_head":"<!-- This site is optimized with the Yoast SEO plugin v27.2 - https:\/\/yoast.com\/product\/yoast-seo-wordpress\/ -->\n<title>Los alumnos de 1\u00ba de ESO escriben cartas a los sanitarios y enfermos de Covid-19 - Eso Batx<\/title>\n<meta name=\"robots\" content=\"index, follow, max-snippet:-1, max-image-preview:large, max-video-preview:-1\" \/>\n<link rel=\"canonical\" href=\"https:\/\/www.monlau.com\/eso-batxillerat\/es\/2020\/04\/02\/alumnos-1eso-escriben-cartas-sanitarios-enfermos-covid19\/\" \/>\n<meta property=\"og:locale\" content=\"es_ES\" \/>\n<meta property=\"og:type\" content=\"article\" \/>\n<meta property=\"og:title\" content=\"Los alumnos de 1\u00ba de ESO escriben cartas a los sanitarios y enfermos de Covid-19 - Eso Batx\" \/>\n<meta property=\"og:description\" content=\"Desde que comenz\u00f3 el confinamiento, Inma Pociello y yo, Esther Soria, estuvimos pensando de qu\u00e9 manera pod\u00edamos ayudar a aquellas personas que est\u00e1n sufriendo el Covid-19. Quer\u00edamos mostrar nuestra solidaridad y nos parec\u00eda una buena oportunidad para transmitirla e inculcar como un valor entre nuestros alumnos. Por ello, al conocer la iniciativa impulsada por varios [&hellip;]\" \/>\n<meta property=\"og:url\" content=\"https:\/\/www.monlau.com\/eso-batxillerat\/es\/2020\/04\/02\/alumnos-1eso-escriben-cartas-sanitarios-enfermos-covid19\/\" \/>\n<meta property=\"og:site_name\" content=\"Eso Batx\" \/>\n<meta property=\"article:published_time\" content=\"2020-04-01T22:00:00+00:00\" \/>\n<meta property=\"article:modified_time\" content=\"2026-03-10T09:53:36+00:00\" \/>\n<meta property=\"og:image\" content=\"https:\/\/www.monlau.com\/app\/uploads\/sites\/2\/2026\/03\/cartes-alumnes.jpg\" \/>\n\t<meta property=\"og:image:width\" content=\"1000\" \/>\n\t<meta property=\"og:image:height\" content=\"562\" \/>\n\t<meta property=\"og:image:type\" content=\"image\/jpeg\" \/>\n<meta name=\"author\" content=\"adsmurai\" \/>\n<meta name=\"twitter:card\" content=\"summary_large_image\" \/>\n<meta name=\"twitter:label1\" content=\"Escrito por\" \/>\n\t<meta name=\"twitter:data1\" content=\"adsmurai\" \/>\n\t<meta name=\"twitter:label2\" content=\"Tiempo de lectura\" \/>\n\t<meta name=\"twitter:data2\" content=\"2 minutos\" \/>\n<script type=\"application\/ld+json\" class=\"yoast-schema-graph\">{\"@context\":\"https:\/\/schema.org\",\"@graph\":[{\"@type\":\"Article\",\"@id\":\"https:\/\/www.monlau.com\/eso-batxillerat\/es\/2020\/04\/02\/alumnos-1eso-escriben-cartas-sanitarios-enfermos-covid19\/#article\",\"isPartOf\":{\"@id\":\"https:\/\/www.monlau.com\/eso-batxillerat\/es\/2020\/04\/02\/alumnos-1eso-escriben-cartas-sanitarios-enfermos-covid19\/\"},\"author\":{\"name\":\"adsmurai\",\"@id\":\"https:\/\/www.monlau.com\/eso-batxillerat\/es\/#\/schema\/person\/419cfdf054323e24e0a2ef1d8597f051\"},\"headline\":\"Los alumnos de 1\u00ba de ESO escriben cartas a los sanitarios y enfermos de Covid-19\",\"datePublished\":\"2020-04-01T22:00:00+00:00\",\"dateModified\":\"2026-03-10T09:53:36+00:00\",\"mainEntityOfPage\":{\"@id\":\"https:\/\/www.monlau.com\/eso-batxillerat\/es\/2020\/04\/02\/alumnos-1eso-escriben-cartas-sanitarios-enfermos-covid19\/\"},\"wordCount\":462,\"publisher\":{\"@id\":\"https:\/\/www.monlau.com\/eso-batxillerat\/es\/#organization\"},\"image\":{\"@id\":\"https:\/\/www.monlau.com\/eso-batxillerat\/es\/2020\/04\/02\/alumnos-1eso-escriben-cartas-sanitarios-enfermos-covid19\/#primaryimage\"},\"thumbnailUrl\":\"https:\/\/www.monlau.com\/app\/uploads\/sites\/2\/2026\/03\/cartes-alumnes.jpg\",\"keywords\":[\"\u00e1nimo\",\"cartas\",\"covid-19\",\"sanitarios\",\"Solidaridad\"],\"articleSection\":[\"ESO\",\"Solidaritat\"],\"inLanguage\":\"es\"},{\"@type\":\"WebPage\",\"@id\":\"https:\/\/www.monlau.com\/eso-batxillerat\/es\/2020\/04\/02\/alumnos-1eso-escriben-cartas-sanitarios-enfermos-covid19\/\",\"url\":\"https:\/\/www.monlau.com\/eso-batxillerat\/es\/2020\/04\/02\/alumnos-1eso-escriben-cartas-sanitarios-enfermos-covid19\/\",\"name\":\"Los alumnos de 1\u00ba de ESO escriben cartas a los sanitarios y enfermos de Covid-19 - Eso Batx\",\"isPartOf\":{\"@id\":\"https:\/\/www.monlau.com\/eso-batxillerat\/es\/#website\"},\"primaryImageOfPage\":{\"@id\":\"https:\/\/www.monlau.com\/eso-batxillerat\/es\/2020\/04\/02\/alumnos-1eso-escriben-cartas-sanitarios-enfermos-covid19\/#primaryimage\"},\"image\":{\"@id\":\"https:\/\/www.monlau.com\/eso-batxillerat\/es\/2020\/04\/02\/alumnos-1eso-escriben-cartas-sanitarios-enfermos-covid19\/#primaryimage\"},\"thumbnailUrl\":\"https:\/\/www.monlau.com\/app\/uploads\/sites\/2\/2026\/03\/cartes-alumnes.jpg\",\"datePublished\":\"2020-04-01T22:00:00+00:00\",\"dateModified\":\"2026-03-10T09:53:36+00:00\",\"breadcrumb\":{\"@id\":\"https:\/\/www.monlau.com\/eso-batxillerat\/es\/2020\/04\/02\/alumnos-1eso-escriben-cartas-sanitarios-enfermos-covid19\/#breadcrumb\"},\"inLanguage\":\"es\",\"potentialAction\":[{\"@type\":\"ReadAction\",\"target\":[\"https:\/\/www.monlau.com\/eso-batxillerat\/es\/2020\/04\/02\/alumnos-1eso-escriben-cartas-sanitarios-enfermos-covid19\/\"]}]},{\"@type\":\"ImageObject\",\"inLanguage\":\"es\",\"@id\":\"https:\/\/www.monlau.com\/eso-batxillerat\/es\/2020\/04\/02\/alumnos-1eso-escriben-cartas-sanitarios-enfermos-covid19\/#primaryimage\",\"url\":\"https:\/\/www.monlau.com\/app\/uploads\/sites\/2\/2026\/03\/cartes-alumnes.jpg\",\"contentUrl\":\"https:\/\/www.monlau.com\/app\/uploads\/sites\/2\/2026\/03\/cartes-alumnes.jpg\",\"width\":1000,\"height\":562},{\"@type\":\"BreadcrumbList\",\"@id\":\"https:\/\/www.monlau.com\/eso-batxillerat\/es\/2020\/04\/02\/alumnos-1eso-escriben-cartas-sanitarios-enfermos-covid19\/#breadcrumb\",\"itemListElement\":[{\"@type\":\"ListItem\",\"position\":1,\"name\":\"Inici\",\"item\":\"https:\/\/www.monlau.com\/eso-batxillerat\/es\/\"},{\"@type\":\"ListItem\",\"position\":2,\"name\":\"Los alumnos de 1\u00ba de ESO escriben cartas a los sanitarios y enfermos de Covid-19\"}]},{\"@type\":\"WebSite\",\"@id\":\"https:\/\/www.monlau.com\/eso-batxillerat\/es\/#website\",\"url\":\"https:\/\/www.monlau.com\/eso-batxillerat\/es\/\",\"name\":\"Eso Batx\",\"description\":\"\",\"publisher\":{\"@id\":\"https:\/\/www.monlau.com\/eso-batxillerat\/es\/#organization\"},\"potentialAction\":[{\"@type\":\"SearchAction\",\"target\":{\"@type\":\"EntryPoint\",\"urlTemplate\":\"https:\/\/www.monlau.com\/eso-batxillerat\/es\/?s={search_term_string}\"},\"query-input\":{\"@type\":\"PropertyValueSpecification\",\"valueRequired\":true,\"valueName\":\"search_term_string\"}}],\"inLanguage\":\"es\"},{\"@type\":\"Organization\",\"@id\":\"https:\/\/www.monlau.com\/eso-batxillerat\/es\/#organization\",\"name\":\"Eso Batx\",\"url\":\"https:\/\/www.monlau.com\/eso-batxillerat\/es\/\",\"logo\":{\"@type\":\"ImageObject\",\"inLanguage\":\"es\",\"@id\":\"https:\/\/www.monlau.com\/eso-batxillerat\/es\/#\/schema\/logo\/image\/\",\"url\":\"https:\/\/www.monlau.com\/app\/uploads\/sites\/2\/2025\/12\/logomoneso.png\",\"contentUrl\":\"https:\/\/www.monlau.com\/app\/uploads\/sites\/2\/2025\/12\/logomoneso.png\",\"width\":160,\"height\":160,\"caption\":\"Eso Batx\"},\"image\":{\"@id\":\"https:\/\/www.monlau.com\/eso-batxillerat\/es\/#\/schema\/logo\/image\/\"}},{\"@type\":\"Person\",\"@id\":\"https:\/\/www.monlau.com\/eso-batxillerat\/es\/#\/schema\/person\/419cfdf054323e24e0a2ef1d8597f051\",\"name\":\"adsmurai\",\"image\":{\"@type\":\"ImageObject\",\"inLanguage\":\"es\",\"@id\":\"https:\/\/secure.gravatar.com\/avatar\/0748788578f91786454454fa3b4c295644edb991ad6caadc70b41d26790d38fc?s=96&d=mm&r=g\",\"url\":\"https:\/\/secure.gravatar.com\/avatar\/0748788578f91786454454fa3b4c295644edb991ad6caadc70b41d26790d38fc?s=96&d=mm&r=g\",\"contentUrl\":\"https:\/\/secure.gravatar.com\/avatar\/0748788578f91786454454fa3b4c295644edb991ad6caadc70b41d26790d38fc?s=96&d=mm&r=g\",\"caption\":\"adsmurai\"},\"sameAs\":[\"https:\/\/www.monlau.com\"],\"url\":\"https:\/\/www.monlau.com\/eso-batxillerat\/es\/author\/adsmurai\/\"}]}<\/script>\n<!-- \/ Yoast SEO plugin. -->","yoast_head_json":{"title":"Los alumnos de 1\u00ba de ESO escriben cartas a los sanitarios y enfermos de Covid-19 - Eso Batx","robots":{"index":"index","follow":"follow","max-snippet":"max-snippet:-1","max-image-preview":"max-image-preview:large","max-video-preview":"max-video-preview:-1"},"canonical":"https:\/\/www.monlau.com\/eso-batxillerat\/es\/2020\/04\/02\/alumnos-1eso-escriben-cartas-sanitarios-enfermos-covid19\/","og_locale":"es_ES","og_type":"article","og_title":"Los alumnos de 1\u00ba de ESO escriben cartas a los sanitarios y enfermos de Covid-19 - Eso Batx","og_description":"Desde que comenz\u00f3 el confinamiento, Inma Pociello y yo, Esther Soria, estuvimos pensando de qu\u00e9 manera pod\u00edamos ayudar a aquellas personas que est\u00e1n sufriendo el Covid-19. Quer\u00edamos mostrar nuestra solidaridad y nos parec\u00eda una buena oportunidad para transmitirla e inculcar como un valor entre nuestros alumnos. Por ello, al conocer la iniciativa impulsada por varios [&hellip;]","og_url":"https:\/\/www.monlau.com\/eso-batxillerat\/es\/2020\/04\/02\/alumnos-1eso-escriben-cartas-sanitarios-enfermos-covid19\/","og_site_name":"Eso Batx","article_published_time":"2020-04-01T22:00:00+00:00","article_modified_time":"2026-03-10T09:53:36+00:00","og_image":[{"width":1000,"height":562,"url":"https:\/\/www.monlau.com\/app\/uploads\/sites\/2\/2026\/03\/cartes-alumnes.jpg","type":"image\/jpeg"}],"author":"adsmurai","twitter_card":"summary_large_image","twitter_misc":{"Escrito por":"adsmurai","Tiempo de lectura":"2 minutos"},"schema":{"@context":"https:\/\/schema.org","@graph":[{"@type":"Article","@id":"https:\/\/www.monlau.com\/eso-batxillerat\/es\/2020\/04\/02\/alumnos-1eso-escriben-cartas-sanitarios-enfermos-covid19\/#article","isPartOf":{"@id":"https:\/\/www.monlau.com\/eso-batxillerat\/es\/2020\/04\/02\/alumnos-1eso-escriben-cartas-sanitarios-enfermos-covid19\/"},"author":{"name":"adsmurai","@id":"https:\/\/www.monlau.com\/eso-batxillerat\/es\/#\/schema\/person\/419cfdf054323e24e0a2ef1d8597f051"},"headline":"Los alumnos de 1\u00ba de ESO escriben cartas a los sanitarios y enfermos de Covid-19","datePublished":"2020-04-01T22:00:00+00:00","dateModified":"2026-03-10T09:53:36+00:00","mainEntityOfPage":{"@id":"https:\/\/www.monlau.com\/eso-batxillerat\/es\/2020\/04\/02\/alumnos-1eso-escriben-cartas-sanitarios-enfermos-covid19\/"},"wordCount":462,"publisher":{"@id":"https:\/\/www.monlau.com\/eso-batxillerat\/es\/#organization"},"image":{"@id":"https:\/\/www.monlau.com\/eso-batxillerat\/es\/2020\/04\/02\/alumnos-1eso-escriben-cartas-sanitarios-enfermos-covid19\/#primaryimage"},"thumbnailUrl":"https:\/\/www.monlau.com\/app\/uploads\/sites\/2\/2026\/03\/cartes-alumnes.jpg","keywords":["\u00e1nimo","cartas","covid-19","sanitarios","Solidaridad"],"articleSection":["ESO","Solidaritat"],"inLanguage":"es"},{"@type":"WebPage","@id":"https:\/\/www.monlau.com\/eso-batxillerat\/es\/2020\/04\/02\/alumnos-1eso-escriben-cartas-sanitarios-enfermos-covid19\/","url":"https:\/\/www.monlau.com\/eso-batxillerat\/es\/2020\/04\/02\/alumnos-1eso-escriben-cartas-sanitarios-enfermos-covid19\/","name":"Los alumnos de 1\u00ba de ESO escriben cartas a los sanitarios y enfermos de Covid-19 - Eso Batx","isPartOf":{"@id":"https:\/\/www.monlau.com\/eso-batxillerat\/es\/#website"},"primaryImageOfPage":{"@id":"https:\/\/www.monlau.com\/eso-batxillerat\/es\/2020\/04\/02\/alumnos-1eso-escriben-cartas-sanitarios-enfermos-covid19\/#primaryimage"},"image":{"@id":"https:\/\/www.monlau.com\/eso-batxillerat\/es\/2020\/04\/02\/alumnos-1eso-escriben-cartas-sanitarios-enfermos-covid19\/#primaryimage"},"thumbnailUrl":"https:\/\/www.monlau.com\/app\/uploads\/sites\/2\/2026\/03\/cartes-alumnes.jpg","datePublished":"2020-04-01T22:00:00+00:00","dateModified":"2026-03-10T09:53:36+00:00","breadcrumb":{"@id":"https:\/\/www.monlau.com\/eso-batxillerat\/es\/2020\/04\/02\/alumnos-1eso-escriben-cartas-sanitarios-enfermos-covid19\/#breadcrumb"},"inLanguage":"es","potentialAction":[{"@type":"ReadAction","target":["https:\/\/www.monlau.com\/eso-batxillerat\/es\/2020\/04\/02\/alumnos-1eso-escriben-cartas-sanitarios-enfermos-covid19\/"]}]},{"@type":"ImageObject","inLanguage":"es","@id":"https:\/\/www.monlau.com\/eso-batxillerat\/es\/2020\/04\/02\/alumnos-1eso-escriben-cartas-sanitarios-enfermos-covid19\/#primaryimage","url":"https:\/\/www.monlau.com\/app\/uploads\/sites\/2\/2026\/03\/cartes-alumnes.jpg","contentUrl":"https:\/\/www.monlau.com\/app\/uploads\/sites\/2\/2026\/03\/cartes-alumnes.jpg","width":1000,"height":562},{"@type":"BreadcrumbList","@id":"https:\/\/www.monlau.com\/eso-batxillerat\/es\/2020\/04\/02\/alumnos-1eso-escriben-cartas-sanitarios-enfermos-covid19\/#breadcrumb","itemListElement":[{"@type":"ListItem","position":1,"name":"Inici","item":"https:\/\/www.monlau.com\/eso-batxillerat\/es\/"},{"@type":"ListItem","position":2,"name":"Los alumnos de 1\u00ba de ESO escriben cartas a los sanitarios y enfermos de Covid-19"}]},{"@type":"WebSite","@id":"https:\/\/www.monlau.com\/eso-batxillerat\/es\/#website","url":"https:\/\/www.monlau.com\/eso-batxillerat\/es\/","name":"Eso Batx","description":"","publisher":{"@id":"https:\/\/www.monlau.com\/eso-batxillerat\/es\/#organization"},"potentialAction":[{"@type":"SearchAction","target":{"@type":"EntryPoint","urlTemplate":"https:\/\/www.monlau.com\/eso-batxillerat\/es\/?s={search_term_string}"},"query-input":{"@type":"PropertyValueSpecification","valueRequired":true,"valueName":"search_term_string"}}],"inLanguage":"es"},{"@type":"Organization","@id":"https:\/\/www.monlau.com\/eso-batxillerat\/es\/#organization","name":"Eso Batx","url":"https:\/\/www.monlau.com\/eso-batxillerat\/es\/","logo":{"@type":"ImageObject","inLanguage":"es","@id":"https:\/\/www.monlau.com\/eso-batxillerat\/es\/#\/schema\/logo\/image\/","url":"https:\/\/www.monlau.com\/app\/uploads\/sites\/2\/2025\/12\/logomoneso.png","contentUrl":"https:\/\/www.monlau.com\/app\/uploads\/sites\/2\/2025\/12\/logomoneso.png","width":160,"height":160,"caption":"Eso Batx"},"image":{"@id":"https:\/\/www.monlau.com\/eso-batxillerat\/es\/#\/schema\/logo\/image\/"}},{"@type":"Person","@id":"https:\/\/www.monlau.com\/eso-batxillerat\/es\/#\/schema\/person\/419cfdf054323e24e0a2ef1d8597f051","name":"adsmurai","image":{"@type":"ImageObject","inLanguage":"es","@id":"https:\/\/secure.gravatar.com\/avatar\/0748788578f91786454454fa3b4c295644edb991ad6caadc70b41d26790d38fc?s=96&d=mm&r=g","url":"https:\/\/secure.gravatar.com\/avatar\/0748788578f91786454454fa3b4c295644edb991ad6caadc70b41d26790d38fc?s=96&d=mm&r=g","contentUrl":"https:\/\/secure.gravatar.com\/avatar\/0748788578f91786454454fa3b4c295644edb991ad6caadc70b41d26790d38fc?s=96&d=mm&r=g","caption":"adsmurai"},"sameAs":["https:\/\/www.monlau.com"],"url":"https:\/\/www.monlau.com\/eso-batxillerat\/es\/author\/adsmurai\/"}]}},"_links":{"self":[{"href":"https:\/\/www.monlau.com\/eso-batxillerat\/es\/wp-json\/wp\/v2\/posts\/1054","targetHints":{"allow":["GET"]}}],"collection":[{"href":"https:\/\/www.monlau.com\/eso-batxillerat\/es\/wp-json\/wp\/v2\/posts"}],"about":[{"href":"https:\/\/www.monlau.com\/eso-batxillerat\/es\/wp-json\/wp\/v2\/types\/post"}],"author":[{"embeddable":true,"href":"https:\/\/www.monlau.com\/eso-batxillerat\/es\/wp-json\/wp\/v2\/users\/1"}],"replies":[{"embeddable":true,"href":"https:\/\/www.monlau.com\/eso-batxillerat\/es\/wp-json\/wp\/v2\/comments?post=1054"}],"version-history":[{"count":1,"href":"https:\/\/www.monlau.com\/eso-batxillerat\/es\/wp-json\/wp\/v2\/posts\/1054\/revisions"}],"predecessor-version":[{"id":1551,"href":"https:\/\/www.monlau.com\/eso-batxillerat\/es\/wp-json\/wp\/v2\/posts\/1054\/revisions\/1551"}],"wp:featuredmedia":[{"embeddable":true,"href":"https:\/\/www.monlau.com\/eso-batxillerat\/es\/wp-json\/wp\/v2\/media\/1055"}],"wp:attachment":[{"href":"https:\/\/www.monlau.com\/eso-batxillerat\/es\/wp-json\/wp\/v2\/media?parent=1054"}],"wp:term":[{"taxonomy":"category","embeddable":true,"href":"https:\/\/www.monlau.com\/eso-batxillerat\/es\/wp-json\/wp\/v2\/categories?post=1054"},{"taxonomy":"post_tag","embeddable":true,"href":"https:\/\/www.monlau.com\/eso-batxillerat\/es\/wp-json\/wp\/v2\/tags?post=1054"}],"curies":[{"name":"wp","href":"https:\/\/api.w.org\/{rel}","templated":true}]}}