{"id":1050,"date":"2020-01-29T00:00:00","date_gmt":"2020-01-28T23:00:00","guid":{"rendered":"https:\/\/www.monlau.com\/eso-batxillerat\/prevision-fechas-preinscripcion-curso-escolar-2020-2021\/"},"modified":"2020-01-29T00:00:00","modified_gmt":"2020-01-28T23:00:00","slug":"prevision-fechas-preinscripcion-curso-escolar-2020-2021","status":"publish","type":"post","link":"https:\/\/www.monlau.com\/eso-batxillerat\/es\/2020\/01\/29\/prevision-fechas-preinscripcion-curso-escolar-2020-2021\/","title":{"rendered":"Previsi\u00f3n de fechas de preinscripci\u00f3n para el curso escolar 2020-2021"},"content":{"rendered":"<p>Hace unos d\u00edas el <a href=\"http:\/\/ensenyament.gencat.cat\/ca\/inici\">Departamento de Educaci\u00f3n<\/a> public\u00f3 la previsi\u00f3n de fechas del proceso de preinscripci\u00f3n para el curso escolar 2020-2021.<\/p>\n<p>Del 23 de marzo al 1 de abril de 2020 podr\u00e9is realizar la preinscripci\u00f3n de la ESO para el pr\u00f3ximo curso de forma telem\u00e1tica.<\/p>\n<p>Posteriormente, la matr\u00edcula tambi\u00e9n se deber\u00e1 tramitar en unas fechas determinadas:<\/p>\n<ul>\n<li>1er curso de educaci\u00f3n secundaria obligatoria del 16 al 22 de junio de 2020.<\/li>\n<li>2\u00ba curso de educaci\u00f3n secundaria obligatoria del 29 de junio al 3 de julio de 2020.<\/li>\n<\/ul>\n<p>Para cualquier otra duda que os surja pod\u00e9is visitar <a href=\"http:\/\/queestudiar.gencat.cat\/es\/preinscripcio\/informacio-general\/index.html\">la p\u00e1gina web del Departamento de Educaci\u00f3n<\/a>, especialmente importante la secci\u00f3n de documentaci\u00f3n y criterios de prioridad donde podr\u00e9is encontrar toda la informaci\u00f3n relevante para encarar el proceso.<\/p>\n<p>Con el fin de prepararse y elegir de la mejor manera posible el centro para vuestros, hijos e hijas os recordamos que el 29 de febrero celebraremos las <a href=\"https:\/\/www.monlau.com\/eso-batxillerat\/puertas-abiertas\/?lang=es\">Puertas Abiertas para la ESO y el Bachillerato<\/a>, donde podr\u00e9is conocer el proyecto educativo que ofrece Monlau. Si est\u00e1n interesados \u200b\u200ben venir, confirmen su asistencia en nuestra p\u00e1gina web.<\/p>\n","protected":false},"excerpt":{"rendered":"<p>Hace unos d\u00edas el Departamento de Educaci\u00f3n public\u00f3 la previsi\u00f3n de fechas del proceso de preinscripci\u00f3n para el curso escolar 2020-2021. Del 23 de marzo al 1 de abril de 2020 podr\u00e9is realizar la preinscripci\u00f3n de la ESO para el pr\u00f3ximo curso de forma telem\u00e1tica. Posteriormente, la matr\u00edcula tambi\u00e9n se deber\u00e1 tramitar en unas fechas [&hellip;]<\/p>\n","protected":false},"author":1,"featured_media":1051,"comment_status":"closed","ping_status":"closed","sticky":false,"template":"","format":"standard","meta":{"footnotes":""},"categories":[24,20],"tags":[71,75,61,76,77,78],"class_list":["post-1050","post","type-post","status-publish","format-standard","has-post-thumbnail","hentry","category-bachillerato","category-eso","tag-bachillerato","tag-departamento-de-educacion","tag-eso","tag-matricula","tag-preinscripcion","tag-puertas-abiertas"],"yoast_head":"<!-- This site is optimized with the Yoast SEO plugin v27.2 - https:\/\/yoast.com\/product\/yoast-seo-wordpress\/ -->\n<title>Previsi\u00f3n de fechas de preinscripci\u00f3n para el curso escolar 2020-2021 - Eso Batx<\/title>\n<meta name=\"robots\" content=\"index, follow, max-snippet:-1, max-image-preview:large, max-video-preview:-1\" \/>\n<link rel=\"canonical\" href=\"https:\/\/www.monlau.com\/eso-batxillerat\/es\/2020\/01\/29\/prevision-fechas-preinscripcion-curso-escolar-2020-2021\/\" \/>\n<meta property=\"og:locale\" content=\"es_ES\" \/>\n<meta property=\"og:type\" content=\"article\" \/>\n<meta property=\"og:title\" content=\"Previsi\u00f3n de fechas de preinscripci\u00f3n para el curso escolar 2020-2021 - Eso Batx\" \/>\n<meta property=\"og:description\" content=\"Hace unos d\u00edas el Departamento de Educaci\u00f3n public\u00f3 la previsi\u00f3n de fechas del proceso de preinscripci\u00f3n para el curso escolar 2020-2021. Del 23 de marzo al 1 de abril de 2020 podr\u00e9is realizar la preinscripci\u00f3n de la ESO para el pr\u00f3ximo curso de forma telem\u00e1tica. Posteriormente, la matr\u00edcula tambi\u00e9n se deber\u00e1 tramitar en unas fechas [&hellip;]\" \/>\n<meta property=\"og:url\" content=\"https:\/\/www.monlau.com\/eso-batxillerat\/es\/2020\/01\/29\/prevision-fechas-preinscripcion-curso-escolar-2020-2021\/\" \/>\n<meta property=\"og:site_name\" content=\"Eso Batx\" \/>\n<meta property=\"article:published_time\" content=\"2020-01-28T23:00:00+00:00\" \/>\n<meta property=\"og:image\" content=\"https:\/\/www.monlau.com\/app\/uploads\/sites\/2\/2026\/03\/20190216_092520118_iOS2-scaled.jpg\" \/>\n\t<meta property=\"og:image:width\" content=\"2560\" \/>\n\t<meta property=\"og:image:height\" content=\"1920\" \/>\n\t<meta property=\"og:image:type\" content=\"image\/jpeg\" \/>\n<meta name=\"author\" content=\"adsmurai\" \/>\n<meta name=\"twitter:card\" content=\"summary_large_image\" \/>\n<meta name=\"twitter:label1\" content=\"Escrito por\" \/>\n\t<meta name=\"twitter:data1\" content=\"adsmurai\" \/>\n\t<meta name=\"twitter:label2\" content=\"Tiempo de lectura\" \/>\n\t<meta name=\"twitter:data2\" content=\"1 minuto\" \/>\n<script type=\"application\/ld+json\" class=\"yoast-schema-graph\">{\"@context\":\"https:\/\/schema.org\",\"@graph\":[{\"@type\":\"Article\",\"@id\":\"https:\/\/www.monlau.com\/eso-batxillerat\/es\/2020\/01\/29\/prevision-fechas-preinscripcion-curso-escolar-2020-2021\/#article\",\"isPartOf\":{\"@id\":\"https:\/\/www.monlau.com\/eso-batxillerat\/es\/2020\/01\/29\/prevision-fechas-preinscripcion-curso-escolar-2020-2021\/\"},\"author\":{\"name\":\"adsmurai\",\"@id\":\"https:\/\/www.monlau.com\/eso-batxillerat\/es\/#\/schema\/person\/419cfdf054323e24e0a2ef1d8597f051\"},\"headline\":\"Previsi\u00f3n de fechas de preinscripci\u00f3n para el curso escolar 2020-2021\",\"datePublished\":\"2020-01-28T23:00:00+00:00\",\"mainEntityOfPage\":{\"@id\":\"https:\/\/www.monlau.com\/eso-batxillerat\/es\/2020\/01\/29\/prevision-fechas-preinscripcion-curso-escolar-2020-2021\/\"},\"wordCount\":203,\"publisher\":{\"@id\":\"https:\/\/www.monlau.com\/eso-batxillerat\/es\/#organization\"},\"image\":{\"@id\":\"https:\/\/www.monlau.com\/eso-batxillerat\/es\/2020\/01\/29\/prevision-fechas-preinscripcion-curso-escolar-2020-2021\/#primaryimage\"},\"thumbnailUrl\":\"https:\/\/www.monlau.com\/app\/uploads\/sites\/2\/2026\/03\/20190216_092520118_iOS2-scaled.jpg\",\"keywords\":[\"Bachillerato\",\"Departamento de Educaci\u00f3n\",\"ESO\",\"Matr\u00edcula\",\"Preinscripci\u00f3n\",\"Puertas abiertas\"],\"articleSection\":[\"Bachillerato\",\"ESO\"],\"inLanguage\":\"es\"},{\"@type\":\"WebPage\",\"@id\":\"https:\/\/www.monlau.com\/eso-batxillerat\/es\/2020\/01\/29\/prevision-fechas-preinscripcion-curso-escolar-2020-2021\/\",\"url\":\"https:\/\/www.monlau.com\/eso-batxillerat\/es\/2020\/01\/29\/prevision-fechas-preinscripcion-curso-escolar-2020-2021\/\",\"name\":\"Previsi\u00f3n de fechas de preinscripci\u00f3n para el curso escolar 2020-2021 - Eso Batx\",\"isPartOf\":{\"@id\":\"https:\/\/www.monlau.com\/eso-batxillerat\/es\/#website\"},\"primaryImageOfPage\":{\"@id\":\"https:\/\/www.monlau.com\/eso-batxillerat\/es\/2020\/01\/29\/prevision-fechas-preinscripcion-curso-escolar-2020-2021\/#primaryimage\"},\"image\":{\"@id\":\"https:\/\/www.monlau.com\/eso-batxillerat\/es\/2020\/01\/29\/prevision-fechas-preinscripcion-curso-escolar-2020-2021\/#primaryimage\"},\"thumbnailUrl\":\"https:\/\/www.monlau.com\/app\/uploads\/sites\/2\/2026\/03\/20190216_092520118_iOS2-scaled.jpg\",\"datePublished\":\"2020-01-28T23:00:00+00:00\",\"breadcrumb\":{\"@id\":\"https:\/\/www.monlau.com\/eso-batxillerat\/es\/2020\/01\/29\/prevision-fechas-preinscripcion-curso-escolar-2020-2021\/#breadcrumb\"},\"inLanguage\":\"es\",\"potentialAction\":[{\"@type\":\"ReadAction\",\"target\":[\"https:\/\/www.monlau.com\/eso-batxillerat\/es\/2020\/01\/29\/prevision-fechas-preinscripcion-curso-escolar-2020-2021\/\"]}]},{\"@type\":\"ImageObject\",\"inLanguage\":\"es\",\"@id\":\"https:\/\/www.monlau.com\/eso-batxillerat\/es\/2020\/01\/29\/prevision-fechas-preinscripcion-curso-escolar-2020-2021\/#primaryimage\",\"url\":\"https:\/\/www.monlau.com\/app\/uploads\/sites\/2\/2026\/03\/20190216_092520118_iOS2-scaled.jpg\",\"contentUrl\":\"https:\/\/www.monlau.com\/app\/uploads\/sites\/2\/2026\/03\/20190216_092520118_iOS2-scaled.jpg\",\"width\":2560,\"height\":1920},{\"@type\":\"BreadcrumbList\",\"@id\":\"https:\/\/www.monlau.com\/eso-batxillerat\/es\/2020\/01\/29\/prevision-fechas-preinscripcion-curso-escolar-2020-2021\/#breadcrumb\",\"itemListElement\":[{\"@type\":\"ListItem\",\"position\":1,\"name\":\"Inici\",\"item\":\"https:\/\/www.monlau.com\/eso-batxillerat\/es\/\"},{\"@type\":\"ListItem\",\"position\":2,\"name\":\"Previsi\u00f3n de fechas de preinscripci\u00f3n para el curso escolar 2020-2021\"}]},{\"@type\":\"WebSite\",\"@id\":\"https:\/\/www.monlau.com\/eso-batxillerat\/es\/#website\",\"url\":\"https:\/\/www.monlau.com\/eso-batxillerat\/es\/\",\"name\":\"Eso Batx\",\"description\":\"\",\"publisher\":{\"@id\":\"https:\/\/www.monlau.com\/eso-batxillerat\/es\/#organization\"},\"potentialAction\":[{\"@type\":\"SearchAction\",\"target\":{\"@type\":\"EntryPoint\",\"urlTemplate\":\"https:\/\/www.monlau.com\/eso-batxillerat\/es\/?s={search_term_string}\"},\"query-input\":{\"@type\":\"PropertyValueSpecification\",\"valueRequired\":true,\"valueName\":\"search_term_string\"}}],\"inLanguage\":\"es\"},{\"@type\":\"Organization\",\"@id\":\"https:\/\/www.monlau.com\/eso-batxillerat\/es\/#organization\",\"name\":\"Eso Batx\",\"url\":\"https:\/\/www.monlau.com\/eso-batxillerat\/es\/\",\"logo\":{\"@type\":\"ImageObject\",\"inLanguage\":\"es\",\"@id\":\"https:\/\/www.monlau.com\/eso-batxillerat\/es\/#\/schema\/logo\/image\/\",\"url\":\"https:\/\/www.monlau.com\/app\/uploads\/sites\/2\/2025\/12\/logomoneso.png\",\"contentUrl\":\"https:\/\/www.monlau.com\/app\/uploads\/sites\/2\/2025\/12\/logomoneso.png\",\"width\":160,\"height\":160,\"caption\":\"Eso Batx\"},\"image\":{\"@id\":\"https:\/\/www.monlau.com\/eso-batxillerat\/es\/#\/schema\/logo\/image\/\"}},{\"@type\":\"Person\",\"@id\":\"https:\/\/www.monlau.com\/eso-batxillerat\/es\/#\/schema\/person\/419cfdf054323e24e0a2ef1d8597f051\",\"name\":\"adsmurai\",\"image\":{\"@type\":\"ImageObject\",\"inLanguage\":\"es\",\"@id\":\"https:\/\/secure.gravatar.com\/avatar\/0748788578f91786454454fa3b4c295644edb991ad6caadc70b41d26790d38fc?s=96&d=mm&r=g\",\"url\":\"https:\/\/secure.gravatar.com\/avatar\/0748788578f91786454454fa3b4c295644edb991ad6caadc70b41d26790d38fc?s=96&d=mm&r=g\",\"contentUrl\":\"https:\/\/secure.gravatar.com\/avatar\/0748788578f91786454454fa3b4c295644edb991ad6caadc70b41d26790d38fc?s=96&d=mm&r=g\",\"caption\":\"adsmurai\"},\"sameAs\":[\"https:\/\/www.monlau.com\"],\"url\":\"https:\/\/www.monlau.com\/eso-batxillerat\/es\/author\/adsmurai\/\"}]}<\/script>\n<!-- \/ Yoast SEO plugin. -->","yoast_head_json":{"title":"Previsi\u00f3n de fechas de preinscripci\u00f3n para el curso escolar 2020-2021 - Eso Batx","robots":{"index":"index","follow":"follow","max-snippet":"max-snippet:-1","max-image-preview":"max-image-preview:large","max-video-preview":"max-video-preview:-1"},"canonical":"https:\/\/www.monlau.com\/eso-batxillerat\/es\/2020\/01\/29\/prevision-fechas-preinscripcion-curso-escolar-2020-2021\/","og_locale":"es_ES","og_type":"article","og_title":"Previsi\u00f3n de fechas de preinscripci\u00f3n para el curso escolar 2020-2021 - Eso Batx","og_description":"Hace unos d\u00edas el Departamento de Educaci\u00f3n public\u00f3 la previsi\u00f3n de fechas del proceso de preinscripci\u00f3n para el curso escolar 2020-2021. Del 23 de marzo al 1 de abril de 2020 podr\u00e9is realizar la preinscripci\u00f3n de la ESO para el pr\u00f3ximo curso de forma telem\u00e1tica. Posteriormente, la matr\u00edcula tambi\u00e9n se deber\u00e1 tramitar en unas fechas [&hellip;]","og_url":"https:\/\/www.monlau.com\/eso-batxillerat\/es\/2020\/01\/29\/prevision-fechas-preinscripcion-curso-escolar-2020-2021\/","og_site_name":"Eso Batx","article_published_time":"2020-01-28T23:00:00+00:00","og_image":[{"width":2560,"height":1920,"url":"https:\/\/www.monlau.com\/app\/uploads\/sites\/2\/2026\/03\/20190216_092520118_iOS2-scaled.jpg","type":"image\/jpeg"}],"author":"adsmurai","twitter_card":"summary_large_image","twitter_misc":{"Escrito por":"adsmurai","Tiempo de lectura":"1 minuto"},"schema":{"@context":"https:\/\/schema.org","@graph":[{"@type":"Article","@id":"https:\/\/www.monlau.com\/eso-batxillerat\/es\/2020\/01\/29\/prevision-fechas-preinscripcion-curso-escolar-2020-2021\/#article","isPartOf":{"@id":"https:\/\/www.monlau.com\/eso-batxillerat\/es\/2020\/01\/29\/prevision-fechas-preinscripcion-curso-escolar-2020-2021\/"},"author":{"name":"adsmurai","@id":"https:\/\/www.monlau.com\/eso-batxillerat\/es\/#\/schema\/person\/419cfdf054323e24e0a2ef1d8597f051"},"headline":"Previsi\u00f3n de fechas de preinscripci\u00f3n para el curso escolar 2020-2021","datePublished":"2020-01-28T23:00:00+00:00","mainEntityOfPage":{"@id":"https:\/\/www.monlau.com\/eso-batxillerat\/es\/2020\/01\/29\/prevision-fechas-preinscripcion-curso-escolar-2020-2021\/"},"wordCount":203,"publisher":{"@id":"https:\/\/www.monlau.com\/eso-batxillerat\/es\/#organization"},"image":{"@id":"https:\/\/www.monlau.com\/eso-batxillerat\/es\/2020\/01\/29\/prevision-fechas-preinscripcion-curso-escolar-2020-2021\/#primaryimage"},"thumbnailUrl":"https:\/\/www.monlau.com\/app\/uploads\/sites\/2\/2026\/03\/20190216_092520118_iOS2-scaled.jpg","keywords":["Bachillerato","Departamento de Educaci\u00f3n","ESO","Matr\u00edcula","Preinscripci\u00f3n","Puertas abiertas"],"articleSection":["Bachillerato","ESO"],"inLanguage":"es"},{"@type":"WebPage","@id":"https:\/\/www.monlau.com\/eso-batxillerat\/es\/2020\/01\/29\/prevision-fechas-preinscripcion-curso-escolar-2020-2021\/","url":"https:\/\/www.monlau.com\/eso-batxillerat\/es\/2020\/01\/29\/prevision-fechas-preinscripcion-curso-escolar-2020-2021\/","name":"Previsi\u00f3n de fechas de preinscripci\u00f3n para el curso escolar 2020-2021 - Eso Batx","isPartOf":{"@id":"https:\/\/www.monlau.com\/eso-batxillerat\/es\/#website"},"primaryImageOfPage":{"@id":"https:\/\/www.monlau.com\/eso-batxillerat\/es\/2020\/01\/29\/prevision-fechas-preinscripcion-curso-escolar-2020-2021\/#primaryimage"},"image":{"@id":"https:\/\/www.monlau.com\/eso-batxillerat\/es\/2020\/01\/29\/prevision-fechas-preinscripcion-curso-escolar-2020-2021\/#primaryimage"},"thumbnailUrl":"https:\/\/www.monlau.com\/app\/uploads\/sites\/2\/2026\/03\/20190216_092520118_iOS2-scaled.jpg","datePublished":"2020-01-28T23:00:00+00:00","breadcrumb":{"@id":"https:\/\/www.monlau.com\/eso-batxillerat\/es\/2020\/01\/29\/prevision-fechas-preinscripcion-curso-escolar-2020-2021\/#breadcrumb"},"inLanguage":"es","potentialAction":[{"@type":"ReadAction","target":["https:\/\/www.monlau.com\/eso-batxillerat\/es\/2020\/01\/29\/prevision-fechas-preinscripcion-curso-escolar-2020-2021\/"]}]},{"@type":"ImageObject","inLanguage":"es","@id":"https:\/\/www.monlau.com\/eso-batxillerat\/es\/2020\/01\/29\/prevision-fechas-preinscripcion-curso-escolar-2020-2021\/#primaryimage","url":"https:\/\/www.monlau.com\/app\/uploads\/sites\/2\/2026\/03\/20190216_092520118_iOS2-scaled.jpg","contentUrl":"https:\/\/www.monlau.com\/app\/uploads\/sites\/2\/2026\/03\/20190216_092520118_iOS2-scaled.jpg","width":2560,"height":1920},{"@type":"BreadcrumbList","@id":"https:\/\/www.monlau.com\/eso-batxillerat\/es\/2020\/01\/29\/prevision-fechas-preinscripcion-curso-escolar-2020-2021\/#breadcrumb","itemListElement":[{"@type":"ListItem","position":1,"name":"Inici","item":"https:\/\/www.monlau.com\/eso-batxillerat\/es\/"},{"@type":"ListItem","position":2,"name":"Previsi\u00f3n de fechas de preinscripci\u00f3n para el curso escolar 2020-2021"}]},{"@type":"WebSite","@id":"https:\/\/www.monlau.com\/eso-batxillerat\/es\/#website","url":"https:\/\/www.monlau.com\/eso-batxillerat\/es\/","name":"Eso Batx","description":"","publisher":{"@id":"https:\/\/www.monlau.com\/eso-batxillerat\/es\/#organization"},"potentialAction":[{"@type":"SearchAction","target":{"@type":"EntryPoint","urlTemplate":"https:\/\/www.monlau.com\/eso-batxillerat\/es\/?s={search_term_string}"},"query-input":{"@type":"PropertyValueSpecification","valueRequired":true,"valueName":"search_term_string"}}],"inLanguage":"es"},{"@type":"Organization","@id":"https:\/\/www.monlau.com\/eso-batxillerat\/es\/#organization","name":"Eso Batx","url":"https:\/\/www.monlau.com\/eso-batxillerat\/es\/","logo":{"@type":"ImageObject","inLanguage":"es","@id":"https:\/\/www.monlau.com\/eso-batxillerat\/es\/#\/schema\/logo\/image\/","url":"https:\/\/www.monlau.com\/app\/uploads\/sites\/2\/2025\/12\/logomoneso.png","contentUrl":"https:\/\/www.monlau.com\/app\/uploads\/sites\/2\/2025\/12\/logomoneso.png","width":160,"height":160,"caption":"Eso Batx"},"image":{"@id":"https:\/\/www.monlau.com\/eso-batxillerat\/es\/#\/schema\/logo\/image\/"}},{"@type":"Person","@id":"https:\/\/www.monlau.com\/eso-batxillerat\/es\/#\/schema\/person\/419cfdf054323e24e0a2ef1d8597f051","name":"adsmurai","image":{"@type":"ImageObject","inLanguage":"es","@id":"https:\/\/secure.gravatar.com\/avatar\/0748788578f91786454454fa3b4c295644edb991ad6caadc70b41d26790d38fc?s=96&d=mm&r=g","url":"https:\/\/secure.gravatar.com\/avatar\/0748788578f91786454454fa3b4c295644edb991ad6caadc70b41d26790d38fc?s=96&d=mm&r=g","contentUrl":"https:\/\/secure.gravatar.com\/avatar\/0748788578f91786454454fa3b4c295644edb991ad6caadc70b41d26790d38fc?s=96&d=mm&r=g","caption":"adsmurai"},"sameAs":["https:\/\/www.monlau.com"],"url":"https:\/\/www.monlau.com\/eso-batxillerat\/es\/author\/adsmurai\/"}]}},"_links":{"self":[{"href":"https:\/\/www.monlau.com\/eso-batxillerat\/es\/wp-json\/wp\/v2\/posts\/1050","targetHints":{"allow":["GET"]}}],"collection":[{"href":"https:\/\/www.monlau.com\/eso-batxillerat\/es\/wp-json\/wp\/v2\/posts"}],"about":[{"href":"https:\/\/www.monlau.com\/eso-batxillerat\/es\/wp-json\/wp\/v2\/types\/post"}],"author":[{"embeddable":true,"href":"https:\/\/www.monlau.com\/eso-batxillerat\/es\/wp-json\/wp\/v2\/users\/1"}],"replies":[{"embeddable":true,"href":"https:\/\/www.monlau.com\/eso-batxillerat\/es\/wp-json\/wp\/v2\/comments?post=1050"}],"version-history":[{"count":0,"href":"https:\/\/www.monlau.com\/eso-batxillerat\/es\/wp-json\/wp\/v2\/posts\/1050\/revisions"}],"wp:featuredmedia":[{"embeddable":true,"href":"https:\/\/www.monlau.com\/eso-batxillerat\/es\/wp-json\/wp\/v2\/media\/1051"}],"wp:attachment":[{"href":"https:\/\/www.monlau.com\/eso-batxillerat\/es\/wp-json\/wp\/v2\/media?parent=1050"}],"wp:term":[{"taxonomy":"category","embeddable":true,"href":"https:\/\/www.monlau.com\/eso-batxillerat\/es\/wp-json\/wp\/v2\/categories?post=1050"},{"taxonomy":"post_tag","embeddable":true,"href":"https:\/\/www.monlau.com\/eso-batxillerat\/es\/wp-json\/wp\/v2\/tags?post=1050"}],"curies":[{"name":"wp","href":"https:\/\/api.w.org\/{rel}","templated":true}]}}