{"id":1036,"date":"2019-11-21T00:00:00","date_gmt":"2019-11-20T23:00:00","guid":{"rendered":"https:\/\/www.monlau.com\/eso-batxillerat\/las-11c-de-monlau-colaboracion-naturales-sociales\/"},"modified":"2026-03-10T10:53:36","modified_gmt":"2026-03-10T09:53:36","slug":"las-11c-de-monlau-colaboracion-naturales-sociales","status":"publish","type":"post","link":"https:\/\/www.monlau.com\/eso-batxillerat\/es\/2019\/11\/21\/las-11c-de-monlau-colaboracion-naturales-sociales\/","title":{"rendered":"Las 11C de Monlau: Colaboraci\u00f3n Naturales-Sociales"},"content":{"rendered":"<p>El a\u00f1o pasado, las asignaturas de Ciencias Naturales y Ciencias Sociales pusimos en marcha un nuevo proyecto que llamamos <em>colaboraci\u00f3n<\/em> (sociales-naturales).<\/p>\n<p>Este nuevo proyecto consist\u00eda en que las asignaturas de sociales y naturales ten\u00edan una parte del temario compartido: el sistema solar, el ciclo del agua, la climatolog\u00eda\u2026 Aprovechando estas sinergias, un d\u00eda a la semana, las dos asignaturas se imparten juntas en los dos grupos de <a href=\"https:\/\/www.monlau.com\/eso-batxillerat\/eso\/?lang=es\">primero de la ESO.<\/a><\/p>\n<p>La colaboraci\u00f3n comenz\u00f3 el a\u00f1o pasado, y es un \u00abproyecto vivo\u00bb, sabemos que los estudiantes cambian cada a\u00f1o y por eso nuestra tarea tambi\u00e9n se adaptada. Trabajamos como gu\u00edas y acompa\u00f1antes planteando retos que de forma cooperativa deben de ir logrando. Este a\u00f1o, en el tercer trimestre, hemos incorporado los elementos del clima.<\/p>\n<h2><strong>\u00bfQu\u00e9 herramientas utilizan los estudiantes?<\/strong><\/h2>\n<p>Para llevar a cabo las actividades, los estudiantes utilizan la plataforma <a href=\"http:\/\/www.science-bits.com\/site\/index.php?lang=es\">Scencie Bites<\/a>, el material de sociales y acceden a Moodle e Internet. Adem\u00e1s, tienen que crear un dosier de trabajo donde hay una parte conjunta y una parte individual. Tambi\u00e9n trabajan con <a href=\"https:\/\/kahoot.com\/\">kahoots<\/a>, han hecho v\u00eddeos, presentaciones orales&#8230;<\/p>\n<p>En el tema del Sistema Solar, a partir de un mensaje cifrado que reciben, deben descifrarlo, y descubrir lo que hace tan especial la Tierra para que haya vida.<\/p>\n<p>\u00bfEs vida al agua? Es el punto de partida para ver c\u00f3mo es el planeta y lo que podemos hacer.<\/p>\n<p>\u00bfLa climatolog\u00eda determina nuestra forma de vida? \u00bfEs irreversible el cambio clim\u00e1tico? Los estudiantes deber\u00e1n de desarrollar sus capacidades de peque\u00f1os meteor\u00f3logos para resolver todos los retos que proponemos.<\/p>\n<h2><strong>\u00bfCu\u00e1les son los resultados de esta colaboraci\u00f3n?<\/strong><\/h2>\n<p>El producto final del anterior curso del sistema solar fue un v\u00eddeo de un estudio de televisi\u00f3n ficticio, y este a\u00f1o hemos realizado algunos modelos del sistema solar que se han expuesto en el d\u00eda de las puertas abiertas. Del temario sobre el agua en el planeta, elaboran el consumo de agua en la escuela con los datos m\u00e1s reales posibles.<\/p>\n<p>La experiencia es muy gratificante y los resultados bastante buenos. Los alumnos son conscientes de la interdisciplinariedad, de la interacci\u00f3n de lo que aprenden, as\u00ed como de la coordinaci\u00f3n que hace que no se duplique el contenido. Por lo tanto, nos permite profundizar m\u00e1s en los temas integrando la visi\u00f3n cient\u00edfica y social. La colaboraci\u00f3n entre naturales y sociales ha sido todo un \u00e9xito.<\/p>\n<h4>Departamento de Naturales i Sociales<\/h4>\n","protected":false},"excerpt":{"rendered":"<p>El a\u00f1o pasado, las asignaturas de Ciencias Naturales y Ciencias Sociales pusimos en marcha un nuevo proyecto que llamamos colaboraci\u00f3n (sociales-naturales). Este nuevo proyecto consist\u00eda en que las asignaturas de sociales y naturales ten\u00edan una parte del temario compartido: el sistema solar, el ciclo del agua, la climatolog\u00eda\u2026 Aprovechando estas sinergias, un d\u00eda a la [&hellip;]<\/p>\n","protected":false},"author":1,"featured_media":1037,"comment_status":"closed","ping_status":"closed","sticky":false,"template":"","format":"standard","meta":{"footnotes":""},"categories":[20,46],"tags":[66,67,59,61],"class_list":["post-1036","post","type-post","status-publish","format-standard","has-post-thumbnail","hentry","category-eso","category-las-11c-de-monlau","tag-ciencias-naturales","tag-ciencias-sociales","tag-colaboracion","tag-eso"],"yoast_head":"<!-- This site is optimized with the Yoast SEO plugin v27.2 - https:\/\/yoast.com\/product\/yoast-seo-wordpress\/ -->\n<title>Las 11C de Monlau: Colaboraci\u00f3n Naturales-Sociales - Eso Batx<\/title>\n<meta name=\"robots\" content=\"index, follow, max-snippet:-1, max-image-preview:large, max-video-preview:-1\" \/>\n<link rel=\"canonical\" href=\"https:\/\/www.monlau.com\/eso-batxillerat\/es\/2019\/11\/21\/las-11c-de-monlau-colaboracion-naturales-sociales\/\" \/>\n<meta property=\"og:locale\" content=\"es_ES\" \/>\n<meta property=\"og:type\" content=\"article\" \/>\n<meta property=\"og:title\" content=\"Las 11C de Monlau: Colaboraci\u00f3n Naturales-Sociales - Eso Batx\" \/>\n<meta property=\"og:description\" content=\"El a\u00f1o pasado, las asignaturas de Ciencias Naturales y Ciencias Sociales pusimos en marcha un nuevo proyecto que llamamos colaboraci\u00f3n (sociales-naturales). Este nuevo proyecto consist\u00eda en que las asignaturas de sociales y naturales ten\u00edan una parte del temario compartido: el sistema solar, el ciclo del agua, la climatolog\u00eda\u2026 Aprovechando estas sinergias, un d\u00eda a la [&hellip;]\" \/>\n<meta property=\"og:url\" content=\"https:\/\/www.monlau.com\/eso-batxillerat\/es\/2019\/11\/21\/las-11c-de-monlau-colaboracion-naturales-sociales\/\" \/>\n<meta property=\"og:site_name\" content=\"Eso Batx\" \/>\n<meta property=\"article:published_time\" content=\"2019-11-20T23:00:00+00:00\" \/>\n<meta property=\"article:modified_time\" content=\"2026-03-10T09:53:36+00:00\" \/>\n<meta property=\"og:image\" content=\"https:\/\/www.monlau.com\/app\/uploads\/sites\/2\/2026\/03\/555-scaled.jpg\" \/>\n\t<meta property=\"og:image:width\" content=\"2560\" \/>\n\t<meta property=\"og:image:height\" content=\"1707\" \/>\n\t<meta property=\"og:image:type\" content=\"image\/jpeg\" \/>\n<meta name=\"author\" content=\"adsmurai\" \/>\n<meta name=\"twitter:card\" content=\"summary_large_image\" \/>\n<meta name=\"twitter:label1\" content=\"Escrito por\" \/>\n\t<meta name=\"twitter:data1\" content=\"adsmurai\" \/>\n\t<meta name=\"twitter:label2\" content=\"Tiempo de lectura\" \/>\n\t<meta name=\"twitter:data2\" content=\"2 minutos\" \/>\n<script type=\"application\/ld+json\" class=\"yoast-schema-graph\">{\"@context\":\"https:\/\/schema.org\",\"@graph\":[{\"@type\":\"Article\",\"@id\":\"https:\/\/www.monlau.com\/eso-batxillerat\/es\/2019\/11\/21\/las-11c-de-monlau-colaboracion-naturales-sociales\/#article\",\"isPartOf\":{\"@id\":\"https:\/\/www.monlau.com\/eso-batxillerat\/es\/2019\/11\/21\/las-11c-de-monlau-colaboracion-naturales-sociales\/\"},\"author\":{\"name\":\"adsmurai\",\"@id\":\"https:\/\/www.monlau.com\/eso-batxillerat\/es\/#\/schema\/person\/419cfdf054323e24e0a2ef1d8597f051\"},\"headline\":\"Las 11C de Monlau: Colaboraci\u00f3n Naturales-Sociales\",\"datePublished\":\"2019-11-20T23:00:00+00:00\",\"dateModified\":\"2026-03-10T09:53:36+00:00\",\"mainEntityOfPage\":{\"@id\":\"https:\/\/www.monlau.com\/eso-batxillerat\/es\/2019\/11\/21\/las-11c-de-monlau-colaboracion-naturales-sociales\/\"},\"wordCount\":435,\"publisher\":{\"@id\":\"https:\/\/www.monlau.com\/eso-batxillerat\/es\/#organization\"},\"image\":{\"@id\":\"https:\/\/www.monlau.com\/eso-batxillerat\/es\/2019\/11\/21\/las-11c-de-monlau-colaboracion-naturales-sociales\/#primaryimage\"},\"thumbnailUrl\":\"https:\/\/www.monlau.com\/app\/uploads\/sites\/2\/2026\/03\/555-scaled.jpg\",\"keywords\":[\"Ciencias Naturales\",\"Ciencias Sociales\",\"colaboraci\u00f3n\",\"ESO\"],\"articleSection\":[\"ESO\",\"Las 11C de Monlau\"],\"inLanguage\":\"es\"},{\"@type\":\"WebPage\",\"@id\":\"https:\/\/www.monlau.com\/eso-batxillerat\/es\/2019\/11\/21\/las-11c-de-monlau-colaboracion-naturales-sociales\/\",\"url\":\"https:\/\/www.monlau.com\/eso-batxillerat\/es\/2019\/11\/21\/las-11c-de-monlau-colaboracion-naturales-sociales\/\",\"name\":\"Las 11C de Monlau: Colaboraci\u00f3n Naturales-Sociales - Eso Batx\",\"isPartOf\":{\"@id\":\"https:\/\/www.monlau.com\/eso-batxillerat\/es\/#website\"},\"primaryImageOfPage\":{\"@id\":\"https:\/\/www.monlau.com\/eso-batxillerat\/es\/2019\/11\/21\/las-11c-de-monlau-colaboracion-naturales-sociales\/#primaryimage\"},\"image\":{\"@id\":\"https:\/\/www.monlau.com\/eso-batxillerat\/es\/2019\/11\/21\/las-11c-de-monlau-colaboracion-naturales-sociales\/#primaryimage\"},\"thumbnailUrl\":\"https:\/\/www.monlau.com\/app\/uploads\/sites\/2\/2026\/03\/555-scaled.jpg\",\"datePublished\":\"2019-11-20T23:00:00+00:00\",\"dateModified\":\"2026-03-10T09:53:36+00:00\",\"breadcrumb\":{\"@id\":\"https:\/\/www.monlau.com\/eso-batxillerat\/es\/2019\/11\/21\/las-11c-de-monlau-colaboracion-naturales-sociales\/#breadcrumb\"},\"inLanguage\":\"es\",\"potentialAction\":[{\"@type\":\"ReadAction\",\"target\":[\"https:\/\/www.monlau.com\/eso-batxillerat\/es\/2019\/11\/21\/las-11c-de-monlau-colaboracion-naturales-sociales\/\"]}]},{\"@type\":\"ImageObject\",\"inLanguage\":\"es\",\"@id\":\"https:\/\/www.monlau.com\/eso-batxillerat\/es\/2019\/11\/21\/las-11c-de-monlau-colaboracion-naturales-sociales\/#primaryimage\",\"url\":\"https:\/\/www.monlau.com\/app\/uploads\/sites\/2\/2026\/03\/555-scaled.jpg\",\"contentUrl\":\"https:\/\/www.monlau.com\/app\/uploads\/sites\/2\/2026\/03\/555-scaled.jpg\",\"width\":2560,\"height\":1707},{\"@type\":\"BreadcrumbList\",\"@id\":\"https:\/\/www.monlau.com\/eso-batxillerat\/es\/2019\/11\/21\/las-11c-de-monlau-colaboracion-naturales-sociales\/#breadcrumb\",\"itemListElement\":[{\"@type\":\"ListItem\",\"position\":1,\"name\":\"Inici\",\"item\":\"https:\/\/www.monlau.com\/eso-batxillerat\/es\/\"},{\"@type\":\"ListItem\",\"position\":2,\"name\":\"Las 11C de Monlau: Colaboraci\u00f3n Naturales-Sociales\"}]},{\"@type\":\"WebSite\",\"@id\":\"https:\/\/www.monlau.com\/eso-batxillerat\/es\/#website\",\"url\":\"https:\/\/www.monlau.com\/eso-batxillerat\/es\/\",\"name\":\"Eso Batx\",\"description\":\"\",\"publisher\":{\"@id\":\"https:\/\/www.monlau.com\/eso-batxillerat\/es\/#organization\"},\"potentialAction\":[{\"@type\":\"SearchAction\",\"target\":{\"@type\":\"EntryPoint\",\"urlTemplate\":\"https:\/\/www.monlau.com\/eso-batxillerat\/es\/?s={search_term_string}\"},\"query-input\":{\"@type\":\"PropertyValueSpecification\",\"valueRequired\":true,\"valueName\":\"search_term_string\"}}],\"inLanguage\":\"es\"},{\"@type\":\"Organization\",\"@id\":\"https:\/\/www.monlau.com\/eso-batxillerat\/es\/#organization\",\"name\":\"Eso Batx\",\"url\":\"https:\/\/www.monlau.com\/eso-batxillerat\/es\/\",\"logo\":{\"@type\":\"ImageObject\",\"inLanguage\":\"es\",\"@id\":\"https:\/\/www.monlau.com\/eso-batxillerat\/es\/#\/schema\/logo\/image\/\",\"url\":\"https:\/\/www.monlau.com\/app\/uploads\/sites\/2\/2025\/12\/logomoneso.png\",\"contentUrl\":\"https:\/\/www.monlau.com\/app\/uploads\/sites\/2\/2025\/12\/logomoneso.png\",\"width\":160,\"height\":160,\"caption\":\"Eso Batx\"},\"image\":{\"@id\":\"https:\/\/www.monlau.com\/eso-batxillerat\/es\/#\/schema\/logo\/image\/\"}},{\"@type\":\"Person\",\"@id\":\"https:\/\/www.monlau.com\/eso-batxillerat\/es\/#\/schema\/person\/419cfdf054323e24e0a2ef1d8597f051\",\"name\":\"adsmurai\",\"image\":{\"@type\":\"ImageObject\",\"inLanguage\":\"es\",\"@id\":\"https:\/\/secure.gravatar.com\/avatar\/0748788578f91786454454fa3b4c295644edb991ad6caadc70b41d26790d38fc?s=96&d=mm&r=g\",\"url\":\"https:\/\/secure.gravatar.com\/avatar\/0748788578f91786454454fa3b4c295644edb991ad6caadc70b41d26790d38fc?s=96&d=mm&r=g\",\"contentUrl\":\"https:\/\/secure.gravatar.com\/avatar\/0748788578f91786454454fa3b4c295644edb991ad6caadc70b41d26790d38fc?s=96&d=mm&r=g\",\"caption\":\"adsmurai\"},\"sameAs\":[\"https:\/\/www.monlau.com\"],\"url\":\"https:\/\/www.monlau.com\/eso-batxillerat\/es\/author\/adsmurai\/\"}]}<\/script>\n<!-- \/ Yoast SEO plugin. -->","yoast_head_json":{"title":"Las 11C de Monlau: Colaboraci\u00f3n Naturales-Sociales - Eso Batx","robots":{"index":"index","follow":"follow","max-snippet":"max-snippet:-1","max-image-preview":"max-image-preview:large","max-video-preview":"max-video-preview:-1"},"canonical":"https:\/\/www.monlau.com\/eso-batxillerat\/es\/2019\/11\/21\/las-11c-de-monlau-colaboracion-naturales-sociales\/","og_locale":"es_ES","og_type":"article","og_title":"Las 11C de Monlau: Colaboraci\u00f3n Naturales-Sociales - Eso Batx","og_description":"El a\u00f1o pasado, las asignaturas de Ciencias Naturales y Ciencias Sociales pusimos en marcha un nuevo proyecto que llamamos colaboraci\u00f3n (sociales-naturales). Este nuevo proyecto consist\u00eda en que las asignaturas de sociales y naturales ten\u00edan una parte del temario compartido: el sistema solar, el ciclo del agua, la climatolog\u00eda\u2026 Aprovechando estas sinergias, un d\u00eda a la [&hellip;]","og_url":"https:\/\/www.monlau.com\/eso-batxillerat\/es\/2019\/11\/21\/las-11c-de-monlau-colaboracion-naturales-sociales\/","og_site_name":"Eso Batx","article_published_time":"2019-11-20T23:00:00+00:00","article_modified_time":"2026-03-10T09:53:36+00:00","og_image":[{"width":2560,"height":1707,"url":"https:\/\/www.monlau.com\/app\/uploads\/sites\/2\/2026\/03\/555-scaled.jpg","type":"image\/jpeg"}],"author":"adsmurai","twitter_card":"summary_large_image","twitter_misc":{"Escrito por":"adsmurai","Tiempo de lectura":"2 minutos"},"schema":{"@context":"https:\/\/schema.org","@graph":[{"@type":"Article","@id":"https:\/\/www.monlau.com\/eso-batxillerat\/es\/2019\/11\/21\/las-11c-de-monlau-colaboracion-naturales-sociales\/#article","isPartOf":{"@id":"https:\/\/www.monlau.com\/eso-batxillerat\/es\/2019\/11\/21\/las-11c-de-monlau-colaboracion-naturales-sociales\/"},"author":{"name":"adsmurai","@id":"https:\/\/www.monlau.com\/eso-batxillerat\/es\/#\/schema\/person\/419cfdf054323e24e0a2ef1d8597f051"},"headline":"Las 11C de Monlau: Colaboraci\u00f3n Naturales-Sociales","datePublished":"2019-11-20T23:00:00+00:00","dateModified":"2026-03-10T09:53:36+00:00","mainEntityOfPage":{"@id":"https:\/\/www.monlau.com\/eso-batxillerat\/es\/2019\/11\/21\/las-11c-de-monlau-colaboracion-naturales-sociales\/"},"wordCount":435,"publisher":{"@id":"https:\/\/www.monlau.com\/eso-batxillerat\/es\/#organization"},"image":{"@id":"https:\/\/www.monlau.com\/eso-batxillerat\/es\/2019\/11\/21\/las-11c-de-monlau-colaboracion-naturales-sociales\/#primaryimage"},"thumbnailUrl":"https:\/\/www.monlau.com\/app\/uploads\/sites\/2\/2026\/03\/555-scaled.jpg","keywords":["Ciencias Naturales","Ciencias Sociales","colaboraci\u00f3n","ESO"],"articleSection":["ESO","Las 11C de Monlau"],"inLanguage":"es"},{"@type":"WebPage","@id":"https:\/\/www.monlau.com\/eso-batxillerat\/es\/2019\/11\/21\/las-11c-de-monlau-colaboracion-naturales-sociales\/","url":"https:\/\/www.monlau.com\/eso-batxillerat\/es\/2019\/11\/21\/las-11c-de-monlau-colaboracion-naturales-sociales\/","name":"Las 11C de Monlau: Colaboraci\u00f3n Naturales-Sociales - Eso Batx","isPartOf":{"@id":"https:\/\/www.monlau.com\/eso-batxillerat\/es\/#website"},"primaryImageOfPage":{"@id":"https:\/\/www.monlau.com\/eso-batxillerat\/es\/2019\/11\/21\/las-11c-de-monlau-colaboracion-naturales-sociales\/#primaryimage"},"image":{"@id":"https:\/\/www.monlau.com\/eso-batxillerat\/es\/2019\/11\/21\/las-11c-de-monlau-colaboracion-naturales-sociales\/#primaryimage"},"thumbnailUrl":"https:\/\/www.monlau.com\/app\/uploads\/sites\/2\/2026\/03\/555-scaled.jpg","datePublished":"2019-11-20T23:00:00+00:00","dateModified":"2026-03-10T09:53:36+00:00","breadcrumb":{"@id":"https:\/\/www.monlau.com\/eso-batxillerat\/es\/2019\/11\/21\/las-11c-de-monlau-colaboracion-naturales-sociales\/#breadcrumb"},"inLanguage":"es","potentialAction":[{"@type":"ReadAction","target":["https:\/\/www.monlau.com\/eso-batxillerat\/es\/2019\/11\/21\/las-11c-de-monlau-colaboracion-naturales-sociales\/"]}]},{"@type":"ImageObject","inLanguage":"es","@id":"https:\/\/www.monlau.com\/eso-batxillerat\/es\/2019\/11\/21\/las-11c-de-monlau-colaboracion-naturales-sociales\/#primaryimage","url":"https:\/\/www.monlau.com\/app\/uploads\/sites\/2\/2026\/03\/555-scaled.jpg","contentUrl":"https:\/\/www.monlau.com\/app\/uploads\/sites\/2\/2026\/03\/555-scaled.jpg","width":2560,"height":1707},{"@type":"BreadcrumbList","@id":"https:\/\/www.monlau.com\/eso-batxillerat\/es\/2019\/11\/21\/las-11c-de-monlau-colaboracion-naturales-sociales\/#breadcrumb","itemListElement":[{"@type":"ListItem","position":1,"name":"Inici","item":"https:\/\/www.monlau.com\/eso-batxillerat\/es\/"},{"@type":"ListItem","position":2,"name":"Las 11C de Monlau: Colaboraci\u00f3n Naturales-Sociales"}]},{"@type":"WebSite","@id":"https:\/\/www.monlau.com\/eso-batxillerat\/es\/#website","url":"https:\/\/www.monlau.com\/eso-batxillerat\/es\/","name":"Eso Batx","description":"","publisher":{"@id":"https:\/\/www.monlau.com\/eso-batxillerat\/es\/#organization"},"potentialAction":[{"@type":"SearchAction","target":{"@type":"EntryPoint","urlTemplate":"https:\/\/www.monlau.com\/eso-batxillerat\/es\/?s={search_term_string}"},"query-input":{"@type":"PropertyValueSpecification","valueRequired":true,"valueName":"search_term_string"}}],"inLanguage":"es"},{"@type":"Organization","@id":"https:\/\/www.monlau.com\/eso-batxillerat\/es\/#organization","name":"Eso Batx","url":"https:\/\/www.monlau.com\/eso-batxillerat\/es\/","logo":{"@type":"ImageObject","inLanguage":"es","@id":"https:\/\/www.monlau.com\/eso-batxillerat\/es\/#\/schema\/logo\/image\/","url":"https:\/\/www.monlau.com\/app\/uploads\/sites\/2\/2025\/12\/logomoneso.png","contentUrl":"https:\/\/www.monlau.com\/app\/uploads\/sites\/2\/2025\/12\/logomoneso.png","width":160,"height":160,"caption":"Eso Batx"},"image":{"@id":"https:\/\/www.monlau.com\/eso-batxillerat\/es\/#\/schema\/logo\/image\/"}},{"@type":"Person","@id":"https:\/\/www.monlau.com\/eso-batxillerat\/es\/#\/schema\/person\/419cfdf054323e24e0a2ef1d8597f051","name":"adsmurai","image":{"@type":"ImageObject","inLanguage":"es","@id":"https:\/\/secure.gravatar.com\/avatar\/0748788578f91786454454fa3b4c295644edb991ad6caadc70b41d26790d38fc?s=96&d=mm&r=g","url":"https:\/\/secure.gravatar.com\/avatar\/0748788578f91786454454fa3b4c295644edb991ad6caadc70b41d26790d38fc?s=96&d=mm&r=g","contentUrl":"https:\/\/secure.gravatar.com\/avatar\/0748788578f91786454454fa3b4c295644edb991ad6caadc70b41d26790d38fc?s=96&d=mm&r=g","caption":"adsmurai"},"sameAs":["https:\/\/www.monlau.com"],"url":"https:\/\/www.monlau.com\/eso-batxillerat\/es\/author\/adsmurai\/"}]}},"_links":{"self":[{"href":"https:\/\/www.monlau.com\/eso-batxillerat\/es\/wp-json\/wp\/v2\/posts\/1036","targetHints":{"allow":["GET"]}}],"collection":[{"href":"https:\/\/www.monlau.com\/eso-batxillerat\/es\/wp-json\/wp\/v2\/posts"}],"about":[{"href":"https:\/\/www.monlau.com\/eso-batxillerat\/es\/wp-json\/wp\/v2\/types\/post"}],"author":[{"embeddable":true,"href":"https:\/\/www.monlau.com\/eso-batxillerat\/es\/wp-json\/wp\/v2\/users\/1"}],"replies":[{"embeddable":true,"href":"https:\/\/www.monlau.com\/eso-batxillerat\/es\/wp-json\/wp\/v2\/comments?post=1036"}],"version-history":[{"count":1,"href":"https:\/\/www.monlau.com\/eso-batxillerat\/es\/wp-json\/wp\/v2\/posts\/1036\/revisions"}],"predecessor-version":[{"id":1556,"href":"https:\/\/www.monlau.com\/eso-batxillerat\/es\/wp-json\/wp\/v2\/posts\/1036\/revisions\/1556"}],"wp:featuredmedia":[{"embeddable":true,"href":"https:\/\/www.monlau.com\/eso-batxillerat\/es\/wp-json\/wp\/v2\/media\/1037"}],"wp:attachment":[{"href":"https:\/\/www.monlau.com\/eso-batxillerat\/es\/wp-json\/wp\/v2\/media?parent=1036"}],"wp:term":[{"taxonomy":"category","embeddable":true,"href":"https:\/\/www.monlau.com\/eso-batxillerat\/es\/wp-json\/wp\/v2\/categories?post=1036"},{"taxonomy":"post_tag","embeddable":true,"href":"https:\/\/www.monlau.com\/eso-batxillerat\/es\/wp-json\/wp\/v2\/tags?post=1036"}],"curies":[{"name":"wp","href":"https:\/\/api.w.org\/{rel}","templated":true}]}}